{"id":8538,"date":"2022-05-07T15:13:39","date_gmt":"2022-05-07T13:13:39","guid":{"rendered":"https:\/\/www.evangelisch-in-jerusalem.org\/?p=8538"},"modified":"2022-05-14T12:06:26","modified_gmt":"2022-05-14T10:06:26","slug":"taize-im-heiligen-land-am-12-mai-mittags-in-der-erloeserkirch","status":"publish","type":"post","link":"https:\/\/www.evangelisch-in-jerusalem.org\/en\/2022\/05\/07\/taize-im-heiligen-land-am-12-mai-mittags-in-der-erloeserkirch\/","title":{"rendered":"Taiz\u00e9 im Heiligen Land: am 12. Mai mittags in der Erl\u00f6serkirche in Jerusalem"},"content":{"rendered":"<div data-elementor-type=\"wp-post\" data-elementor-id=\"8538\" class=\"elementor elementor-8538\" data-elementor-post-type=\"post\">\n\t\t\t\t\t\t<section class=\"elementor-section elementor-top-section elementor-element elementor-element-d58eefa elementor-section-boxed elementor-section-height-default elementor-section-height-default\" data-id=\"d58eefa\" data-element_type=\"section\" data-e-type=\"section\">\n\t\t\t\t\t\t<div class=\"elementor-container elementor-column-gap-default\">\n\t\t\t\t\t<div class=\"elementor-column elementor-col-100 elementor-top-column elementor-element elementor-element-b1dc1b7\" data-id=\"b1dc1b7\" data-element_type=\"column\" data-e-type=\"column\">\n\t\t\t<div class=\"elementor-widget-wrap elementor-element-populated\">\n\t\t\t\t\t\t<div class=\"elementor-element elementor-element-5997e18 elementor-widget elementor-widget-video\" data-id=\"5997e18\" data-element_type=\"widget\" data-e-type=\"widget\" data-settings=\"{&quot;video_type&quot;:&quot;hosted&quot;,&quot;controls&quot;:&quot;yes&quot;}\" data-widget_type=\"video.default\">\n\t\t\t\t<div class=\"elementor-widget-container\">\n\t\t\t\t\t\t\t<div class=\"e-hosted-video elementor-wrapper elementor-open-inline\">\n\t\t\t\t\t<video class=\"elementor-video\" src=\"https:\/\/www.evangelisch-in-jerusalem.org\/wp-content\/uploads\/2022\/05\/Taize-220512-ErlK-Bless_the_Lord.mp4\" controls=\"\" preload=\"metadata\" controlslist=\"nodownload\"><\/video>\n\t\t\t\t<\/div>\n\t\t\t\t\t\t<\/div>\n\t\t\t\t<\/div>\n\t\t\t\t<div class=\"elementor-element elementor-element-f1243b2 elementor-widget elementor-widget-text-editor\" data-id=\"f1243b2\" data-element_type=\"widget\" data-e-type=\"widget\" data-widget_type=\"text-editor.default\">\n\t\t\t\t<div class=\"elementor-widget-container\">\n\t\t\t\t\t\t\t\t\t<p>In der Woche vom 8. bis zum 15. Mai sind die Br\u00fcder von Taiz\u00e9 im Heiligen Land. T\u00e4glich gibt es Gottesdienste und Gebete. Es werden gut 300 junge Menschen aus aller Welt zur Teilnahme erwartet, dazu m\u00f6glichst viele aus dem Heiligen Land selbst.<\/p><p>Am Donnerstag, 12. Mai, ist das Mittagsgebet um 12.15 Uhr in der Evangelischen Erl\u00f6serkirche in der Jerusalemer Altstadt. Abends gibt es um 19.00 Uhr einen Taiz\u00e9-Gottesdienst in der Kirche der Nationen am \u00d6lberg.<\/p><p><a href=\"https:\/\/www.taize.fr\/de_rubrique3414.html\">&#8211; Weitere Informationen &#8211; Taiz\u00e9.fr<\/a><\/p>\t\t\t\t\t\t\t\t<\/div>\n\t\t\t\t<\/div>\n\t\t\t\t\t<\/div>\n\t\t<\/div>\n\t\t\t\t\t<\/div>\n\t\t<\/section>\n\t\t\t\t<section class=\"elementor-section elementor-top-section elementor-element elementor-element-092ebac elementor-section-boxed elementor-section-height-default elementor-section-height-default\" data-id=\"092ebac\" data-element_type=\"section\" data-e-type=\"section\">\n\t\t\t\t\t\t<div class=\"elementor-container elementor-column-gap-default\">\n\t\t\t\t\t<div class=\"elementor-column elementor-col-100 elementor-top-column elementor-element elementor-element-6d4906f\" data-id=\"6d4906f\" data-element_type=\"column\" data-e-type=\"column\">\n\t\t\t<div class=\"elementor-widget-wrap elementor-element-populated\">\n\t\t\t\t\t\t<div class=\"elementor-element elementor-element-e56dbb0 elementor-widget elementor-widget-image\" data-id=\"e56dbb0\" data-element_type=\"widget\" data-e-type=\"widget\" data-widget_type=\"image.default\">\n\t\t\t\t<div class=\"elementor-widget-container\">\n\t\t\t\t\t\t\t\t\t\t\t\t\t\t\t<img decoding=\"async\" width=\"440\" height=\"112\" src=\"https:\/\/www.evangelisch-in-jerusalem.org\/wp-content\/uploads\/2022\/05\/Taize.png\" class=\"attachment-large size-large wp-image-8537\" alt=\"\" srcset=\"https:\/\/www.evangelisch-in-jerusalem.org\/wp-content\/uploads\/2022\/05\/Taize.png 440w, https:\/\/www.evangelisch-in-jerusalem.org\/wp-content\/uploads\/2022\/05\/Taize-300x76.png 300w, https:\/\/www.evangelisch-in-jerusalem.org\/wp-content\/uploads\/2022\/05\/Taize-18x5.png 18w\" sizes=\"(max-width: 440px) 100vw, 440px\" \/>\t\t\t\t\t\t\t\t\t\t\t\t\t\t\t<\/div>\n\t\t\t\t<\/div>\n\t\t\t\t\t<\/div>\n\t\t<\/div>\n\t\t\t\t\t<\/div>\n\t\t<\/section>\n\t\t\t\t<\/div>","protected":false},"excerpt":{"rendered":"<p>Taiz\u00e9 im Heiligen Land: Vom 8. bis 15. Mai 2022<\/p>","protected":false},"author":6,"featured_media":8544,"comment_status":"closed","ping_status":"open","sticky":false,"template":"","format":"standard","meta":{"footnotes":""},"categories":[181,173,171,242,174],"tags":[],"class_list":["post-8538","post","type-post","status-publish","format-standard","has-post-thumbnail","hentry","category-erloeserkirche","category-gemeinde","category-gottesdienst","category-jerusalem","category-veranstaltung","entry"],"yoast_head":"<!-- This site is optimized with the Yoast SEO plugin v27.4 - https:\/\/yoast.com\/product\/yoast-seo-wordpress\/ -->\n<title>Taiz\u00e9 im Heiligen Land: am 12. Mai mittags in der Erl\u00f6serkirche in Jerusalem - Evangelisch in Jerusalem<\/title>\n<meta name=\"robots\" content=\"index, follow, max-snippet:-1, max-image-preview:large, max-video-preview:-1\" \/>\n<link rel=\"canonical\" href=\"https:\/\/www.evangelisch-in-jerusalem.org\/en\/2022\/05\/07\/taize-im-heiligen-land-am-12-mai-mittags-in-der-erloeserkirch\/\" \/>\n<meta property=\"og:locale\" content=\"en_GB\" \/>\n<meta property=\"og:type\" content=\"article\" \/>\n<meta property=\"og:title\" content=\"Taiz\u00e9 im Heiligen Land: am 12. Mai mittags in der Erl\u00f6serkirche in Jerusalem - Evangelisch in Jerusalem\" \/>\n<meta property=\"og:description\" content=\"Taiz\u00e9 im Heiligen Land: Vom 8. bis 15. Mai 2022\" \/>\n<meta property=\"og:url\" content=\"https:\/\/www.evangelisch-in-jerusalem.org\/en\/2022\/05\/07\/taize-im-heiligen-land-am-12-mai-mittags-in-der-erloeserkirch\/\" \/>\n<meta property=\"og:site_name\" content=\"Evangelisch in Jerusalem\" \/>\n<meta property=\"article:publisher\" content=\"https:\/\/www.facebook.com\/erloeserkirche.jerusalem\" \/>\n<meta property=\"article:published_time\" content=\"2022-05-07T13:13:39+00:00\" \/>\n<meta property=\"article:modified_time\" content=\"2022-05-14T10:06:26+00:00\" \/>\n<meta property=\"og:image\" content=\"https:\/\/www.evangelisch-in-jerusalem.org\/wp-content\/uploads\/2022\/05\/Logo_Taize.png\" \/>\n\t<meta property=\"og:image:width\" content=\"512\" \/>\n\t<meta property=\"og:image:height\" content=\"512\" \/>\n\t<meta property=\"og:image:type\" content=\"image\/png\" \/>\n<meta name=\"author\" content=\"Joachim Lenz\" \/>\n<meta name=\"twitter:card\" content=\"summary_large_image\" \/>\n<meta name=\"twitter:label1\" content=\"Written by\" \/>\n\t<meta name=\"twitter:data1\" content=\"Joachim Lenz\" \/>\n<script type=\"application\/ld+json\" class=\"yoast-schema-graph\">{\"@context\":\"https:\\\/\\\/schema.org\",\"@graph\":[{\"@type\":\"Article\",\"@id\":\"https:\\\/\\\/www.evangelisch-in-jerusalem.org\\\/2022\\\/05\\\/07\\\/taize-im-heiligen-land-am-12-mai-mittags-in-der-erloeserkirch\\\/#article\",\"isPartOf\":{\"@id\":\"https:\\\/\\\/www.evangelisch-in-jerusalem.org\\\/2022\\\/05\\\/07\\\/taize-im-heiligen-land-am-12-mai-mittags-in-der-erloeserkirch\\\/\"},\"author\":{\"name\":\"Joachim Lenz\",\"@id\":\"https:\\\/\\\/www.evangelisch-in-jerusalem.org\\\/#\\\/schema\\\/person\\\/ea8e86c01aff849bd324c28bc5574607\"},\"headline\":\"Taiz\u00e9 im Heiligen Land: am 12. Mai mittags in der Erl\u00f6serkirche in Jerusalem\",\"datePublished\":\"2022-05-07T13:13:39+00:00\",\"dateModified\":\"2022-05-14T10:06:26+00:00\",\"mainEntityOfPage\":{\"@id\":\"https:\\\/\\\/www.evangelisch-in-jerusalem.org\\\/2022\\\/05\\\/07\\\/taize-im-heiligen-land-am-12-mai-mittags-in-der-erloeserkirch\\\/\"},\"wordCount\":105,\"publisher\":{\"@id\":\"https:\\\/\\\/www.evangelisch-in-jerusalem.org\\\/#organization\"},\"image\":{\"@id\":\"https:\\\/\\\/www.evangelisch-in-jerusalem.org\\\/2022\\\/05\\\/07\\\/taize-im-heiligen-land-am-12-mai-mittags-in-der-erloeserkirch\\\/#primaryimage\"},\"thumbnailUrl\":\"https:\\\/\\\/www.evangelisch-in-jerusalem.org\\\/wp-content\\\/uploads\\\/2022\\\/05\\\/Logo_Taize.png\",\"articleSection\":[\"Erl\u00f6serkirche\",\"Gemeinde\",\"Gottesdienst\",\"Jerusalem\",\"Veranstaltung\"],\"inLanguage\":\"en-GB\"},{\"@type\":\"WebPage\",\"@id\":\"https:\\\/\\\/www.evangelisch-in-jerusalem.org\\\/2022\\\/05\\\/07\\\/taize-im-heiligen-land-am-12-mai-mittags-in-der-erloeserkirch\\\/\",\"url\":\"https:\\\/\\\/www.evangelisch-in-jerusalem.org\\\/2022\\\/05\\\/07\\\/taize-im-heiligen-land-am-12-mai-mittags-in-der-erloeserkirch\\\/\",\"name\":\"Taiz\u00e9 im Heiligen Land: am 12. Mai mittags in der Erl\u00f6serkirche in Jerusalem - Evangelisch in Jerusalem\",\"isPartOf\":{\"@id\":\"https:\\\/\\\/www.evangelisch-in-jerusalem.org\\\/#website\"},\"primaryImageOfPage\":{\"@id\":\"https:\\\/\\\/www.evangelisch-in-jerusalem.org\\\/2022\\\/05\\\/07\\\/taize-im-heiligen-land-am-12-mai-mittags-in-der-erloeserkirch\\\/#primaryimage\"},\"image\":{\"@id\":\"https:\\\/\\\/www.evangelisch-in-jerusalem.org\\\/2022\\\/05\\\/07\\\/taize-im-heiligen-land-am-12-mai-mittags-in-der-erloeserkirch\\\/#primaryimage\"},\"thumbnailUrl\":\"https:\\\/\\\/www.evangelisch-in-jerusalem.org\\\/wp-content\\\/uploads\\\/2022\\\/05\\\/Logo_Taize.png\",\"datePublished\":\"2022-05-07T13:13:39+00:00\",\"dateModified\":\"2022-05-14T10:06:26+00:00\",\"breadcrumb\":{\"@id\":\"https:\\\/\\\/www.evangelisch-in-jerusalem.org\\\/2022\\\/05\\\/07\\\/taize-im-heiligen-land-am-12-mai-mittags-in-der-erloeserkirch\\\/#breadcrumb\"},\"inLanguage\":\"en-GB\",\"potentialAction\":[{\"@type\":\"ReadAction\",\"target\":[\"https:\\\/\\\/www.evangelisch-in-jerusalem.org\\\/2022\\\/05\\\/07\\\/taize-im-heiligen-land-am-12-mai-mittags-in-der-erloeserkirch\\\/\"]}]},{\"@type\":\"ImageObject\",\"inLanguage\":\"en-GB\",\"@id\":\"https:\\\/\\\/www.evangelisch-in-jerusalem.org\\\/2022\\\/05\\\/07\\\/taize-im-heiligen-land-am-12-mai-mittags-in-der-erloeserkirch\\\/#primaryimage\",\"url\":\"https:\\\/\\\/www.evangelisch-in-jerusalem.org\\\/wp-content\\\/uploads\\\/2022\\\/05\\\/Logo_Taize.png\",\"contentUrl\":\"https:\\\/\\\/www.evangelisch-in-jerusalem.org\\\/wp-content\\\/uploads\\\/2022\\\/05\\\/Logo_Taize.png\",\"width\":512,\"height\":512,\"caption\":\"Logo der Commuaut\u00e9 de Taiz\u00e9\"},{\"@type\":\"BreadcrumbList\",\"@id\":\"https:\\\/\\\/www.evangelisch-in-jerusalem.org\\\/2022\\\/05\\\/07\\\/taize-im-heiligen-land-am-12-mai-mittags-in-der-erloeserkirch\\\/#breadcrumb\",\"itemListElement\":[{\"@type\":\"ListItem\",\"position\":1,\"name\":\"Startseite\",\"item\":\"https:\\\/\\\/www.evangelisch-in-jerusalem.org\\\/\"},{\"@type\":\"ListItem\",\"position\":2,\"name\":\"Taiz\u00e9 im Heiligen Land: am 12. Mai mittags in der Erl\u00f6serkirche in Jerusalem\"}]},{\"@type\":\"WebSite\",\"@id\":\"https:\\\/\\\/www.evangelisch-in-jerusalem.org\\\/#website\",\"url\":\"https:\\\/\\\/www.evangelisch-in-jerusalem.org\\\/\",\"name\":\"Evangelisch in Jerusalem\",\"description\":\"Stiftungen der EKD im Heiligen Land\",\"publisher\":{\"@id\":\"https:\\\/\\\/www.evangelisch-in-jerusalem.org\\\/#organization\"},\"potentialAction\":[{\"@type\":\"SearchAction\",\"target\":{\"@type\":\"EntryPoint\",\"urlTemplate\":\"https:\\\/\\\/www.evangelisch-in-jerusalem.org\\\/?s={search_term_string}\"},\"query-input\":{\"@type\":\"PropertyValueSpecification\",\"valueRequired\":true,\"valueName\":\"search_term_string\"}}],\"inLanguage\":\"en-GB\"},{\"@type\":\"Organization\",\"@id\":\"https:\\\/\\\/www.evangelisch-in-jerusalem.org\\\/#organization\",\"name\":\"German Protestant Institutions in the Holy Land\",\"url\":\"https:\\\/\\\/www.evangelisch-in-jerusalem.org\\\/\",\"logo\":{\"@type\":\"ImageObject\",\"inLanguage\":\"en-GB\",\"@id\":\"https:\\\/\\\/www.evangelisch-in-jerusalem.org\\\/#\\\/schema\\\/logo\\\/image\\\/\",\"url\":\"https:\\\/\\\/www.evangelisch-in-jerusalem.org\\\/wp-content\\\/uploads\\\/2019\\\/03\\\/EIJ_Logo_500-px.png\",\"contentUrl\":\"https:\\\/\\\/www.evangelisch-in-jerusalem.org\\\/wp-content\\\/uploads\\\/2019\\\/03\\\/EIJ_Logo_500-px.png\",\"width\":500,\"height\":82,\"caption\":\"German Protestant Institutions in the Holy Land\"},\"image\":{\"@id\":\"https:\\\/\\\/www.evangelisch-in-jerusalem.org\\\/#\\\/schema\\\/logo\\\/image\\\/\"},\"sameAs\":[\"https:\\\/\\\/www.facebook.com\\\/erloeserkirche.jerusalem\"]},{\"@type\":\"Person\",\"@id\":\"https:\\\/\\\/www.evangelisch-in-jerusalem.org\\\/#\\\/schema\\\/person\\\/ea8e86c01aff849bd324c28bc5574607\",\"name\":\"Joachim Lenz\",\"sameAs\":[\"http:\\\/\\\/evangelisch-in-jerusalem.org\"],\"url\":\"https:\\\/\\\/www.evangelisch-in-jerusalem.org\\\/en\\\/author\\\/propst-jl\\\/\"}]}<\/script>\n<!-- \/ Yoast SEO plugin. -->","yoast_head_json":{"title":"Taiz\u00e9 im Heiligen Land: am 12. Mai mittags in der Erl\u00f6serkirche in Jerusalem - Evangelisch in Jerusalem","robots":{"index":"index","follow":"follow","max-snippet":"max-snippet:-1","max-image-preview":"max-image-preview:large","max-video-preview":"max-video-preview:-1"},"canonical":"https:\/\/www.evangelisch-in-jerusalem.org\/en\/2022\/05\/07\/taize-im-heiligen-land-am-12-mai-mittags-in-der-erloeserkirch\/","og_locale":"en_GB","og_type":"article","og_title":"Taiz\u00e9 im Heiligen Land: am 12. Mai mittags in der Erl\u00f6serkirche in Jerusalem - Evangelisch in Jerusalem","og_description":"Taiz\u00e9 im Heiligen Land: Vom 8. bis 15. Mai 2022","og_url":"https:\/\/www.evangelisch-in-jerusalem.org\/en\/2022\/05\/07\/taize-im-heiligen-land-am-12-mai-mittags-in-der-erloeserkirch\/","og_site_name":"Evangelisch in Jerusalem","article_publisher":"https:\/\/www.facebook.com\/erloeserkirche.jerusalem","article_published_time":"2022-05-07T13:13:39+00:00","article_modified_time":"2022-05-14T10:06:26+00:00","og_image":[{"width":512,"height":512,"url":"https:\/\/www.evangelisch-in-jerusalem.org\/wp-content\/uploads\/2022\/05\/Logo_Taize.png","type":"image\/png"}],"author":"Joachim Lenz","twitter_card":"summary_large_image","twitter_misc":{"Written by":"Joachim Lenz"},"schema":{"@context":"https:\/\/schema.org","@graph":[{"@type":"Article","@id":"https:\/\/www.evangelisch-in-jerusalem.org\/2022\/05\/07\/taize-im-heiligen-land-am-12-mai-mittags-in-der-erloeserkirch\/#article","isPartOf":{"@id":"https:\/\/www.evangelisch-in-jerusalem.org\/2022\/05\/07\/taize-im-heiligen-land-am-12-mai-mittags-in-der-erloeserkirch\/"},"author":{"name":"Joachim Lenz","@id":"https:\/\/www.evangelisch-in-jerusalem.org\/#\/schema\/person\/ea8e86c01aff849bd324c28bc5574607"},"headline":"Taiz\u00e9 im Heiligen Land: am 12. Mai mittags in der Erl\u00f6serkirche in Jerusalem","datePublished":"2022-05-07T13:13:39+00:00","dateModified":"2022-05-14T10:06:26+00:00","mainEntityOfPage":{"@id":"https:\/\/www.evangelisch-in-jerusalem.org\/2022\/05\/07\/taize-im-heiligen-land-am-12-mai-mittags-in-der-erloeserkirch\/"},"wordCount":105,"publisher":{"@id":"https:\/\/www.evangelisch-in-jerusalem.org\/#organization"},"image":{"@id":"https:\/\/www.evangelisch-in-jerusalem.org\/2022\/05\/07\/taize-im-heiligen-land-am-12-mai-mittags-in-der-erloeserkirch\/#primaryimage"},"thumbnailUrl":"https:\/\/www.evangelisch-in-jerusalem.org\/wp-content\/uploads\/2022\/05\/Logo_Taize.png","articleSection":["Erl\u00f6serkirche","Gemeinde","Gottesdienst","Jerusalem","Veranstaltung"],"inLanguage":"en-GB"},{"@type":"WebPage","@id":"https:\/\/www.evangelisch-in-jerusalem.org\/2022\/05\/07\/taize-im-heiligen-land-am-12-mai-mittags-in-der-erloeserkirch\/","url":"https:\/\/www.evangelisch-in-jerusalem.org\/2022\/05\/07\/taize-im-heiligen-land-am-12-mai-mittags-in-der-erloeserkirch\/","name":"Taiz\u00e9 im Heiligen Land: am 12. Mai mittags in der Erl\u00f6serkirche in Jerusalem - Evangelisch in Jerusalem","isPartOf":{"@id":"https:\/\/www.evangelisch-in-jerusalem.org\/#website"},"primaryImageOfPage":{"@id":"https:\/\/www.evangelisch-in-jerusalem.org\/2022\/05\/07\/taize-im-heiligen-land-am-12-mai-mittags-in-der-erloeserkirch\/#primaryimage"},"image":{"@id":"https:\/\/www.evangelisch-in-jerusalem.org\/2022\/05\/07\/taize-im-heiligen-land-am-12-mai-mittags-in-der-erloeserkirch\/#primaryimage"},"thumbnailUrl":"https:\/\/www.evangelisch-in-jerusalem.org\/wp-content\/uploads\/2022\/05\/Logo_Taize.png","datePublished":"2022-05-07T13:13:39+00:00","dateModified":"2022-05-14T10:06:26+00:00","breadcrumb":{"@id":"https:\/\/www.evangelisch-in-jerusalem.org\/2022\/05\/07\/taize-im-heiligen-land-am-12-mai-mittags-in-der-erloeserkirch\/#breadcrumb"},"inLanguage":"en-GB","potentialAction":[{"@type":"ReadAction","target":["https:\/\/www.evangelisch-in-jerusalem.org\/2022\/05\/07\/taize-im-heiligen-land-am-12-mai-mittags-in-der-erloeserkirch\/"]}]},{"@type":"ImageObject","inLanguage":"en-GB","@id":"https:\/\/www.evangelisch-in-jerusalem.org\/2022\/05\/07\/taize-im-heiligen-land-am-12-mai-mittags-in-der-erloeserkirch\/#primaryimage","url":"https:\/\/www.evangelisch-in-jerusalem.org\/wp-content\/uploads\/2022\/05\/Logo_Taize.png","contentUrl":"https:\/\/www.evangelisch-in-jerusalem.org\/wp-content\/uploads\/2022\/05\/Logo_Taize.png","width":512,"height":512,"caption":"Logo der Commuaut\u00e9 de Taiz\u00e9"},{"@type":"BreadcrumbList","@id":"https:\/\/www.evangelisch-in-jerusalem.org\/2022\/05\/07\/taize-im-heiligen-land-am-12-mai-mittags-in-der-erloeserkirch\/#breadcrumb","itemListElement":[{"@type":"ListItem","position":1,"name":"Startseite","item":"https:\/\/www.evangelisch-in-jerusalem.org\/"},{"@type":"ListItem","position":2,"name":"Taiz\u00e9 im Heiligen Land: am 12. Mai mittags in der Erl\u00f6serkirche in Jerusalem"}]},{"@type":"WebSite","@id":"https:\/\/www.evangelisch-in-jerusalem.org\/#website","url":"https:\/\/www.evangelisch-in-jerusalem.org\/","name":"Evangelisch in Jerusalem","description":"German Protestant Institutions in the Holy Land","publisher":{"@id":"https:\/\/www.evangelisch-in-jerusalem.org\/#organization"},"potentialAction":[{"@type":"SearchAction","target":{"@type":"EntryPoint","urlTemplate":"https:\/\/www.evangelisch-in-jerusalem.org\/?s={search_term_string}"},"query-input":{"@type":"PropertyValueSpecification","valueRequired":true,"valueName":"search_term_string"}}],"inLanguage":"en-GB"},{"@type":"Organization","@id":"https:\/\/www.evangelisch-in-jerusalem.org\/#organization","name":"German Protestant Institutions in the Holy Land","url":"https:\/\/www.evangelisch-in-jerusalem.org\/","logo":{"@type":"ImageObject","inLanguage":"en-GB","@id":"https:\/\/www.evangelisch-in-jerusalem.org\/#\/schema\/logo\/image\/","url":"https:\/\/www.evangelisch-in-jerusalem.org\/wp-content\/uploads\/2019\/03\/EIJ_Logo_500-px.png","contentUrl":"https:\/\/www.evangelisch-in-jerusalem.org\/wp-content\/uploads\/2019\/03\/EIJ_Logo_500-px.png","width":500,"height":82,"caption":"German Protestant Institutions in the Holy Land"},"image":{"@id":"https:\/\/www.evangelisch-in-jerusalem.org\/#\/schema\/logo\/image\/"},"sameAs":["https:\/\/www.facebook.com\/erloeserkirche.jerusalem"]},{"@type":"Person","@id":"https:\/\/www.evangelisch-in-jerusalem.org\/#\/schema\/person\/ea8e86c01aff849bd324c28bc5574607","name":"Joachim Lenz","sameAs":["http:\/\/evangelisch-in-jerusalem.org"],"url":"https:\/\/www.evangelisch-in-jerusalem.org\/en\/author\/propst-jl\/"}]}},"_links":{"self":[{"href":"https:\/\/www.evangelisch-in-jerusalem.org\/en\/wp-json\/wp\/v2\/posts\/8538","targetHints":{"allow":["GET"]}}],"collection":[{"href":"https:\/\/www.evangelisch-in-jerusalem.org\/en\/wp-json\/wp\/v2\/posts"}],"about":[{"href":"https:\/\/www.evangelisch-in-jerusalem.org\/en\/wp-json\/wp\/v2\/types\/post"}],"author":[{"embeddable":true,"href":"https:\/\/www.evangelisch-in-jerusalem.org\/en\/wp-json\/wp\/v2\/users\/6"}],"replies":[{"embeddable":true,"href":"https:\/\/www.evangelisch-in-jerusalem.org\/en\/wp-json\/wp\/v2\/comments?post=8538"}],"version-history":[{"count":2,"href":"https:\/\/www.evangelisch-in-jerusalem.org\/en\/wp-json\/wp\/v2\/posts\/8538\/revisions"}],"predecessor-version":[{"id":8588,"href":"https:\/\/www.evangelisch-in-jerusalem.org\/en\/wp-json\/wp\/v2\/posts\/8538\/revisions\/8588"}],"wp:featuredmedia":[{"embeddable":true,"href":"https:\/\/www.evangelisch-in-jerusalem.org\/en\/wp-json\/wp\/v2\/media\/8544"}],"wp:attachment":[{"href":"https:\/\/www.evangelisch-in-jerusalem.org\/en\/wp-json\/wp\/v2\/media?parent=8538"}],"wp:term":[{"taxonomy":"category","embeddable":true,"href":"https:\/\/www.evangelisch-in-jerusalem.org\/en\/wp-json\/wp\/v2\/categories?post=8538"},{"taxonomy":"post_tag","embeddable":true,"href":"https:\/\/www.evangelisch-in-jerusalem.org\/en\/wp-json\/wp\/v2\/tags?post=8538"}],"curies":[{"name":"wp","href":"https:\/\/api.w.org\/{rel}","templated":true}]}}