{"id":8514,"date":"2022-05-21T09:40:00","date_gmt":"2022-05-21T07:40:00","guid":{"rendered":"https:\/\/www.evangelisch-in-jerusalem.org\/?p=8514"},"modified":"2022-05-22T07:19:33","modified_gmt":"2022-05-22T05:19:33","slug":"wahl-des-kirchengemeinderates-am-29-31-mai-2022","status":"publish","type":"post","link":"https:\/\/www.evangelisch-in-jerusalem.org\/en\/2022\/05\/21\/wahl-des-kirchengemeinderates-am-29-31-mai-2022\/","title":{"rendered":"<font color=\"red\">Wahl des Kirchengemeinderates am 29.\/31. Mai 2022<\/font>"},"content":{"rendered":"\t\t<div data-elementor-type=\"wp-post\" data-elementor-id=\"8514\" class=\"elementor elementor-8514\" data-elementor-post-type=\"post\">\n\t\t\t\t\t\t<section class=\"elementor-section elementor-top-section elementor-element elementor-element-7c263fc elementor-section-boxed elementor-section-height-default elementor-section-height-default\" data-id=\"7c263fc\" data-element_type=\"section\" data-e-type=\"section\">\n\t\t\t\t\t\t<div class=\"elementor-container elementor-column-gap-default\">\n\t\t\t\t\t<div class=\"elementor-column elementor-col-100 elementor-top-column elementor-element elementor-element-41e9e97\" data-id=\"41e9e97\" data-element_type=\"column\" data-e-type=\"column\">\n\t\t\t<div class=\"elementor-widget-wrap elementor-element-populated\">\n\t\t\t\t\t\t<section class=\"elementor-section elementor-inner-section elementor-element elementor-element-0aefa86 elementor-section-boxed elementor-section-height-default elementor-section-height-default\" data-id=\"0aefa86\" data-element_type=\"section\" data-e-type=\"section\">\n\t\t\t\t\t\t<div class=\"elementor-container elementor-column-gap-default\">\n\t\t\t\t\t<div class=\"elementor-column elementor-col-50 elementor-inner-column elementor-element elementor-element-d0f35b3\" data-id=\"d0f35b3\" data-element_type=\"column\" data-e-type=\"column\">\n\t\t\t<div class=\"elementor-widget-wrap elementor-element-populated\">\n\t\t\t\t\t\t<div class=\"elementor-element elementor-element-94f49bf elementor-widget elementor-widget-text-editor\" data-id=\"94f49bf\" data-element_type=\"widget\" data-e-type=\"widget\" data-widget_type=\"text-editor.default\">\n\t\t\t\t<div class=\"elementor-widget-container\">\n\t\t\t\t\t\t\t\t\t<p>Am <strong>29.5.<\/strong> (nach dem Gottesdienst) und am <strong>31.5.202<\/strong>2 (in der Gemeindeversammlung) w\u00e4hlt unsere Gemeinde ihren Kirchengemeinderat f\u00fcr die n\u00e4chsten drei Jahre.<\/p><p>Wir laden alle Gemeindemitglieder ein, sich an der Wahl zu beteiligen. Seit dem 1. Mai ist es m\u00f6glich, im Gemeindeb\u00fcro Briefwahlunterlagen zu erhalten.<\/p>\t\t\t\t\t\t\t\t<\/div>\n\t\t\t\t<\/div>\n\t\t\t\t\t<\/div>\n\t\t<\/div>\n\t\t\t\t<div class=\"elementor-column elementor-col-50 elementor-inner-column elementor-element elementor-element-e02fb27\" data-id=\"e02fb27\" data-element_type=\"column\" data-e-type=\"column\">\n\t\t\t<div class=\"elementor-widget-wrap elementor-element-populated\">\n\t\t\t\t\t\t<div class=\"elementor-element elementor-element-cee78c3 elementor-widget elementor-widget-text-editor\" data-id=\"cee78c3\" data-element_type=\"widget\" data-e-type=\"widget\" data-widget_type=\"text-editor.default\">\n\t\t\t\t<div class=\"elementor-widget-container\">\n\t\t\t\t\t\t\t\t\tDie Kandidatinnen und Kandidaten haben wir gebeten, sich im Gottesdienst am Sonntag, <strong>22. Mai 2022<\/strong>, der Gemeinde kurz vorzustellen. Es sind:\n\nKarin Dengler, Nicola Goldenberg, Diet Koster, Renata Martini, Michael Mohrmann, Georg R\u00f6ssler, Sieglinde\u00a0Weinbrenner, Matthias Wolf und Peter Wolfrum.\t\t\t\t\t\t\t\t<\/div>\n\t\t\t\t<\/div>\n\t\t\t\t\t<\/div>\n\t\t<\/div>\n\t\t\t\t\t<\/div>\n\t\t<\/section>\n\t\t\t\t\t<\/div>\n\t\t<\/div>\n\t\t\t\t\t<\/div>\n\t\t<\/section>\n\t\t\t\t<section class=\"elementor-section elementor-top-section elementor-element elementor-element-3ea6855 elementor-section-boxed elementor-section-height-default elementor-section-height-default\" data-id=\"3ea6855\" data-element_type=\"section\" data-e-type=\"section\">\n\t\t\t\t\t\t<div class=\"elementor-container elementor-column-gap-default\">\n\t\t\t\t\t<div class=\"elementor-column elementor-col-100 elementor-top-column elementor-element elementor-element-d9a39ca\" data-id=\"d9a39ca\" data-element_type=\"column\" data-e-type=\"column\">\n\t\t\t<div class=\"elementor-widget-wrap elementor-element-populated\">\n\t\t\t\t\t\t<div class=\"elementor-element elementor-element-bdffb2b elementor-widget elementor-widget-shortcode\" data-id=\"bdffb2b\" data-element_type=\"widget\" data-e-type=\"widget\" data-widget_type=\"shortcode.default\">\n\t\t\t\t<div class=\"elementor-widget-container\">\n\t\t\t\t\t\t\t<div class=\"elementor-shortcode\">[TEAM_B id=9094]<\/div>\n\t\t\t\t\t\t<\/div>\n\t\t\t\t<\/div>\n\t\t\t\t\t<\/div>\n\t\t<\/div>\n\t\t\t\t\t<\/div>\n\t\t<\/section>\n\t\t\t\t<\/div>\n\t\t","protected":false},"excerpt":{"rendered":"<p>Am 29.5. (nach dem Gottesdienst) und am 31.5.2022 (in der Gemeindeversammlung) w\u00e4hlt unsere Gemeinde ihren Kirchengemeinderat f\u00fcr die n\u00e4chsten drei Jahre.<\/p>","protected":false},"author":6,"featured_media":9111,"comment_status":"closed","ping_status":"open","sticky":false,"template":"","format":"standard","meta":{"footnotes":""},"categories":[19,183,243,181,173,182,242,174],"tags":[342,344,343],"class_list":["post-8514","post","type-post","status-publish","format-standard","has-post-thumbnail","hentry","category-allgemein-en","category-amman","category-amman-orte","category-erloeserkirche","category-gemeinde","category-himmelfahrtkirche","category-jerusalem","category-veranstaltung","tag-kgr","tag-kirchengemeinderat","tag-wahl","entry"],"yoast_head":"<!-- This site is optimized with the Yoast SEO plugin v27.4 - https:\/\/yoast.com\/product\/yoast-seo-wordpress\/ -->\n<title>Wahl des Kirchengemeinderates am 29.\/31. Mai 2022 - Evangelisch in Jerusalem<\/title>\n<meta name=\"robots\" content=\"index, follow, max-snippet:-1, max-image-preview:large, max-video-preview:-1\" \/>\n<link rel=\"canonical\" href=\"https:\/\/www.evangelisch-in-jerusalem.org\/en\/2022\/05\/21\/wahl-des-kirchengemeinderates-am-29-31-mai-2022\/\" \/>\n<meta property=\"og:locale\" content=\"en_GB\" \/>\n<meta property=\"og:type\" content=\"article\" \/>\n<meta property=\"og:title\" content=\"Wahl des Kirchengemeinderates am 29.\/31. Mai 2022 - Evangelisch in Jerusalem\" \/>\n<meta property=\"og:description\" content=\"Am 29.5. (nach dem Gottesdienst) und am 31.5.2022 (in der Gemeindeversammlung) w\u00e4hlt unsere Gemeinde ihren Kirchengemeinderat f\u00fcr die n\u00e4chsten drei Jahre.\" \/>\n<meta property=\"og:url\" content=\"https:\/\/www.evangelisch-in-jerusalem.org\/en\/2022\/05\/21\/wahl-des-kirchengemeinderates-am-29-31-mai-2022\/\" \/>\n<meta property=\"og:site_name\" content=\"Evangelisch in Jerusalem\" \/>\n<meta property=\"article:publisher\" content=\"https:\/\/www.facebook.com\/erloeserkirche.jerusalem\" \/>\n<meta property=\"article:published_time\" content=\"2022-05-21T07:40:00+00:00\" \/>\n<meta property=\"article:modified_time\" content=\"2022-05-22T05:19:33+00:00\" \/>\n<meta property=\"og:image\" content=\"https:\/\/www.evangelisch-in-jerusalem.org\/wp-content\/uploads\/2022\/05\/KGR-Wahl-Plakat-2022-2.jpg\" \/>\n\t<meta property=\"og:image:width\" content=\"768\" \/>\n\t<meta property=\"og:image:height\" content=\"1086\" \/>\n\t<meta property=\"og:image:type\" content=\"image\/jpeg\" \/>\n<meta name=\"author\" content=\"Joachim Lenz\" \/>\n<meta name=\"twitter:card\" content=\"summary_large_image\" \/>\n<meta name=\"twitter:label1\" content=\"Written by\" \/>\n\t<meta name=\"twitter:data1\" content=\"Joachim Lenz\" \/>\n<script type=\"application\/ld+json\" class=\"yoast-schema-graph\">{\"@context\":\"https:\\\/\\\/schema.org\",\"@graph\":[{\"@type\":\"Article\",\"@id\":\"https:\\\/\\\/www.evangelisch-in-jerusalem.org\\\/2022\\\/05\\\/21\\\/wahl-des-kirchengemeinderates-am-29-31-mai-2022\\\/#article\",\"isPartOf\":{\"@id\":\"https:\\\/\\\/www.evangelisch-in-jerusalem.org\\\/2022\\\/05\\\/21\\\/wahl-des-kirchengemeinderates-am-29-31-mai-2022\\\/\"},\"author\":{\"name\":\"Joachim Lenz\",\"@id\":\"https:\\\/\\\/www.evangelisch-in-jerusalem.org\\\/#\\\/schema\\\/person\\\/ea8e86c01aff849bd324c28bc5574607\"},\"headline\":\"Wahl des Kirchengemeinderates am 29.\\\/31. Mai 2022\",\"datePublished\":\"2022-05-21T07:40:00+00:00\",\"dateModified\":\"2022-05-22T05:19:33+00:00\",\"mainEntityOfPage\":{\"@id\":\"https:\\\/\\\/www.evangelisch-in-jerusalem.org\\\/2022\\\/05\\\/21\\\/wahl-des-kirchengemeinderates-am-29-31-mai-2022\\\/\"},\"wordCount\":94,\"publisher\":{\"@id\":\"https:\\\/\\\/www.evangelisch-in-jerusalem.org\\\/#organization\"},\"image\":{\"@id\":\"https:\\\/\\\/www.evangelisch-in-jerusalem.org\\\/2022\\\/05\\\/21\\\/wahl-des-kirchengemeinderates-am-29-31-mai-2022\\\/#primaryimage\"},\"thumbnailUrl\":\"https:\\\/\\\/www.evangelisch-in-jerusalem.org\\\/wp-content\\\/uploads\\\/2022\\\/05\\\/KGR-Wahl-Plakat-2022-2.jpg\",\"keywords\":[\"KGR\",\"Kirchengemeinderat\",\"Wahl\"],\"articleSection\":[\"Allgemein\",\"Amman\",\"Amman\",\"Erl\u00f6serkirche\",\"Gemeinde\",\"Himmelfahrtkirche\",\"Jerusalem\",\"Veranstaltung\"],\"inLanguage\":\"en-GB\"},{\"@type\":\"WebPage\",\"@id\":\"https:\\\/\\\/www.evangelisch-in-jerusalem.org\\\/2022\\\/05\\\/21\\\/wahl-des-kirchengemeinderates-am-29-31-mai-2022\\\/\",\"url\":\"https:\\\/\\\/www.evangelisch-in-jerusalem.org\\\/2022\\\/05\\\/21\\\/wahl-des-kirchengemeinderates-am-29-31-mai-2022\\\/\",\"name\":\"Wahl des Kirchengemeinderates am 29.\\\/31. Mai 2022 - Evangelisch in Jerusalem\",\"isPartOf\":{\"@id\":\"https:\\\/\\\/www.evangelisch-in-jerusalem.org\\\/#website\"},\"primaryImageOfPage\":{\"@id\":\"https:\\\/\\\/www.evangelisch-in-jerusalem.org\\\/2022\\\/05\\\/21\\\/wahl-des-kirchengemeinderates-am-29-31-mai-2022\\\/#primaryimage\"},\"image\":{\"@id\":\"https:\\\/\\\/www.evangelisch-in-jerusalem.org\\\/2022\\\/05\\\/21\\\/wahl-des-kirchengemeinderates-am-29-31-mai-2022\\\/#primaryimage\"},\"thumbnailUrl\":\"https:\\\/\\\/www.evangelisch-in-jerusalem.org\\\/wp-content\\\/uploads\\\/2022\\\/05\\\/KGR-Wahl-Plakat-2022-2.jpg\",\"datePublished\":\"2022-05-21T07:40:00+00:00\",\"dateModified\":\"2022-05-22T05:19:33+00:00\",\"breadcrumb\":{\"@id\":\"https:\\\/\\\/www.evangelisch-in-jerusalem.org\\\/2022\\\/05\\\/21\\\/wahl-des-kirchengemeinderates-am-29-31-mai-2022\\\/#breadcrumb\"},\"inLanguage\":\"en-GB\",\"potentialAction\":[{\"@type\":\"ReadAction\",\"target\":[\"https:\\\/\\\/www.evangelisch-in-jerusalem.org\\\/2022\\\/05\\\/21\\\/wahl-des-kirchengemeinderates-am-29-31-mai-2022\\\/\"]}]},{\"@type\":\"ImageObject\",\"inLanguage\":\"en-GB\",\"@id\":\"https:\\\/\\\/www.evangelisch-in-jerusalem.org\\\/2022\\\/05\\\/21\\\/wahl-des-kirchengemeinderates-am-29-31-mai-2022\\\/#primaryimage\",\"url\":\"https:\\\/\\\/www.evangelisch-in-jerusalem.org\\\/wp-content\\\/uploads\\\/2022\\\/05\\\/KGR-Wahl-Plakat-2022-2.jpg\",\"contentUrl\":\"https:\\\/\\\/www.evangelisch-in-jerusalem.org\\\/wp-content\\\/uploads\\\/2022\\\/05\\\/KGR-Wahl-Plakat-2022-2.jpg\",\"width\":768,\"height\":1086},{\"@type\":\"BreadcrumbList\",\"@id\":\"https:\\\/\\\/www.evangelisch-in-jerusalem.org\\\/2022\\\/05\\\/21\\\/wahl-des-kirchengemeinderates-am-29-31-mai-2022\\\/#breadcrumb\",\"itemListElement\":[{\"@type\":\"ListItem\",\"position\":1,\"name\":\"Startseite\",\"item\":\"https:\\\/\\\/www.evangelisch-in-jerusalem.org\\\/\"},{\"@type\":\"ListItem\",\"position\":2,\"name\":\"Wahl des Kirchengemeinderates am 29.\\\/31. Mai 2022\"}]},{\"@type\":\"WebSite\",\"@id\":\"https:\\\/\\\/www.evangelisch-in-jerusalem.org\\\/#website\",\"url\":\"https:\\\/\\\/www.evangelisch-in-jerusalem.org\\\/\",\"name\":\"Evangelisch in Jerusalem\",\"description\":\"Stiftungen der EKD im Heiligen Land\",\"publisher\":{\"@id\":\"https:\\\/\\\/www.evangelisch-in-jerusalem.org\\\/#organization\"},\"potentialAction\":[{\"@type\":\"SearchAction\",\"target\":{\"@type\":\"EntryPoint\",\"urlTemplate\":\"https:\\\/\\\/www.evangelisch-in-jerusalem.org\\\/?s={search_term_string}\"},\"query-input\":{\"@type\":\"PropertyValueSpecification\",\"valueRequired\":true,\"valueName\":\"search_term_string\"}}],\"inLanguage\":\"en-GB\"},{\"@type\":\"Organization\",\"@id\":\"https:\\\/\\\/www.evangelisch-in-jerusalem.org\\\/#organization\",\"name\":\"German Protestant Institutions in the Holy Land\",\"url\":\"https:\\\/\\\/www.evangelisch-in-jerusalem.org\\\/\",\"logo\":{\"@type\":\"ImageObject\",\"inLanguage\":\"en-GB\",\"@id\":\"https:\\\/\\\/www.evangelisch-in-jerusalem.org\\\/#\\\/schema\\\/logo\\\/image\\\/\",\"url\":\"https:\\\/\\\/www.evangelisch-in-jerusalem.org\\\/wp-content\\\/uploads\\\/2019\\\/03\\\/EIJ_Logo_500-px.png\",\"contentUrl\":\"https:\\\/\\\/www.evangelisch-in-jerusalem.org\\\/wp-content\\\/uploads\\\/2019\\\/03\\\/EIJ_Logo_500-px.png\",\"width\":500,\"height\":82,\"caption\":\"German Protestant Institutions in the Holy Land\"},\"image\":{\"@id\":\"https:\\\/\\\/www.evangelisch-in-jerusalem.org\\\/#\\\/schema\\\/logo\\\/image\\\/\"},\"sameAs\":[\"https:\\\/\\\/www.facebook.com\\\/erloeserkirche.jerusalem\"]},{\"@type\":\"Person\",\"@id\":\"https:\\\/\\\/www.evangelisch-in-jerusalem.org\\\/#\\\/schema\\\/person\\\/ea8e86c01aff849bd324c28bc5574607\",\"name\":\"Joachim Lenz\",\"sameAs\":[\"http:\\\/\\\/evangelisch-in-jerusalem.org\"],\"url\":\"https:\\\/\\\/www.evangelisch-in-jerusalem.org\\\/en\\\/author\\\/propst-jl\\\/\"}]}<\/script>\n<!-- \/ Yoast SEO plugin. -->","yoast_head_json":{"title":"Wahl des Kirchengemeinderates am 29.\/31. Mai 2022 - Evangelisch in Jerusalem","robots":{"index":"index","follow":"follow","max-snippet":"max-snippet:-1","max-image-preview":"max-image-preview:large","max-video-preview":"max-video-preview:-1"},"canonical":"https:\/\/www.evangelisch-in-jerusalem.org\/en\/2022\/05\/21\/wahl-des-kirchengemeinderates-am-29-31-mai-2022\/","og_locale":"en_GB","og_type":"article","og_title":"Wahl des Kirchengemeinderates am 29.\/31. Mai 2022 - Evangelisch in Jerusalem","og_description":"Am 29.5. (nach dem Gottesdienst) und am 31.5.2022 (in der Gemeindeversammlung) w\u00e4hlt unsere Gemeinde ihren Kirchengemeinderat f\u00fcr die n\u00e4chsten drei Jahre.","og_url":"https:\/\/www.evangelisch-in-jerusalem.org\/en\/2022\/05\/21\/wahl-des-kirchengemeinderates-am-29-31-mai-2022\/","og_site_name":"Evangelisch in Jerusalem","article_publisher":"https:\/\/www.facebook.com\/erloeserkirche.jerusalem","article_published_time":"2022-05-21T07:40:00+00:00","article_modified_time":"2022-05-22T05:19:33+00:00","og_image":[{"width":768,"height":1086,"url":"https:\/\/www.evangelisch-in-jerusalem.org\/wp-content\/uploads\/2022\/05\/KGR-Wahl-Plakat-2022-2.jpg","type":"image\/jpeg"}],"author":"Joachim Lenz","twitter_card":"summary_large_image","twitter_misc":{"Written by":"Joachim Lenz"},"schema":{"@context":"https:\/\/schema.org","@graph":[{"@type":"Article","@id":"https:\/\/www.evangelisch-in-jerusalem.org\/2022\/05\/21\/wahl-des-kirchengemeinderates-am-29-31-mai-2022\/#article","isPartOf":{"@id":"https:\/\/www.evangelisch-in-jerusalem.org\/2022\/05\/21\/wahl-des-kirchengemeinderates-am-29-31-mai-2022\/"},"author":{"name":"Joachim Lenz","@id":"https:\/\/www.evangelisch-in-jerusalem.org\/#\/schema\/person\/ea8e86c01aff849bd324c28bc5574607"},"headline":"Wahl des Kirchengemeinderates am 29.\/31. Mai 2022","datePublished":"2022-05-21T07:40:00+00:00","dateModified":"2022-05-22T05:19:33+00:00","mainEntityOfPage":{"@id":"https:\/\/www.evangelisch-in-jerusalem.org\/2022\/05\/21\/wahl-des-kirchengemeinderates-am-29-31-mai-2022\/"},"wordCount":94,"publisher":{"@id":"https:\/\/www.evangelisch-in-jerusalem.org\/#organization"},"image":{"@id":"https:\/\/www.evangelisch-in-jerusalem.org\/2022\/05\/21\/wahl-des-kirchengemeinderates-am-29-31-mai-2022\/#primaryimage"},"thumbnailUrl":"https:\/\/www.evangelisch-in-jerusalem.org\/wp-content\/uploads\/2022\/05\/KGR-Wahl-Plakat-2022-2.jpg","keywords":["KGR","Kirchengemeinderat","Wahl"],"articleSection":["Allgemein","Amman","Amman","Erl\u00f6serkirche","Gemeinde","Himmelfahrtkirche","Jerusalem","Veranstaltung"],"inLanguage":"en-GB"},{"@type":"WebPage","@id":"https:\/\/www.evangelisch-in-jerusalem.org\/2022\/05\/21\/wahl-des-kirchengemeinderates-am-29-31-mai-2022\/","url":"https:\/\/www.evangelisch-in-jerusalem.org\/2022\/05\/21\/wahl-des-kirchengemeinderates-am-29-31-mai-2022\/","name":"Wahl des Kirchengemeinderates am 29.\/31. Mai 2022 - Evangelisch in Jerusalem","isPartOf":{"@id":"https:\/\/www.evangelisch-in-jerusalem.org\/#website"},"primaryImageOfPage":{"@id":"https:\/\/www.evangelisch-in-jerusalem.org\/2022\/05\/21\/wahl-des-kirchengemeinderates-am-29-31-mai-2022\/#primaryimage"},"image":{"@id":"https:\/\/www.evangelisch-in-jerusalem.org\/2022\/05\/21\/wahl-des-kirchengemeinderates-am-29-31-mai-2022\/#primaryimage"},"thumbnailUrl":"https:\/\/www.evangelisch-in-jerusalem.org\/wp-content\/uploads\/2022\/05\/KGR-Wahl-Plakat-2022-2.jpg","datePublished":"2022-05-21T07:40:00+00:00","dateModified":"2022-05-22T05:19:33+00:00","breadcrumb":{"@id":"https:\/\/www.evangelisch-in-jerusalem.org\/2022\/05\/21\/wahl-des-kirchengemeinderates-am-29-31-mai-2022\/#breadcrumb"},"inLanguage":"en-GB","potentialAction":[{"@type":"ReadAction","target":["https:\/\/www.evangelisch-in-jerusalem.org\/2022\/05\/21\/wahl-des-kirchengemeinderates-am-29-31-mai-2022\/"]}]},{"@type":"ImageObject","inLanguage":"en-GB","@id":"https:\/\/www.evangelisch-in-jerusalem.org\/2022\/05\/21\/wahl-des-kirchengemeinderates-am-29-31-mai-2022\/#primaryimage","url":"https:\/\/www.evangelisch-in-jerusalem.org\/wp-content\/uploads\/2022\/05\/KGR-Wahl-Plakat-2022-2.jpg","contentUrl":"https:\/\/www.evangelisch-in-jerusalem.org\/wp-content\/uploads\/2022\/05\/KGR-Wahl-Plakat-2022-2.jpg","width":768,"height":1086},{"@type":"BreadcrumbList","@id":"https:\/\/www.evangelisch-in-jerusalem.org\/2022\/05\/21\/wahl-des-kirchengemeinderates-am-29-31-mai-2022\/#breadcrumb","itemListElement":[{"@type":"ListItem","position":1,"name":"Startseite","item":"https:\/\/www.evangelisch-in-jerusalem.org\/"},{"@type":"ListItem","position":2,"name":"Wahl des Kirchengemeinderates am 29.\/31. Mai 2022"}]},{"@type":"WebSite","@id":"https:\/\/www.evangelisch-in-jerusalem.org\/#website","url":"https:\/\/www.evangelisch-in-jerusalem.org\/","name":"Evangelisch in Jerusalem","description":"German Protestant Institutions in the Holy Land","publisher":{"@id":"https:\/\/www.evangelisch-in-jerusalem.org\/#organization"},"potentialAction":[{"@type":"SearchAction","target":{"@type":"EntryPoint","urlTemplate":"https:\/\/www.evangelisch-in-jerusalem.org\/?s={search_term_string}"},"query-input":{"@type":"PropertyValueSpecification","valueRequired":true,"valueName":"search_term_string"}}],"inLanguage":"en-GB"},{"@type":"Organization","@id":"https:\/\/www.evangelisch-in-jerusalem.org\/#organization","name":"German Protestant Institutions in the Holy Land","url":"https:\/\/www.evangelisch-in-jerusalem.org\/","logo":{"@type":"ImageObject","inLanguage":"en-GB","@id":"https:\/\/www.evangelisch-in-jerusalem.org\/#\/schema\/logo\/image\/","url":"https:\/\/www.evangelisch-in-jerusalem.org\/wp-content\/uploads\/2019\/03\/EIJ_Logo_500-px.png","contentUrl":"https:\/\/www.evangelisch-in-jerusalem.org\/wp-content\/uploads\/2019\/03\/EIJ_Logo_500-px.png","width":500,"height":82,"caption":"German Protestant Institutions in the Holy Land"},"image":{"@id":"https:\/\/www.evangelisch-in-jerusalem.org\/#\/schema\/logo\/image\/"},"sameAs":["https:\/\/www.facebook.com\/erloeserkirche.jerusalem"]},{"@type":"Person","@id":"https:\/\/www.evangelisch-in-jerusalem.org\/#\/schema\/person\/ea8e86c01aff849bd324c28bc5574607","name":"Joachim Lenz","sameAs":["http:\/\/evangelisch-in-jerusalem.org"],"url":"https:\/\/www.evangelisch-in-jerusalem.org\/en\/author\/propst-jl\/"}]}},"_links":{"self":[{"href":"https:\/\/www.evangelisch-in-jerusalem.org\/en\/wp-json\/wp\/v2\/posts\/8514","targetHints":{"allow":["GET"]}}],"collection":[{"href":"https:\/\/www.evangelisch-in-jerusalem.org\/en\/wp-json\/wp\/v2\/posts"}],"about":[{"href":"https:\/\/www.evangelisch-in-jerusalem.org\/en\/wp-json\/wp\/v2\/types\/post"}],"author":[{"embeddable":true,"href":"https:\/\/www.evangelisch-in-jerusalem.org\/en\/wp-json\/wp\/v2\/users\/6"}],"replies":[{"embeddable":true,"href":"https:\/\/www.evangelisch-in-jerusalem.org\/en\/wp-json\/wp\/v2\/comments?post=8514"}],"version-history":[{"count":2,"href":"https:\/\/www.evangelisch-in-jerusalem.org\/en\/wp-json\/wp\/v2\/posts\/8514\/revisions"}],"predecessor-version":[{"id":9113,"href":"https:\/\/www.evangelisch-in-jerusalem.org\/en\/wp-json\/wp\/v2\/posts\/8514\/revisions\/9113"}],"wp:featuredmedia":[{"embeddable":true,"href":"https:\/\/www.evangelisch-in-jerusalem.org\/en\/wp-json\/wp\/v2\/media\/9111"}],"wp:attachment":[{"href":"https:\/\/www.evangelisch-in-jerusalem.org\/en\/wp-json\/wp\/v2\/media?parent=8514"}],"wp:term":[{"taxonomy":"category","embeddable":true,"href":"https:\/\/www.evangelisch-in-jerusalem.org\/en\/wp-json\/wp\/v2\/categories?post=8514"},{"taxonomy":"post_tag","embeddable":true,"href":"https:\/\/www.evangelisch-in-jerusalem.org\/en\/wp-json\/wp\/v2\/tags?post=8514"}],"curies":[{"name":"wp","href":"https:\/\/api.w.org\/{rel}","templated":true}]}}