{"id":7277,"date":"2021-10-13T12:27:53","date_gmt":"2021-10-13T10:27:53","guid":{"rendered":"https:\/\/www.evangelisch-in-jerusalem.org\/?p=7277"},"modified":"2021-10-14T06:54:53","modified_gmt":"2021-10-14T04:54:53","slug":"unsere-gemeindeveranstaltungen-im-oktober","status":"publish","type":"post","link":"https:\/\/www.evangelisch-in-jerusalem.org\/en\/2021\/10\/13\/unsere-gemeindeveranstaltungen-im-oktober\/","title":{"rendered":"Unsere Gemeindeveranstaltungen im Oktober 2021"},"content":{"rendered":"<div data-elementor-type=\"wp-post\" data-elementor-id=\"7277\" class=\"elementor elementor-7277\" data-elementor-post-type=\"post\">\n\t\t\t\t\t\t<section class=\"elementor-section elementor-top-section elementor-element elementor-element-ae9e3d8 elementor-section-boxed elementor-section-height-default elementor-section-height-default\" data-id=\"ae9e3d8\" data-element_type=\"section\" data-e-type=\"section\">\n\t\t\t\t\t\t<div class=\"elementor-container elementor-column-gap-default\">\n\t\t\t\t\t<div class=\"elementor-column elementor-col-100 elementor-top-column elementor-element elementor-element-7da2c2f\" data-id=\"7da2c2f\" data-element_type=\"column\" data-e-type=\"column\">\n\t\t\t<div class=\"elementor-widget-wrap elementor-element-populated\">\n\t\t\t\t\t\t<div class=\"elementor-element elementor-element-0a71bac elementor-widget elementor-widget-image\" data-id=\"0a71bac\" data-element_type=\"widget\" data-e-type=\"widget\" data-widget_type=\"image.default\">\n\t\t\t\t<div class=\"elementor-widget-container\">\n\t\t\t\t\t\t\t\t\t\t\t\t\t\t\t<img fetchpriority=\"high\" decoding=\"async\" width=\"640\" height=\"397\" src=\"https:\/\/www.evangelisch-in-jerusalem.org\/wp-content\/uploads\/2021\/09\/Dachansicht_Erloeserkirche_ausschn3.jpg\" class=\"attachment-large size-large wp-image-7044\" alt=\"\" srcset=\"https:\/\/www.evangelisch-in-jerusalem.org\/wp-content\/uploads\/2021\/09\/Dachansicht_Erloeserkirche_ausschn3.jpg 810w, https:\/\/www.evangelisch-in-jerusalem.org\/wp-content\/uploads\/2021\/09\/Dachansicht_Erloeserkirche_ausschn3-300x186.jpg 300w, https:\/\/www.evangelisch-in-jerusalem.org\/wp-content\/uploads\/2021\/09\/Dachansicht_Erloeserkirche_ausschn3-768x476.jpg 768w, https:\/\/www.evangelisch-in-jerusalem.org\/wp-content\/uploads\/2021\/09\/Dachansicht_Erloeserkirche_ausschn3-18x12.jpg 18w\" sizes=\"(max-width: 34.9rem) calc(100vw - 2rem), (max-width: 53rem) calc(8 * (100vw \/ 12)), (min-width: 53rem) calc(6 * (100vw \/ 12)), 100vw\" \/>\t\t\t\t\t\t\t\t\t\t\t\t\t\t\t<\/div>\n\t\t\t\t<\/div>\n\t\t\t\t\t<\/div>\n\t\t<\/div>\n\t\t\t\t\t<\/div>\n\t\t<\/section>\n\t\t\t\t<section class=\"elementor-section elementor-top-section elementor-element elementor-element-e5b1605 elementor-section-boxed elementor-section-height-default elementor-section-height-default\" data-id=\"e5b1605\" data-element_type=\"section\" data-e-type=\"section\">\n\t\t\t\t\t\t<div class=\"elementor-container elementor-column-gap-default\">\n\t\t\t\t\t<div class=\"elementor-column elementor-col-100 elementor-top-column elementor-element elementor-element-a6bd660\" data-id=\"a6bd660\" data-element_type=\"column\" data-e-type=\"column\">\n\t\t\t<div class=\"elementor-widget-wrap elementor-element-populated\">\n\t\t\t\t\t\t<div class=\"elementor-element elementor-element-e3f11bc elementor-widget elementor-widget-text-editor\" data-id=\"e3f11bc\" data-element_type=\"widget\" data-e-type=\"widget\" data-widget_type=\"text-editor.default\">\n\t\t\t\t<div class=\"elementor-widget-container\">\n\t\t\t\t\t\t\t\t\t<p>Sa, 02.10.\u00a0\u00a0\u00a0\u00a0\u00a0\u00a0\u00a0 17.00 Uhr<br \/><strong>Vorabendgottesdienst zum 18. Sonntag nach Trinitatis in Latrun<br \/><\/strong>Mit Kindergottesdienst<br \/>Predigt: Vikarin <em>Katinka Billau<\/em><br \/>Latrun, Ramle<\/p><p>Di, 05.10.\u00a0\u00a0\u00a0\u00a0\u00a0\u00a0\u00a0 20.00 Uhr \u00a0<br \/><strong>Das ist die Wahrheit!<br \/><\/strong>Bundestrainer, Virologe, General und Kanzlerin: warum wir gern so vieles besser wissen <br \/>Gemeindeabend mit Propst <em>Joachim Lenz<\/em><br \/>Im Refektorium der Erl\u00f6serkirche, Muristan Road, Old City<\/p><p>Sa, 09.10.\u00a0\u00a0\u00a0\u00a0\u00a0\u00a0\u00a0 18.00 Uhr (Deutschland 17.00 Uhr)<br \/><strong>Eine gute halbe Stunde<br \/><\/strong>Andacht per Zoom mit Pfarrerin <em>Gabriele Zander<\/em><br \/>Der Andachtsraum ist ab 17.45 ge\u00f6ffnet <br \/>Einwahl-Link: <a href=\"https:\/\/is.gd\/y6mWZz\">https:\/\/is.gd\/y6mWZz<\/a><\/p><p>Mo, 11.10.\u00a0\u00a0\u00a0\u00a0\u00a0\u00a0\u00a0 13.00 Uhr<br \/><strong>Stadtf\u00fchrung in West-Jerusalem: Spuren pal\u00e4stinensischen Lebens vor 1948<br \/><\/strong>F\u00fchrung mir <em>Tamar Avraham<\/em><br \/>Treffpunkt: 13.00 Uhr am Jaffa Tor (Ende gegen 16.00 Uhr); Kosten: 40 NIS f\u00fcr Volont\u00e4r*innen, 60 NIS f\u00fcr Verdienende <br \/>Registration at: <a href=\"\/en\/office@avzentrum.de\/\">office@avzentrum.de<\/a><\/p><p>Di, 12.10.\u00a0\u00a0\u00a0\u00a0\u00a0\u00a0\u00a0 20.00 Uhr<br \/><strong>Drei Jahre Friedensarbeit in Pal\u00e4stina und Israel: durchhalten, inne halten, Haltung zeigen<\/strong><br \/>Gemeindeabend mit <em>Jana Grieb<\/em>, Forum Ziviler Friedensdienst Jerusalem<br \/>Im Refektorium der Erl\u00f6serkirche, Muristan Road, Old City<\/p><p>Di, 19.10.\u00a0\u00a0\u00a0\u00a0\u00a0\u00a0\u00a0 20.00 Uhr<br \/><strong>Barmherzig leben \u2013 aber wie ?<\/strong><br \/>Kreativer Bibelabend zur Jahreslosung<br \/>Gemeindeabend mit Pfarrerin <em>Gabriele Zander<\/em><br \/>Im Refektorium der Erl\u00f6serkirche, Muristan Road, Old City<\/p><p>Mi, 20.10.\u00a0\u00a0\u00a0\u00a0\u00a0\u00a0\u00a0 19.00 Uhr<br \/><strong>Kleines Chorkonzert in der Himmelfahrtkirche <br \/><\/strong><em>The Jerusalem VoCAL Ensemble<\/em> und <em>P.-M. Seifried<\/em>, Sauer-Orgel<br \/>Musik: Arcadelt, Bach, Boellmann u.a.<br \/>In der Himmelfahrtkirche auf dem \u00d6lberg<\/p><p>Sa, 23.10.\u00a0\u00a0\u00a0\u00a0\u00a0\u00a0\u00a0 14.30 \u2013 17.30 Uhr<br \/><strong>Herbstflohmarkt<br \/><\/strong>Kleidung, Schuhe, B\u00fccher, Spielsachen, Sportger\u00e4te, Kinderwagen, Autositze u.v.m.<br \/>Anmeldung f\u00fcr ein Tisch: <a href=\"https:\/\/tinyurl.com\/auguste-fleamarket\">https:\/\/tinyurl.com\/auguste-fleamarket<\/a><br \/>Im Garten des Caf\u00e9 Auguste Victoria<\/p><p>So, 24.10.\u00a0\u00a0\u00a0\u00a0\u00a0\u00a0\u00a0 14.00 Uhr<br \/><strong>Familienwanderung<\/strong><br \/>Holot Nitzanim zwischen Ashdod und Ashkelon<br \/>Unter der Leitung von <em>Lisa Stoll<\/em><br \/>Registration at: <a href=\"mailto:stoll.abroad@gmail.com\">stoll.abroad@gmail.com<\/a><\/p><p>Di, 26.10.\u00a0\u00a0\u00a0\u00a0\u00a0\u00a0 \u00a020.00 Uhr<br \/><strong>\u201eDie g\u00f6ttlichen Worte wachsen mit dem Leser\u201c (Papst Gregor der Gro\u00dfe)<br \/><\/strong>Wege kirchlicher Schriftverst\u00e4ndnisse<br \/>Gemeindeabend mit Prof. <em>Ralf Rothenbusch<\/em><br \/>Im Refektorium der Erl\u00f6serkirche, Muristan Road<\/p><p>Sa, 30.10.\u00a0\u00a0\u00a0\u00a0\u00a0\u00a0\u00a0 19.00 Uhr<br \/><strong>Cinemateum Victoria <\/strong><em>pr\u00e4sentiert<\/em><strong> Advocate<\/strong><br \/>Ein Dokumentarfilm von Rachel Leah Jones und Philippe Bella\u00efche <br \/>114 Minuten, Israel 2019 (Hebr\u00e4isch, Arabisch mit englischen UT)<br \/>\u00a0Im Caf\u00e9 Auguste Victoria auf dem \u00d6lberg<\/p><p>So. 31.10.\u00a0\u00a0\u00a0\u00a0\u00a0\u00a0\u00a0 16.30 Uhr<br \/><strong>Internationaler Gottesdienst am Reformationstag <\/strong><em>arabisch deutsch englisch<\/em><strong><br \/><\/strong>Mit der Einf\u00fchrung des Propstes und anschlie\u00dfendem Empfang <br \/>Mit Propst <em>Joachim Lenz<\/em> u.a.<\/p><p><strong>W\u00f6chentliche Angebote:<\/strong><\/p><ul><li><strong>Chorprobe\u00a0\u00a0\u00a0\u00a0 <br \/><\/strong>Dienstags um 18 Uhr, in der Bibliothek der Propstei, Muristan Road, Old City<\/li><li><strong>After Work\u00a0\u00a0\u00a0\u00a0 <br \/><\/strong>Mittwochs um 17.00 Uhr<br \/>Gemeinsames Essen im Caf\u00e9 Auguste Victoria auf dem \u00d6lberg<br \/>Registration at: <a href=\"mailto:cafe.auguste.victoria@gmail.com\">cafe.auguste.victoria@gmail.com<\/a><\/li><li><strong>Frauenkreis\u00a0\u00a0 <br \/><\/strong>Jeden ersten Mittwoch im Monat um 14.00 Uhr<br \/>Gem\u00fctliches Schnacken, Austausch und Begegnung<br \/>Wechselweise im Caf\u00e9 Auguste Victoria oder im Caf\u00e9 Kreuzgang<\/li><li><strong>Gottesdienst <br \/><\/strong>Sonntags um 10.30 Uhr in der Erl\u00f6serkirche<br \/>Muristan Road 5, Altstadt von Jerusalem<br \/>Anschlie\u00dfend gibt es Gespr\u00e4che, Kaffee und Tee im Kreuzgang<\/li><\/ul><p><strong>Contact<br \/><\/strong>Falls Sie Fragen haben, melden Sie sich bitte bei unserer Gemeindesekret\u00e4rin, Bilhan Rechtman:<br \/>e-mail:\u00a0 <a href=\"mailto:propstei@redeemer-jerusalem.com\">propstei@redeemer-jerusalem.com<\/a><br \/>Telefon:\u00a0 02-6266800<\/p><p><strong>Weitere Informationen<\/strong> k\u00f6nnen Sie auf folgenden Seiten entnehmen:<\/p><ul><li>Web: <a href=\"https:\/\/www.evangelisch-in-jerusalem.org\/en\/\">evangelisch-in-jerusalem.org<\/a><\/li><li>Facebook-Seiten der <a href=\"https:\/\/www.facebook.com\/erloeserkirche.jerusalem\/\">Lutheran Church of the Redeemer<\/a> und der <a href=\"https:\/\/www.facebook.com\/Himmelfahrtkirche-146790865386859\/?fref=nf\">The Church of the Ascension<\/a><\/li><li>Veranstaltungskalender der Gemeinde: <a href=\"https:\/\/www.evangelisch-in-jerusalem.org\/en\/veranstaltungen-2\/\">https:\/\/www.evangelisch-in-jerusalem.org\/veranstaltungen-2\/<\/a><\/li><\/ul>\t\t\t\t\t\t\t\t<\/div>\n\t\t\t\t<\/div>\n\t\t\t\t\t<\/div>\n\t\t<\/div>\n\t\t\t\t\t<\/div>\n\t\t<\/section>\n\t\t\t\t<\/div>","protected":false},"excerpt":{"rendered":"<p>Sa, 02.10.\u00a0\u00a0\u00a0\u00a0\u00a0\u00a0\u00a0 17.00 UhrVorabendgottesdienst zum 18. Sonntag nach Trinitatis in LatrunMit KindergottesdienstPredigt: Vikarin Katinka BillauLatrun, Ramle Di, 05.10.\u00a0\u00a0\u00a0\u00a0\u00a0\u00a0\u00a0 20.00 Uhr \u00a0Das ist die Wahrheit!Bundestrainer, Virologe, General und Kanzlerin: warum wir gern so vieles besser wissen Gemeindeabend mit Propst Joachim LenzIm Refektorium der Erl\u00f6serkirche, Muristan Road, Old City Sa, 09.10.\u00a0\u00a0\u00a0\u00a0\u00a0\u00a0\u00a0 18.00 Uhr (Deutschland 17.00 Uhr)Eine gute &hellip; <\/p>\n<p class=\"link-more\"><a href=\"https:\/\/www.evangelisch-in-jerusalem.org\/en\/2021\/10\/13\/unsere-gemeindeveranstaltungen-im-oktober\/\" class=\"more-link\">Continue reading<span class=\"screen-reader-text\"> &#8220;Unsere Gemeindeveranstaltungen im Oktober 2021&#8221;<\/span><\/a><\/p>","protected":false},"author":7,"featured_media":6958,"comment_status":"closed","ping_status":"open","sticky":false,"template":"","format":"standard","meta":{"footnotes":""},"categories":[1],"tags":[],"class_list":["post-7277","post","type-post","status-publish","format-standard","has-post-thumbnail","hentry","category-allgemein","entry"],"yoast_head":"<!-- This site is optimized with the Yoast SEO plugin v27.4 - https:\/\/yoast.com\/product\/yoast-seo-wordpress\/ -->\n<title>Unsere Gemeindeveranstaltungen im Oktober 2021 - Evangelisch in Jerusalem<\/title>\n<meta name=\"robots\" content=\"index, follow, max-snippet:-1, max-image-preview:large, max-video-preview:-1\" \/>\n<link rel=\"canonical\" href=\"https:\/\/www.evangelisch-in-jerusalem.org\/en\/2021\/10\/13\/unsere-gemeindeveranstaltungen-im-oktober\/\" \/>\n<meta property=\"og:locale\" content=\"en_GB\" \/>\n<meta property=\"og:type\" content=\"article\" \/>\n<meta property=\"og:title\" content=\"Unsere Gemeindeveranstaltungen im Oktober 2021 - Evangelisch in Jerusalem\" \/>\n<meta property=\"og:description\" content=\"Sa, 02.10.\u00a0\u00a0\u00a0\u00a0\u00a0\u00a0\u00a0 17.00 UhrVorabendgottesdienst zum 18. Sonntag nach Trinitatis in LatrunMit KindergottesdienstPredigt: Vikarin Katinka BillauLatrun, Ramle Di, 05.10.\u00a0\u00a0\u00a0\u00a0\u00a0\u00a0\u00a0 20.00 Uhr \u00a0Das ist die Wahrheit!Bundestrainer, Virologe, General und Kanzlerin: warum wir gern so vieles besser wissen Gemeindeabend mit Propst Joachim LenzIm Refektorium der Erl\u00f6serkirche, Muristan Road, Old City Sa, 09.10.\u00a0\u00a0\u00a0\u00a0\u00a0\u00a0\u00a0 18.00 Uhr (Deutschland 17.00 Uhr)Eine gute &hellip; Continue reading &quot;Unsere Gemeindeveranstaltungen im Oktober 2021&quot;\" \/>\n<meta property=\"og:url\" content=\"https:\/\/www.evangelisch-in-jerusalem.org\/en\/2021\/10\/13\/unsere-gemeindeveranstaltungen-im-oktober\/\" \/>\n<meta property=\"og:site_name\" content=\"Evangelisch in Jerusalem\" \/>\n<meta property=\"article:publisher\" content=\"https:\/\/www.facebook.com\/erloeserkirche.jerusalem\" \/>\n<meta property=\"article:published_time\" content=\"2021-10-13T10:27:53+00:00\" \/>\n<meta property=\"article:modified_time\" content=\"2021-10-14T04:54:53+00:00\" \/>\n<meta property=\"og:image\" content=\"https:\/\/www.evangelisch-in-jerusalem.org\/wp-content\/uploads\/2021\/08\/Gemeindeabend-scaled-e1630565172164.jpg\" \/>\n\t<meta property=\"og:image:width\" content=\"1462\" \/>\n\t<meta property=\"og:image:height\" content=\"628\" \/>\n\t<meta property=\"og:image:type\" content=\"image\/jpeg\" \/>\n<meta name=\"author\" content=\"Sabine Hamdan\" \/>\n<meta name=\"twitter:card\" content=\"summary_large_image\" \/>\n<meta name=\"twitter:label1\" content=\"Written by\" \/>\n\t<meta name=\"twitter:data1\" content=\"Sabine Hamdan\" \/>\n\t<meta name=\"twitter:label2\" content=\"Estimated reading time\" \/>\n\t<meta name=\"twitter:data2\" content=\"2 minutes\" \/>\n<script type=\"application\/ld+json\" class=\"yoast-schema-graph\">{\"@context\":\"https:\\\/\\\/schema.org\",\"@graph\":[{\"@type\":\"Article\",\"@id\":\"https:\\\/\\\/www.evangelisch-in-jerusalem.org\\\/2021\\\/10\\\/13\\\/unsere-gemeindeveranstaltungen-im-oktober\\\/#article\",\"isPartOf\":{\"@id\":\"https:\\\/\\\/www.evangelisch-in-jerusalem.org\\\/2021\\\/10\\\/13\\\/unsere-gemeindeveranstaltungen-im-oktober\\\/\"},\"author\":{\"name\":\"Sabine Hamdan\",\"@id\":\"https:\\\/\\\/www.evangelisch-in-jerusalem.org\\\/#\\\/schema\\\/person\\\/35c111c07a1c8862b23297bd1578b288\"},\"headline\":\"Unsere Gemeindeveranstaltungen im Oktober 2021\",\"datePublished\":\"2021-10-13T10:27:53+00:00\",\"dateModified\":\"2021-10-14T04:54:53+00:00\",\"mainEntityOfPage\":{\"@id\":\"https:\\\/\\\/www.evangelisch-in-jerusalem.org\\\/2021\\\/10\\\/13\\\/unsere-gemeindeveranstaltungen-im-oktober\\\/\"},\"wordCount\":463,\"publisher\":{\"@id\":\"https:\\\/\\\/www.evangelisch-in-jerusalem.org\\\/#organization\"},\"image\":{\"@id\":\"https:\\\/\\\/www.evangelisch-in-jerusalem.org\\\/2021\\\/10\\\/13\\\/unsere-gemeindeveranstaltungen-im-oktober\\\/#primaryimage\"},\"thumbnailUrl\":\"https:\\\/\\\/www.evangelisch-in-jerusalem.org\\\/wp-content\\\/uploads\\\/2021\\\/08\\\/Gemeindeabend-scaled-e1630565172164.jpg\",\"articleSection\":[\"Allgemein\"],\"inLanguage\":\"en-GB\"},{\"@type\":\"WebPage\",\"@id\":\"https:\\\/\\\/www.evangelisch-in-jerusalem.org\\\/2021\\\/10\\\/13\\\/unsere-gemeindeveranstaltungen-im-oktober\\\/\",\"url\":\"https:\\\/\\\/www.evangelisch-in-jerusalem.org\\\/2021\\\/10\\\/13\\\/unsere-gemeindeveranstaltungen-im-oktober\\\/\",\"name\":\"Unsere Gemeindeveranstaltungen im Oktober 2021 - Evangelisch in Jerusalem\",\"isPartOf\":{\"@id\":\"https:\\\/\\\/www.evangelisch-in-jerusalem.org\\\/#website\"},\"primaryImageOfPage\":{\"@id\":\"https:\\\/\\\/www.evangelisch-in-jerusalem.org\\\/2021\\\/10\\\/13\\\/unsere-gemeindeveranstaltungen-im-oktober\\\/#primaryimage\"},\"image\":{\"@id\":\"https:\\\/\\\/www.evangelisch-in-jerusalem.org\\\/2021\\\/10\\\/13\\\/unsere-gemeindeveranstaltungen-im-oktober\\\/#primaryimage\"},\"thumbnailUrl\":\"https:\\\/\\\/www.evangelisch-in-jerusalem.org\\\/wp-content\\\/uploads\\\/2021\\\/08\\\/Gemeindeabend-scaled-e1630565172164.jpg\",\"datePublished\":\"2021-10-13T10:27:53+00:00\",\"dateModified\":\"2021-10-14T04:54:53+00:00\",\"breadcrumb\":{\"@id\":\"https:\\\/\\\/www.evangelisch-in-jerusalem.org\\\/2021\\\/10\\\/13\\\/unsere-gemeindeveranstaltungen-im-oktober\\\/#breadcrumb\"},\"inLanguage\":\"en-GB\",\"potentialAction\":[{\"@type\":\"ReadAction\",\"target\":[\"https:\\\/\\\/www.evangelisch-in-jerusalem.org\\\/2021\\\/10\\\/13\\\/unsere-gemeindeveranstaltungen-im-oktober\\\/\"]}]},{\"@type\":\"ImageObject\",\"inLanguage\":\"en-GB\",\"@id\":\"https:\\\/\\\/www.evangelisch-in-jerusalem.org\\\/2021\\\/10\\\/13\\\/unsere-gemeindeveranstaltungen-im-oktober\\\/#primaryimage\",\"url\":\"https:\\\/\\\/www.evangelisch-in-jerusalem.org\\\/wp-content\\\/uploads\\\/2021\\\/08\\\/Gemeindeabend-scaled-e1630565172164.jpg\",\"contentUrl\":\"https:\\\/\\\/www.evangelisch-in-jerusalem.org\\\/wp-content\\\/uploads\\\/2021\\\/08\\\/Gemeindeabend-scaled-e1630565172164.jpg\",\"width\":1462,\"height\":628},{\"@type\":\"BreadcrumbList\",\"@id\":\"https:\\\/\\\/www.evangelisch-in-jerusalem.org\\\/2021\\\/10\\\/13\\\/unsere-gemeindeveranstaltungen-im-oktober\\\/#breadcrumb\",\"itemListElement\":[{\"@type\":\"ListItem\",\"position\":1,\"name\":\"Startseite\",\"item\":\"https:\\\/\\\/www.evangelisch-in-jerusalem.org\\\/\"},{\"@type\":\"ListItem\",\"position\":2,\"name\":\"Unsere Gemeindeveranstaltungen im Oktober 2021\"}]},{\"@type\":\"WebSite\",\"@id\":\"https:\\\/\\\/www.evangelisch-in-jerusalem.org\\\/#website\",\"url\":\"https:\\\/\\\/www.evangelisch-in-jerusalem.org\\\/\",\"name\":\"Evangelisch in Jerusalem\",\"description\":\"Stiftungen der EKD im Heiligen Land\",\"publisher\":{\"@id\":\"https:\\\/\\\/www.evangelisch-in-jerusalem.org\\\/#organization\"},\"potentialAction\":[{\"@type\":\"SearchAction\",\"target\":{\"@type\":\"EntryPoint\",\"urlTemplate\":\"https:\\\/\\\/www.evangelisch-in-jerusalem.org\\\/?s={search_term_string}\"},\"query-input\":{\"@type\":\"PropertyValueSpecification\",\"valueRequired\":true,\"valueName\":\"search_term_string\"}}],\"inLanguage\":\"en-GB\"},{\"@type\":\"Organization\",\"@id\":\"https:\\\/\\\/www.evangelisch-in-jerusalem.org\\\/#organization\",\"name\":\"German Protestant Institutions in the Holy Land\",\"url\":\"https:\\\/\\\/www.evangelisch-in-jerusalem.org\\\/\",\"logo\":{\"@type\":\"ImageObject\",\"inLanguage\":\"en-GB\",\"@id\":\"https:\\\/\\\/www.evangelisch-in-jerusalem.org\\\/#\\\/schema\\\/logo\\\/image\\\/\",\"url\":\"https:\\\/\\\/www.evangelisch-in-jerusalem.org\\\/wp-content\\\/uploads\\\/2019\\\/03\\\/EIJ_Logo_500-px.png\",\"contentUrl\":\"https:\\\/\\\/www.evangelisch-in-jerusalem.org\\\/wp-content\\\/uploads\\\/2019\\\/03\\\/EIJ_Logo_500-px.png\",\"width\":500,\"height\":82,\"caption\":\"German Protestant Institutions in the Holy Land\"},\"image\":{\"@id\":\"https:\\\/\\\/www.evangelisch-in-jerusalem.org\\\/#\\\/schema\\\/logo\\\/image\\\/\"},\"sameAs\":[\"https:\\\/\\\/www.facebook.com\\\/erloeserkirche.jerusalem\"]},{\"@type\":\"Person\",\"@id\":\"https:\\\/\\\/www.evangelisch-in-jerusalem.org\\\/#\\\/schema\\\/person\\\/35c111c07a1c8862b23297bd1578b288\",\"name\":\"Sabine Hamdan\",\"sameAs\":[\"http:\\\/\\\/www.evangelisch-in-jerusalem.org\"],\"url\":\"https:\\\/\\\/www.evangelisch-in-jerusalem.org\\\/en\\\/author\\\/sabine\\\/\"}]}<\/script>\n<!-- \/ Yoast SEO plugin. -->","yoast_head_json":{"title":"Unsere Gemeindeveranstaltungen im Oktober 2021 - Evangelisch in Jerusalem","robots":{"index":"index","follow":"follow","max-snippet":"max-snippet:-1","max-image-preview":"max-image-preview:large","max-video-preview":"max-video-preview:-1"},"canonical":"https:\/\/www.evangelisch-in-jerusalem.org\/en\/2021\/10\/13\/unsere-gemeindeveranstaltungen-im-oktober\/","og_locale":"en_GB","og_type":"article","og_title":"Unsere Gemeindeveranstaltungen im Oktober 2021 - Evangelisch in Jerusalem","og_description":"Sa, 02.10.\u00a0\u00a0\u00a0\u00a0\u00a0\u00a0\u00a0 17.00 UhrVorabendgottesdienst zum 18. Sonntag nach Trinitatis in LatrunMit KindergottesdienstPredigt: Vikarin Katinka BillauLatrun, Ramle Di, 05.10.\u00a0\u00a0\u00a0\u00a0\u00a0\u00a0\u00a0 20.00 Uhr \u00a0Das ist die Wahrheit!Bundestrainer, Virologe, General und Kanzlerin: warum wir gern so vieles besser wissen Gemeindeabend mit Propst Joachim LenzIm Refektorium der Erl\u00f6serkirche, Muristan Road, Old City Sa, 09.10.\u00a0\u00a0\u00a0\u00a0\u00a0\u00a0\u00a0 18.00 Uhr (Deutschland 17.00 Uhr)Eine gute &hellip; Continue reading \"Unsere Gemeindeveranstaltungen im Oktober 2021\"","og_url":"https:\/\/www.evangelisch-in-jerusalem.org\/en\/2021\/10\/13\/unsere-gemeindeveranstaltungen-im-oktober\/","og_site_name":"Evangelisch in Jerusalem","article_publisher":"https:\/\/www.facebook.com\/erloeserkirche.jerusalem","article_published_time":"2021-10-13T10:27:53+00:00","article_modified_time":"2021-10-14T04:54:53+00:00","og_image":[{"width":1462,"height":628,"url":"https:\/\/www.evangelisch-in-jerusalem.org\/wp-content\/uploads\/2021\/08\/Gemeindeabend-scaled-e1630565172164.jpg","type":"image\/jpeg"}],"author":"Sabine Hamdan","twitter_card":"summary_large_image","twitter_misc":{"Written by":"Sabine Hamdan","Estimated reading time":"2 minutes"},"schema":{"@context":"https:\/\/schema.org","@graph":[{"@type":"Article","@id":"https:\/\/www.evangelisch-in-jerusalem.org\/2021\/10\/13\/unsere-gemeindeveranstaltungen-im-oktober\/#article","isPartOf":{"@id":"https:\/\/www.evangelisch-in-jerusalem.org\/2021\/10\/13\/unsere-gemeindeveranstaltungen-im-oktober\/"},"author":{"name":"Sabine Hamdan","@id":"https:\/\/www.evangelisch-in-jerusalem.org\/#\/schema\/person\/35c111c07a1c8862b23297bd1578b288"},"headline":"Unsere Gemeindeveranstaltungen im Oktober 2021","datePublished":"2021-10-13T10:27:53+00:00","dateModified":"2021-10-14T04:54:53+00:00","mainEntityOfPage":{"@id":"https:\/\/www.evangelisch-in-jerusalem.org\/2021\/10\/13\/unsere-gemeindeveranstaltungen-im-oktober\/"},"wordCount":463,"publisher":{"@id":"https:\/\/www.evangelisch-in-jerusalem.org\/#organization"},"image":{"@id":"https:\/\/www.evangelisch-in-jerusalem.org\/2021\/10\/13\/unsere-gemeindeveranstaltungen-im-oktober\/#primaryimage"},"thumbnailUrl":"https:\/\/www.evangelisch-in-jerusalem.org\/wp-content\/uploads\/2021\/08\/Gemeindeabend-scaled-e1630565172164.jpg","articleSection":["Allgemein"],"inLanguage":"en-GB"},{"@type":"WebPage","@id":"https:\/\/www.evangelisch-in-jerusalem.org\/2021\/10\/13\/unsere-gemeindeveranstaltungen-im-oktober\/","url":"https:\/\/www.evangelisch-in-jerusalem.org\/2021\/10\/13\/unsere-gemeindeveranstaltungen-im-oktober\/","name":"Unsere Gemeindeveranstaltungen im Oktober 2021 - Evangelisch in Jerusalem","isPartOf":{"@id":"https:\/\/www.evangelisch-in-jerusalem.org\/#website"},"primaryImageOfPage":{"@id":"https:\/\/www.evangelisch-in-jerusalem.org\/2021\/10\/13\/unsere-gemeindeveranstaltungen-im-oktober\/#primaryimage"},"image":{"@id":"https:\/\/www.evangelisch-in-jerusalem.org\/2021\/10\/13\/unsere-gemeindeveranstaltungen-im-oktober\/#primaryimage"},"thumbnailUrl":"https:\/\/www.evangelisch-in-jerusalem.org\/wp-content\/uploads\/2021\/08\/Gemeindeabend-scaled-e1630565172164.jpg","datePublished":"2021-10-13T10:27:53+00:00","dateModified":"2021-10-14T04:54:53+00:00","breadcrumb":{"@id":"https:\/\/www.evangelisch-in-jerusalem.org\/2021\/10\/13\/unsere-gemeindeveranstaltungen-im-oktober\/#breadcrumb"},"inLanguage":"en-GB","potentialAction":[{"@type":"ReadAction","target":["https:\/\/www.evangelisch-in-jerusalem.org\/2021\/10\/13\/unsere-gemeindeveranstaltungen-im-oktober\/"]}]},{"@type":"ImageObject","inLanguage":"en-GB","@id":"https:\/\/www.evangelisch-in-jerusalem.org\/2021\/10\/13\/unsere-gemeindeveranstaltungen-im-oktober\/#primaryimage","url":"https:\/\/www.evangelisch-in-jerusalem.org\/wp-content\/uploads\/2021\/08\/Gemeindeabend-scaled-e1630565172164.jpg","contentUrl":"https:\/\/www.evangelisch-in-jerusalem.org\/wp-content\/uploads\/2021\/08\/Gemeindeabend-scaled-e1630565172164.jpg","width":1462,"height":628},{"@type":"BreadcrumbList","@id":"https:\/\/www.evangelisch-in-jerusalem.org\/2021\/10\/13\/unsere-gemeindeveranstaltungen-im-oktober\/#breadcrumb","itemListElement":[{"@type":"ListItem","position":1,"name":"Startseite","item":"https:\/\/www.evangelisch-in-jerusalem.org\/"},{"@type":"ListItem","position":2,"name":"Unsere Gemeindeveranstaltungen im Oktober 2021"}]},{"@type":"WebSite","@id":"https:\/\/www.evangelisch-in-jerusalem.org\/#website","url":"https:\/\/www.evangelisch-in-jerusalem.org\/","name":"Evangelisch in Jerusalem","description":"German Protestant Institutions in the Holy Land","publisher":{"@id":"https:\/\/www.evangelisch-in-jerusalem.org\/#organization"},"potentialAction":[{"@type":"SearchAction","target":{"@type":"EntryPoint","urlTemplate":"https:\/\/www.evangelisch-in-jerusalem.org\/?s={search_term_string}"},"query-input":{"@type":"PropertyValueSpecification","valueRequired":true,"valueName":"search_term_string"}}],"inLanguage":"en-GB"},{"@type":"Organization","@id":"https:\/\/www.evangelisch-in-jerusalem.org\/#organization","name":"German Protestant Institutions in the Holy Land","url":"https:\/\/www.evangelisch-in-jerusalem.org\/","logo":{"@type":"ImageObject","inLanguage":"en-GB","@id":"https:\/\/www.evangelisch-in-jerusalem.org\/#\/schema\/logo\/image\/","url":"https:\/\/www.evangelisch-in-jerusalem.org\/wp-content\/uploads\/2019\/03\/EIJ_Logo_500-px.png","contentUrl":"https:\/\/www.evangelisch-in-jerusalem.org\/wp-content\/uploads\/2019\/03\/EIJ_Logo_500-px.png","width":500,"height":82,"caption":"German Protestant Institutions in the Holy Land"},"image":{"@id":"https:\/\/www.evangelisch-in-jerusalem.org\/#\/schema\/logo\/image\/"},"sameAs":["https:\/\/www.facebook.com\/erloeserkirche.jerusalem"]},{"@type":"Person","@id":"https:\/\/www.evangelisch-in-jerusalem.org\/#\/schema\/person\/35c111c07a1c8862b23297bd1578b288","name":"Sabine Hamdan","sameAs":["http:\/\/www.evangelisch-in-jerusalem.org"],"url":"https:\/\/www.evangelisch-in-jerusalem.org\/en\/author\/sabine\/"}]}},"_links":{"self":[{"href":"https:\/\/www.evangelisch-in-jerusalem.org\/en\/wp-json\/wp\/v2\/posts\/7277","targetHints":{"allow":["GET"]}}],"collection":[{"href":"https:\/\/www.evangelisch-in-jerusalem.org\/en\/wp-json\/wp\/v2\/posts"}],"about":[{"href":"https:\/\/www.evangelisch-in-jerusalem.org\/en\/wp-json\/wp\/v2\/types\/post"}],"author":[{"embeddable":true,"href":"https:\/\/www.evangelisch-in-jerusalem.org\/en\/wp-json\/wp\/v2\/users\/7"}],"replies":[{"embeddable":true,"href":"https:\/\/www.evangelisch-in-jerusalem.org\/en\/wp-json\/wp\/v2\/comments?post=7277"}],"version-history":[{"count":2,"href":"https:\/\/www.evangelisch-in-jerusalem.org\/en\/wp-json\/wp\/v2\/posts\/7277\/revisions"}],"predecessor-version":[{"id":7316,"href":"https:\/\/www.evangelisch-in-jerusalem.org\/en\/wp-json\/wp\/v2\/posts\/7277\/revisions\/7316"}],"wp:featuredmedia":[{"embeddable":true,"href":"https:\/\/www.evangelisch-in-jerusalem.org\/en\/wp-json\/wp\/v2\/media\/6958"}],"wp:attachment":[{"href":"https:\/\/www.evangelisch-in-jerusalem.org\/en\/wp-json\/wp\/v2\/media?parent=7277"}],"wp:term":[{"taxonomy":"category","embeddable":true,"href":"https:\/\/www.evangelisch-in-jerusalem.org\/en\/wp-json\/wp\/v2\/categories?post=7277"},{"taxonomy":"post_tag","embeddable":true,"href":"https:\/\/www.evangelisch-in-jerusalem.org\/en\/wp-json\/wp\/v2\/tags?post=7277"}],"curies":[{"name":"wp","href":"https:\/\/api.w.org\/{rel}","templated":true}]}}