{"id":6016,"date":"2021-04-11T20:06:36","date_gmt":"2021-04-11T18:06:36","guid":{"rendered":"https:\/\/www.evangelisch-in-jerusalem.org\/?p=6016"},"modified":"2021-04-15T09:10:00","modified_gmt":"2021-04-15T07:10:00","slug":"oekumenische-wanderung-nach","status":"publish","type":"post","link":"https:\/\/www.evangelisch-in-jerusalem.org\/en\/2021\/04\/11\/oekumenische-wanderung-nach\/","title":{"rendered":"17.4.: \u00d6kumenische Wanderung nach Emmaus"},"content":{"rendered":"<div data-elementor-type=\"wp-post\" data-elementor-id=\"6016\" class=\"elementor elementor-6016\" data-elementor-post-type=\"post\">\n\t\t\t\t\t\t<section class=\"elementor-section elementor-top-section elementor-element elementor-element-97562c9 elementor-section-boxed elementor-section-height-default elementor-section-height-default\" data-id=\"97562c9\" data-element_type=\"section\" data-e-type=\"section\">\n\t\t\t\t\t\t<div class=\"elementor-container elementor-column-gap-default\">\n\t\t\t\t\t<div class=\"elementor-column elementor-col-100 elementor-top-column elementor-element elementor-element-aae168b\" data-id=\"aae168b\" data-element_type=\"column\" data-e-type=\"column\">\n\t\t\t<div class=\"elementor-widget-wrap elementor-element-populated\">\n\t\t\t\t\t\t<div class=\"elementor-element elementor-element-c1c1245 elementor-widget elementor-widget-text-editor\" data-id=\"c1c1245\" data-element_type=\"widget\" data-e-type=\"widget\" data-widget_type=\"text-editor.default\">\n\t\t\t\t<div class=\"elementor-widget-container\">\n\t\t\t\t\t\t\t\t\t<div>\u00d6kumenischen Gemeindewanderung<\/div><h4><span style=\"-webkit-text-size-adjust: 100%;\">Samstag, 17.April von 7:45-17:00 Uhr<\/span><\/h4><div>Der Bus bringt uns nach Abu Gosh. Die Wanderung f\u00fchrt uns von dort nach Emmaus Nicopolis, wo wir eine F\u00fchrung mit Bruder <em>Anton<\/em> haben werden und zum Abschluss \u00f6kumenischen<\/div><div>Gottesdienst feiern.<\/div><div>Mit dem Bus geht es zur\u00fcck nach Jerusalem.<\/div><div>Die Wanderstrecke umfasst 12 km (4 Stunden) und hat an einer Stelle einen<\/div><div>steilen Aufstieg. Alle Mitwandernden sollten also gut zu Fu\u00df sein!<\/div><div>\u00a0<\/div><div><strong>Abfahrt:<\/strong><\/div><ul><li><strong>7:45 Uhr: Auguste Victoria; <\/strong><\/li><li><strong>8 Uhr: Karta Parking, N\u00e4he Jaffa-Tor<br \/><\/strong><\/li><\/ul><div>Mitzubringen sind gutes Schuhwerk, Sonnenschutz (Hut, Sonnenbrille, Sonnencreme), Trinkwasser, Fr\u00fchst\u00fcck und Mittagessen und Vorfreude auf einen Tag in wundersch\u00f6ner Landschaft!<\/div><div>\u00a0<\/div><div>Der Kostenbeitrag f\u00fcr den Bustransfer nach Abu Gosh und von Emmaus-Nicopolis zur\u00fcck nach Jerusalem wird je nach der Zahl der Teilnehmenden zwischen 75 und 100 NIS betragen.<\/div><div>\u00a0<\/div><div>Anmeldung bitte unter: <a href=\"mailto:propstei@redeemer-jerusalem.com\">propstei@redeemer-jerusalem.com<\/a><\/div><div><hr \/><\/div><div>Vorbereitungsteam:<\/div><div>Karin Dengler, Br. Friedrich, Propst Joachim Lenz,\u00a0 Pfr.in Gabriele Zander<\/div>\t\t\t\t\t\t\t\t<\/div>\n\t\t\t\t<\/div>\n\t\t\t\t\t<\/div>\n\t\t<\/div>\n\t\t\t\t\t<\/div>\n\t\t<\/section>\n\t\t\t\t<section class=\"elementor-section elementor-top-section elementor-element elementor-element-2976fa3 elementor-section-boxed elementor-section-height-default elementor-section-height-default\" data-id=\"2976fa3\" data-element_type=\"section\" data-e-type=\"section\">\n\t\t\t\t\t\t<div class=\"elementor-container elementor-column-gap-default\">\n\t\t\t\t\t<div class=\"elementor-column elementor-col-100 elementor-top-column elementor-element elementor-element-61ed054\" data-id=\"61ed054\" data-element_type=\"column\" data-e-type=\"column\">\n\t\t\t<div class=\"elementor-widget-wrap elementor-element-populated\">\n\t\t\t\t\t\t<div class=\"elementor-element elementor-element-fbce3b6 elementor-view-default elementor-widget elementor-widget-icon\" data-id=\"fbce3b6\" data-element_type=\"widget\" data-e-type=\"widget\" data-widget_type=\"icon.default\">\n\t\t\t\t<div class=\"elementor-widget-container\">\n\t\t\t\t\t\t\t<div class=\"elementor-icon-wrapper\">\n\t\t\t<div class=\"elementor-icon\">\n\t\t\t<i aria-hidden=\"true\" class=\"fas fa-walking\"><\/i>\t\t\t<\/div>\n\t\t<\/div>\n\t\t\t\t\t\t<\/div>\n\t\t\t\t<\/div>\n\t\t\t\t\t<\/div>\n\t\t<\/div>\n\t\t\t\t\t<\/div>\n\t\t<\/section>\n\t\t\t\t<\/div>","protected":false},"excerpt":{"rendered":"<p>Zu Fu\u00df von Abo Gosch nach Emmaus:  am Samstag, 17. April, sind wir \u00f6kumenisch unterwegs.<br \/>\nMit dem Bus geht es um 8 Uhr morgens in Jerusalem los&#8230;<\/p>","protected":false},"author":6,"featured_media":6014,"comment_status":"closed","ping_status":"open","sticky":false,"template":"","format":"standard","meta":{"footnotes":""},"categories":[1,173,174],"tags":[],"class_list":["post-6016","post","type-post","status-publish","format-standard","has-post-thumbnail","hentry","category-allgemein","category-gemeinde","category-veranstaltung","entry"],"yoast_head":"<!-- This site is optimized with the Yoast SEO plugin v27.4 - https:\/\/yoast.com\/product\/yoast-seo-wordpress\/ -->\n<title>17.4.: \u00d6kumenische Wanderung nach Emmaus - Evangelisch in Jerusalem<\/title>\n<meta name=\"robots\" content=\"index, follow, max-snippet:-1, max-image-preview:large, max-video-preview:-1\" \/>\n<link rel=\"canonical\" href=\"https:\/\/www.evangelisch-in-jerusalem.org\/en\/2021\/04\/11\/oekumenische-wanderung-nach\/\" \/>\n<meta property=\"og:locale\" content=\"en_GB\" \/>\n<meta property=\"og:type\" content=\"article\" \/>\n<meta property=\"og:title\" content=\"17.4.: \u00d6kumenische Wanderung nach Emmaus - Evangelisch in Jerusalem\" \/>\n<meta property=\"og:description\" content=\"Zu Fu\u00df von Abo Gosch nach Emmaus: am Samstag, 17. April, sind wir \u00f6kumenisch unterwegs. Mit dem Bus geht es um 8 Uhr morgens in Jerusalem los...\" \/>\n<meta property=\"og:url\" content=\"https:\/\/www.evangelisch-in-jerusalem.org\/en\/2021\/04\/11\/oekumenische-wanderung-nach\/\" \/>\n<meta property=\"og:site_name\" content=\"Evangelisch in Jerusalem\" \/>\n<meta property=\"article:publisher\" content=\"https:\/\/www.facebook.com\/erloeserkirche.jerusalem\" \/>\n<meta property=\"article:published_time\" content=\"2021-04-11T18:06:36+00:00\" \/>\n<meta property=\"article:modified_time\" content=\"2021-04-15T07:10:00+00:00\" \/>\n<meta property=\"og:image\" content=\"https:\/\/www.evangelisch-in-jerusalem.org\/wp-content\/uploads\/2021\/04\/Emmaus_Nicopolis_basilica.jpg\" \/>\n\t<meta property=\"og:image:width\" content=\"480\" \/>\n\t<meta property=\"og:image:height\" content=\"480\" \/>\n\t<meta property=\"og:image:type\" content=\"image\/jpeg\" \/>\n<meta name=\"author\" content=\"Joachim Lenz\" \/>\n<meta name=\"twitter:card\" content=\"summary_large_image\" \/>\n<meta name=\"twitter:label1\" content=\"Written by\" \/>\n\t<meta name=\"twitter:data1\" content=\"Joachim Lenz\" \/>\n\t<meta name=\"twitter:label2\" content=\"Estimated reading time\" \/>\n\t<meta name=\"twitter:data2\" content=\"1 minute\" \/>\n<script type=\"application\/ld+json\" class=\"yoast-schema-graph\">{\"@context\":\"https:\\\/\\\/schema.org\",\"@graph\":[{\"@type\":\"Article\",\"@id\":\"https:\\\/\\\/www.evangelisch-in-jerusalem.org\\\/2021\\\/04\\\/11\\\/oekumenische-wanderung-nach\\\/#article\",\"isPartOf\":{\"@id\":\"https:\\\/\\\/www.evangelisch-in-jerusalem.org\\\/2021\\\/04\\\/11\\\/oekumenische-wanderung-nach\\\/\"},\"author\":{\"name\":\"Joachim Lenz\",\"@id\":\"https:\\\/\\\/www.evangelisch-in-jerusalem.org\\\/#\\\/schema\\\/person\\\/ea8e86c01aff849bd324c28bc5574607\"},\"headline\":\"17.4.: \u00d6kumenische Wanderung nach Emmaus\",\"datePublished\":\"2021-04-11T18:06:36+00:00\",\"dateModified\":\"2021-04-15T07:10:00+00:00\",\"mainEntityOfPage\":{\"@id\":\"https:\\\/\\\/www.evangelisch-in-jerusalem.org\\\/2021\\\/04\\\/11\\\/oekumenische-wanderung-nach\\\/\"},\"wordCount\":154,\"publisher\":{\"@id\":\"https:\\\/\\\/www.evangelisch-in-jerusalem.org\\\/#organization\"},\"image\":{\"@id\":\"https:\\\/\\\/www.evangelisch-in-jerusalem.org\\\/2021\\\/04\\\/11\\\/oekumenische-wanderung-nach\\\/#primaryimage\"},\"thumbnailUrl\":\"https:\\\/\\\/www.evangelisch-in-jerusalem.org\\\/wp-content\\\/uploads\\\/2021\\\/04\\\/Emmaus_Nicopolis_basilica.jpg\",\"articleSection\":[\"Allgemein\",\"Gemeinde\",\"Veranstaltung\"],\"inLanguage\":\"en-GB\"},{\"@type\":\"WebPage\",\"@id\":\"https:\\\/\\\/www.evangelisch-in-jerusalem.org\\\/2021\\\/04\\\/11\\\/oekumenische-wanderung-nach\\\/\",\"url\":\"https:\\\/\\\/www.evangelisch-in-jerusalem.org\\\/2021\\\/04\\\/11\\\/oekumenische-wanderung-nach\\\/\",\"name\":\"17.4.: \u00d6kumenische Wanderung nach Emmaus - Evangelisch in Jerusalem\",\"isPartOf\":{\"@id\":\"https:\\\/\\\/www.evangelisch-in-jerusalem.org\\\/#website\"},\"primaryImageOfPage\":{\"@id\":\"https:\\\/\\\/www.evangelisch-in-jerusalem.org\\\/2021\\\/04\\\/11\\\/oekumenische-wanderung-nach\\\/#primaryimage\"},\"image\":{\"@id\":\"https:\\\/\\\/www.evangelisch-in-jerusalem.org\\\/2021\\\/04\\\/11\\\/oekumenische-wanderung-nach\\\/#primaryimage\"},\"thumbnailUrl\":\"https:\\\/\\\/www.evangelisch-in-jerusalem.org\\\/wp-content\\\/uploads\\\/2021\\\/04\\\/Emmaus_Nicopolis_basilica.jpg\",\"datePublished\":\"2021-04-11T18:06:36+00:00\",\"dateModified\":\"2021-04-15T07:10:00+00:00\",\"breadcrumb\":{\"@id\":\"https:\\\/\\\/www.evangelisch-in-jerusalem.org\\\/2021\\\/04\\\/11\\\/oekumenische-wanderung-nach\\\/#breadcrumb\"},\"inLanguage\":\"en-GB\",\"potentialAction\":[{\"@type\":\"ReadAction\",\"target\":[\"https:\\\/\\\/www.evangelisch-in-jerusalem.org\\\/2021\\\/04\\\/11\\\/oekumenische-wanderung-nach\\\/\"]}]},{\"@type\":\"ImageObject\",\"inLanguage\":\"en-GB\",\"@id\":\"https:\\\/\\\/www.evangelisch-in-jerusalem.org\\\/2021\\\/04\\\/11\\\/oekumenische-wanderung-nach\\\/#primaryimage\",\"url\":\"https:\\\/\\\/www.evangelisch-in-jerusalem.org\\\/wp-content\\\/uploads\\\/2021\\\/04\\\/Emmaus_Nicopolis_basilica.jpg\",\"contentUrl\":\"https:\\\/\\\/www.evangelisch-in-jerusalem.org\\\/wp-content\\\/uploads\\\/2021\\\/04\\\/Emmaus_Nicopolis_basilica.jpg\",\"width\":480,\"height\":480,\"caption\":\"Foto: Wikipedia\"},{\"@type\":\"BreadcrumbList\",\"@id\":\"https:\\\/\\\/www.evangelisch-in-jerusalem.org\\\/2021\\\/04\\\/11\\\/oekumenische-wanderung-nach\\\/#breadcrumb\",\"itemListElement\":[{\"@type\":\"ListItem\",\"position\":1,\"name\":\"Startseite\",\"item\":\"https:\\\/\\\/www.evangelisch-in-jerusalem.org\\\/\"},{\"@type\":\"ListItem\",\"position\":2,\"name\":\"17.4.: \u00d6kumenische Wanderung nach Emmaus\"}]},{\"@type\":\"WebSite\",\"@id\":\"https:\\\/\\\/www.evangelisch-in-jerusalem.org\\\/#website\",\"url\":\"https:\\\/\\\/www.evangelisch-in-jerusalem.org\\\/\",\"name\":\"Evangelisch in Jerusalem\",\"description\":\"Stiftungen der EKD im Heiligen Land\",\"publisher\":{\"@id\":\"https:\\\/\\\/www.evangelisch-in-jerusalem.org\\\/#organization\"},\"potentialAction\":[{\"@type\":\"SearchAction\",\"target\":{\"@type\":\"EntryPoint\",\"urlTemplate\":\"https:\\\/\\\/www.evangelisch-in-jerusalem.org\\\/?s={search_term_string}\"},\"query-input\":{\"@type\":\"PropertyValueSpecification\",\"valueRequired\":true,\"valueName\":\"search_term_string\"}}],\"inLanguage\":\"en-GB\"},{\"@type\":\"Organization\",\"@id\":\"https:\\\/\\\/www.evangelisch-in-jerusalem.org\\\/#organization\",\"name\":\"German Protestant Institutions in the Holy Land\",\"url\":\"https:\\\/\\\/www.evangelisch-in-jerusalem.org\\\/\",\"logo\":{\"@type\":\"ImageObject\",\"inLanguage\":\"en-GB\",\"@id\":\"https:\\\/\\\/www.evangelisch-in-jerusalem.org\\\/#\\\/schema\\\/logo\\\/image\\\/\",\"url\":\"https:\\\/\\\/www.evangelisch-in-jerusalem.org\\\/wp-content\\\/uploads\\\/2019\\\/03\\\/EIJ_Logo_500-px.png\",\"contentUrl\":\"https:\\\/\\\/www.evangelisch-in-jerusalem.org\\\/wp-content\\\/uploads\\\/2019\\\/03\\\/EIJ_Logo_500-px.png\",\"width\":500,\"height\":82,\"caption\":\"German Protestant Institutions in the Holy Land\"},\"image\":{\"@id\":\"https:\\\/\\\/www.evangelisch-in-jerusalem.org\\\/#\\\/schema\\\/logo\\\/image\\\/\"},\"sameAs\":[\"https:\\\/\\\/www.facebook.com\\\/erloeserkirche.jerusalem\"]},{\"@type\":\"Person\",\"@id\":\"https:\\\/\\\/www.evangelisch-in-jerusalem.org\\\/#\\\/schema\\\/person\\\/ea8e86c01aff849bd324c28bc5574607\",\"name\":\"Joachim Lenz\",\"sameAs\":[\"http:\\\/\\\/evangelisch-in-jerusalem.org\"],\"url\":\"https:\\\/\\\/www.evangelisch-in-jerusalem.org\\\/en\\\/author\\\/propst-jl\\\/\"}]}<\/script>\n<!-- \/ Yoast SEO plugin. -->","yoast_head_json":{"title":"17.4.: \u00d6kumenische Wanderung nach Emmaus - Evangelisch in Jerusalem","robots":{"index":"index","follow":"follow","max-snippet":"max-snippet:-1","max-image-preview":"max-image-preview:large","max-video-preview":"max-video-preview:-1"},"canonical":"https:\/\/www.evangelisch-in-jerusalem.org\/en\/2021\/04\/11\/oekumenische-wanderung-nach\/","og_locale":"en_GB","og_type":"article","og_title":"17.4.: \u00d6kumenische Wanderung nach Emmaus - Evangelisch in Jerusalem","og_description":"Zu Fu\u00df von Abo Gosch nach Emmaus: am Samstag, 17. April, sind wir \u00f6kumenisch unterwegs. Mit dem Bus geht es um 8 Uhr morgens in Jerusalem los...","og_url":"https:\/\/www.evangelisch-in-jerusalem.org\/en\/2021\/04\/11\/oekumenische-wanderung-nach\/","og_site_name":"Evangelisch in Jerusalem","article_publisher":"https:\/\/www.facebook.com\/erloeserkirche.jerusalem","article_published_time":"2021-04-11T18:06:36+00:00","article_modified_time":"2021-04-15T07:10:00+00:00","og_image":[{"width":480,"height":480,"url":"https:\/\/www.evangelisch-in-jerusalem.org\/wp-content\/uploads\/2021\/04\/Emmaus_Nicopolis_basilica.jpg","type":"image\/jpeg"}],"author":"Joachim Lenz","twitter_card":"summary_large_image","twitter_misc":{"Written by":"Joachim Lenz","Estimated reading time":"1 minute"},"schema":{"@context":"https:\/\/schema.org","@graph":[{"@type":"Article","@id":"https:\/\/www.evangelisch-in-jerusalem.org\/2021\/04\/11\/oekumenische-wanderung-nach\/#article","isPartOf":{"@id":"https:\/\/www.evangelisch-in-jerusalem.org\/2021\/04\/11\/oekumenische-wanderung-nach\/"},"author":{"name":"Joachim Lenz","@id":"https:\/\/www.evangelisch-in-jerusalem.org\/#\/schema\/person\/ea8e86c01aff849bd324c28bc5574607"},"headline":"17.4.: \u00d6kumenische Wanderung nach Emmaus","datePublished":"2021-04-11T18:06:36+00:00","dateModified":"2021-04-15T07:10:00+00:00","mainEntityOfPage":{"@id":"https:\/\/www.evangelisch-in-jerusalem.org\/2021\/04\/11\/oekumenische-wanderung-nach\/"},"wordCount":154,"publisher":{"@id":"https:\/\/www.evangelisch-in-jerusalem.org\/#organization"},"image":{"@id":"https:\/\/www.evangelisch-in-jerusalem.org\/2021\/04\/11\/oekumenische-wanderung-nach\/#primaryimage"},"thumbnailUrl":"https:\/\/www.evangelisch-in-jerusalem.org\/wp-content\/uploads\/2021\/04\/Emmaus_Nicopolis_basilica.jpg","articleSection":["Allgemein","Gemeinde","Veranstaltung"],"inLanguage":"en-GB"},{"@type":"WebPage","@id":"https:\/\/www.evangelisch-in-jerusalem.org\/2021\/04\/11\/oekumenische-wanderung-nach\/","url":"https:\/\/www.evangelisch-in-jerusalem.org\/2021\/04\/11\/oekumenische-wanderung-nach\/","name":"17.4.: \u00d6kumenische Wanderung nach Emmaus - Evangelisch in Jerusalem","isPartOf":{"@id":"https:\/\/www.evangelisch-in-jerusalem.org\/#website"},"primaryImageOfPage":{"@id":"https:\/\/www.evangelisch-in-jerusalem.org\/2021\/04\/11\/oekumenische-wanderung-nach\/#primaryimage"},"image":{"@id":"https:\/\/www.evangelisch-in-jerusalem.org\/2021\/04\/11\/oekumenische-wanderung-nach\/#primaryimage"},"thumbnailUrl":"https:\/\/www.evangelisch-in-jerusalem.org\/wp-content\/uploads\/2021\/04\/Emmaus_Nicopolis_basilica.jpg","datePublished":"2021-04-11T18:06:36+00:00","dateModified":"2021-04-15T07:10:00+00:00","breadcrumb":{"@id":"https:\/\/www.evangelisch-in-jerusalem.org\/2021\/04\/11\/oekumenische-wanderung-nach\/#breadcrumb"},"inLanguage":"en-GB","potentialAction":[{"@type":"ReadAction","target":["https:\/\/www.evangelisch-in-jerusalem.org\/2021\/04\/11\/oekumenische-wanderung-nach\/"]}]},{"@type":"ImageObject","inLanguage":"en-GB","@id":"https:\/\/www.evangelisch-in-jerusalem.org\/2021\/04\/11\/oekumenische-wanderung-nach\/#primaryimage","url":"https:\/\/www.evangelisch-in-jerusalem.org\/wp-content\/uploads\/2021\/04\/Emmaus_Nicopolis_basilica.jpg","contentUrl":"https:\/\/www.evangelisch-in-jerusalem.org\/wp-content\/uploads\/2021\/04\/Emmaus_Nicopolis_basilica.jpg","width":480,"height":480,"caption":"Foto: Wikipedia"},{"@type":"BreadcrumbList","@id":"https:\/\/www.evangelisch-in-jerusalem.org\/2021\/04\/11\/oekumenische-wanderung-nach\/#breadcrumb","itemListElement":[{"@type":"ListItem","position":1,"name":"Startseite","item":"https:\/\/www.evangelisch-in-jerusalem.org\/"},{"@type":"ListItem","position":2,"name":"17.4.: \u00d6kumenische Wanderung nach Emmaus"}]},{"@type":"WebSite","@id":"https:\/\/www.evangelisch-in-jerusalem.org\/#website","url":"https:\/\/www.evangelisch-in-jerusalem.org\/","name":"Evangelisch in Jerusalem","description":"German Protestant Institutions in the Holy Land","publisher":{"@id":"https:\/\/www.evangelisch-in-jerusalem.org\/#organization"},"potentialAction":[{"@type":"SearchAction","target":{"@type":"EntryPoint","urlTemplate":"https:\/\/www.evangelisch-in-jerusalem.org\/?s={search_term_string}"},"query-input":{"@type":"PropertyValueSpecification","valueRequired":true,"valueName":"search_term_string"}}],"inLanguage":"en-GB"},{"@type":"Organization","@id":"https:\/\/www.evangelisch-in-jerusalem.org\/#organization","name":"German Protestant Institutions in the Holy Land","url":"https:\/\/www.evangelisch-in-jerusalem.org\/","logo":{"@type":"ImageObject","inLanguage":"en-GB","@id":"https:\/\/www.evangelisch-in-jerusalem.org\/#\/schema\/logo\/image\/","url":"https:\/\/www.evangelisch-in-jerusalem.org\/wp-content\/uploads\/2019\/03\/EIJ_Logo_500-px.png","contentUrl":"https:\/\/www.evangelisch-in-jerusalem.org\/wp-content\/uploads\/2019\/03\/EIJ_Logo_500-px.png","width":500,"height":82,"caption":"German Protestant Institutions in the Holy Land"},"image":{"@id":"https:\/\/www.evangelisch-in-jerusalem.org\/#\/schema\/logo\/image\/"},"sameAs":["https:\/\/www.facebook.com\/erloeserkirche.jerusalem"]},{"@type":"Person","@id":"https:\/\/www.evangelisch-in-jerusalem.org\/#\/schema\/person\/ea8e86c01aff849bd324c28bc5574607","name":"Joachim Lenz","sameAs":["http:\/\/evangelisch-in-jerusalem.org"],"url":"https:\/\/www.evangelisch-in-jerusalem.org\/en\/author\/propst-jl\/"}]}},"_links":{"self":[{"href":"https:\/\/www.evangelisch-in-jerusalem.org\/en\/wp-json\/wp\/v2\/posts\/6016","targetHints":{"allow":["GET"]}}],"collection":[{"href":"https:\/\/www.evangelisch-in-jerusalem.org\/en\/wp-json\/wp\/v2\/posts"}],"about":[{"href":"https:\/\/www.evangelisch-in-jerusalem.org\/en\/wp-json\/wp\/v2\/types\/post"}],"author":[{"embeddable":true,"href":"https:\/\/www.evangelisch-in-jerusalem.org\/en\/wp-json\/wp\/v2\/users\/6"}],"replies":[{"embeddable":true,"href":"https:\/\/www.evangelisch-in-jerusalem.org\/en\/wp-json\/wp\/v2\/comments?post=6016"}],"version-history":[{"count":2,"href":"https:\/\/www.evangelisch-in-jerusalem.org\/en\/wp-json\/wp\/v2\/posts\/6016\/revisions"}],"predecessor-version":[{"id":6074,"href":"https:\/\/www.evangelisch-in-jerusalem.org\/en\/wp-json\/wp\/v2\/posts\/6016\/revisions\/6074"}],"wp:featuredmedia":[{"embeddable":true,"href":"https:\/\/www.evangelisch-in-jerusalem.org\/en\/wp-json\/wp\/v2\/media\/6014"}],"wp:attachment":[{"href":"https:\/\/www.evangelisch-in-jerusalem.org\/en\/wp-json\/wp\/v2\/media?parent=6016"}],"wp:term":[{"taxonomy":"category","embeddable":true,"href":"https:\/\/www.evangelisch-in-jerusalem.org\/en\/wp-json\/wp\/v2\/categories?post=6016"},{"taxonomy":"post_tag","embeddable":true,"href":"https:\/\/www.evangelisch-in-jerusalem.org\/en\/wp-json\/wp\/v2\/tags?post=6016"}],"curies":[{"name":"wp","href":"https:\/\/api.w.org\/{rel}","templated":true}]}}