{"id":5437,"date":"2021-02-19T09:52:51","date_gmt":"2021-02-19T08:52:51","guid":{"rendered":"https:\/\/www.evangelisch-in-jerusalem.org\/?p=5437"},"modified":"2021-04-05T17:05:45","modified_gmt":"2021-04-05T15:05:45","slug":"praesenzgottesdienste-sind-wieder-moeglich","status":"publish","type":"post","link":"https:\/\/www.evangelisch-in-jerusalem.org\/en\/2021\/02\/19\/praesenzgottesdienste-sind-wieder-moeglich\/","title":{"rendered":"Pr\u00e4senzgottesdienste sind wieder m\u00f6glich"},"content":{"rendered":"<div data-elementor-type=\"wp-post\" data-elementor-id=\"5437\" class=\"elementor elementor-5437\" data-elementor-post-type=\"post\">\n\t\t\t\t\t\t<section class=\"elementor-section elementor-top-section elementor-element elementor-element-6546bd8 elementor-section-boxed elementor-section-height-default elementor-section-height-default\" data-id=\"6546bd8\" data-element_type=\"section\" data-e-type=\"section\">\n\t\t\t\t\t\t<div class=\"elementor-container elementor-column-gap-default\">\n\t\t\t\t\t<div class=\"elementor-column elementor-col-100 elementor-top-column elementor-element elementor-element-783faf2\" data-id=\"783faf2\" data-element_type=\"column\" data-e-type=\"column\">\n\t\t\t<div class=\"elementor-widget-wrap elementor-element-populated\">\n\t\t\t\t\t\t<div class=\"elementor-element elementor-element-e1e4431 elementor-widget elementor-widget-text-editor\" data-id=\"e1e4431\" data-element_type=\"widget\" data-e-type=\"widget\" data-widget_type=\"text-editor.default\">\n\t\t\t\t<div class=\"elementor-widget-container\">\n\t\t\t\t\t\t\t\t\t<p>Seit Mitte Februar feiern wir wieder <strong>Gottesdienst\u00a0 vor Ort<\/strong>, n\u00e4mlich im Kreuzgang der Erl\u00f6serkirche in der Altstadt von Jerusalem. Nachdem der Lockdown zum 1.3. gelockert wurde, sind derzeit Gottesdienste in Kirchen mit bis zu zwanzig Anwesenden erlaubt; drau\u00dfen d\u00fcrfen bis zu 50 Menschen zusammenkommen.<\/p><p>Wegen der Renovierungsarbeiten in unserem Kreuzgang feiern wir unsere Gottesdienste bei guten Wetterverh\u00e4ltnissen derzeit auf der Propstterrasse. Dorthin laden wir herzlich ein. Wir freuen uns dar\u00fcber, wieder gemeinsam h\u00f6ren und reden, singen und beten zu k\u00f6nnen \u2014 mit Temperaturmessung, Distanz und Masken.<\/p>\t\t\t\t\t\t\t\t<\/div>\n\t\t\t\t<\/div>\n\t\t\t\t\t<\/div>\n\t\t<\/div>\n\t\t\t\t\t<\/div>\n\t\t<\/section>\n\t\t\t\t<section class=\"elementor-section elementor-top-section elementor-element elementor-element-0a5f7db elementor-section-boxed elementor-section-height-default elementor-section-height-default\" data-id=\"0a5f7db\" data-element_type=\"section\" data-e-type=\"section\">\n\t\t\t\t\t\t<div class=\"elementor-container elementor-column-gap-default\">\n\t\t\t\t\t<div class=\"elementor-column elementor-col-100 elementor-top-column elementor-element elementor-element-7bc3d8b\" data-id=\"7bc3d8b\" data-element_type=\"column\" data-e-type=\"column\">\n\t\t\t<div class=\"elementor-widget-wrap elementor-element-populated\">\n\t\t\t\t\t\t<div class=\"elementor-element elementor-element-24284f8 elementor-widget elementor-widget-text-editor\" data-id=\"24284f8\" data-element_type=\"widget\" data-e-type=\"widget\" data-widget_type=\"text-editor.default\">\n\t\t\t\t<div class=\"elementor-widget-container\">\n\t\t\t\t\t\t\t\t\t<blockquote><p>In <strong><a href=\"https:\/\/www.evangelisch-in-jerusalem.org\/en\/gottesdienst-in-latrunsamstag-um-17-uhr\/\">Latrun<\/a><\/strong>\u00a0feiern wir einmal monatlich am Samstag um 17.00 Uhr <strong>Gottesdienst und Kindergottesdienst<\/strong>. Am 10. April geht es nach langer CoronaPause wieder los, open air und mit Abstand \u2013 wenn auch ohne das sonst \u00fcbliche gemeinsame Abendessen im Anschluss.<\/p><\/blockquote>\t\t\t\t\t\t\t\t<\/div>\n\t\t\t\t<\/div>\n\t\t\t\t\t<\/div>\n\t\t<\/div>\n\t\t\t\t\t<\/div>\n\t\t<\/section>\n\t\t\t\t<section class=\"elementor-section elementor-top-section elementor-element elementor-element-6c57deb elementor-section-boxed elementor-section-height-default elementor-section-height-default\" data-id=\"6c57deb\" data-element_type=\"section\" data-e-type=\"section\">\n\t\t\t\t\t\t<div class=\"elementor-container elementor-column-gap-default\">\n\t\t\t\t\t<div class=\"elementor-column elementor-col-100 elementor-top-column elementor-element elementor-element-6d0fc0e\" data-id=\"6d0fc0e\" data-element_type=\"column\" data-e-type=\"column\">\n\t\t\t<div class=\"elementor-widget-wrap elementor-element-populated\">\n\t\t\t\t\t\t<div class=\"elementor-element elementor-element-9d2589c elementor-widget elementor-widget-text-editor\" data-id=\"9d2589c\" data-element_type=\"widget\" data-e-type=\"widget\" data-widget_type=\"text-editor.default\">\n\t\t\t\t<div class=\"elementor-widget-container\">\n\t\t\t\t\t\t\t\t\t<p>In Erg\u00e4nzung zum Gottesdienstangbot vor Ort soll es samstags <span style=\"color: #800000;\"><strong>Zoomandachten<\/strong><\/span> um 18.00 Uhr (Deutschland: 17.00 Uhr) geben. Deren Termine sind: <span style=\"color: #800000;\"><strong>27. M\u00e4rz\u00a0 |\u00a0 24. April\u00a0 |\u00a0 22. Mai<\/strong><span style=\"color: #000000;\">.<\/span><\/span><\/p>\t\t\t\t\t\t\t\t<\/div>\n\t\t\t\t<\/div>\n\t\t\t\t\t<\/div>\n\t\t<\/div>\n\t\t\t\t\t<\/div>\n\t\t<\/section>\n\t\t\t\t<section class=\"elementor-section elementor-top-section elementor-element elementor-element-4715db1 elementor-section-boxed elementor-section-height-default elementor-section-height-default\" data-id=\"4715db1\" data-element_type=\"section\" data-e-type=\"section\">\n\t\t\t\t\t\t<div class=\"elementor-container elementor-column-gap-default\">\n\t\t\t\t\t<div class=\"elementor-column elementor-col-100 elementor-top-column elementor-element elementor-element-1f4bc1c\" data-id=\"1f4bc1c\" data-element_type=\"column\" data-e-type=\"column\">\n\t\t\t<div class=\"elementor-widget-wrap elementor-element-populated\">\n\t\t\t\t\t\t<div class=\"elementor-element elementor-element-0e65483 elementor-widget elementor-widget-MEC\" data-id=\"0e65483\" data-element_type=\"widget\" data-e-type=\"widget\" data-widget_type=\"MEC.default\">\n\t\t\t\t<div class=\"elementor-widget-container\">\n\t\t\t\t\t<div class=\"mec-wrap mec-skin-list-container\" id=\"mec_skin_119\">\r\n    \r\n    \r\n            <div class=\"mec-skin-list-events-container\" id=\"mec_skin_events_119\">\r\n        <div class=\"mec-wrap colorskin-custom\">\r\n\t<div class=\"mec-event-list-modern\">\r\n\t\t\r\n            \r\n                    <script type=\"application\/ld+json\">\r\n        {\r\n            \"@context\": \"http:\/\/schema.org\",\r\n            \"@type\": \"Event\",\r\n            \"eventStatus\": \"https:\/\/schema.org\/EventScheduled\",\r\n            \"startDate\": \"2026-05-05\",\r\n            \"endDate\": \"2026-05-05\",\r\n            \"eventAttendanceMode\": \"https:\/\/schema.org\/OfflineEventAttendanceMode\",\r\n            \"location\":\r\n            {\r\n                \"@type\": \"Place\",\r\n                                \"name\": \"Propstei: Refektorium\",\r\n                \"image\": \"\",\r\n                \"address\": \"Muristan St. 5, Jerusalem Altstadt\"\r\n                            },\r\n            \"organizer\":\r\n            {\r\n                \"@type\": \"Person\",\r\n                \"name\": \"Erl\u00f6serkirchengemeinde\",\r\n                \"url\": \"\"\r\n            },\r\n            \"offers\":\r\n            {\r\n                \"url\": \"https:\/\/www.evangelisch-in-jerusalem.org\/en\/events\/was-das-leben-lebenswert-macht-ausstellung-und-gespraech-%f0%9f%93%93gemeindeabend-mit-susanne-ziegler-und-pfarrerin-sally-azar\/\",\r\n                \"price\": \"\",\r\n                \"priceCurrency\": \"ILS\",\r\n                \"availability\": \"https:\/\/schema.org\/InStock\",\r\n                \"validFrom\": \"2026-05-05T00:00\"\r\n            },\r\n            \"performer\": \"\",\r\n            \"description\": \"&lt;!-- wp:paragraph --&gt; &lt;div class=&quot;figure&quot;&gt;&lt;\/div&gt; &lt;!-- \/wp:paragraph --&gt;  &lt;!-- wp:paragraph --&gt; &lt;div class=&quot;figure&quot;&gt;&lt;\/div&gt; &lt;!-- \/wp:paragraph --&gt;  &lt;!-- wp:paragraph --&gt; &lt;div class=&quot;figure&quot;&gt;&lt;\/div&gt; &lt;!-- \/wp:paragraph --&gt;  &lt;!-- wp:paragraph --&gt; &lt;div class=&quot;figure&quot;&gt;&lt;\/div&gt; &lt;!-- \/wp:paragraph --&gt;  &lt;!-- wp:paragraph --&gt; &lt;div class=&quot;figure&quot;&gt;&lt;\/div&gt; &lt;!-- \/wp:paragraph --&gt;  &lt;!-- wp:paragraph --&gt; &lt;div class=&quot;figure&quot;&gt;&lt;\/div&gt; &lt;!-- \/wp:paragraph --&gt;\",\r\n            \"image\": \"https:\/\/www.evangelisch-in-jerusalem.org\/wp-content\/uploads\/2026\/04\/20260505-Gemeindeabend-Ausstellung-Beit-Jalah.jpg\",\r\n            \"name\": \"&#8220;Was das Leben lebenswert macht.&#8221; Ausstellung und Gespr\u00e4ch. &lt;br&gt;\ud83d\udcd3Gemeindeabend mit Susanne Ziegler und Pfr.in Sally Azar\",\r\n            \"url\": \"https:\/\/www.evangelisch-in-jerusalem.org\/en\/events\/was-das-leben-lebenswert-macht-ausstellung-und-gespraech-%f0%9f%93%93gemeindeabend-mit-susanne-ziegler-und-pfarrerin-sally-azar\/\"\r\n        }\r\n        <\/script>\r\n                    <article class=\"mec-event-article  mec-clear  mec-divider-toggle mec-toggle-202605-119\" itemscope>\r\n                                    <div class=\"col-md-2 col-sm-2\">\r\n\r\n                                                <div class=\"mec-event-date\">\r\n                            <div class=\"event-d mec-color\">5.5.<\/div>\r\n                            <div class=\"event-f\">.<\/div>\r\n                            <div class=\"event-da\">Tuesday<\/div>\r\n                        <\/div>\r\n                                            <\/div>\r\n                    <div class=\"col-md-6 col-sm-6\">\r\n                                                                        <h4 class=\"mec-event-title\"><a class=\"mec-color-hover\"  data-event-id=\"22912\" href=\"https:\/\/www.evangelisch-in-jerusalem.org\/en\/events\/was-das-leben-lebenswert-macht-ausstellung-und-gespraech-%f0%9f%93%93gemeindeabend-mit-susanne-ziegler-und-pfarrerin-sally-azar\/\" target=\"_self\" rel=\"noopener\">&#8220;Was das Leben lebenswert macht.&#8221; Ausstellung und Gespr\u00e4ch. <br>\ud83d\udcd3Gemeindeabend mit Susanne Ziegler und Pfr.in Sally Azar<\/a><span class=\"event-color\" style=\"background: #1e73be\"><\/span><\/h4>\r\n                                                <div class=\"mec-event-detail\">\r\n                            <div class=\"mec-event-loc-place\">Propstei: Refektorium | Muristan St. 5, Jerusalem Altstadt<\/div>\r\n                            <div class=\"mec-time-details\"><span class=\"mec-start-time\">20:00<\/span> - <span class=\"mec-end-time\">21:30<\/span><\/div>                                                                                <\/div>\r\n                        <ul class=\"mec-event-sharing\"><li class=\"mec-event-social-icon\"><a class=\"facebook\" href=\"https:\/\/www.facebook.com\/sharer\/sharer.php?u=https%3A%2F%2Fwww.evangelisch-in-jerusalem.org%2Fen%2Fevents%2Fwas-das-leben-lebenswert-macht-ausstellung-und-gespraech-%25f0%259f%2593%2593gemeindeabend-mit-susanne-ziegler-und-pfarrerin-sally-azar%2F\" onclick=\"javascript:window.open(this.href, '', 'menubar=no,toolbar=no,resizable=yes,scrollbars=yes,height=500,width=600'); return false;\" title=\"Share on Facebook\"><i class=\"mec-fa-facebook\"><\/i><\/a><\/li><li class=\"mec-event-social-icon\"><a class=\"email\" href=\"mailto:?subject=%26#8220;Was das Leben lebenswert macht.\u2019\u2019 Ausstellung und Gespr\u00e4ch. <br>\ud83d\udcd3Gemeindeabend mit Susanne Ziegler und Pfr.in Sally Azar&body=https%3A%2F%2Fwww.evangelisch-in-jerusalem.org%2Fen%2Fevents%2Fwas-das-leben-lebenswert-macht-ausstellung-und-gespraech-%25f0%259f%2593%2593gemeindeabend-mit-susanne-ziegler-und-pfarrerin-sally-azar%2F\" title=\"Email\"><i class=\"mec-fa-envelope\"><\/i><\/a><\/li><\/ul>\r\n                    <\/div>\r\n                    <div class=\"col-md-4 col-sm-4 mec-btn-wrapper\">\r\n                                                <a class=\"mec-booking-button\"  data-event-id=\"22912\" href=\"https:\/\/www.evangelisch-in-jerusalem.org\/en\/events\/was-das-leben-lebenswert-macht-ausstellung-und-gespraech-%f0%9f%93%93gemeindeabend-mit-susanne-ziegler-und-pfarrerin-sally-azar\/\" target=\"_self\" rel=\"noopener\">View Detail<\/a>                                            <\/div>\r\n                            <\/article>\r\n            \t\t\r\n            \r\n                    <script type=\"application\/ld+json\">\r\n        {\r\n            \"@context\": \"http:\/\/schema.org\",\r\n            \"@type\": \"Event\",\r\n            \"eventStatus\": \"https:\/\/schema.org\/EventScheduled\",\r\n            \"startDate\": \"2026-05-06\",\r\n            \"endDate\": \"2026-05-06\",\r\n            \"eventAttendanceMode\": \"https:\/\/schema.org\/OfflineEventAttendanceMode\",\r\n            \"location\":\r\n            {\r\n                \"@type\": \"Place\",\r\n                                \"name\": \"Himmelfahrtkirche auf dem \u00d6lberg\",\r\n                \"image\": \"https:\/\/www.evangelisch-in-jerusalem.org\/wp-content\/uploads\/2019\/05\/Himmelfahrtkirche-1010.jpg\",\r\n                \"address\": \"auf dem \u00d6lberg, Auguste Victoria-Compound\"\r\n                            },\r\n            \"organizer\":\r\n            {\r\n                \"@type\": \"Person\",\r\n                \"name\": \"\",\r\n                \"url\": \"\"\r\n            },\r\n            \"offers\":\r\n            {\r\n                \"url\": \"https:\/\/www.evangelisch-in-jerusalem.org\/en\/events\/taize-andacht-mit-anschl-abendessen\/\",\r\n                \"price\": \"\",\r\n                \"priceCurrency\": \"ILS\",\r\n                \"availability\": \"https:\/\/schema.org\/InStock\",\r\n                \"validFrom\": \"2026-05-06T00:00\"\r\n            },\r\n            \"performer\": \"\",\r\n            \"description\": \"&lt;!-- wp:paragraph --&gt; &lt;p&gt;mit Pfr.in Ines Fischer und Kirchenmusikdirektor &lt;em&gt;Peter-Michael Seifried&lt;\/em&gt; u.a.&lt;\/p&gt; &lt;!-- \/wp:paragraph --&gt;  &lt;!-- wp:paragraph --&gt; &lt;p&gt;mit Pfr.in Ines Fischer und Kirchenmusikdirektor &lt;em&gt;Peter-Michael Seifried&lt;\/em&gt; u.a.&lt;\/p&gt; &lt;!-- \/wp:paragraph --&gt;  &lt;!-- wp:paragraph --&gt; &lt;p&gt;Herzliche Einladung zur Taiz\u00e9-Andacht in der Himmelfahrtkirche auf dem \u00d6lberg.&lt;br&gt;Wir kommen in dieser schwierigen Zeit zur Ruhe, singen miteinander Lieder aus der franz\u00f6sischen Kommunit\u00e4t in Taiz\u00e9, schweigen und erleben Momente der Gemeinschaft in der Stille.&lt;br&gt;Im Anschluss laden wir zum Beisammensein im Caf\u00e9 Auguste Victoria ein. &lt;br&gt;Eine Anmeldung ist nicht notwendig - selbstverst\u00e4ndlich sind Sie auch nur zum Essen ab ca. 18.00 herzlich willkommen. F\u00fcr Essen und Getr\u00e4nke bitten wir sehr herzlich um eine Spende.&lt;\/p&gt; &lt;!-- \/wp:paragraph --&gt;\",\r\n            \"image\": \"https:\/\/www.evangelisch-in-jerusalem.org\/wp-content\/uploads\/2024\/01\/Taize-HimmK-scaled.jpg\",\r\n            \"name\": \"\u2723 Taiz\u00e9-Andacht in der Himmelfahrtkirche, &lt;br&gt;anschl. Gespr\u00e4che und Abendessen&lt;\/s&gt;\",\r\n            \"url\": \"https:\/\/www.evangelisch-in-jerusalem.org\/en\/events\/taize-andacht-mit-anschl-abendessen\/\"\r\n        }\r\n        <\/script>\r\n                    <article class=\"mec-past-event mec-event-article  mec-clear  mec-divider-toggle mec-toggle-202605-119\" itemscope>\r\n                                    <div class=\"col-md-2 col-sm-2\">\r\n\r\n                                                <div class=\"mec-event-date\">\r\n                            <div class=\"event-d mec-color\">6.5.<\/div>\r\n                            <div class=\"event-f\">.<\/div>\r\n                            <div class=\"event-da\">Wednesday<\/div>\r\n                        <\/div>\r\n                                            <\/div>\r\n                    <div class=\"col-md-6 col-sm-6\">\r\n                                                                        <h4 class=\"mec-event-title\"><a class=\"mec-color-hover\"  data-event-id=\"22451\" href=\"https:\/\/www.evangelisch-in-jerusalem.org\/en\/events\/taize-andacht-mit-anschl-abendessen\/\" target=\"_self\" rel=\"noopener\">\u2723 Taiz\u00e9-Andacht in der Himmelfahrtkirche, <br>anschl. Gespr\u00e4che und Abendessen<\/s><\/a><span class=\"event-color\" style=\"background: #8224e3\"><\/span><\/h4>\r\n                                                <div class=\"mec-event-detail\">\r\n                            <div class=\"mec-event-loc-place\">Himmelfahrtkirche auf dem \u00d6lberg | auf dem \u00d6lberg, Auguste Victoria-Compound<\/div>\r\n                            <div class=\"mec-time-details\"><span class=\"mec-start-time\">17:30<\/span> - <span class=\"mec-end-time\">20:00<\/span><\/div>                                                                                <\/div>\r\n                        <ul class=\"mec-event-sharing\"><li class=\"mec-event-social-icon\"><a class=\"facebook\" href=\"https:\/\/www.facebook.com\/sharer\/sharer.php?u=https%3A%2F%2Fwww.evangelisch-in-jerusalem.org%2Fen%2Fevents%2Ftaize-andacht-mit-anschl-abendessen%2F\" onclick=\"javascript:window.open(this.href, '', 'menubar=no,toolbar=no,resizable=yes,scrollbars=yes,height=500,width=600'); return false;\" title=\"Share on Facebook\"><i class=\"mec-fa-facebook\"><\/i><\/a><\/li><li class=\"mec-event-social-icon\"><a class=\"email\" href=\"mailto:?subject=\u2723 Taiz\u00e9-Andacht in der Himmelfahrtkirche, <br>anschl. Gespr\u00e4che und Abendessen<\/s>&body=https%3A%2F%2Fwww.evangelisch-in-jerusalem.org%2Fen%2Fevents%2Ftaize-andacht-mit-anschl-abendessen%2F\" title=\"Email\"><i class=\"mec-fa-envelope\"><\/i><\/a><\/li><\/ul>\r\n                    <\/div>\r\n                    <div class=\"col-md-4 col-sm-4 mec-btn-wrapper\">\r\n                                                <a class=\"mec-booking-button\"  data-event-id=\"22451\" href=\"https:\/\/www.evangelisch-in-jerusalem.org\/en\/events\/taize-andacht-mit-anschl-abendessen\/\" target=\"_self\" rel=\"noopener\">View Detail<\/a>                                            <\/div>\r\n                            <\/article>\r\n            \t\t\r\n            \r\n                    <script type=\"application\/ld+json\">\r\n        {\r\n            \"@context\": \"http:\/\/schema.org\",\r\n            \"@type\": \"Event\",\r\n            \"eventStatus\": \"https:\/\/schema.org\/EventScheduled\",\r\n            \"startDate\": \"2026-05-09\",\r\n            \"endDate\": \"2026-05-09\",\r\n            \"eventAttendanceMode\": \"https:\/\/schema.org\/OfflineEventAttendanceMode\",\r\n            \"location\":\r\n            {\r\n                \"@type\": \"Place\",\r\n                                \"name\": \"Evangelische Erl\u00f6serkirche Jerusalem\",\r\n                \"image\": \"https:\/\/www.evangelisch-in-jerusalem.org\/wp-content\/uploads\/2024\/06\/2676_Kirche_1000px.jpg\",\r\n                \"address\": \"\"\r\n                            },\r\n            \"organizer\":\r\n            {\r\n                \"@type\": \"Person\",\r\n                \"name\": \"Erl\u00f6serkirchengemeinde\",\r\n                \"url\": \"\"\r\n            },\r\n            \"offers\":\r\n            {\r\n                \"url\": \"https:\/\/www.evangelisch-in-jerusalem.org\/en\/events\/orgelmatinee%e2%99%ab-249\/\",\r\n                \"price\": \"\",\r\n                \"priceCurrency\": \"ILS\",\r\n                \"availability\": \"https:\/\/schema.org\/InStock\",\r\n                \"validFrom\": \"2026-05-09T00:00\"\r\n            },\r\n            \"performer\": \"\",\r\n            \"description\": \"&lt;!-- wp:paragraph --&gt; &lt;p&gt;jeweils samstags nach dem Mittagsgel\u00e4ut: 30 Minuten Orgelmusik, &lt;br&gt;abwechslungsreiche Programme von Bach bis \u2026.&lt;\/p&gt; &lt;!-- \/wp:paragraph --&gt;  &lt;!-- wp:paragraph --&gt; &lt;p&gt;Jeweils Sonnabends um 12:00 \u2013 12:30 wird die&nbsp; Erl\u00f6serkirche erf\u00fcllt vom Klang der gro\u00dfen Karl Schuke Orgel (1971). Kirchenmusikdirektor &lt;em&gt;Peter-Michael Seifried&lt;\/em&gt; und Gastorganisten laden ein zu musikalischer Besinnung und ruhigem Verweilen. Nach der Musik gibt es Gelegenheit, auf der Empore mehr \u00fcber die Orgel zu erfahren und den Spieltisch zu besichtigen.&lt;\/p&gt; &lt;!-- \/wp:paragraph --&gt;  &lt;!-- wp:paragraph --&gt; &lt;div class=&quot;figure&quot;&gt;&lt;\/div&gt; &lt;!-- \/wp:paragraph --&gt;\",\r\n            \"image\": \"https:\/\/www.evangelisch-in-jerusalem.org\/wp-content\/uploads\/2020\/10\/ErlK-Orgel-02.jpg\",\r\n            \"name\": \"Orgelmatinee in der Erl\u00f6serkirche&lt;br&gt;\ud83c\udfb6Eine gute halbe Stunde am Samstagmittag\",\r\n            \"url\": \"https:\/\/www.evangelisch-in-jerusalem.org\/en\/events\/orgelmatinee%e2%99%ab-249\/\"\r\n        }\r\n        <\/script>\r\n                    <article class=\"mec-past-event mec-event-article  mec-clear  mec-divider-toggle mec-toggle-202605-119\" itemscope>\r\n                                    <div class=\"col-md-2 col-sm-2\">\r\n\r\n                                                <div class=\"mec-event-date\">\r\n                            <div class=\"event-d mec-color\">9.5.<\/div>\r\n                            <div class=\"event-f\">.<\/div>\r\n                            <div class=\"event-da\">Saturday<\/div>\r\n                        <\/div>\r\n                                            <\/div>\r\n                    <div class=\"col-md-6 col-sm-6\">\r\n                                                                        <h4 class=\"mec-event-title\"><a class=\"mec-color-hover\"  data-event-id=\"20443\" href=\"https:\/\/www.evangelisch-in-jerusalem.org\/en\/events\/orgelmatinee%e2%99%ab-249\/\" target=\"_self\" rel=\"noopener\">Orgelmatinee in der Erl\u00f6serkirche<br>\ud83c\udfb6Eine gute halbe Stunde am Samstagmittag<\/a><span class=\"event-color\" style=\"background: #33b716\"><\/span><\/h4>\r\n                                                <div class=\"mec-event-detail\">\r\n                            <div class=\"mec-event-loc-place\">Evangelische Erl\u00f6serkirche Jerusalem<\/div>\r\n                            <div class=\"mec-time-details\"><span class=\"mec-start-time\">12:00<\/span> - <span class=\"mec-end-time\">12:30<\/span><\/div>                                                                                <\/div>\r\n                        <ul class=\"mec-event-sharing\"><li class=\"mec-event-social-icon\"><a class=\"facebook\" href=\"https:\/\/www.facebook.com\/sharer\/sharer.php?u=https%3A%2F%2Fwww.evangelisch-in-jerusalem.org%2Fen%2Fevents%2Forgelmatinee%25e2%2599%25ab-249%2F\" onclick=\"javascript:window.open(this.href, '', 'menubar=no,toolbar=no,resizable=yes,scrollbars=yes,height=500,width=600'); return false;\" title=\"Share on Facebook\"><i class=\"mec-fa-facebook\"><\/i><\/a><\/li><li class=\"mec-event-social-icon\"><a class=\"email\" href=\"mailto:?subject=Orgelmatinee in der Erl\u00f6serkirche<br>\ud83c\udfb6Eine gute halbe Stunde am Samstagmittag&body=https%3A%2F%2Fwww.evangelisch-in-jerusalem.org%2Fen%2Fevents%2Forgelmatinee%25e2%2599%25ab-249%2F\" title=\"Email\"><i class=\"mec-fa-envelope\"><\/i><\/a><\/li><\/ul>\r\n                    <\/div>\r\n                    <div class=\"col-md-4 col-sm-4 mec-btn-wrapper\">\r\n                                                <a class=\"mec-booking-button\"  data-event-id=\"20443\" href=\"https:\/\/www.evangelisch-in-jerusalem.org\/en\/events\/orgelmatinee%e2%99%ab-249\/\" target=\"_self\" rel=\"noopener\">View Detail<\/a>                                            <\/div>\r\n                            <\/article>\r\n            \t\t\t<\/div>\r\n<\/div>\r\n\r\n    <\/div>\r\n    <div class=\"mec-skin-list-no-events-container mec-util-hidden\" id=\"mec_skin_no_events_119\">\r\n        No event found!    <\/div>\r\n        \r\n        \r\n<\/div>\t\t\t\t<\/div>\n\t\t\t\t<\/div>\n\t\t\t\t\t<\/div>\n\t\t<\/div>\n\t\t\t\t\t<\/div>\n\t\t<\/section>\n\t\t\t\t<\/div>","protected":false},"excerpt":{"rendered":"<p>Ab Sonntag, 21. Februar, feiern wir Gottesdienste wieder vor Ort, n\u00e4mlich im Kreuzgang der Erl\u00f6serkirche.<br \/>\nIn Erg\u00e4nzung dazu soll es samstags hin und wieder Zoomandachten um 18.00 Uhr (Deutschland: 17.00 Uhr) geben. Deren Termine sind dann in unserem Kalender zu finden.<\/p>","protected":false},"author":6,"featured_media":4405,"comment_status":"closed","ping_status":"open","sticky":false,"template":"","format":"standard","meta":{"footnotes":""},"categories":[1,19,181,173,171],"tags":[],"class_list":["post-5437","post","type-post","status-publish","format-standard","has-post-thumbnail","hentry","category-allgemein","category-allgemein-en","category-erloeserkirche","category-gemeinde","category-gottesdienst","entry"],"yoast_head":"<!-- This site is optimized with the Yoast SEO plugin v27.4 - https:\/\/yoast.com\/product\/yoast-seo-wordpress\/ -->\n<title>Pr\u00e4senzgottesdienste sind wieder m\u00f6glich - Evangelisch in Jerusalem<\/title>\n<meta name=\"robots\" content=\"index, follow, max-snippet:-1, max-image-preview:large, max-video-preview:-1\" \/>\n<link rel=\"canonical\" href=\"https:\/\/www.evangelisch-in-jerusalem.org\/en\/2021\/02\/19\/praesenzgottesdienste-sind-wieder-moeglich\/\" \/>\n<meta property=\"og:locale\" content=\"en_GB\" \/>\n<meta property=\"og:type\" content=\"article\" \/>\n<meta property=\"og:title\" content=\"Pr\u00e4senzgottesdienste sind wieder m\u00f6glich - Evangelisch in Jerusalem\" \/>\n<meta property=\"og:description\" content=\"Ab Sonntag, 21. Februar, feiern wir Gottesdienste wieder vor Ort, n\u00e4mlich im Kreuzgang der Erl\u00f6serkirche. In Erg\u00e4nzung dazu soll es samstags hin und wieder Zoomandachten um 18.00 Uhr (Deutschland: 17.00 Uhr) geben. Deren Termine sind dann in unserem Kalender zu finden.\" \/>\n<meta property=\"og:url\" content=\"https:\/\/www.evangelisch-in-jerusalem.org\/en\/2021\/02\/19\/praesenzgottesdienste-sind-wieder-moeglich\/\" \/>\n<meta property=\"og:site_name\" content=\"Evangelisch in Jerusalem\" \/>\n<meta property=\"article:publisher\" content=\"https:\/\/www.facebook.com\/erloeserkirche.jerusalem\" \/>\n<meta property=\"article:published_time\" content=\"2021-02-19T08:52:51+00:00\" \/>\n<meta property=\"article:modified_time\" content=\"2021-04-05T15:05:45+00:00\" \/>\n<meta property=\"og:image\" content=\"https:\/\/www.evangelisch-in-jerusalem.org\/wp-content\/uploads\/2020\/10\/ErlK-aussen-Einl_GD.jpg\" \/>\n\t<meta property=\"og:image:width\" content=\"800\" \/>\n\t<meta property=\"og:image:height\" content=\"480\" \/>\n\t<meta property=\"og:image:type\" content=\"image\/jpeg\" \/>\n<meta name=\"author\" content=\"Joachim Lenz\" \/>\n<meta name=\"twitter:card\" content=\"summary_large_image\" \/>\n<meta name=\"twitter:label1\" content=\"Written by\" \/>\n\t<meta name=\"twitter:data1\" content=\"Joachim Lenz\" \/>\n\t<meta name=\"twitter:label2\" content=\"Estimated reading time\" \/>\n\t<meta name=\"twitter:data2\" content=\"1 minute\" \/>\n<script type=\"application\/ld+json\" class=\"yoast-schema-graph\">{\"@context\":\"https:\\\/\\\/schema.org\",\"@graph\":[{\"@type\":\"Article\",\"@id\":\"https:\\\/\\\/www.evangelisch-in-jerusalem.org\\\/2021\\\/02\\\/19\\\/praesenzgottesdienste-sind-wieder-moeglich\\\/#article\",\"isPartOf\":{\"@id\":\"https:\\\/\\\/www.evangelisch-in-jerusalem.org\\\/2021\\\/02\\\/19\\\/praesenzgottesdienste-sind-wieder-moeglich\\\/\"},\"author\":{\"name\":\"Joachim Lenz\",\"@id\":\"https:\\\/\\\/www.evangelisch-in-jerusalem.org\\\/#\\\/schema\\\/person\\\/ea8e86c01aff849bd324c28bc5574607\"},\"headline\":\"Pr\u00e4senzgottesdienste sind wieder m\u00f6glich\",\"datePublished\":\"2021-02-19T08:52:51+00:00\",\"dateModified\":\"2021-04-05T15:05:45+00:00\",\"mainEntityOfPage\":{\"@id\":\"https:\\\/\\\/www.evangelisch-in-jerusalem.org\\\/2021\\\/02\\\/19\\\/praesenzgottesdienste-sind-wieder-moeglich\\\/\"},\"wordCount\":250,\"publisher\":{\"@id\":\"https:\\\/\\\/www.evangelisch-in-jerusalem.org\\\/#organization\"},\"image\":{\"@id\":\"https:\\\/\\\/www.evangelisch-in-jerusalem.org\\\/2021\\\/02\\\/19\\\/praesenzgottesdienste-sind-wieder-moeglich\\\/#primaryimage\"},\"thumbnailUrl\":\"https:\\\/\\\/www.evangelisch-in-jerusalem.org\\\/wp-content\\\/uploads\\\/2020\\\/10\\\/ErlK-aussen-Einl_GD.jpg\",\"articleSection\":[\"Allgemein\",\"Allgemein\",\"Erl\u00f6serkirche\",\"Gemeinde\",\"Gottesdienst\"],\"inLanguage\":\"en-GB\"},{\"@type\":\"WebPage\",\"@id\":\"https:\\\/\\\/www.evangelisch-in-jerusalem.org\\\/2021\\\/02\\\/19\\\/praesenzgottesdienste-sind-wieder-moeglich\\\/\",\"url\":\"https:\\\/\\\/www.evangelisch-in-jerusalem.org\\\/2021\\\/02\\\/19\\\/praesenzgottesdienste-sind-wieder-moeglich\\\/\",\"name\":\"Pr\u00e4senzgottesdienste sind wieder m\u00f6glich - Evangelisch in Jerusalem\",\"isPartOf\":{\"@id\":\"https:\\\/\\\/www.evangelisch-in-jerusalem.org\\\/#website\"},\"primaryImageOfPage\":{\"@id\":\"https:\\\/\\\/www.evangelisch-in-jerusalem.org\\\/2021\\\/02\\\/19\\\/praesenzgottesdienste-sind-wieder-moeglich\\\/#primaryimage\"},\"image\":{\"@id\":\"https:\\\/\\\/www.evangelisch-in-jerusalem.org\\\/2021\\\/02\\\/19\\\/praesenzgottesdienste-sind-wieder-moeglich\\\/#primaryimage\"},\"thumbnailUrl\":\"https:\\\/\\\/www.evangelisch-in-jerusalem.org\\\/wp-content\\\/uploads\\\/2020\\\/10\\\/ErlK-aussen-Einl_GD.jpg\",\"datePublished\":\"2021-02-19T08:52:51+00:00\",\"dateModified\":\"2021-04-05T15:05:45+00:00\",\"breadcrumb\":{\"@id\":\"https:\\\/\\\/www.evangelisch-in-jerusalem.org\\\/2021\\\/02\\\/19\\\/praesenzgottesdienste-sind-wieder-moeglich\\\/#breadcrumb\"},\"inLanguage\":\"en-GB\",\"potentialAction\":[{\"@type\":\"ReadAction\",\"target\":[\"https:\\\/\\\/www.evangelisch-in-jerusalem.org\\\/2021\\\/02\\\/19\\\/praesenzgottesdienste-sind-wieder-moeglich\\\/\"]}]},{\"@type\":\"ImageObject\",\"inLanguage\":\"en-GB\",\"@id\":\"https:\\\/\\\/www.evangelisch-in-jerusalem.org\\\/2021\\\/02\\\/19\\\/praesenzgottesdienste-sind-wieder-moeglich\\\/#primaryimage\",\"url\":\"https:\\\/\\\/www.evangelisch-in-jerusalem.org\\\/wp-content\\\/uploads\\\/2020\\\/10\\\/ErlK-aussen-Einl_GD.jpg\",\"contentUrl\":\"https:\\\/\\\/www.evangelisch-in-jerusalem.org\\\/wp-content\\\/uploads\\\/2020\\\/10\\\/ErlK-aussen-Einl_GD.jpg\",\"width\":800,\"height\":480},{\"@type\":\"BreadcrumbList\",\"@id\":\"https:\\\/\\\/www.evangelisch-in-jerusalem.org\\\/2021\\\/02\\\/19\\\/praesenzgottesdienste-sind-wieder-moeglich\\\/#breadcrumb\",\"itemListElement\":[{\"@type\":\"ListItem\",\"position\":1,\"name\":\"Startseite\",\"item\":\"https:\\\/\\\/www.evangelisch-in-jerusalem.org\\\/\"},{\"@type\":\"ListItem\",\"position\":2,\"name\":\"Pr\u00e4senzgottesdienste sind wieder m\u00f6glich\"}]},{\"@type\":\"WebSite\",\"@id\":\"https:\\\/\\\/www.evangelisch-in-jerusalem.org\\\/#website\",\"url\":\"https:\\\/\\\/www.evangelisch-in-jerusalem.org\\\/\",\"name\":\"Evangelisch in Jerusalem\",\"description\":\"Stiftungen der EKD im Heiligen Land\",\"publisher\":{\"@id\":\"https:\\\/\\\/www.evangelisch-in-jerusalem.org\\\/#organization\"},\"potentialAction\":[{\"@type\":\"SearchAction\",\"target\":{\"@type\":\"EntryPoint\",\"urlTemplate\":\"https:\\\/\\\/www.evangelisch-in-jerusalem.org\\\/?s={search_term_string}\"},\"query-input\":{\"@type\":\"PropertyValueSpecification\",\"valueRequired\":true,\"valueName\":\"search_term_string\"}}],\"inLanguage\":\"en-GB\"},{\"@type\":\"Organization\",\"@id\":\"https:\\\/\\\/www.evangelisch-in-jerusalem.org\\\/#organization\",\"name\":\"German Protestant Institutions in the Holy Land\",\"url\":\"https:\\\/\\\/www.evangelisch-in-jerusalem.org\\\/\",\"logo\":{\"@type\":\"ImageObject\",\"inLanguage\":\"en-GB\",\"@id\":\"https:\\\/\\\/www.evangelisch-in-jerusalem.org\\\/#\\\/schema\\\/logo\\\/image\\\/\",\"url\":\"https:\\\/\\\/www.evangelisch-in-jerusalem.org\\\/wp-content\\\/uploads\\\/2019\\\/03\\\/EIJ_Logo_500-px.png\",\"contentUrl\":\"https:\\\/\\\/www.evangelisch-in-jerusalem.org\\\/wp-content\\\/uploads\\\/2019\\\/03\\\/EIJ_Logo_500-px.png\",\"width\":500,\"height\":82,\"caption\":\"German Protestant Institutions in the Holy Land\"},\"image\":{\"@id\":\"https:\\\/\\\/www.evangelisch-in-jerusalem.org\\\/#\\\/schema\\\/logo\\\/image\\\/\"},\"sameAs\":[\"https:\\\/\\\/www.facebook.com\\\/erloeserkirche.jerusalem\"]},{\"@type\":\"Person\",\"@id\":\"https:\\\/\\\/www.evangelisch-in-jerusalem.org\\\/#\\\/schema\\\/person\\\/ea8e86c01aff849bd324c28bc5574607\",\"name\":\"Joachim Lenz\",\"sameAs\":[\"http:\\\/\\\/evangelisch-in-jerusalem.org\"],\"url\":\"https:\\\/\\\/www.evangelisch-in-jerusalem.org\\\/en\\\/author\\\/propst-jl\\\/\"}]}<\/script>\n<!-- \/ Yoast SEO plugin. -->","yoast_head_json":{"title":"Pr\u00e4senzgottesdienste sind wieder m\u00f6glich - Evangelisch in Jerusalem","robots":{"index":"index","follow":"follow","max-snippet":"max-snippet:-1","max-image-preview":"max-image-preview:large","max-video-preview":"max-video-preview:-1"},"canonical":"https:\/\/www.evangelisch-in-jerusalem.org\/en\/2021\/02\/19\/praesenzgottesdienste-sind-wieder-moeglich\/","og_locale":"en_GB","og_type":"article","og_title":"Pr\u00e4senzgottesdienste sind wieder m\u00f6glich - Evangelisch in Jerusalem","og_description":"Ab Sonntag, 21. Februar, feiern wir Gottesdienste wieder vor Ort, n\u00e4mlich im Kreuzgang der Erl\u00f6serkirche. In Erg\u00e4nzung dazu soll es samstags hin und wieder Zoomandachten um 18.00 Uhr (Deutschland: 17.00 Uhr) geben. Deren Termine sind dann in unserem Kalender zu finden.","og_url":"https:\/\/www.evangelisch-in-jerusalem.org\/en\/2021\/02\/19\/praesenzgottesdienste-sind-wieder-moeglich\/","og_site_name":"Evangelisch in Jerusalem","article_publisher":"https:\/\/www.facebook.com\/erloeserkirche.jerusalem","article_published_time":"2021-02-19T08:52:51+00:00","article_modified_time":"2021-04-05T15:05:45+00:00","og_image":[{"width":800,"height":480,"url":"https:\/\/www.evangelisch-in-jerusalem.org\/wp-content\/uploads\/2020\/10\/ErlK-aussen-Einl_GD.jpg","type":"image\/jpeg"}],"author":"Joachim Lenz","twitter_card":"summary_large_image","twitter_misc":{"Written by":"Joachim Lenz","Estimated reading time":"1 minute"},"schema":{"@context":"https:\/\/schema.org","@graph":[{"@type":"Article","@id":"https:\/\/www.evangelisch-in-jerusalem.org\/2021\/02\/19\/praesenzgottesdienste-sind-wieder-moeglich\/#article","isPartOf":{"@id":"https:\/\/www.evangelisch-in-jerusalem.org\/2021\/02\/19\/praesenzgottesdienste-sind-wieder-moeglich\/"},"author":{"name":"Joachim Lenz","@id":"https:\/\/www.evangelisch-in-jerusalem.org\/#\/schema\/person\/ea8e86c01aff849bd324c28bc5574607"},"headline":"Pr\u00e4senzgottesdienste sind wieder m\u00f6glich","datePublished":"2021-02-19T08:52:51+00:00","dateModified":"2021-04-05T15:05:45+00:00","mainEntityOfPage":{"@id":"https:\/\/www.evangelisch-in-jerusalem.org\/2021\/02\/19\/praesenzgottesdienste-sind-wieder-moeglich\/"},"wordCount":250,"publisher":{"@id":"https:\/\/www.evangelisch-in-jerusalem.org\/#organization"},"image":{"@id":"https:\/\/www.evangelisch-in-jerusalem.org\/2021\/02\/19\/praesenzgottesdienste-sind-wieder-moeglich\/#primaryimage"},"thumbnailUrl":"https:\/\/www.evangelisch-in-jerusalem.org\/wp-content\/uploads\/2020\/10\/ErlK-aussen-Einl_GD.jpg","articleSection":["Allgemein","Allgemein","Erl\u00f6serkirche","Gemeinde","Gottesdienst"],"inLanguage":"en-GB"},{"@type":"WebPage","@id":"https:\/\/www.evangelisch-in-jerusalem.org\/2021\/02\/19\/praesenzgottesdienste-sind-wieder-moeglich\/","url":"https:\/\/www.evangelisch-in-jerusalem.org\/2021\/02\/19\/praesenzgottesdienste-sind-wieder-moeglich\/","name":"Pr\u00e4senzgottesdienste sind wieder m\u00f6glich - Evangelisch in Jerusalem","isPartOf":{"@id":"https:\/\/www.evangelisch-in-jerusalem.org\/#website"},"primaryImageOfPage":{"@id":"https:\/\/www.evangelisch-in-jerusalem.org\/2021\/02\/19\/praesenzgottesdienste-sind-wieder-moeglich\/#primaryimage"},"image":{"@id":"https:\/\/www.evangelisch-in-jerusalem.org\/2021\/02\/19\/praesenzgottesdienste-sind-wieder-moeglich\/#primaryimage"},"thumbnailUrl":"https:\/\/www.evangelisch-in-jerusalem.org\/wp-content\/uploads\/2020\/10\/ErlK-aussen-Einl_GD.jpg","datePublished":"2021-02-19T08:52:51+00:00","dateModified":"2021-04-05T15:05:45+00:00","breadcrumb":{"@id":"https:\/\/www.evangelisch-in-jerusalem.org\/2021\/02\/19\/praesenzgottesdienste-sind-wieder-moeglich\/#breadcrumb"},"inLanguage":"en-GB","potentialAction":[{"@type":"ReadAction","target":["https:\/\/www.evangelisch-in-jerusalem.org\/2021\/02\/19\/praesenzgottesdienste-sind-wieder-moeglich\/"]}]},{"@type":"ImageObject","inLanguage":"en-GB","@id":"https:\/\/www.evangelisch-in-jerusalem.org\/2021\/02\/19\/praesenzgottesdienste-sind-wieder-moeglich\/#primaryimage","url":"https:\/\/www.evangelisch-in-jerusalem.org\/wp-content\/uploads\/2020\/10\/ErlK-aussen-Einl_GD.jpg","contentUrl":"https:\/\/www.evangelisch-in-jerusalem.org\/wp-content\/uploads\/2020\/10\/ErlK-aussen-Einl_GD.jpg","width":800,"height":480},{"@type":"BreadcrumbList","@id":"https:\/\/www.evangelisch-in-jerusalem.org\/2021\/02\/19\/praesenzgottesdienste-sind-wieder-moeglich\/#breadcrumb","itemListElement":[{"@type":"ListItem","position":1,"name":"Startseite","item":"https:\/\/www.evangelisch-in-jerusalem.org\/"},{"@type":"ListItem","position":2,"name":"Pr\u00e4senzgottesdienste sind wieder m\u00f6glich"}]},{"@type":"WebSite","@id":"https:\/\/www.evangelisch-in-jerusalem.org\/#website","url":"https:\/\/www.evangelisch-in-jerusalem.org\/","name":"Evangelisch in Jerusalem","description":"German Protestant Institutions in the Holy Land","publisher":{"@id":"https:\/\/www.evangelisch-in-jerusalem.org\/#organization"},"potentialAction":[{"@type":"SearchAction","target":{"@type":"EntryPoint","urlTemplate":"https:\/\/www.evangelisch-in-jerusalem.org\/?s={search_term_string}"},"query-input":{"@type":"PropertyValueSpecification","valueRequired":true,"valueName":"search_term_string"}}],"inLanguage":"en-GB"},{"@type":"Organization","@id":"https:\/\/www.evangelisch-in-jerusalem.org\/#organization","name":"German Protestant Institutions in the Holy Land","url":"https:\/\/www.evangelisch-in-jerusalem.org\/","logo":{"@type":"ImageObject","inLanguage":"en-GB","@id":"https:\/\/www.evangelisch-in-jerusalem.org\/#\/schema\/logo\/image\/","url":"https:\/\/www.evangelisch-in-jerusalem.org\/wp-content\/uploads\/2019\/03\/EIJ_Logo_500-px.png","contentUrl":"https:\/\/www.evangelisch-in-jerusalem.org\/wp-content\/uploads\/2019\/03\/EIJ_Logo_500-px.png","width":500,"height":82,"caption":"German Protestant Institutions in the Holy Land"},"image":{"@id":"https:\/\/www.evangelisch-in-jerusalem.org\/#\/schema\/logo\/image\/"},"sameAs":["https:\/\/www.facebook.com\/erloeserkirche.jerusalem"]},{"@type":"Person","@id":"https:\/\/www.evangelisch-in-jerusalem.org\/#\/schema\/person\/ea8e86c01aff849bd324c28bc5574607","name":"Joachim Lenz","sameAs":["http:\/\/evangelisch-in-jerusalem.org"],"url":"https:\/\/www.evangelisch-in-jerusalem.org\/en\/author\/propst-jl\/"}]}},"_links":{"self":[{"href":"https:\/\/www.evangelisch-in-jerusalem.org\/en\/wp-json\/wp\/v2\/posts\/5437","targetHints":{"allow":["GET"]}}],"collection":[{"href":"https:\/\/www.evangelisch-in-jerusalem.org\/en\/wp-json\/wp\/v2\/posts"}],"about":[{"href":"https:\/\/www.evangelisch-in-jerusalem.org\/en\/wp-json\/wp\/v2\/types\/post"}],"author":[{"embeddable":true,"href":"https:\/\/www.evangelisch-in-jerusalem.org\/en\/wp-json\/wp\/v2\/users\/6"}],"replies":[{"embeddable":true,"href":"https:\/\/www.evangelisch-in-jerusalem.org\/en\/wp-json\/wp\/v2\/comments?post=5437"}],"version-history":[{"count":2,"href":"https:\/\/www.evangelisch-in-jerusalem.org\/en\/wp-json\/wp\/v2\/posts\/5437\/revisions"}],"predecessor-version":[{"id":6556,"href":"https:\/\/www.evangelisch-in-jerusalem.org\/en\/wp-json\/wp\/v2\/posts\/5437\/revisions\/6556"}],"wp:featuredmedia":[{"embeddable":true,"href":"https:\/\/www.evangelisch-in-jerusalem.org\/en\/wp-json\/wp\/v2\/media\/4405"}],"wp:attachment":[{"href":"https:\/\/www.evangelisch-in-jerusalem.org\/en\/wp-json\/wp\/v2\/media?parent=5437"}],"wp:term":[{"taxonomy":"category","embeddable":true,"href":"https:\/\/www.evangelisch-in-jerusalem.org\/en\/wp-json\/wp\/v2\/categories?post=5437"},{"taxonomy":"post_tag","embeddable":true,"href":"https:\/\/www.evangelisch-in-jerusalem.org\/en\/wp-json\/wp\/v2\/tags?post=5437"}],"curies":[{"name":"wp","href":"https:\/\/api.w.org\/{rel}","templated":true}]}}