{"id":4057,"date":"2020-09-24T13:01:24","date_gmt":"2020-09-24T11:01:24","guid":{"rendered":"https:\/\/www.evangelisch-in-jerusalem.org\/?p=4057"},"modified":"2020-10-10T15:07:41","modified_gmt":"2020-10-10T13:07:41","slug":"gottesdienst-vom-20-9-2020","status":"publish","type":"post","link":"https:\/\/www.evangelisch-in-jerusalem.org\/en\/2020\/09\/24\/gottesdienst-vom-20-9-2020\/","title":{"rendered":"Gottesdienst zum 20.9.2020<br>aus dem Kreuzgang der Erl\u00f6serkirche"},"content":{"rendered":"<p>Wir laden ein, den zuvor aufgezeichneten Gottesdienst der Erl\u00f6serkirche per Youtube mitzufeiern. Wir haben f\u00fcr den Sonntag vertretungsweise vorgesehenen Musiker, Herrn <em>Benjamin Goodman<\/em>, um seinen musikalischen Dienst f\u00fcr die Gottesdienstaufzeichnung gebeten.<\/p>\n\n\n\n<p>Church council <em>Michael Mohrmann<\/em> hat bei Lesungen und Gebeten mitgewirkt und au\u00dferdem f\u00fcr die technische Umsetzung gesorgt. Danke. <\/p>\n\n\n\n<p>Die Predigt h\u00e4lt Propst <em>Joachim Lenz<\/em>. <\/p>\n\n\n\n<p>Der Gottesdienst ist auf YouTube zu sehen. Einfach auf das Foto klicken oder den folgenden Link klicken:<a href=\"https:\/\/youtu.be\/yofVUtZIJ6Y\"> https:\/\/youtu.be\/yofVUtZIJ6Y<\/a><\/p>\n\n\n\n<figure class=\"wp-block-image size-large\"><a href=\"https:\/\/youtu.be\/yofVUtZIJ6Y\"><img fetchpriority=\"high\" decoding=\"async\" width=\"1024\" height=\"572\" src=\"https:\/\/www.evangelisch-in-jerusalem.org\/wp-content\/uploads\/2020\/09\/Probst-Joachim-Lenz-youtube-1024x572.jpg\" alt=\"\" class=\"wp-image-4061\" srcset=\"https:\/\/www.evangelisch-in-jerusalem.org\/wp-content\/uploads\/2020\/09\/Probst-Joachim-Lenz-youtube-1024x572.jpg 1024w, https:\/\/www.evangelisch-in-jerusalem.org\/wp-content\/uploads\/2020\/09\/Probst-Joachim-Lenz-youtube-300x168.jpg 300w, https:\/\/www.evangelisch-in-jerusalem.org\/wp-content\/uploads\/2020\/09\/Probst-Joachim-Lenz-youtube-768x429.jpg 768w, https:\/\/www.evangelisch-in-jerusalem.org\/wp-content\/uploads\/2020\/09\/Probst-Joachim-Lenz-youtube-1536x859.jpg 1536w, https:\/\/www.evangelisch-in-jerusalem.org\/wp-content\/uploads\/2020\/09\/Probst-Joachim-Lenz-youtube-2048x1145.jpg 2048w, https:\/\/www.evangelisch-in-jerusalem.org\/wp-content\/uploads\/2020\/09\/Probst-Joachim-Lenz-youtube-1568x877.jpg 1568w\" sizes=\"(max-width: 1024px) 100vw, 1024px\" \/><\/a><\/figure>\n\n\n\n<p><\/p>","protected":false},"excerpt":{"rendered":"<p>Wir laden ein, den zuvor aufgezeichneten Gottesdienst der Erl\u00f6serkirche per Youtube mitzufeiern. Wir haben f\u00fcr den Sonntag vertretungsweise vorgesehenen Musiker, Herrn Benjamin Goodman, um seinen musikalischen Dienst f\u00fcr die Gottesdienstaufzeichnung gebeten. Kirchengemeinderat Michael Mohrmann hat bei Lesungen und Gebeten mitgewirkt und au\u00dferdem f\u00fcr die technische Umsetzung gesorgt. Danke. Die Predigt h\u00e4lt Propst Joachim Lenz. Der &hellip; <\/p>\n<p class=\"link-more\"><a href=\"https:\/\/www.evangelisch-in-jerusalem.org\/en\/2020\/09\/24\/gottesdienst-vom-20-9-2020\/\" class=\"more-link\">Continue reading<span class=\"screen-reader-text\"> &#8220;Gottesdienst zum 20.9.2020<br>aus dem Kreuzgang der Erl\u00f6serkirche&#8221;<\/span><\/a><\/p>","protected":false},"author":2,"featured_media":4060,"comment_status":"closed","ping_status":"open","sticky":false,"template":"","format":"standard","meta":{"footnotes":""},"categories":[1,19,181,171],"tags":[],"class_list":["post-4057","post","type-post","status-publish","format-standard","has-post-thumbnail","hentry","category-allgemein","category-allgemein-en","category-erloeserkirche","category-gottesdienst","entry"],"yoast_head":"<!-- This site is optimized with the Yoast SEO plugin v27.4 - https:\/\/yoast.com\/product\/yoast-seo-wordpress\/ -->\n<title>Gottesdienst zum 20.9.2020aus dem Kreuzgang der Erl\u00f6serkirche - Evangelisch in Jerusalem<\/title>\n<meta name=\"robots\" content=\"index, follow, max-snippet:-1, max-image-preview:large, max-video-preview:-1\" \/>\n<link rel=\"canonical\" href=\"https:\/\/www.evangelisch-in-jerusalem.org\/en\/2020\/09\/24\/gottesdienst-vom-20-9-2020\/\" \/>\n<meta property=\"og:locale\" content=\"en_GB\" \/>\n<meta property=\"og:type\" content=\"article\" \/>\n<meta property=\"og:title\" content=\"Gottesdienst zum 20.9.2020aus dem Kreuzgang der Erl\u00f6serkirche - Evangelisch in Jerusalem\" \/>\n<meta property=\"og:description\" content=\"Wir laden ein, den zuvor aufgezeichneten Gottesdienst der Erl\u00f6serkirche per Youtube mitzufeiern. Wir haben f\u00fcr den Sonntag vertretungsweise vorgesehenen Musiker, Herrn Benjamin Goodman, um seinen musikalischen Dienst f\u00fcr die Gottesdienstaufzeichnung gebeten. Kirchengemeinderat Michael Mohrmann hat bei Lesungen und Gebeten mitgewirkt und au\u00dferdem f\u00fcr die technische Umsetzung gesorgt. Danke. Die Predigt h\u00e4lt Propst Joachim Lenz. Der &hellip; Continue reading &quot;Gottesdienst zum 20.9.2020aus dem Kreuzgang der Erl\u00f6serkirche&quot;\" \/>\n<meta property=\"og:url\" content=\"https:\/\/www.evangelisch-in-jerusalem.org\/en\/2020\/09\/24\/gottesdienst-vom-20-9-2020\/\" \/>\n<meta property=\"og:site_name\" content=\"Evangelisch in Jerusalem\" \/>\n<meta property=\"article:publisher\" content=\"https:\/\/www.facebook.com\/erloeserkirche.jerusalem\" \/>\n<meta property=\"article:published_time\" content=\"2020-09-24T11:01:24+00:00\" \/>\n<meta property=\"article:modified_time\" content=\"2020-10-10T13:07:41+00:00\" \/>\n<meta property=\"og:image\" content=\"https:\/\/www.evangelisch-in-jerusalem.org\/wp-content\/uploads\/2020\/09\/Altar-im-Kreuzgang.jpg\" \/>\n\t<meta property=\"og:image:width\" content=\"1838\" \/>\n\t<meta property=\"og:image:height\" content=\"1080\" \/>\n\t<meta property=\"og:image:type\" content=\"image\/jpeg\" \/>\n<meta name=\"author\" content=\"Christoph M\u00fcller\" \/>\n<meta name=\"twitter:card\" content=\"summary_large_image\" \/>\n<meta name=\"twitter:label1\" content=\"Written by\" \/>\n\t<meta name=\"twitter:data1\" content=\"Christoph M\u00fcller\" \/>\n<script type=\"application\/ld+json\" class=\"yoast-schema-graph\">{\"@context\":\"https:\\\/\\\/schema.org\",\"@graph\":[{\"@type\":\"Article\",\"@id\":\"https:\\\/\\\/www.evangelisch-in-jerusalem.org\\\/2020\\\/09\\\/24\\\/gottesdienst-vom-20-9-2020\\\/#article\",\"isPartOf\":{\"@id\":\"https:\\\/\\\/www.evangelisch-in-jerusalem.org\\\/2020\\\/09\\\/24\\\/gottesdienst-vom-20-9-2020\\\/\"},\"author\":{\"name\":\"Christoph M\u00fcller\",\"@id\":\"https:\\\/\\\/www.evangelisch-in-jerusalem.org\\\/#\\\/schema\\\/person\\\/437a129d1dcf7e85e23c608e4b9f13e8\"},\"headline\":\"Gottesdienst zum 20.9.2020 aus dem Kreuzgang der Erl\u00f6serkirche\",\"datePublished\":\"2020-09-24T11:01:24+00:00\",\"dateModified\":\"2020-10-10T13:07:41+00:00\",\"mainEntityOfPage\":{\"@id\":\"https:\\\/\\\/www.evangelisch-in-jerusalem.org\\\/2020\\\/09\\\/24\\\/gottesdienst-vom-20-9-2020\\\/\"},\"wordCount\":90,\"publisher\":{\"@id\":\"https:\\\/\\\/www.evangelisch-in-jerusalem.org\\\/#organization\"},\"image\":{\"@id\":\"https:\\\/\\\/www.evangelisch-in-jerusalem.org\\\/2020\\\/09\\\/24\\\/gottesdienst-vom-20-9-2020\\\/#primaryimage\"},\"thumbnailUrl\":\"https:\\\/\\\/www.evangelisch-in-jerusalem.org\\\/wp-content\\\/uploads\\\/2020\\\/09\\\/Altar-im-Kreuzgang.jpg\",\"articleSection\":[\"Allgemein\",\"Allgemein\",\"Erl\u00f6serkirche\",\"Gottesdienst\"],\"inLanguage\":\"en-GB\"},{\"@type\":\"WebPage\",\"@id\":\"https:\\\/\\\/www.evangelisch-in-jerusalem.org\\\/2020\\\/09\\\/24\\\/gottesdienst-vom-20-9-2020\\\/\",\"url\":\"https:\\\/\\\/www.evangelisch-in-jerusalem.org\\\/2020\\\/09\\\/24\\\/gottesdienst-vom-20-9-2020\\\/\",\"name\":\"Gottesdienst zum 20.9.2020 aus dem Kreuzgang der Erl\u00f6serkirche - Evangelisch in Jerusalem\",\"isPartOf\":{\"@id\":\"https:\\\/\\\/www.evangelisch-in-jerusalem.org\\\/#website\"},\"primaryImageOfPage\":{\"@id\":\"https:\\\/\\\/www.evangelisch-in-jerusalem.org\\\/2020\\\/09\\\/24\\\/gottesdienst-vom-20-9-2020\\\/#primaryimage\"},\"image\":{\"@id\":\"https:\\\/\\\/www.evangelisch-in-jerusalem.org\\\/2020\\\/09\\\/24\\\/gottesdienst-vom-20-9-2020\\\/#primaryimage\"},\"thumbnailUrl\":\"https:\\\/\\\/www.evangelisch-in-jerusalem.org\\\/wp-content\\\/uploads\\\/2020\\\/09\\\/Altar-im-Kreuzgang.jpg\",\"datePublished\":\"2020-09-24T11:01:24+00:00\",\"dateModified\":\"2020-10-10T13:07:41+00:00\",\"breadcrumb\":{\"@id\":\"https:\\\/\\\/www.evangelisch-in-jerusalem.org\\\/2020\\\/09\\\/24\\\/gottesdienst-vom-20-9-2020\\\/#breadcrumb\"},\"inLanguage\":\"en-GB\",\"potentialAction\":[{\"@type\":\"ReadAction\",\"target\":[\"https:\\\/\\\/www.evangelisch-in-jerusalem.org\\\/2020\\\/09\\\/24\\\/gottesdienst-vom-20-9-2020\\\/\"]}]},{\"@type\":\"ImageObject\",\"inLanguage\":\"en-GB\",\"@id\":\"https:\\\/\\\/www.evangelisch-in-jerusalem.org\\\/2020\\\/09\\\/24\\\/gottesdienst-vom-20-9-2020\\\/#primaryimage\",\"url\":\"https:\\\/\\\/www.evangelisch-in-jerusalem.org\\\/wp-content\\\/uploads\\\/2020\\\/09\\\/Altar-im-Kreuzgang.jpg\",\"contentUrl\":\"https:\\\/\\\/www.evangelisch-in-jerusalem.org\\\/wp-content\\\/uploads\\\/2020\\\/09\\\/Altar-im-Kreuzgang.jpg\",\"width\":1838,\"height\":1080},{\"@type\":\"BreadcrumbList\",\"@id\":\"https:\\\/\\\/www.evangelisch-in-jerusalem.org\\\/2020\\\/09\\\/24\\\/gottesdienst-vom-20-9-2020\\\/#breadcrumb\",\"itemListElement\":[{\"@type\":\"ListItem\",\"position\":1,\"name\":\"Startseite\",\"item\":\"https:\\\/\\\/www.evangelisch-in-jerusalem.org\\\/\"},{\"@type\":\"ListItem\",\"position\":2,\"name\":\"Gottesdienst zum 20.9.2020aus dem Kreuzgang der Erl\u00f6serkirche\"}]},{\"@type\":\"WebSite\",\"@id\":\"https:\\\/\\\/www.evangelisch-in-jerusalem.org\\\/#website\",\"url\":\"https:\\\/\\\/www.evangelisch-in-jerusalem.org\\\/\",\"name\":\"Evangelisch in Jerusalem\",\"description\":\"Stiftungen der EKD im Heiligen Land\",\"publisher\":{\"@id\":\"https:\\\/\\\/www.evangelisch-in-jerusalem.org\\\/#organization\"},\"potentialAction\":[{\"@type\":\"SearchAction\",\"target\":{\"@type\":\"EntryPoint\",\"urlTemplate\":\"https:\\\/\\\/www.evangelisch-in-jerusalem.org\\\/?s={search_term_string}\"},\"query-input\":{\"@type\":\"PropertyValueSpecification\",\"valueRequired\":true,\"valueName\":\"search_term_string\"}}],\"inLanguage\":\"en-GB\"},{\"@type\":\"Organization\",\"@id\":\"https:\\\/\\\/www.evangelisch-in-jerusalem.org\\\/#organization\",\"name\":\"German Protestant Institutions in the Holy Land\",\"url\":\"https:\\\/\\\/www.evangelisch-in-jerusalem.org\\\/\",\"logo\":{\"@type\":\"ImageObject\",\"inLanguage\":\"en-GB\",\"@id\":\"https:\\\/\\\/www.evangelisch-in-jerusalem.org\\\/#\\\/schema\\\/logo\\\/image\\\/\",\"url\":\"https:\\\/\\\/www.evangelisch-in-jerusalem.org\\\/wp-content\\\/uploads\\\/2019\\\/03\\\/EIJ_Logo_500-px.png\",\"contentUrl\":\"https:\\\/\\\/www.evangelisch-in-jerusalem.org\\\/wp-content\\\/uploads\\\/2019\\\/03\\\/EIJ_Logo_500-px.png\",\"width\":500,\"height\":82,\"caption\":\"German Protestant Institutions in the Holy Land\"},\"image\":{\"@id\":\"https:\\\/\\\/www.evangelisch-in-jerusalem.org\\\/#\\\/schema\\\/logo\\\/image\\\/\"},\"sameAs\":[\"https:\\\/\\\/www.facebook.com\\\/erloeserkirche.jerusalem\"]},{\"@type\":\"Person\",\"@id\":\"https:\\\/\\\/www.evangelisch-in-jerusalem.org\\\/#\\\/schema\\\/person\\\/437a129d1dcf7e85e23c608e4b9f13e8\",\"name\":\"Christoph M\u00fcller\",\"url\":\"https:\\\/\\\/www.evangelisch-in-jerusalem.org\\\/en\\\/author\\\/cm-eij\\\/\"}]}<\/script>\n<!-- \/ Yoast SEO plugin. -->","yoast_head_json":{"title":"Gottesdienst zum 20.9.2020aus dem Kreuzgang der Erl\u00f6serkirche - Evangelisch in Jerusalem","robots":{"index":"index","follow":"follow","max-snippet":"max-snippet:-1","max-image-preview":"max-image-preview:large","max-video-preview":"max-video-preview:-1"},"canonical":"https:\/\/www.evangelisch-in-jerusalem.org\/en\/2020\/09\/24\/gottesdienst-vom-20-9-2020\/","og_locale":"en_GB","og_type":"article","og_title":"Gottesdienst zum 20.9.2020aus dem Kreuzgang der Erl\u00f6serkirche - Evangelisch in Jerusalem","og_description":"Wir laden ein, den zuvor aufgezeichneten Gottesdienst der Erl\u00f6serkirche per Youtube mitzufeiern. Wir haben f\u00fcr den Sonntag vertretungsweise vorgesehenen Musiker, Herrn Benjamin Goodman, um seinen musikalischen Dienst f\u00fcr die Gottesdienstaufzeichnung gebeten. Kirchengemeinderat Michael Mohrmann hat bei Lesungen und Gebeten mitgewirkt und au\u00dferdem f\u00fcr die technische Umsetzung gesorgt. Danke. Die Predigt h\u00e4lt Propst Joachim Lenz. Der &hellip; Continue reading \"Gottesdienst zum 20.9.2020aus dem Kreuzgang der Erl\u00f6serkirche\"","og_url":"https:\/\/www.evangelisch-in-jerusalem.org\/en\/2020\/09\/24\/gottesdienst-vom-20-9-2020\/","og_site_name":"Evangelisch in Jerusalem","article_publisher":"https:\/\/www.facebook.com\/erloeserkirche.jerusalem","article_published_time":"2020-09-24T11:01:24+00:00","article_modified_time":"2020-10-10T13:07:41+00:00","og_image":[{"width":1838,"height":1080,"url":"https:\/\/www.evangelisch-in-jerusalem.org\/wp-content\/uploads\/2020\/09\/Altar-im-Kreuzgang.jpg","type":"image\/jpeg"}],"author":"Christoph M\u00fcller","twitter_card":"summary_large_image","twitter_misc":{"Written by":"Christoph M\u00fcller"},"schema":{"@context":"https:\/\/schema.org","@graph":[{"@type":"Article","@id":"https:\/\/www.evangelisch-in-jerusalem.org\/2020\/09\/24\/gottesdienst-vom-20-9-2020\/#article","isPartOf":{"@id":"https:\/\/www.evangelisch-in-jerusalem.org\/2020\/09\/24\/gottesdienst-vom-20-9-2020\/"},"author":{"name":"Christoph M\u00fcller","@id":"https:\/\/www.evangelisch-in-jerusalem.org\/#\/schema\/person\/437a129d1dcf7e85e23c608e4b9f13e8"},"headline":"Gottesdienst zum 20.9.2020 aus dem Kreuzgang der Erl\u00f6serkirche","datePublished":"2020-09-24T11:01:24+00:00","dateModified":"2020-10-10T13:07:41+00:00","mainEntityOfPage":{"@id":"https:\/\/www.evangelisch-in-jerusalem.org\/2020\/09\/24\/gottesdienst-vom-20-9-2020\/"},"wordCount":90,"publisher":{"@id":"https:\/\/www.evangelisch-in-jerusalem.org\/#organization"},"image":{"@id":"https:\/\/www.evangelisch-in-jerusalem.org\/2020\/09\/24\/gottesdienst-vom-20-9-2020\/#primaryimage"},"thumbnailUrl":"https:\/\/www.evangelisch-in-jerusalem.org\/wp-content\/uploads\/2020\/09\/Altar-im-Kreuzgang.jpg","articleSection":["Allgemein","Allgemein","Erl\u00f6serkirche","Gottesdienst"],"inLanguage":"en-GB"},{"@type":"WebPage","@id":"https:\/\/www.evangelisch-in-jerusalem.org\/2020\/09\/24\/gottesdienst-vom-20-9-2020\/","url":"https:\/\/www.evangelisch-in-jerusalem.org\/2020\/09\/24\/gottesdienst-vom-20-9-2020\/","name":"Gottesdienst zum 20.9.2020 aus dem Kreuzgang der Erl\u00f6serkirche - Evangelisch in Jerusalem","isPartOf":{"@id":"https:\/\/www.evangelisch-in-jerusalem.org\/#website"},"primaryImageOfPage":{"@id":"https:\/\/www.evangelisch-in-jerusalem.org\/2020\/09\/24\/gottesdienst-vom-20-9-2020\/#primaryimage"},"image":{"@id":"https:\/\/www.evangelisch-in-jerusalem.org\/2020\/09\/24\/gottesdienst-vom-20-9-2020\/#primaryimage"},"thumbnailUrl":"https:\/\/www.evangelisch-in-jerusalem.org\/wp-content\/uploads\/2020\/09\/Altar-im-Kreuzgang.jpg","datePublished":"2020-09-24T11:01:24+00:00","dateModified":"2020-10-10T13:07:41+00:00","breadcrumb":{"@id":"https:\/\/www.evangelisch-in-jerusalem.org\/2020\/09\/24\/gottesdienst-vom-20-9-2020\/#breadcrumb"},"inLanguage":"en-GB","potentialAction":[{"@type":"ReadAction","target":["https:\/\/www.evangelisch-in-jerusalem.org\/2020\/09\/24\/gottesdienst-vom-20-9-2020\/"]}]},{"@type":"ImageObject","inLanguage":"en-GB","@id":"https:\/\/www.evangelisch-in-jerusalem.org\/2020\/09\/24\/gottesdienst-vom-20-9-2020\/#primaryimage","url":"https:\/\/www.evangelisch-in-jerusalem.org\/wp-content\/uploads\/2020\/09\/Altar-im-Kreuzgang.jpg","contentUrl":"https:\/\/www.evangelisch-in-jerusalem.org\/wp-content\/uploads\/2020\/09\/Altar-im-Kreuzgang.jpg","width":1838,"height":1080},{"@type":"BreadcrumbList","@id":"https:\/\/www.evangelisch-in-jerusalem.org\/2020\/09\/24\/gottesdienst-vom-20-9-2020\/#breadcrumb","itemListElement":[{"@type":"ListItem","position":1,"name":"Startseite","item":"https:\/\/www.evangelisch-in-jerusalem.org\/"},{"@type":"ListItem","position":2,"name":"Gottesdienst zum 20.9.2020aus dem Kreuzgang der Erl\u00f6serkirche"}]},{"@type":"WebSite","@id":"https:\/\/www.evangelisch-in-jerusalem.org\/#website","url":"https:\/\/www.evangelisch-in-jerusalem.org\/","name":"Evangelisch in Jerusalem","description":"German Protestant Institutions in the Holy Land","publisher":{"@id":"https:\/\/www.evangelisch-in-jerusalem.org\/#organization"},"potentialAction":[{"@type":"SearchAction","target":{"@type":"EntryPoint","urlTemplate":"https:\/\/www.evangelisch-in-jerusalem.org\/?s={search_term_string}"},"query-input":{"@type":"PropertyValueSpecification","valueRequired":true,"valueName":"search_term_string"}}],"inLanguage":"en-GB"},{"@type":"Organization","@id":"https:\/\/www.evangelisch-in-jerusalem.org\/#organization","name":"German Protestant Institutions in the Holy Land","url":"https:\/\/www.evangelisch-in-jerusalem.org\/","logo":{"@type":"ImageObject","inLanguage":"en-GB","@id":"https:\/\/www.evangelisch-in-jerusalem.org\/#\/schema\/logo\/image\/","url":"https:\/\/www.evangelisch-in-jerusalem.org\/wp-content\/uploads\/2019\/03\/EIJ_Logo_500-px.png","contentUrl":"https:\/\/www.evangelisch-in-jerusalem.org\/wp-content\/uploads\/2019\/03\/EIJ_Logo_500-px.png","width":500,"height":82,"caption":"German Protestant Institutions in the Holy Land"},"image":{"@id":"https:\/\/www.evangelisch-in-jerusalem.org\/#\/schema\/logo\/image\/"},"sameAs":["https:\/\/www.facebook.com\/erloeserkirche.jerusalem"]},{"@type":"Person","@id":"https:\/\/www.evangelisch-in-jerusalem.org\/#\/schema\/person\/437a129d1dcf7e85e23c608e4b9f13e8","name":"Christoph M\u00fcller","url":"https:\/\/www.evangelisch-in-jerusalem.org\/en\/author\/cm-eij\/"}]}},"_links":{"self":[{"href":"https:\/\/www.evangelisch-in-jerusalem.org\/en\/wp-json\/wp\/v2\/posts\/4057","targetHints":{"allow":["GET"]}}],"collection":[{"href":"https:\/\/www.evangelisch-in-jerusalem.org\/en\/wp-json\/wp\/v2\/posts"}],"about":[{"href":"https:\/\/www.evangelisch-in-jerusalem.org\/en\/wp-json\/wp\/v2\/types\/post"}],"author":[{"embeddable":true,"href":"https:\/\/www.evangelisch-in-jerusalem.org\/en\/wp-json\/wp\/v2\/users\/2"}],"replies":[{"embeddable":true,"href":"https:\/\/www.evangelisch-in-jerusalem.org\/en\/wp-json\/wp\/v2\/comments?post=4057"}],"version-history":[{"count":2,"href":"https:\/\/www.evangelisch-in-jerusalem.org\/en\/wp-json\/wp\/v2\/posts\/4057\/revisions"}],"predecessor-version":[{"id":4311,"href":"https:\/\/www.evangelisch-in-jerusalem.org\/en\/wp-json\/wp\/v2\/posts\/4057\/revisions\/4311"}],"wp:featuredmedia":[{"embeddable":true,"href":"https:\/\/www.evangelisch-in-jerusalem.org\/en\/wp-json\/wp\/v2\/media\/4060"}],"wp:attachment":[{"href":"https:\/\/www.evangelisch-in-jerusalem.org\/en\/wp-json\/wp\/v2\/media?parent=4057"}],"wp:term":[{"taxonomy":"category","embeddable":true,"href":"https:\/\/www.evangelisch-in-jerusalem.org\/en\/wp-json\/wp\/v2\/categories?post=4057"},{"taxonomy":"post_tag","embeddable":true,"href":"https:\/\/www.evangelisch-in-jerusalem.org\/en\/wp-json\/wp\/v2\/tags?post=4057"}],"curies":[{"name":"wp","href":"https:\/\/api.w.org\/{rel}","templated":true}]}}