{"id":3131,"date":"2020-05-13T13:39:35","date_gmt":"2020-05-13T11:39:35","guid":{"rendered":"https:\/\/www.evangelisch-in-jerusalem.org\/?p=3131"},"modified":"2020-05-13T19:51:19","modified_gmt":"2020-05-13T17:51:19","slug":"aktuelle-information-zu-covid-19","status":"publish","type":"post","link":"https:\/\/www.evangelisch-in-jerusalem.org\/en\/2020\/05\/13\/aktuelle-information-zu-covid-19\/","title":{"rendered":"Aktuelles zu Himmelfahrt und Pfingsten"},"content":{"rendered":"<p>Liebe Gemeindemitglieder, liebe Freundinnen und Freunde der Erl\u00f6serkirche!<\/p>\n\n\n\n<p>Zu Himmelfahrt beginnen wir mit den ersten gemeinsamen Gottesdiensten!  Herzliche Einladung!<\/p>\n\n\n\n<p><strong>Do, 21. Mai um 16.30 Uhr<\/strong>&nbsp;auf dem Gel\u00e4nde der Auguste Victoria<br>(Wer eine MfG braucht, melde sich bitte. Wir versuchen, das zu organisieren)<\/p>\n\n\n\n<p>Am&nbsp;<strong>So, 24. Mai<\/strong>&nbsp;und zu&nbsp;<strong>Pfingsten, 31. Mai<\/strong>&nbsp;feiern wir um 10.30 Uhr im Kreuzgang der Erl\u00f6serkirche<\/p>\n\n\n\n<p>Beide Gottesdienste werden auch aufgezeichnet und werden im Internet zu sehen sein!<\/p>\n\n\n\n<p>Am&nbsp;<strong>Pfingstmontag, 1. Juni&nbsp;<\/strong>feiern wir um 17 Uhr im Kreuzgang der Erl\u00f6serkirche einen \u00d6kumenischen Gottesdienst.<\/p>\n\n\n\n<p>F\u00fcr alle Gottesdienste bitten wir um Anmeldung unter:&nbsp;<a href=\"mailto:propstei@redeemer-jerusalem.com\">propstei@redeemer-jerusalem.com<\/a><br>Die Gottesdienste finden im Freien statt und f\u00fcr den Sicherheitsabstand wird gesorgt.<\/p>\n\n\n\n<p>Weiterhin laden wir ein zu:<\/p>\n\n\n\n<p>&#8211; T\u00e4glichen Andachten per Mail<br>&#8211; Gottesdiensten per Video<br>&#8211; Zoom- Andachten am Samstagabend<br>&#8211; Gespr\u00e4chen mit den Pfarrer*innen<\/p>\n\n\n\n<p>Wir w\u00fcnschen allen eine gesegnete Himmelfahrt und frohe Pfingsttage!<\/p>\n\n\n\n<p>Da wir zurzeit unsere Gottesdienste nicht gemeinsam feiern, k\u00f6nnen wir auch keine Kollekten einsammeln und zum Altar bringen. Da aber die derzeitige Krise viele Menschen in besondere Notlagen bringt, m\u00f6chten wir Sie dennoch einladen, eine Spende f\u00fcr unseren Sozialfonds auf folgendes Konto der Erl\u00f6serkirche Jerusalem zu \u00fcberweisen:<\/p>\n\n\n\n<p>IBAN: DE88 5206 0410 0004 1076 32<br>BIC: GENODEF1EK1<br>Bank: EKK Hannover<br>Stichwort: Sozialfonds<\/p>\n\n\n\n<p>Mit unserem Sozialfonds unterst\u00fctzen wir ausschlie\u00dflich in Not geratene Menschen! Wenn Sie uns Ihre Postanschrift angeben, schicken wir Ihnen auch gerne eine Spendenquittung zu. Schon jetzt bedanken wir uns f\u00fcr Ihre Spende im Namen derer, denen sie zugutekommt!<\/p>\n\n\n\n<p><a href=\"https:\/\/www.evangelisch-in-jerusalem.org\/wp-content\/uploads\/2020\/04\/Kollektenbitte.pdf\">Finden Sie hier auch den Brief zur Kollektenbitte von&nbsp;<\/a><\/p>\n\n\n\n<p>Rainer Stuhlmann<\/p>\n\n\n\n<p>Ein Beitrag von ARTE:Re<\/p>\n\n\n\n<p>Corona in Jerusalem &#8211; Ostern im Ausnahmezustand mit Aufnahmen aus der Erl\u00f6serkirche und einem <a rel=\"noreferrer noopener\" aria-label=\"Interview mit Pfarrer Rainer Stuhlmann (\u00f6ffnet in neuem Tab)\" href=\"https:\/\/www.arte.tv\/de\/videos\/090637-057-A\/re-corona-in-jerusalem\/\" target=\"_blank\">Interview mit Pfarrer Rainer Stuhlmann<\/a> auf arte.<br><\/p>","protected":false},"excerpt":{"rendered":"<p>Liebe Gemeindemitglieder, liebe Freundinnen und Freunde der Erl\u00f6serkirche! Zu Himmelfahrt beginnen wir mit den ersten gemeinsamen Gottesdiensten! Herzliche Einladung! Do, 21. Mai um 16.30 Uhr&nbsp;auf dem Gel\u00e4nde der Auguste Victoria(Wer eine MfG braucht, melde sich bitte. Wir versuchen, das zu organisieren) Am&nbsp;So, 24. Mai&nbsp;und zu&nbsp;Pfingsten, 31. Mai&nbsp;feiern wir um 10.30 Uhr im Kreuzgang der Erl\u00f6serkirche &hellip; <\/p>\n<p class=\"link-more\"><a href=\"https:\/\/www.evangelisch-in-jerusalem.org\/en\/2020\/05\/13\/aktuelle-information-zu-covid-19\/\" class=\"more-link\">Continue reading<span class=\"screen-reader-text\"> &#8220;Aktuelles zu Himmelfahrt und Pfingsten&#8221;<\/span><\/a><\/p>","protected":false},"author":2,"featured_media":168,"comment_status":"closed","ping_status":"open","sticky":false,"template":"","format":"standard","meta":{"footnotes":""},"categories":[1],"tags":[],"class_list":["post-3131","post","type-post","status-publish","format-standard","has-post-thumbnail","hentry","category-allgemein","entry"],"yoast_head":"<!-- This site is optimized with the Yoast SEO plugin v27.4 - https:\/\/yoast.com\/product\/yoast-seo-wordpress\/ -->\n<title>Aktuelles zu Himmelfahrt und Pfingsten - Evangelisch in Jerusalem<\/title>\n<meta name=\"robots\" content=\"index, follow, max-snippet:-1, max-image-preview:large, max-video-preview:-1\" \/>\n<link rel=\"canonical\" href=\"https:\/\/www.evangelisch-in-jerusalem.org\/en\/2020\/05\/13\/aktuelle-information-zu-covid-19\/\" \/>\n<meta property=\"og:locale\" content=\"en_GB\" \/>\n<meta property=\"og:type\" content=\"article\" \/>\n<meta property=\"og:title\" content=\"Aktuelles zu Himmelfahrt und Pfingsten - Evangelisch in Jerusalem\" \/>\n<meta property=\"og:description\" content=\"Liebe Gemeindemitglieder, liebe Freundinnen und Freunde der Erl\u00f6serkirche! Zu Himmelfahrt beginnen wir mit den ersten gemeinsamen Gottesdiensten! Herzliche Einladung! Do, 21. Mai um 16.30 Uhr&nbsp;auf dem Gel\u00e4nde der Auguste Victoria(Wer eine MfG braucht, melde sich bitte. Wir versuchen, das zu organisieren) Am&nbsp;So, 24. Mai&nbsp;und zu&nbsp;Pfingsten, 31. Mai&nbsp;feiern wir um 10.30 Uhr im Kreuzgang der Erl\u00f6serkirche &hellip; Continue reading &quot;Aktuelles zu Himmelfahrt und Pfingsten&quot;\" \/>\n<meta property=\"og:url\" content=\"https:\/\/www.evangelisch-in-jerusalem.org\/en\/2020\/05\/13\/aktuelle-information-zu-covid-19\/\" \/>\n<meta property=\"og:site_name\" content=\"Evangelisch in Jerusalem\" \/>\n<meta property=\"article:publisher\" content=\"https:\/\/www.facebook.com\/erloeserkirche.jerusalem\" \/>\n<meta property=\"article:published_time\" content=\"2020-05-13T11:39:35+00:00\" \/>\n<meta property=\"article:modified_time\" content=\"2020-05-13T17:51:19+00:00\" \/>\n<meta property=\"og:image\" content=\"https:\/\/www.evangelisch-in-jerusalem.org\/wp-content\/uploads\/2019\/03\/2522_Eingang-Propstei-1.jpg\" \/>\n\t<meta property=\"og:image:width\" content=\"1170\" \/>\n\t<meta property=\"og:image:height\" content=\"780\" \/>\n\t<meta property=\"og:image:type\" content=\"image\/jpeg\" \/>\n<meta name=\"author\" content=\"Christoph M\u00fcller\" \/>\n<meta name=\"twitter:card\" content=\"summary_large_image\" \/>\n<meta name=\"twitter:label1\" content=\"Written by\" \/>\n\t<meta name=\"twitter:data1\" content=\"Christoph M\u00fcller\" \/>\n\t<meta name=\"twitter:label2\" content=\"Estimated reading time\" \/>\n\t<meta name=\"twitter:data2\" content=\"1 minute\" \/>\n<script type=\"application\/ld+json\" class=\"yoast-schema-graph\">{\"@context\":\"https:\\\/\\\/schema.org\",\"@graph\":[{\"@type\":\"Article\",\"@id\":\"https:\\\/\\\/www.evangelisch-in-jerusalem.org\\\/2020\\\/05\\\/13\\\/aktuelle-information-zu-covid-19\\\/#article\",\"isPartOf\":{\"@id\":\"https:\\\/\\\/www.evangelisch-in-jerusalem.org\\\/2020\\\/05\\\/13\\\/aktuelle-information-zu-covid-19\\\/\"},\"author\":{\"name\":\"Christoph M\u00fcller\",\"@id\":\"https:\\\/\\\/www.evangelisch-in-jerusalem.org\\\/#\\\/schema\\\/person\\\/437a129d1dcf7e85e23c608e4b9f13e8\"},\"headline\":\"Aktuelles zu Himmelfahrt und Pfingsten\",\"datePublished\":\"2020-05-13T11:39:35+00:00\",\"dateModified\":\"2020-05-13T17:51:19+00:00\",\"mainEntityOfPage\":{\"@id\":\"https:\\\/\\\/www.evangelisch-in-jerusalem.org\\\/2020\\\/05\\\/13\\\/aktuelle-information-zu-covid-19\\\/\"},\"wordCount\":298,\"publisher\":{\"@id\":\"https:\\\/\\\/www.evangelisch-in-jerusalem.org\\\/#organization\"},\"image\":{\"@id\":\"https:\\\/\\\/www.evangelisch-in-jerusalem.org\\\/2020\\\/05\\\/13\\\/aktuelle-information-zu-covid-19\\\/#primaryimage\"},\"thumbnailUrl\":\"https:\\\/\\\/www.evangelisch-in-jerusalem.org\\\/wp-content\\\/uploads\\\/2019\\\/03\\\/2522_Eingang-Propstei-1.jpg\",\"articleSection\":[\"Allgemein\"],\"inLanguage\":\"en-GB\"},{\"@type\":\"WebPage\",\"@id\":\"https:\\\/\\\/www.evangelisch-in-jerusalem.org\\\/2020\\\/05\\\/13\\\/aktuelle-information-zu-covid-19\\\/\",\"url\":\"https:\\\/\\\/www.evangelisch-in-jerusalem.org\\\/2020\\\/05\\\/13\\\/aktuelle-information-zu-covid-19\\\/\",\"name\":\"Aktuelles zu Himmelfahrt und Pfingsten - Evangelisch in Jerusalem\",\"isPartOf\":{\"@id\":\"https:\\\/\\\/www.evangelisch-in-jerusalem.org\\\/#website\"},\"primaryImageOfPage\":{\"@id\":\"https:\\\/\\\/www.evangelisch-in-jerusalem.org\\\/2020\\\/05\\\/13\\\/aktuelle-information-zu-covid-19\\\/#primaryimage\"},\"image\":{\"@id\":\"https:\\\/\\\/www.evangelisch-in-jerusalem.org\\\/2020\\\/05\\\/13\\\/aktuelle-information-zu-covid-19\\\/#primaryimage\"},\"thumbnailUrl\":\"https:\\\/\\\/www.evangelisch-in-jerusalem.org\\\/wp-content\\\/uploads\\\/2019\\\/03\\\/2522_Eingang-Propstei-1.jpg\",\"datePublished\":\"2020-05-13T11:39:35+00:00\",\"dateModified\":\"2020-05-13T17:51:19+00:00\",\"breadcrumb\":{\"@id\":\"https:\\\/\\\/www.evangelisch-in-jerusalem.org\\\/2020\\\/05\\\/13\\\/aktuelle-information-zu-covid-19\\\/#breadcrumb\"},\"inLanguage\":\"en-GB\",\"potentialAction\":[{\"@type\":\"ReadAction\",\"target\":[\"https:\\\/\\\/www.evangelisch-in-jerusalem.org\\\/2020\\\/05\\\/13\\\/aktuelle-information-zu-covid-19\\\/\"]}]},{\"@type\":\"ImageObject\",\"inLanguage\":\"en-GB\",\"@id\":\"https:\\\/\\\/www.evangelisch-in-jerusalem.org\\\/2020\\\/05\\\/13\\\/aktuelle-information-zu-covid-19\\\/#primaryimage\",\"url\":\"https:\\\/\\\/www.evangelisch-in-jerusalem.org\\\/wp-content\\\/uploads\\\/2019\\\/03\\\/2522_Eingang-Propstei-1.jpg\",\"contentUrl\":\"https:\\\/\\\/www.evangelisch-in-jerusalem.org\\\/wp-content\\\/uploads\\\/2019\\\/03\\\/2522_Eingang-Propstei-1.jpg\",\"width\":1170,\"height\":780},{\"@type\":\"BreadcrumbList\",\"@id\":\"https:\\\/\\\/www.evangelisch-in-jerusalem.org\\\/2020\\\/05\\\/13\\\/aktuelle-information-zu-covid-19\\\/#breadcrumb\",\"itemListElement\":[{\"@type\":\"ListItem\",\"position\":1,\"name\":\"Startseite\",\"item\":\"https:\\\/\\\/www.evangelisch-in-jerusalem.org\\\/\"},{\"@type\":\"ListItem\",\"position\":2,\"name\":\"Aktuelles zu Himmelfahrt und Pfingsten\"}]},{\"@type\":\"WebSite\",\"@id\":\"https:\\\/\\\/www.evangelisch-in-jerusalem.org\\\/#website\",\"url\":\"https:\\\/\\\/www.evangelisch-in-jerusalem.org\\\/\",\"name\":\"Evangelisch in Jerusalem\",\"description\":\"Stiftungen der EKD im Heiligen Land\",\"publisher\":{\"@id\":\"https:\\\/\\\/www.evangelisch-in-jerusalem.org\\\/#organization\"},\"potentialAction\":[{\"@type\":\"SearchAction\",\"target\":{\"@type\":\"EntryPoint\",\"urlTemplate\":\"https:\\\/\\\/www.evangelisch-in-jerusalem.org\\\/?s={search_term_string}\"},\"query-input\":{\"@type\":\"PropertyValueSpecification\",\"valueRequired\":true,\"valueName\":\"search_term_string\"}}],\"inLanguage\":\"en-GB\"},{\"@type\":\"Organization\",\"@id\":\"https:\\\/\\\/www.evangelisch-in-jerusalem.org\\\/#organization\",\"name\":\"German Protestant Institutions in the Holy Land\",\"url\":\"https:\\\/\\\/www.evangelisch-in-jerusalem.org\\\/\",\"logo\":{\"@type\":\"ImageObject\",\"inLanguage\":\"en-GB\",\"@id\":\"https:\\\/\\\/www.evangelisch-in-jerusalem.org\\\/#\\\/schema\\\/logo\\\/image\\\/\",\"url\":\"https:\\\/\\\/www.evangelisch-in-jerusalem.org\\\/wp-content\\\/uploads\\\/2019\\\/03\\\/EIJ_Logo_500-px.png\",\"contentUrl\":\"https:\\\/\\\/www.evangelisch-in-jerusalem.org\\\/wp-content\\\/uploads\\\/2019\\\/03\\\/EIJ_Logo_500-px.png\",\"width\":500,\"height\":82,\"caption\":\"German Protestant Institutions in the Holy Land\"},\"image\":{\"@id\":\"https:\\\/\\\/www.evangelisch-in-jerusalem.org\\\/#\\\/schema\\\/logo\\\/image\\\/\"},\"sameAs\":[\"https:\\\/\\\/www.facebook.com\\\/erloeserkirche.jerusalem\"]},{\"@type\":\"Person\",\"@id\":\"https:\\\/\\\/www.evangelisch-in-jerusalem.org\\\/#\\\/schema\\\/person\\\/437a129d1dcf7e85e23c608e4b9f13e8\",\"name\":\"Christoph M\u00fcller\",\"url\":\"https:\\\/\\\/www.evangelisch-in-jerusalem.org\\\/en\\\/author\\\/cm-eij\\\/\"}]}<\/script>\n<!-- \/ Yoast SEO plugin. -->","yoast_head_json":{"title":"Aktuelles zu Himmelfahrt und Pfingsten - Evangelisch in Jerusalem","robots":{"index":"index","follow":"follow","max-snippet":"max-snippet:-1","max-image-preview":"max-image-preview:large","max-video-preview":"max-video-preview:-1"},"canonical":"https:\/\/www.evangelisch-in-jerusalem.org\/en\/2020\/05\/13\/aktuelle-information-zu-covid-19\/","og_locale":"en_GB","og_type":"article","og_title":"Aktuelles zu Himmelfahrt und Pfingsten - Evangelisch in Jerusalem","og_description":"Liebe Gemeindemitglieder, liebe Freundinnen und Freunde der Erl\u00f6serkirche! Zu Himmelfahrt beginnen wir mit den ersten gemeinsamen Gottesdiensten! Herzliche Einladung! Do, 21. Mai um 16.30 Uhr&nbsp;auf dem Gel\u00e4nde der Auguste Victoria(Wer eine MfG braucht, melde sich bitte. Wir versuchen, das zu organisieren) Am&nbsp;So, 24. Mai&nbsp;und zu&nbsp;Pfingsten, 31. Mai&nbsp;feiern wir um 10.30 Uhr im Kreuzgang der Erl\u00f6serkirche &hellip; Continue reading \"Aktuelles zu Himmelfahrt und Pfingsten\"","og_url":"https:\/\/www.evangelisch-in-jerusalem.org\/en\/2020\/05\/13\/aktuelle-information-zu-covid-19\/","og_site_name":"Evangelisch in Jerusalem","article_publisher":"https:\/\/www.facebook.com\/erloeserkirche.jerusalem","article_published_time":"2020-05-13T11:39:35+00:00","article_modified_time":"2020-05-13T17:51:19+00:00","og_image":[{"width":1170,"height":780,"url":"https:\/\/www.evangelisch-in-jerusalem.org\/wp-content\/uploads\/2019\/03\/2522_Eingang-Propstei-1.jpg","type":"image\/jpeg"}],"author":"Christoph M\u00fcller","twitter_card":"summary_large_image","twitter_misc":{"Written by":"Christoph M\u00fcller","Estimated reading time":"1 minute"},"schema":{"@context":"https:\/\/schema.org","@graph":[{"@type":"Article","@id":"https:\/\/www.evangelisch-in-jerusalem.org\/2020\/05\/13\/aktuelle-information-zu-covid-19\/#article","isPartOf":{"@id":"https:\/\/www.evangelisch-in-jerusalem.org\/2020\/05\/13\/aktuelle-information-zu-covid-19\/"},"author":{"name":"Christoph M\u00fcller","@id":"https:\/\/www.evangelisch-in-jerusalem.org\/#\/schema\/person\/437a129d1dcf7e85e23c608e4b9f13e8"},"headline":"Aktuelles zu Himmelfahrt und Pfingsten","datePublished":"2020-05-13T11:39:35+00:00","dateModified":"2020-05-13T17:51:19+00:00","mainEntityOfPage":{"@id":"https:\/\/www.evangelisch-in-jerusalem.org\/2020\/05\/13\/aktuelle-information-zu-covid-19\/"},"wordCount":298,"publisher":{"@id":"https:\/\/www.evangelisch-in-jerusalem.org\/#organization"},"image":{"@id":"https:\/\/www.evangelisch-in-jerusalem.org\/2020\/05\/13\/aktuelle-information-zu-covid-19\/#primaryimage"},"thumbnailUrl":"https:\/\/www.evangelisch-in-jerusalem.org\/wp-content\/uploads\/2019\/03\/2522_Eingang-Propstei-1.jpg","articleSection":["Allgemein"],"inLanguage":"en-GB"},{"@type":"WebPage","@id":"https:\/\/www.evangelisch-in-jerusalem.org\/2020\/05\/13\/aktuelle-information-zu-covid-19\/","url":"https:\/\/www.evangelisch-in-jerusalem.org\/2020\/05\/13\/aktuelle-information-zu-covid-19\/","name":"Aktuelles zu Himmelfahrt und Pfingsten - Evangelisch in Jerusalem","isPartOf":{"@id":"https:\/\/www.evangelisch-in-jerusalem.org\/#website"},"primaryImageOfPage":{"@id":"https:\/\/www.evangelisch-in-jerusalem.org\/2020\/05\/13\/aktuelle-information-zu-covid-19\/#primaryimage"},"image":{"@id":"https:\/\/www.evangelisch-in-jerusalem.org\/2020\/05\/13\/aktuelle-information-zu-covid-19\/#primaryimage"},"thumbnailUrl":"https:\/\/www.evangelisch-in-jerusalem.org\/wp-content\/uploads\/2019\/03\/2522_Eingang-Propstei-1.jpg","datePublished":"2020-05-13T11:39:35+00:00","dateModified":"2020-05-13T17:51:19+00:00","breadcrumb":{"@id":"https:\/\/www.evangelisch-in-jerusalem.org\/2020\/05\/13\/aktuelle-information-zu-covid-19\/#breadcrumb"},"inLanguage":"en-GB","potentialAction":[{"@type":"ReadAction","target":["https:\/\/www.evangelisch-in-jerusalem.org\/2020\/05\/13\/aktuelle-information-zu-covid-19\/"]}]},{"@type":"ImageObject","inLanguage":"en-GB","@id":"https:\/\/www.evangelisch-in-jerusalem.org\/2020\/05\/13\/aktuelle-information-zu-covid-19\/#primaryimage","url":"https:\/\/www.evangelisch-in-jerusalem.org\/wp-content\/uploads\/2019\/03\/2522_Eingang-Propstei-1.jpg","contentUrl":"https:\/\/www.evangelisch-in-jerusalem.org\/wp-content\/uploads\/2019\/03\/2522_Eingang-Propstei-1.jpg","width":1170,"height":780},{"@type":"BreadcrumbList","@id":"https:\/\/www.evangelisch-in-jerusalem.org\/2020\/05\/13\/aktuelle-information-zu-covid-19\/#breadcrumb","itemListElement":[{"@type":"ListItem","position":1,"name":"Startseite","item":"https:\/\/www.evangelisch-in-jerusalem.org\/"},{"@type":"ListItem","position":2,"name":"Aktuelles zu Himmelfahrt und Pfingsten"}]},{"@type":"WebSite","@id":"https:\/\/www.evangelisch-in-jerusalem.org\/#website","url":"https:\/\/www.evangelisch-in-jerusalem.org\/","name":"Evangelisch in Jerusalem","description":"German Protestant Institutions in the Holy Land","publisher":{"@id":"https:\/\/www.evangelisch-in-jerusalem.org\/#organization"},"potentialAction":[{"@type":"SearchAction","target":{"@type":"EntryPoint","urlTemplate":"https:\/\/www.evangelisch-in-jerusalem.org\/?s={search_term_string}"},"query-input":{"@type":"PropertyValueSpecification","valueRequired":true,"valueName":"search_term_string"}}],"inLanguage":"en-GB"},{"@type":"Organization","@id":"https:\/\/www.evangelisch-in-jerusalem.org\/#organization","name":"German Protestant Institutions in the Holy Land","url":"https:\/\/www.evangelisch-in-jerusalem.org\/","logo":{"@type":"ImageObject","inLanguage":"en-GB","@id":"https:\/\/www.evangelisch-in-jerusalem.org\/#\/schema\/logo\/image\/","url":"https:\/\/www.evangelisch-in-jerusalem.org\/wp-content\/uploads\/2019\/03\/EIJ_Logo_500-px.png","contentUrl":"https:\/\/www.evangelisch-in-jerusalem.org\/wp-content\/uploads\/2019\/03\/EIJ_Logo_500-px.png","width":500,"height":82,"caption":"German Protestant Institutions in the Holy Land"},"image":{"@id":"https:\/\/www.evangelisch-in-jerusalem.org\/#\/schema\/logo\/image\/"},"sameAs":["https:\/\/www.facebook.com\/erloeserkirche.jerusalem"]},{"@type":"Person","@id":"https:\/\/www.evangelisch-in-jerusalem.org\/#\/schema\/person\/437a129d1dcf7e85e23c608e4b9f13e8","name":"Christoph M\u00fcller","url":"https:\/\/www.evangelisch-in-jerusalem.org\/en\/author\/cm-eij\/"}]}},"_links":{"self":[{"href":"https:\/\/www.evangelisch-in-jerusalem.org\/en\/wp-json\/wp\/v2\/posts\/3131","targetHints":{"allow":["GET"]}}],"collection":[{"href":"https:\/\/www.evangelisch-in-jerusalem.org\/en\/wp-json\/wp\/v2\/posts"}],"about":[{"href":"https:\/\/www.evangelisch-in-jerusalem.org\/en\/wp-json\/wp\/v2\/types\/post"}],"author":[{"embeddable":true,"href":"https:\/\/www.evangelisch-in-jerusalem.org\/en\/wp-json\/wp\/v2\/users\/2"}],"replies":[{"embeddable":true,"href":"https:\/\/www.evangelisch-in-jerusalem.org\/en\/wp-json\/wp\/v2\/comments?post=3131"}],"version-history":[{"count":2,"href":"https:\/\/www.evangelisch-in-jerusalem.org\/en\/wp-json\/wp\/v2\/posts\/3131\/revisions"}],"predecessor-version":[{"id":3524,"href":"https:\/\/www.evangelisch-in-jerusalem.org\/en\/wp-json\/wp\/v2\/posts\/3131\/revisions\/3524"}],"wp:featuredmedia":[{"embeddable":true,"href":"https:\/\/www.evangelisch-in-jerusalem.org\/en\/wp-json\/wp\/v2\/media\/168"}],"wp:attachment":[{"href":"https:\/\/www.evangelisch-in-jerusalem.org\/en\/wp-json\/wp\/v2\/media?parent=3131"}],"wp:term":[{"taxonomy":"category","embeddable":true,"href":"https:\/\/www.evangelisch-in-jerusalem.org\/en\/wp-json\/wp\/v2\/categories?post=3131"},{"taxonomy":"post_tag","embeddable":true,"href":"https:\/\/www.evangelisch-in-jerusalem.org\/en\/wp-json\/wp\/v2\/tags?post=3131"}],"curies":[{"name":"wp","href":"https:\/\/api.w.org\/{rel}","templated":true}]}}