{"id":2961,"date":"2020-02-04T12:12:51","date_gmt":"2020-02-04T11:12:51","guid":{"rendered":"https:\/\/www.evangelisch-in-jerusalem.org\/?p=2961"},"modified":"2020-02-04T23:11:08","modified_gmt":"2020-02-04T22:11:08","slug":"joachim-lenz-wird-neuer-propst-in-jerusalem","status":"publish","type":"post","link":"https:\/\/www.evangelisch-in-jerusalem.org\/en\/2020\/02\/04\/joachim-lenz-wird-neuer-propst-in-jerusalem\/","title":{"rendered":"Joachim Lenz wird neuer Propst in Jerusalem"},"content":{"rendered":"<p>&nbsp;<strong>Rat der EKD best\u00e4tigt Berufung des langj\u00e4hrigen Kirchentagspastors&nbsp;<\/strong><\/p>\n\n\n\n<p>Der rheinische Pfarrer Joachim Lenz wird neuer evangelischer Propst in Jerusalem. Der Rat der Evangelischen Kirche in Deutschland (EKD) hat die Berufung, die das Kuratorium der Evangelischen Jerusalem-Stiftung (EJS) ausgesprochen hatte, auf seiner heute in Loccum zu Ende gehenden Sitzung best\u00e4tigt. Der 58-j\u00e4hrige Theologe folgt auf Propst Wolfgang Schmidt, der das Propstamt in Jerusalem von 2012 bis 2019 innehatte. Derzeit wird das Amt von Interimspropst Rainer Stuhlmann wahrgenommen. Lenz wird sein Amt zum 1. August 2020 antreten.&nbsp;<\/p>\n\n\n\n<p>Der in Wuppertal geborene Lenz war nach seiner ersten Pfarrstelle in Enkirch rund zehn Jahre als Pastor f\u00fcr den Evangelischen Kirchentag t\u00e4tig, bevor er von 2015 bis 2019 die Aufgabe des Theologischen Vorstands und Direktors der Berliner Stadtmission wahrnahm.&nbsp;<\/p>\n\n\n\n<p>F\u00fcr den Vorsitzenden des Kuratoriums der EJS, Bischof i. R. Markus Dr\u00f6ge zeichnet sich Lenz besonders durch seine kommunikativen F\u00e4higkeiten aus: \u201eDie Gabe, Menschen miteinander ins Gespr\u00e4ch zu bringen, ist an kaum einem anderen Ort so wichtig wie in Jerusalem\u201c, so Dr\u00f6ge.&nbsp;<\/p>\n\n\n\n<p>EKD-Auslandsbisch\u00f6fin Petra Bosse-Huber hob insbesondere die diplomatische Erfahrung von Joachim Lenz sowie dessen Organisationstalent hervor: \u201eDiese F\u00e4higkeiten sind im Blick auf die anstehenden Aufgaben neben seiner Vertrautheit mit \u00f6kumenischen Fragen und Themen des j\u00fcdisch-christlichen Dialogs ein wichtiger Schatz, den Joachim Lenz einbringt.\u201c&nbsp;<\/p>\n\n\n\n<p>Die Aufgaben des Propstes in Jerusalem umfassen neben der pastoralen Versorgung der evangelischen Gemeinden Deutscher Sprache in Israel und Pal\u00e4stina auch die Leitung der Stiftungseinrichtungen der EKD in Jerusalem sowie die Repr\u00e4sentanz der EKD und der Stiftungen gegen\u00fcber Kirchen und \u00f6ffentlichen Einrichtungen im Heiligen Land.&nbsp;<\/p>\n\n\n\n<p>\u201eDie evangelische Erl\u00f6serkirche ist ein heller, freundlicher Ort des Friedens mitten in Jerusalem. Ich freue mich auf die Gemeinde und die Menschen dort, im Brennpunkt von Religiosit\u00e4t und Politik, von tausend Sehns\u00fcchten und Fragen\u201c, so der k\u00fcnftige Propst Joachim Lenz.&nbsp;<\/p>","protected":false},"excerpt":{"rendered":"<p>&nbsp;Rat der EKD best\u00e4tigt Berufung des langj\u00e4hrigen Kirchentagspastors&nbsp; Der rheinische Pfarrer Joachim Lenz wird neuer evangelischer Propst in Jerusalem. Der Rat der Evangelischen Kirche in Deutschland (EKD) hat die Berufung, die das Kuratorium der Evangelischen Jerusalem-Stiftung (EJS) ausgesprochen hatte, auf seiner heute in Loccum zu Ende gehenden Sitzung best\u00e4tigt. Der 58-j\u00e4hrige Theologe folgt auf Propst &hellip; <\/p>\n<p class=\"link-more\"><a href=\"https:\/\/www.evangelisch-in-jerusalem.org\/en\/2020\/02\/04\/joachim-lenz-wird-neuer-propst-in-jerusalem\/\" class=\"more-link\">Continue reading<span class=\"screen-reader-text\"> &#8220;Joachim Lenz wird neuer Propst in Jerusalem&#8221;<\/span><\/a><\/p>","protected":false},"author":2,"featured_media":168,"comment_status":"closed","ping_status":"open","sticky":false,"template":"","format":"standard","meta":{"footnotes":""},"categories":[1],"tags":[],"class_list":["post-2961","post","type-post","status-publish","format-standard","has-post-thumbnail","hentry","category-allgemein","entry"],"yoast_head":"<!-- This site is optimized with the Yoast SEO plugin v27.4 - https:\/\/yoast.com\/product\/yoast-seo-wordpress\/ -->\n<title>Joachim Lenz wird neuer Propst in Jerusalem - Evangelisch in Jerusalem<\/title>\n<meta name=\"robots\" content=\"index, follow, max-snippet:-1, max-image-preview:large, max-video-preview:-1\" \/>\n<link rel=\"canonical\" href=\"https:\/\/www.evangelisch-in-jerusalem.org\/en\/2020\/02\/04\/joachim-lenz-wird-neuer-propst-in-jerusalem\/\" \/>\n<meta property=\"og:locale\" content=\"en_GB\" \/>\n<meta property=\"og:type\" content=\"article\" \/>\n<meta property=\"og:title\" content=\"Joachim Lenz wird neuer Propst in Jerusalem - Evangelisch in Jerusalem\" \/>\n<meta property=\"og:description\" content=\"&nbsp;Rat der EKD best\u00e4tigt Berufung des langj\u00e4hrigen Kirchentagspastors&nbsp; Der rheinische Pfarrer Joachim Lenz wird neuer evangelischer Propst in Jerusalem. Der Rat der Evangelischen Kirche in Deutschland (EKD) hat die Berufung, die das Kuratorium der Evangelischen Jerusalem-Stiftung (EJS) ausgesprochen hatte, auf seiner heute in Loccum zu Ende gehenden Sitzung best\u00e4tigt. Der 58-j\u00e4hrige Theologe folgt auf Propst &hellip; Continue reading &quot;Joachim Lenz wird neuer Propst in Jerusalem&quot;\" \/>\n<meta property=\"og:url\" content=\"https:\/\/www.evangelisch-in-jerusalem.org\/en\/2020\/02\/04\/joachim-lenz-wird-neuer-propst-in-jerusalem\/\" \/>\n<meta property=\"og:site_name\" content=\"Evangelisch in Jerusalem\" \/>\n<meta property=\"article:publisher\" content=\"https:\/\/www.facebook.com\/erloeserkirche.jerusalem\" \/>\n<meta property=\"article:published_time\" content=\"2020-02-04T11:12:51+00:00\" \/>\n<meta property=\"article:modified_time\" content=\"2020-02-04T22:11:08+00:00\" \/>\n<meta property=\"og:image\" content=\"https:\/\/www.evangelisch-in-jerusalem.org\/wp-content\/uploads\/2019\/03\/2522_Eingang-Propstei-1.jpg\" \/>\n\t<meta property=\"og:image:width\" content=\"1170\" \/>\n\t<meta property=\"og:image:height\" content=\"780\" \/>\n\t<meta property=\"og:image:type\" content=\"image\/jpeg\" \/>\n<meta name=\"author\" content=\"Christoph M\u00fcller\" \/>\n<meta name=\"twitter:card\" content=\"summary_large_image\" \/>\n<meta name=\"twitter:label1\" content=\"Written by\" \/>\n\t<meta name=\"twitter:data1\" content=\"Christoph M\u00fcller\" \/>\n\t<meta name=\"twitter:label2\" content=\"Estimated reading time\" \/>\n\t<meta name=\"twitter:data2\" content=\"2 minutes\" \/>\n<script type=\"application\/ld+json\" class=\"yoast-schema-graph\">{\"@context\":\"https:\\\/\\\/schema.org\",\"@graph\":[{\"@type\":\"Article\",\"@id\":\"https:\\\/\\\/www.evangelisch-in-jerusalem.org\\\/en\\\/2020\\\/02\\\/04\\\/joachim-lenz-wird-neuer-propst-in-jerusalem\\\/#article\",\"isPartOf\":{\"@id\":\"https:\\\/\\\/www.evangelisch-in-jerusalem.org\\\/en\\\/2020\\\/02\\\/04\\\/joachim-lenz-wird-neuer-propst-in-jerusalem\\\/\"},\"author\":{\"name\":\"Christoph M\u00fcller\",\"@id\":\"https:\\\/\\\/www.evangelisch-in-jerusalem.org\\\/#\\\/schema\\\/person\\\/437a129d1dcf7e85e23c608e4b9f13e8\"},\"headline\":\"Joachim Lenz wird neuer Propst in Jerusalem\",\"datePublished\":\"2020-02-04T11:12:51+00:00\",\"dateModified\":\"2020-02-04T22:11:08+00:00\",\"mainEntityOfPage\":{\"@id\":\"https:\\\/\\\/www.evangelisch-in-jerusalem.org\\\/en\\\/2020\\\/02\\\/04\\\/joachim-lenz-wird-neuer-propst-in-jerusalem\\\/\"},\"wordCount\":323,\"publisher\":{\"@id\":\"https:\\\/\\\/www.evangelisch-in-jerusalem.org\\\/#organization\"},\"image\":{\"@id\":\"https:\\\/\\\/www.evangelisch-in-jerusalem.org\\\/en\\\/2020\\\/02\\\/04\\\/joachim-lenz-wird-neuer-propst-in-jerusalem\\\/#primaryimage\"},\"thumbnailUrl\":\"https:\\\/\\\/www.evangelisch-in-jerusalem.org\\\/wp-content\\\/uploads\\\/2019\\\/03\\\/2522_Eingang-Propstei-1.jpg\",\"articleSection\":[\"Allgemein\"],\"inLanguage\":\"en-GB\"},{\"@type\":\"WebPage\",\"@id\":\"https:\\\/\\\/www.evangelisch-in-jerusalem.org\\\/en\\\/2020\\\/02\\\/04\\\/joachim-lenz-wird-neuer-propst-in-jerusalem\\\/\",\"url\":\"https:\\\/\\\/www.evangelisch-in-jerusalem.org\\\/en\\\/2020\\\/02\\\/04\\\/joachim-lenz-wird-neuer-propst-in-jerusalem\\\/\",\"name\":\"Joachim Lenz wird neuer Propst in Jerusalem - Evangelisch in Jerusalem\",\"isPartOf\":{\"@id\":\"https:\\\/\\\/www.evangelisch-in-jerusalem.org\\\/#website\"},\"primaryImageOfPage\":{\"@id\":\"https:\\\/\\\/www.evangelisch-in-jerusalem.org\\\/en\\\/2020\\\/02\\\/04\\\/joachim-lenz-wird-neuer-propst-in-jerusalem\\\/#primaryimage\"},\"image\":{\"@id\":\"https:\\\/\\\/www.evangelisch-in-jerusalem.org\\\/en\\\/2020\\\/02\\\/04\\\/joachim-lenz-wird-neuer-propst-in-jerusalem\\\/#primaryimage\"},\"thumbnailUrl\":\"https:\\\/\\\/www.evangelisch-in-jerusalem.org\\\/wp-content\\\/uploads\\\/2019\\\/03\\\/2522_Eingang-Propstei-1.jpg\",\"datePublished\":\"2020-02-04T11:12:51+00:00\",\"dateModified\":\"2020-02-04T22:11:08+00:00\",\"breadcrumb\":{\"@id\":\"https:\\\/\\\/www.evangelisch-in-jerusalem.org\\\/en\\\/2020\\\/02\\\/04\\\/joachim-lenz-wird-neuer-propst-in-jerusalem\\\/#breadcrumb\"},\"inLanguage\":\"en-GB\",\"potentialAction\":[{\"@type\":\"ReadAction\",\"target\":[\"https:\\\/\\\/www.evangelisch-in-jerusalem.org\\\/en\\\/2020\\\/02\\\/04\\\/joachim-lenz-wird-neuer-propst-in-jerusalem\\\/\"]}]},{\"@type\":\"ImageObject\",\"inLanguage\":\"en-GB\",\"@id\":\"https:\\\/\\\/www.evangelisch-in-jerusalem.org\\\/en\\\/2020\\\/02\\\/04\\\/joachim-lenz-wird-neuer-propst-in-jerusalem\\\/#primaryimage\",\"url\":\"https:\\\/\\\/www.evangelisch-in-jerusalem.org\\\/wp-content\\\/uploads\\\/2019\\\/03\\\/2522_Eingang-Propstei-1.jpg\",\"contentUrl\":\"https:\\\/\\\/www.evangelisch-in-jerusalem.org\\\/wp-content\\\/uploads\\\/2019\\\/03\\\/2522_Eingang-Propstei-1.jpg\",\"width\":1170,\"height\":780},{\"@type\":\"BreadcrumbList\",\"@id\":\"https:\\\/\\\/www.evangelisch-in-jerusalem.org\\\/en\\\/2020\\\/02\\\/04\\\/joachim-lenz-wird-neuer-propst-in-jerusalem\\\/#breadcrumb\",\"itemListElement\":[{\"@type\":\"ListItem\",\"position\":1,\"name\":\"Startseite\",\"item\":\"https:\\\/\\\/www.evangelisch-in-jerusalem.org\\\/\"},{\"@type\":\"ListItem\",\"position\":2,\"name\":\"Joachim Lenz wird neuer Propst in Jerusalem\"}]},{\"@type\":\"WebSite\",\"@id\":\"https:\\\/\\\/www.evangelisch-in-jerusalem.org\\\/#website\",\"url\":\"https:\\\/\\\/www.evangelisch-in-jerusalem.org\\\/\",\"name\":\"Evangelisch in Jerusalem\",\"description\":\"Stiftungen der EKD im Heiligen Land\",\"publisher\":{\"@id\":\"https:\\\/\\\/www.evangelisch-in-jerusalem.org\\\/#organization\"},\"potentialAction\":[{\"@type\":\"SearchAction\",\"target\":{\"@type\":\"EntryPoint\",\"urlTemplate\":\"https:\\\/\\\/www.evangelisch-in-jerusalem.org\\\/?s={search_term_string}\"},\"query-input\":{\"@type\":\"PropertyValueSpecification\",\"valueRequired\":true,\"valueName\":\"search_term_string\"}}],\"inLanguage\":\"en-GB\"},{\"@type\":\"Organization\",\"@id\":\"https:\\\/\\\/www.evangelisch-in-jerusalem.org\\\/#organization\",\"name\":\"German Protestant Institutions in the Holy Land\",\"url\":\"https:\\\/\\\/www.evangelisch-in-jerusalem.org\\\/\",\"logo\":{\"@type\":\"ImageObject\",\"inLanguage\":\"en-GB\",\"@id\":\"https:\\\/\\\/www.evangelisch-in-jerusalem.org\\\/#\\\/schema\\\/logo\\\/image\\\/\",\"url\":\"https:\\\/\\\/www.evangelisch-in-jerusalem.org\\\/wp-content\\\/uploads\\\/2019\\\/03\\\/EIJ_Logo_500-px.png\",\"contentUrl\":\"https:\\\/\\\/www.evangelisch-in-jerusalem.org\\\/wp-content\\\/uploads\\\/2019\\\/03\\\/EIJ_Logo_500-px.png\",\"width\":500,\"height\":82,\"caption\":\"German Protestant Institutions in the Holy Land\"},\"image\":{\"@id\":\"https:\\\/\\\/www.evangelisch-in-jerusalem.org\\\/#\\\/schema\\\/logo\\\/image\\\/\"},\"sameAs\":[\"https:\\\/\\\/www.facebook.com\\\/erloeserkirche.jerusalem\"]},{\"@type\":\"Person\",\"@id\":\"https:\\\/\\\/www.evangelisch-in-jerusalem.org\\\/#\\\/schema\\\/person\\\/437a129d1dcf7e85e23c608e4b9f13e8\",\"name\":\"Christoph M\u00fcller\",\"url\":\"https:\\\/\\\/www.evangelisch-in-jerusalem.org\\\/en\\\/author\\\/cm-eij\\\/\"}]}<\/script>\n<!-- \/ Yoast SEO plugin. -->","yoast_head_json":{"title":"Joachim Lenz wird neuer Propst in Jerusalem - Evangelisch in Jerusalem","robots":{"index":"index","follow":"follow","max-snippet":"max-snippet:-1","max-image-preview":"max-image-preview:large","max-video-preview":"max-video-preview:-1"},"canonical":"https:\/\/www.evangelisch-in-jerusalem.org\/en\/2020\/02\/04\/joachim-lenz-wird-neuer-propst-in-jerusalem\/","og_locale":"en_GB","og_type":"article","og_title":"Joachim Lenz wird neuer Propst in Jerusalem - Evangelisch in Jerusalem","og_description":"&nbsp;Rat der EKD best\u00e4tigt Berufung des langj\u00e4hrigen Kirchentagspastors&nbsp; Der rheinische Pfarrer Joachim Lenz wird neuer evangelischer Propst in Jerusalem. Der Rat der Evangelischen Kirche in Deutschland (EKD) hat die Berufung, die das Kuratorium der Evangelischen Jerusalem-Stiftung (EJS) ausgesprochen hatte, auf seiner heute in Loccum zu Ende gehenden Sitzung best\u00e4tigt. Der 58-j\u00e4hrige Theologe folgt auf Propst &hellip; Continue reading \"Joachim Lenz wird neuer Propst in Jerusalem\"","og_url":"https:\/\/www.evangelisch-in-jerusalem.org\/en\/2020\/02\/04\/joachim-lenz-wird-neuer-propst-in-jerusalem\/","og_site_name":"Evangelisch in Jerusalem","article_publisher":"https:\/\/www.facebook.com\/erloeserkirche.jerusalem","article_published_time":"2020-02-04T11:12:51+00:00","article_modified_time":"2020-02-04T22:11:08+00:00","og_image":[{"width":1170,"height":780,"url":"https:\/\/www.evangelisch-in-jerusalem.org\/wp-content\/uploads\/2019\/03\/2522_Eingang-Propstei-1.jpg","type":"image\/jpeg"}],"author":"Christoph M\u00fcller","twitter_card":"summary_large_image","twitter_misc":{"Written by":"Christoph M\u00fcller","Estimated reading time":"2 minutes"},"schema":{"@context":"https:\/\/schema.org","@graph":[{"@type":"Article","@id":"https:\/\/www.evangelisch-in-jerusalem.org\/en\/2020\/02\/04\/joachim-lenz-wird-neuer-propst-in-jerusalem\/#article","isPartOf":{"@id":"https:\/\/www.evangelisch-in-jerusalem.org\/en\/2020\/02\/04\/joachim-lenz-wird-neuer-propst-in-jerusalem\/"},"author":{"name":"Christoph M\u00fcller","@id":"https:\/\/www.evangelisch-in-jerusalem.org\/#\/schema\/person\/437a129d1dcf7e85e23c608e4b9f13e8"},"headline":"Joachim Lenz wird neuer Propst in Jerusalem","datePublished":"2020-02-04T11:12:51+00:00","dateModified":"2020-02-04T22:11:08+00:00","mainEntityOfPage":{"@id":"https:\/\/www.evangelisch-in-jerusalem.org\/en\/2020\/02\/04\/joachim-lenz-wird-neuer-propst-in-jerusalem\/"},"wordCount":323,"publisher":{"@id":"https:\/\/www.evangelisch-in-jerusalem.org\/#organization"},"image":{"@id":"https:\/\/www.evangelisch-in-jerusalem.org\/en\/2020\/02\/04\/joachim-lenz-wird-neuer-propst-in-jerusalem\/#primaryimage"},"thumbnailUrl":"https:\/\/www.evangelisch-in-jerusalem.org\/wp-content\/uploads\/2019\/03\/2522_Eingang-Propstei-1.jpg","articleSection":["Allgemein"],"inLanguage":"en-GB"},{"@type":"WebPage","@id":"https:\/\/www.evangelisch-in-jerusalem.org\/en\/2020\/02\/04\/joachim-lenz-wird-neuer-propst-in-jerusalem\/","url":"https:\/\/www.evangelisch-in-jerusalem.org\/en\/2020\/02\/04\/joachim-lenz-wird-neuer-propst-in-jerusalem\/","name":"Joachim Lenz wird neuer Propst in Jerusalem - Evangelisch in Jerusalem","isPartOf":{"@id":"https:\/\/www.evangelisch-in-jerusalem.org\/#website"},"primaryImageOfPage":{"@id":"https:\/\/www.evangelisch-in-jerusalem.org\/en\/2020\/02\/04\/joachim-lenz-wird-neuer-propst-in-jerusalem\/#primaryimage"},"image":{"@id":"https:\/\/www.evangelisch-in-jerusalem.org\/en\/2020\/02\/04\/joachim-lenz-wird-neuer-propst-in-jerusalem\/#primaryimage"},"thumbnailUrl":"https:\/\/www.evangelisch-in-jerusalem.org\/wp-content\/uploads\/2019\/03\/2522_Eingang-Propstei-1.jpg","datePublished":"2020-02-04T11:12:51+00:00","dateModified":"2020-02-04T22:11:08+00:00","breadcrumb":{"@id":"https:\/\/www.evangelisch-in-jerusalem.org\/en\/2020\/02\/04\/joachim-lenz-wird-neuer-propst-in-jerusalem\/#breadcrumb"},"inLanguage":"en-GB","potentialAction":[{"@type":"ReadAction","target":["https:\/\/www.evangelisch-in-jerusalem.org\/en\/2020\/02\/04\/joachim-lenz-wird-neuer-propst-in-jerusalem\/"]}]},{"@type":"ImageObject","inLanguage":"en-GB","@id":"https:\/\/www.evangelisch-in-jerusalem.org\/en\/2020\/02\/04\/joachim-lenz-wird-neuer-propst-in-jerusalem\/#primaryimage","url":"https:\/\/www.evangelisch-in-jerusalem.org\/wp-content\/uploads\/2019\/03\/2522_Eingang-Propstei-1.jpg","contentUrl":"https:\/\/www.evangelisch-in-jerusalem.org\/wp-content\/uploads\/2019\/03\/2522_Eingang-Propstei-1.jpg","width":1170,"height":780},{"@type":"BreadcrumbList","@id":"https:\/\/www.evangelisch-in-jerusalem.org\/en\/2020\/02\/04\/joachim-lenz-wird-neuer-propst-in-jerusalem\/#breadcrumb","itemListElement":[{"@type":"ListItem","position":1,"name":"Startseite","item":"https:\/\/www.evangelisch-in-jerusalem.org\/"},{"@type":"ListItem","position":2,"name":"Joachim Lenz wird neuer Propst in Jerusalem"}]},{"@type":"WebSite","@id":"https:\/\/www.evangelisch-in-jerusalem.org\/#website","url":"https:\/\/www.evangelisch-in-jerusalem.org\/","name":"Evangelisch in Jerusalem","description":"German Protestant Institutions in the Holy Land","publisher":{"@id":"https:\/\/www.evangelisch-in-jerusalem.org\/#organization"},"potentialAction":[{"@type":"SearchAction","target":{"@type":"EntryPoint","urlTemplate":"https:\/\/www.evangelisch-in-jerusalem.org\/?s={search_term_string}"},"query-input":{"@type":"PropertyValueSpecification","valueRequired":true,"valueName":"search_term_string"}}],"inLanguage":"en-GB"},{"@type":"Organization","@id":"https:\/\/www.evangelisch-in-jerusalem.org\/#organization","name":"German Protestant Institutions in the Holy Land","url":"https:\/\/www.evangelisch-in-jerusalem.org\/","logo":{"@type":"ImageObject","inLanguage":"en-GB","@id":"https:\/\/www.evangelisch-in-jerusalem.org\/#\/schema\/logo\/image\/","url":"https:\/\/www.evangelisch-in-jerusalem.org\/wp-content\/uploads\/2019\/03\/EIJ_Logo_500-px.png","contentUrl":"https:\/\/www.evangelisch-in-jerusalem.org\/wp-content\/uploads\/2019\/03\/EIJ_Logo_500-px.png","width":500,"height":82,"caption":"German Protestant Institutions in the Holy Land"},"image":{"@id":"https:\/\/www.evangelisch-in-jerusalem.org\/#\/schema\/logo\/image\/"},"sameAs":["https:\/\/www.facebook.com\/erloeserkirche.jerusalem"]},{"@type":"Person","@id":"https:\/\/www.evangelisch-in-jerusalem.org\/#\/schema\/person\/437a129d1dcf7e85e23c608e4b9f13e8","name":"Christoph M\u00fcller","url":"https:\/\/www.evangelisch-in-jerusalem.org\/en\/author\/cm-eij\/"}]}},"_links":{"self":[{"href":"https:\/\/www.evangelisch-in-jerusalem.org\/en\/wp-json\/wp\/v2\/posts\/2961","targetHints":{"allow":["GET"]}}],"collection":[{"href":"https:\/\/www.evangelisch-in-jerusalem.org\/en\/wp-json\/wp\/v2\/posts"}],"about":[{"href":"https:\/\/www.evangelisch-in-jerusalem.org\/en\/wp-json\/wp\/v2\/types\/post"}],"author":[{"embeddable":true,"href":"https:\/\/www.evangelisch-in-jerusalem.org\/en\/wp-json\/wp\/v2\/users\/2"}],"replies":[{"embeddable":true,"href":"https:\/\/www.evangelisch-in-jerusalem.org\/en\/wp-json\/wp\/v2\/comments?post=2961"}],"version-history":[{"count":1,"href":"https:\/\/www.evangelisch-in-jerusalem.org\/en\/wp-json\/wp\/v2\/posts\/2961\/revisions"}],"predecessor-version":[{"id":2962,"href":"https:\/\/www.evangelisch-in-jerusalem.org\/en\/wp-json\/wp\/v2\/posts\/2961\/revisions\/2962"}],"wp:featuredmedia":[{"embeddable":true,"href":"https:\/\/www.evangelisch-in-jerusalem.org\/en\/wp-json\/wp\/v2\/media\/168"}],"wp:attachment":[{"href":"https:\/\/www.evangelisch-in-jerusalem.org\/en\/wp-json\/wp\/v2\/media?parent=2961"}],"wp:term":[{"taxonomy":"category","embeddable":true,"href":"https:\/\/www.evangelisch-in-jerusalem.org\/en\/wp-json\/wp\/v2\/categories?post=2961"},{"taxonomy":"post_tag","embeddable":true,"href":"https:\/\/www.evangelisch-in-jerusalem.org\/en\/wp-json\/wp\/v2\/tags?post=2961"}],"curies":[{"name":"wp","href":"https:\/\/api.w.org\/{rel}","templated":true}]}}