{"id":22958,"date":"2026-04-30T12:46:54","date_gmt":"2026-04-30T09:46:54","guid":{"rendered":"https:\/\/www.evangelisch-in-jerusalem.org\/?p=22958"},"modified":"2026-04-30T12:52:40","modified_gmt":"2026-04-30T09:52:40","slug":"unsere-veranstaltungen-im-mai-2","status":"publish","type":"post","link":"https:\/\/www.evangelisch-in-jerusalem.org\/en\/2026\/04\/30\/unsere-veranstaltungen-im-mai-2\/","title":{"rendered":"Unsere Veranstaltungen im Mai"},"content":{"rendered":"<p>Sa, 02.05. \u00a0\u00a0\u00a0\u00a0\u00a0\u00a0\u00a0 <\/p>\n\n\n\n<p>19.00 Uhr (18.00 Uhr deutscher Zeit)<br><strong>Friedensgebet per Zoom<\/strong><br>Einwahllink direkt: <a href=\"https:\/\/is.gd\/y6mWZz\">https:\/\/is.gd\/y6mWZz<\/a>\u00a0(oder Zoom-ID: 976 8331 9026, Code: 391044)<br>Mit Kirchengemeinder\u00e4tin <em>Diet Koster<\/em> und Pfarrerin <em>Ines Fischer<\/em><\/p>\n\n\n\n<p>So, 03.05.\u00a0\u00a0\u00a0\u00a0\u00a0\u00a0\u00a0 <\/p>\n\n\n\n<p>10.30 Uhr. Erl\u00f6serkirche, Muristan Road 1, Altstadt<br><strong>Gottesdienst mit Abendmahl am Sonntag Kantate<\/strong><br>Mit Pfarrerin <em>Ines Fischer<\/em><\/p>\n\n\n\n<p>Di, 05.05.\u00a0\u00a0\u00a0\u00a0\u00a0\u00a0\u00a0 <\/p>\n\n\n\n<p>20.00-21.30 Uhr. Refektorium der Propstei, Muristan Road 5, Altstadt<br><strong>Was das Leben lebenswert macht &#8211; Ausstellung und Gespr\u00e4ch<br><\/strong>Gemeindeabend mit <em>Susanne Ziegler<\/em> und Pfarrerin <em>Sally Azar<\/em><\/p>\n\n\n\n<p>Mi, 06.05.\u00a0\u00a0\u00a0\u00a0\u00a0\u00a0\u00a0 <\/p>\n\n\n\n<p>17.30 Uhr. Himmelfahrtkirche und Caf\u00e9 Auguste Victoria auf dem \u00d6lberg<br><strong>Taiz\u00e9-Andacht in der Himmelfahrtkirche. <\/strong>Singen \u2013 schweigen \u2013 beten<br>Mit Pfarrerin <em>Ines Fischer<\/em> und Kirchenmusikdirektor <em>Peter-Michael Seifried<\/em><strong><br>Im Anschluss: Beisammensein<\/strong> mit Abendessen im Caf\u00e9 Auguste Victoria. Ohne Anmeldung<\/p>\n\n\n\n<p>Sa, 09.05.\u00a0\u00a0\u00a0\u00a0\u00a0\u00a0\u00a0 <\/p>\n\n\n\n<p>12.00-12.30 Uhr. Erl\u00f6serkirche, Muristan Road 1, Altstadt<br><strong>Orgelmatinee in der Erl\u00f6serkirche<br><\/strong>Mit Kirchenmusikdirektor <em>Peter-Michael Seifried<\/em><\/p>\n\n\n\n<p>19.00 Uhr (18.00 Uhr deutscher Zeit)<br><strong>Friedensgebet per Zoom<\/strong> mit Pfarrerin Dr. <em>Milena Hasselmann<\/em><br>Einwahllink direkt: <a href=\"https:\/\/is.gd\/y6mWZz\">https:\/\/is.gd\/y6mWZz<\/a>\u00a0(oder Zoom-ID: 976 8331 9026, Code: 391044)<\/p>\n\n\n\n<p>So, 10.05. \u00a0\u00a0\u00a0\u00a0\u00a0\u00a0 <\/p>\n\n\n\n<p>10.30 Uhr. Erl\u00f6serkirche, Muristan Road 1, Altstadt<br><strong>Gottesdienst am Sonntag Rogate<\/strong><br>Mit Pfarrerin Dr. <em>Milena Hasselmann <\/em>und Kirchenmusikdirektor <em>Peter-Michael Seifried<\/em><\/p>\n\n\n\n<p>Di, 12.05.\u00a0\u00a0\u00a0\u00a0\u00a0\u00a0\u00a0<\/p>\n\n\n\n<p>18.00-19.45 Uhr. Bibliothek der Propstei, Muristan Road 5, Altstadt<br><strong>Chorprobe der Kantorei <\/strong>\u201ebitte Termin \u00fcberpr\u00fcfen\u201c<br>Mit Kirchenmusikdirektor <em>Peter-Michael Seifried<\/em><\/p>\n\n\n\n<p>20.00-21.30 Uhr. Refektorium der Propstei, Muristan Road 5, Altstadt<br><strong>Die Arbeit des \u201ePublic Committee Against Torture in Israel\u201c<br><\/strong>Gemeindeabend mit <em>Birthe Brookorb<\/em><em><\/em><\/p>\n\n\n\n<p>Mi, 13.05.\u00a0\u00a0\u00a0\u00a0\u00a0\u00a0\u00a0 <\/p>\n\n\n\n<p>17.30 Uhr. Himmelfahrtkirche und Caf\u00e9 Auguste Victoria auf dem \u00d6lberg<br><strong>Taiz\u00e9-Andacht in der Himmelfahrtkirche<\/strong>. Singen \u2013 schweigen \u2013 beten<br>Mit Pfarrerin <em>Ines Fischer <\/em>und Kirchenmusikdirektor <em>Peter-Michael Seifried<\/em><br><strong>Im Anschluss: Beisammensein<\/strong> mit Abendessen im Caf\u00e9 Auguste Victoria. Ohne Anmeldung<\/p>\n\n\n\n<p>Do, 14.05.\u00a0\u00a0\u00a0\u00a0\u00a0\u00a0 <\/p>\n\n\n\n<p>16.30 Uhr. <em>Christi Himmelfahrt<\/em> Himmelfahrtkirche auf dem \u00d6lberg<br><strong>Internationaler Gottesdienst zu Christi Himmelfahrt<\/strong><br>Mit Pfarrerin <em>Ines Fischer,<\/em> Pfarrerin <em>Sally Azar<\/em> und Pfarrer <em>Rodney Said<br><\/em>Musik: Kirchenmusikdirektor <em>Peter-Michael Seifried<\/em><br>anschlie\u00dfend gemeinsames Grillen vor der Himmelfahrtkirche<\/p>\n\n\n\n<p>Sa, 16.05\u00a0\u00a0\u00a0\u00a0\u00a0\u00a0\u00a0\u00a0 <\/p>\n\n\n\n<p>19.00 Uhr (18.00 Uhr deutscher Zeit)<br><strong>Friedensgebet per Zoom<\/strong> mit Propst <em>Joachim Lenz<\/em><br>Einwahllink direkt: <a href=\"https:\/\/is.gd\/y6mWZz\">https:\/\/is.gd\/y6mWZz<\/a>\u00a0(oder Zoom-ID: 976 8331 9026, Code: 391044)<\/p>\n\n\n\n<p>So, 17.05.\u00a0\u00a0\u00a0\u00a0\u00a0\u00a0\u00a0 <\/p>\n\n\n\n<p>10.30 Uhr. Erl\u00f6serkirche, Muristan Road 1, Altstadt<br><strong>Gottesdienst mit Abendmahl am Sonntag Exaudi<br><\/strong>Mit Propst <em>Joachim Lenz<\/em> und Kirchenmusikdirektor <em>Peter-Michael Seifried<\/em><\/p>\n\n\n\n<p>14.00 Uhr Jaffator, Eingang zur Altstadt<br><strong>Auf den Spuren der Ereignisse des Jahres 1948 in Jerusalem<br><\/strong>Spaziergang mit <em>Tamar Abraham<\/em>Treffpunkt: 14 Uhr am Jaffator<br>Ohne Voranmeldung, Spende erbeten.<\/p>\n\n\n\n<p>Di, 19.05.\u00a0\u00a0\u00a0\u00a0\u00a0\u00a0\u00a0 <\/p>\n\n\n\n<p>18.00-19.45 Uhr. Bibliothek der Propstei, Muristan Road 5, Altstadt<br><strong>Chorprobe der Kantorei <\/strong>\u201ebitte Termin \u00fcberpr\u00fcfen\u201c<br>Mit Kirchenmusikdirektor <em>Peter-Michael Seifried<\/em><\/p>\n\n\n\n<p>20.00-22.00 Uhr. Johanniterkapelle, Muristan Road 5, Altstadt<br><strong>Stummfilm mit Live-Musik:Die B\u00fcchse der Pandora (DEU 1929)<br><\/strong>109 Minuten, Regie: <em>Georg Wilhelm Pabst<\/em>, Eintritt frei, Spenden willkommen.<br>Am Steinway-Fl\u00fcgel: Kirchenmusikdirektor <em>Peter-Michael Seifried<\/em><\/p>\n\n\n\n<p>Mi, 20.05.\u00a0\u00a0\u00a0\u00a0\u00a0\u00a0\u00a0 <\/p>\n\n\n\n<p>17.30 Uhr. Himmelfahrtkirche und Caf\u00e9 Auguste Victoria auf dem \u00d6lberg<br><strong>Taiz\u00e9-Andacht in der Himmelfahrtkirche<\/strong>. Singen \u2013 schweigen \u2013 beten<br>Mit Pfarrerin <em>Ines Fischer <\/em>und Kirchenmusikdirektor <em>Peter-Michael Seifried<br><\/em><strong>Im Anschluss: Beisammensein<\/strong> mit Abendessen im Caf\u00e9 Auguste Victoria, ohne Anmeldung<\/p>\n\n\n\n<p>Fr, 22.05.\u00a0\u00a0\u00a0\u00a0\u00a0\u00a0\u00a0 <\/p>\n\n\n\n<p>14.00-17.00 Uhr. Caf\u00e9 Auguste Victoria auf dem \u00d6lberg<br><strong>Kochkurs mit Margaret Younan<\/strong><br>Mit anschlie\u00dfendem gemeinsamem Essen.<br>Anmeldung unter pastorin@evajerusalem.org.<\/p>\n\n\n\n<p>Sa, 23.05.\u00a0\u00a0\u00a0\u00a0\u00a0\u00a0\u00a0 <\/p>\n\n\n\n<p>4.45 Uhr. Treffpunkt vor dem Eingang der Himmelfahrtkirche auf dem \u00d6lberg<br><strong>Sonnenaufgang mit Andacht auf dem \u00d6lberg<br><\/strong>Mit Pfarrerin <em>Ines Fischer<\/em><\/p>\n\n\n\n<p>06.00-12.00 Uhr. Caf\u00e9 Auguste Victoria auf dem \u00d6lberg<br><strong>Fr\u00fchst\u00fccksbuffet.<\/strong> Ohne Anmeldung.<\/p>\n\n\n\n<p>8.00 Uhr. Himmelfahrtkirche<br><strong>Guided tour in the Church of the Ascension on the Mount of Olives<\/strong> <em>in englischer Sprache<\/em><br>Mit Pfarrerin <em>Ines Fischer<\/em><\/p>\n\n\n\n<p>9.00 Uhr. Himmelfahrtkirche<br><strong>F\u00fchrung durch die Himmelfahrtkirche auf dem \u00d6lberg<\/strong> <em>in deutscher Sprache<\/em><br>Mit Pfarrerin <em>Ines Fischer<\/em><\/p>\n\n\n\n<p>10.10-10.40 Uhr. Himmelfahrtkirche<br><strong>Orgelkonzert \u201eThe Mighty Sauer (1910)\u201c in der Himmelfahrtkirche<\/strong><br>Um 9.55 Uhr gibt es eine Einf\u00fchrung auf der Empore.<br>Mit Kirchenmusikdirektor <em>Peter-Michael Seifried<\/em><\/p>\n\n\n\n<p>12.00-12.30 Uhr. Erl\u00f6serkirche, Muristan Road 1, Altstadt<br><strong>Orgelmatinee in der Erl\u00f6serkirche<br><\/strong>Mit Kirchenmusikdirektor <em>Peter-Michael Seifried<\/em><\/p>\n\n\n\n<p>15.00 Uhr. Himmelfahrtkirche und Caf\u00e9 Auguste Victoria auf dem \u00d6lberg<br><strong>Was versteckt sich in der Himmelfahrtkirche &#8211; Familiennachmittag mit Charlie<br><\/strong>Mit Pfarrerin <em>Ines Fischer <\/em>und Team<br>Bitte anmelden unter pastorin@evajerusalem.org<\/p>\n\n\n\n<p>19.00 Uhr (18.00 Uhr deutscher Zeit)<br><strong>Friedensgebet per Zoom<\/strong> mit Pfarrerin <em>Ines Fischer<\/em><br>Einwahllink direkt: <a href=\"https:\/\/is.gd\/y6mWZz\">https:\/\/is.gd\/y6mWZz<\/a>\u00a0(oder Zoom-ID: 976 8331 9026, Code: 391044)<\/p>\n\n\n\n<p>So, 24.05.\u00a0\u00a0\u00a0\u00a0\u00a0\u00a0\u00a0 <\/p>\n\n\n\n<p>10.30 Uhr <em>Pfingsten.<\/em> Erl\u00f6serkirche, Muristan Road 1, Altstadt<br><strong>Gottesdienst mit Abendmahl am Pfingstsonntag<br><\/strong>Mit Pfarrerin <em>Ines Fischer <\/em>und Kirchenmusikdirektor <em>Peter-Michael Seifried<\/em><\/p>\n\n\n\n<p>Mo, 25.05.\u00a0\u00a0\u00a0\u00a0\u00a0\u00a0 <\/p>\n\n\n\n<p>16.30 Uhr <em>Pfingstmontag. \u00a0<\/em>Erl\u00f6serkirche, Muristan Road 1, Altstadt<br><strong>\u00d6kumenischer Gottesdienst in der Erl\u00f6serkirche<br><\/strong>Mit Pfarrerin <em>Ines Fischer<\/em>, Kirchenmusikdirektor <em>Peter-Michael Seifried<\/em> u.a.<\/p>\n\n\n\n<p>Di, 26.05.\u00a0\u00a0\u00a0\u00a0\u00a0\u00a0\u00a0 <\/p>\n\n\n\n<p>18.00-19.45 Uhr. Bibliothek der Propstei, Muristan Road 5, Altstadt<br><strong>Chorprobe der Kantorei <\/strong>\u201ebitte Termin \u00fcberpr\u00fcfen\u201c<br>Mit Kirchenmusikdirektor <em>Peter-Michael Seifried<\/em><\/p>\n\n\n\n<p>20.00-21.30 Uhr. Refektorium der Propstei, Muristan Road 5, Altstadt<br><strong>Verk\u00e4mpftes Land, Lesung<br><\/strong>Gemeindeabend mit <em>Ofer Waldman<\/em>, Tel Aviv<\/p>\n\n\n\n<p>Mi, 27.05.\u00a0\u00a0\u00a0\u00a0\u00a0\u00a0\u00a0 <\/p>\n\n\n\n<p>17.30 Uhr. Himmelfahrtkirche und Caf\u00e9 Auguste Victoria auf dem \u00d6lberg<br><strong>Taiz\u00e9-Andacht in der Himmelfahrtkirche. <\/strong>Singen \u2013 schweigen \u2013 beten<br>Mit Pfarrerin <em>Ines Fischer<\/em> <br><strong>Im Anschluss: Beisammensein<\/strong> mit Abendessen im Caf\u00e9 Auguste Victoria. Ohne Anmeldung<\/p>\n\n\n\n<p>Do, 28.05.\u00a0\u00a0\u00a0\u00a0\u00a0\u00a0 <\/p>\n\n\n\n<p>20.00 Uhr. Erl\u00f6serkirche, Muristan Road 1, Altstadt<br><strong>Orgelkonzert in der Erl\u00f6serkirche<\/strong><br>Deutsche Orgelmusik \u2013 Barock bis Romantik<br>Mit Organist <em>Nikita Morozov<\/em><\/p>\n\n\n\n<p>Sa, 30.05.\u00a0\u00a0\u00a0\u00a0\u00a0\u00a0\u00a0 <\/p>\n\n\n\n<p>12.00-12.30 Uhr. Erl\u00f6serkirche, Muristan Road 1, Altstadt<br><strong>Orgelmatinee in der Erl\u00f6serkirche<br><\/strong>Mit <em>Nikita Morozov<\/em><\/p>\n\n\n\n<p>19.00 Uhr (18.00 Uhr deutscher Zeit)<br><strong>Friedensgebet per Zoom<\/strong> mit Propst <em>Joachim Lenz<\/em><br>Einwahllink direkt: <a href=\"https:\/\/is.gd\/y6mWZz\">https:\/\/is.gd\/y6mWZz<\/a>\u00a0(oder Zoom-ID: 976 8331 9026, Code: 391044)<\/p>\n\n\n\n<p>So, 31.05.\u00a0\u00a0\u00a0\u00a0\u00a0\u00a0\u00a0 <\/p>\n\n\n\n<p>10.30 Uhr. Erl\u00f6serkirche, Muristan Road 1, Altstadt<br><strong>Gottesdienst am Sonntag Trinitatis<br><\/strong>Mit Propst <em>Joachim Lenz<\/em> und <em>Nikita Morozov<\/em><\/p>\n\n\n\n<p><\/p>\n\n\n\n<p><strong>R\u00fcckfragen<\/strong> &nbsp;&nbsp;&nbsp;&nbsp;&nbsp;&nbsp;&nbsp;&nbsp;&nbsp;&nbsp;&nbsp;&nbsp;&nbsp;&nbsp;&nbsp;&nbsp;&nbsp;&nbsp;&nbsp;&nbsp;&nbsp;&nbsp;&nbsp;&nbsp;&nbsp;&nbsp;&nbsp;&nbsp;&nbsp;&nbsp;&nbsp;&nbsp;&nbsp;&nbsp;&nbsp;&nbsp;&nbsp;&nbsp;&nbsp;&nbsp;&nbsp;&nbsp;&nbsp;&nbsp;&nbsp;&nbsp;&nbsp;&nbsp;&nbsp;&nbsp;&nbsp;&nbsp;&nbsp;&nbsp;&nbsp;&nbsp;&nbsp;&nbsp;&nbsp;&nbsp;&nbsp;&nbsp;&nbsp;&nbsp;&nbsp;&nbsp;&nbsp;&nbsp;&nbsp;&nbsp;&nbsp;&nbsp;&nbsp;<br>bitte an unsere Gemeindesekret\u00e4rin, Frau Bilhan Rechtman:<br>Telefon:&nbsp; 02-6266 800, E-Mail: <a href=\"mailto:propstei@evajerusalem.org\">propstei@evajerusalem.org<\/a><strong><\/strong><\/p>\n\n\n\n<p>&nbsp;&nbsp;&nbsp;&nbsp;&nbsp;&nbsp;&nbsp;&nbsp;&nbsp;&nbsp;&nbsp;&nbsp;&nbsp;&nbsp;&nbsp;&nbsp;&nbsp;&nbsp;&nbsp;&nbsp;&nbsp;&nbsp;&nbsp; <strong>Weitere Informationen<\/strong>:<\/p>\n\n\n\n<ul class=\"wp-block-list\">\n<li>Homepage: <a href=\"https:\/\/www.evangelisch-in-jerusalem.org\/en\/\">evangelisch-in-jerusalem.org<\/a> (mit Veranstaltungskalender)<\/li>\n\n\n\n<li>Facebook: <a href=\"https:\/\/www.facebook.com\/erloeserkirche.jerusalem\/\">https:\/\/www.facebook.com\/erloeserkirche.jerusalem\/<\/a><\/li>\n\n\n\n<li>Facebook: <a href=\"https:\/\/www.facebook.com\/auguste.victoria.jerusalem\/\">https:\/\/www.facebook.com\/auguste.victoria.jerusalem\/<\/a><\/li>\n\n\n\n<li>Gesamtkalender der Gemeinde: <a href=\"https:\/\/jerusalem.church.tools\">jerusalem.church.tools<\/a><\/li>\n<\/ul>","protected":false},"excerpt":{"rendered":"<p>Sa, 02.05. \u00a0\u00a0\u00a0\u00a0\u00a0\u00a0\u00a0 19.00 Uhr (18.00 Uhr deutscher Zeit)Friedensgebet per ZoomEinwahllink direkt: https:\/\/is.gd\/y6mWZz\u00a0(oder Zoom-ID: 976 8331 9026, Code: 391044)Mit Kirchengemeinder\u00e4tin Diet Koster und Pfarrerin Ines Fischer So, 03.05.\u00a0\u00a0\u00a0\u00a0\u00a0\u00a0\u00a0 10.30 Uhr. Erl\u00f6serkirche, Muristan Road 1, AltstadtGottesdienst mit Abendmahl am Sonntag KantateMit Pfarrerin Ines Fischer Di, 05.05.\u00a0\u00a0\u00a0\u00a0\u00a0\u00a0\u00a0 20.00-21.30 Uhr. Refektorium der Propstei, Muristan Road 5, AltstadtWas das &hellip; <\/p>\n<p class=\"link-more\"><a href=\"https:\/\/www.evangelisch-in-jerusalem.org\/en\/2026\/04\/30\/unsere-veranstaltungen-im-mai-2\/\" class=\"more-link\">Continue reading<span class=\"screen-reader-text\"> &#8220;Unsere Veranstaltungen im Mai&#8221;<\/span><\/a><\/p>","protected":false},"author":8,"featured_media":22959,"comment_status":"closed","ping_status":"closed","sticky":false,"template":"","format":"standard","meta":{"footnotes":""},"categories":[1],"tags":[107,256,111,124,101,213,104,125,5,281,421],"class_list":["post-22958","post","type-post","status-publish","format-standard","has-post-thumbnail","hentry","category-allgemein","tag-abendmahlsgottesdienst","tag-altstadt","tag-andacht","tag-erloeserkirche","tag-gemeindeabend","tag-gottesdienst","tag-himmelfahrtkirche","tag-jerusalem","tag-konzert","tag-newsletter","tag-stummfilm","entry"],"yoast_head":"<!-- This site is optimized with the Yoast SEO plugin v27.4 - https:\/\/yoast.com\/product\/yoast-seo-wordpress\/ -->\n<title>Unsere Veranstaltungen im Mai - Evangelisch in Jerusalem<\/title>\n<meta name=\"robots\" content=\"index, follow, max-snippet:-1, max-image-preview:large, max-video-preview:-1\" \/>\n<link rel=\"canonical\" href=\"https:\/\/www.evangelisch-in-jerusalem.org\/en\/2026\/04\/30\/unsere-veranstaltungen-im-mai-2\/\" \/>\n<meta property=\"og:locale\" content=\"en_GB\" \/>\n<meta property=\"og:type\" content=\"article\" \/>\n<meta property=\"og:title\" content=\"Unsere Veranstaltungen im Mai - Evangelisch in Jerusalem\" \/>\n<meta property=\"og:description\" content=\"Sa, 02.05. \u00a0\u00a0\u00a0\u00a0\u00a0\u00a0\u00a0 19.00 Uhr (18.00 Uhr deutscher Zeit)Friedensgebet per ZoomEinwahllink direkt: https:\/\/is.gd\/y6mWZz\u00a0(oder Zoom-ID: 976 8331 9026, Code: 391044)Mit Kirchengemeinder\u00e4tin Diet Koster und Pfarrerin Ines Fischer So, 03.05.\u00a0\u00a0\u00a0\u00a0\u00a0\u00a0\u00a0 10.30 Uhr. Erl\u00f6serkirche, Muristan Road 1, AltstadtGottesdienst mit Abendmahl am Sonntag KantateMit Pfarrerin Ines Fischer Di, 05.05.\u00a0\u00a0\u00a0\u00a0\u00a0\u00a0\u00a0 20.00-21.30 Uhr. Refektorium der Propstei, Muristan Road 5, AltstadtWas das &hellip; Continue reading &quot;Unsere Veranstaltungen im Mai&quot;\" \/>\n<meta property=\"og:url\" content=\"https:\/\/www.evangelisch-in-jerusalem.org\/en\/2026\/04\/30\/unsere-veranstaltungen-im-mai-2\/\" \/>\n<meta property=\"og:site_name\" content=\"Evangelisch in Jerusalem\" \/>\n<meta property=\"article:publisher\" content=\"https:\/\/www.facebook.com\/erloeserkirche.jerusalem\" \/>\n<meta property=\"article:published_time\" content=\"2026-04-30T09:46:54+00:00\" \/>\n<meta property=\"article:modified_time\" content=\"2026-04-30T09:52:40+00:00\" \/>\n<meta property=\"og:image\" content=\"https:\/\/www.evangelisch-in-jerusalem.org\/wp-content\/uploads\/2026\/04\/Totale-Erloeserkirche-mit-Landschaft-scaled.jpg\" \/>\n\t<meta property=\"og:image:width\" content=\"2560\" \/>\n\t<meta property=\"og:image:height\" content=\"1440\" \/>\n\t<meta property=\"og:image:type\" content=\"image\/jpeg\" \/>\n<meta name=\"author\" content=\"Bilhan Rechtman\" \/>\n<meta name=\"twitter:card\" content=\"summary_large_image\" \/>\n<meta name=\"twitter:label1\" content=\"Written by\" \/>\n\t<meta name=\"twitter:data1\" content=\"Bilhan Rechtman\" \/>\n\t<meta name=\"twitter:label2\" content=\"Estimated reading time\" \/>\n\t<meta name=\"twitter:data2\" content=\"6 minutes\" \/>\n<script type=\"application\/ld+json\" class=\"yoast-schema-graph\">{\"@context\":\"https:\\\/\\\/schema.org\",\"@graph\":[{\"@type\":\"Article\",\"@id\":\"https:\\\/\\\/www.evangelisch-in-jerusalem.org\\\/2026\\\/04\\\/30\\\/unsere-veranstaltungen-im-mai-2\\\/#article\",\"isPartOf\":{\"@id\":\"https:\\\/\\\/www.evangelisch-in-jerusalem.org\\\/2026\\\/04\\\/30\\\/unsere-veranstaltungen-im-mai-2\\\/\"},\"author\":{\"name\":\"Bilhan Rechtman\",\"@id\":\"https:\\\/\\\/www.evangelisch-in-jerusalem.org\\\/#\\\/schema\\\/person\\\/1a5c46f66365bb12b39ea0ebe03339a7\"},\"headline\":\"Unsere Veranstaltungen im Mai\",\"datePublished\":\"2026-04-30T09:46:54+00:00\",\"dateModified\":\"2026-04-30T09:52:40+00:00\",\"mainEntityOfPage\":{\"@id\":\"https:\\\/\\\/www.evangelisch-in-jerusalem.org\\\/2026\\\/04\\\/30\\\/unsere-veranstaltungen-im-mai-2\\\/\"},\"wordCount\":952,\"publisher\":{\"@id\":\"https:\\\/\\\/www.evangelisch-in-jerusalem.org\\\/#organization\"},\"image\":{\"@id\":\"https:\\\/\\\/www.evangelisch-in-jerusalem.org\\\/2026\\\/04\\\/30\\\/unsere-veranstaltungen-im-mai-2\\\/#primaryimage\"},\"thumbnailUrl\":\"https:\\\/\\\/www.evangelisch-in-jerusalem.org\\\/wp-content\\\/uploads\\\/2026\\\/04\\\/Totale-Erloeserkirche-mit-Landschaft-scaled.jpg\",\"keywords\":[\"Abendmahlsgottesdienst\",\"Altstadt\",\"Andacht\",\"Erl\u00f6serkirche\",\"Gemeindeabend\",\"Gottesdienst\",\"Himmelfahrtkirche\",\"Jerusalem\",\"Konzert\",\"Newsletter\",\"Stummfilm\"],\"articleSection\":[\"Allgemein\"],\"inLanguage\":\"en-GB\"},{\"@type\":\"WebPage\",\"@id\":\"https:\\\/\\\/www.evangelisch-in-jerusalem.org\\\/2026\\\/04\\\/30\\\/unsere-veranstaltungen-im-mai-2\\\/\",\"url\":\"https:\\\/\\\/www.evangelisch-in-jerusalem.org\\\/2026\\\/04\\\/30\\\/unsere-veranstaltungen-im-mai-2\\\/\",\"name\":\"Unsere Veranstaltungen im Mai - Evangelisch in Jerusalem\",\"isPartOf\":{\"@id\":\"https:\\\/\\\/www.evangelisch-in-jerusalem.org\\\/#website\"},\"primaryImageOfPage\":{\"@id\":\"https:\\\/\\\/www.evangelisch-in-jerusalem.org\\\/2026\\\/04\\\/30\\\/unsere-veranstaltungen-im-mai-2\\\/#primaryimage\"},\"image\":{\"@id\":\"https:\\\/\\\/www.evangelisch-in-jerusalem.org\\\/2026\\\/04\\\/30\\\/unsere-veranstaltungen-im-mai-2\\\/#primaryimage\"},\"thumbnailUrl\":\"https:\\\/\\\/www.evangelisch-in-jerusalem.org\\\/wp-content\\\/uploads\\\/2026\\\/04\\\/Totale-Erloeserkirche-mit-Landschaft-scaled.jpg\",\"datePublished\":\"2026-04-30T09:46:54+00:00\",\"dateModified\":\"2026-04-30T09:52:40+00:00\",\"breadcrumb\":{\"@id\":\"https:\\\/\\\/www.evangelisch-in-jerusalem.org\\\/2026\\\/04\\\/30\\\/unsere-veranstaltungen-im-mai-2\\\/#breadcrumb\"},\"inLanguage\":\"en-GB\",\"potentialAction\":[{\"@type\":\"ReadAction\",\"target\":[\"https:\\\/\\\/www.evangelisch-in-jerusalem.org\\\/2026\\\/04\\\/30\\\/unsere-veranstaltungen-im-mai-2\\\/\"]}]},{\"@type\":\"ImageObject\",\"inLanguage\":\"en-GB\",\"@id\":\"https:\\\/\\\/www.evangelisch-in-jerusalem.org\\\/2026\\\/04\\\/30\\\/unsere-veranstaltungen-im-mai-2\\\/#primaryimage\",\"url\":\"https:\\\/\\\/www.evangelisch-in-jerusalem.org\\\/wp-content\\\/uploads\\\/2026\\\/04\\\/Totale-Erloeserkirche-mit-Landschaft-scaled.jpg\",\"contentUrl\":\"https:\\\/\\\/www.evangelisch-in-jerusalem.org\\\/wp-content\\\/uploads\\\/2026\\\/04\\\/Totale-Erloeserkirche-mit-Landschaft-scaled.jpg\",\"width\":2560,\"height\":1440},{\"@type\":\"BreadcrumbList\",\"@id\":\"https:\\\/\\\/www.evangelisch-in-jerusalem.org\\\/2026\\\/04\\\/30\\\/unsere-veranstaltungen-im-mai-2\\\/#breadcrumb\",\"itemListElement\":[{\"@type\":\"ListItem\",\"position\":1,\"name\":\"Startseite\",\"item\":\"https:\\\/\\\/www.evangelisch-in-jerusalem.org\\\/\"},{\"@type\":\"ListItem\",\"position\":2,\"name\":\"Unsere Veranstaltungen im Mai\"}]},{\"@type\":\"WebSite\",\"@id\":\"https:\\\/\\\/www.evangelisch-in-jerusalem.org\\\/#website\",\"url\":\"https:\\\/\\\/www.evangelisch-in-jerusalem.org\\\/\",\"name\":\"Evangelisch in Jerusalem\",\"description\":\"Stiftungen der EKD im Heiligen Land\",\"publisher\":{\"@id\":\"https:\\\/\\\/www.evangelisch-in-jerusalem.org\\\/#organization\"},\"potentialAction\":[{\"@type\":\"SearchAction\",\"target\":{\"@type\":\"EntryPoint\",\"urlTemplate\":\"https:\\\/\\\/www.evangelisch-in-jerusalem.org\\\/?s={search_term_string}\"},\"query-input\":{\"@type\":\"PropertyValueSpecification\",\"valueRequired\":true,\"valueName\":\"search_term_string\"}}],\"inLanguage\":\"en-GB\"},{\"@type\":\"Organization\",\"@id\":\"https:\\\/\\\/www.evangelisch-in-jerusalem.org\\\/#organization\",\"name\":\"German Protestant Institutions in the Holy Land\",\"url\":\"https:\\\/\\\/www.evangelisch-in-jerusalem.org\\\/\",\"logo\":{\"@type\":\"ImageObject\",\"inLanguage\":\"en-GB\",\"@id\":\"https:\\\/\\\/www.evangelisch-in-jerusalem.org\\\/#\\\/schema\\\/logo\\\/image\\\/\",\"url\":\"https:\\\/\\\/www.evangelisch-in-jerusalem.org\\\/wp-content\\\/uploads\\\/2019\\\/03\\\/EIJ_Logo_500-px.png\",\"contentUrl\":\"https:\\\/\\\/www.evangelisch-in-jerusalem.org\\\/wp-content\\\/uploads\\\/2019\\\/03\\\/EIJ_Logo_500-px.png\",\"width\":500,\"height\":82,\"caption\":\"German Protestant Institutions in the Holy Land\"},\"image\":{\"@id\":\"https:\\\/\\\/www.evangelisch-in-jerusalem.org\\\/#\\\/schema\\\/logo\\\/image\\\/\"},\"sameAs\":[\"https:\\\/\\\/www.facebook.com\\\/erloeserkirche.jerusalem\"]},{\"@type\":\"Person\",\"@id\":\"https:\\\/\\\/www.evangelisch-in-jerusalem.org\\\/#\\\/schema\\\/person\\\/1a5c46f66365bb12b39ea0ebe03339a7\",\"name\":\"Bilhan Rechtman\",\"sameAs\":[\"http:\\\/\\\/www.evangelisch-in-jerusalem.org\"],\"url\":\"https:\\\/\\\/www.evangelisch-in-jerusalem.org\\\/en\\\/author\\\/bilhan\\\/\"}]}<\/script>\n<!-- \/ Yoast SEO plugin. -->","yoast_head_json":{"title":"Unsere Veranstaltungen im Mai - Evangelisch in Jerusalem","robots":{"index":"index","follow":"follow","max-snippet":"max-snippet:-1","max-image-preview":"max-image-preview:large","max-video-preview":"max-video-preview:-1"},"canonical":"https:\/\/www.evangelisch-in-jerusalem.org\/en\/2026\/04\/30\/unsere-veranstaltungen-im-mai-2\/","og_locale":"en_GB","og_type":"article","og_title":"Unsere Veranstaltungen im Mai - Evangelisch in Jerusalem","og_description":"Sa, 02.05. \u00a0\u00a0\u00a0\u00a0\u00a0\u00a0\u00a0 19.00 Uhr (18.00 Uhr deutscher Zeit)Friedensgebet per ZoomEinwahllink direkt: https:\/\/is.gd\/y6mWZz\u00a0(oder Zoom-ID: 976 8331 9026, Code: 391044)Mit Kirchengemeinder\u00e4tin Diet Koster und Pfarrerin Ines Fischer So, 03.05.\u00a0\u00a0\u00a0\u00a0\u00a0\u00a0\u00a0 10.30 Uhr. Erl\u00f6serkirche, Muristan Road 1, AltstadtGottesdienst mit Abendmahl am Sonntag KantateMit Pfarrerin Ines Fischer Di, 05.05.\u00a0\u00a0\u00a0\u00a0\u00a0\u00a0\u00a0 20.00-21.30 Uhr. Refektorium der Propstei, Muristan Road 5, AltstadtWas das &hellip; Continue reading \"Unsere Veranstaltungen im Mai\"","og_url":"https:\/\/www.evangelisch-in-jerusalem.org\/en\/2026\/04\/30\/unsere-veranstaltungen-im-mai-2\/","og_site_name":"Evangelisch in Jerusalem","article_publisher":"https:\/\/www.facebook.com\/erloeserkirche.jerusalem","article_published_time":"2026-04-30T09:46:54+00:00","article_modified_time":"2026-04-30T09:52:40+00:00","og_image":[{"width":2560,"height":1440,"url":"https:\/\/www.evangelisch-in-jerusalem.org\/wp-content\/uploads\/2026\/04\/Totale-Erloeserkirche-mit-Landschaft-scaled.jpg","type":"image\/jpeg"}],"author":"Bilhan Rechtman","twitter_card":"summary_large_image","twitter_misc":{"Written by":"Bilhan Rechtman","Estimated reading time":"6 minutes"},"schema":{"@context":"https:\/\/schema.org","@graph":[{"@type":"Article","@id":"https:\/\/www.evangelisch-in-jerusalem.org\/2026\/04\/30\/unsere-veranstaltungen-im-mai-2\/#article","isPartOf":{"@id":"https:\/\/www.evangelisch-in-jerusalem.org\/2026\/04\/30\/unsere-veranstaltungen-im-mai-2\/"},"author":{"name":"Bilhan Rechtman","@id":"https:\/\/www.evangelisch-in-jerusalem.org\/#\/schema\/person\/1a5c46f66365bb12b39ea0ebe03339a7"},"headline":"Unsere Veranstaltungen im Mai","datePublished":"2026-04-30T09:46:54+00:00","dateModified":"2026-04-30T09:52:40+00:00","mainEntityOfPage":{"@id":"https:\/\/www.evangelisch-in-jerusalem.org\/2026\/04\/30\/unsere-veranstaltungen-im-mai-2\/"},"wordCount":952,"publisher":{"@id":"https:\/\/www.evangelisch-in-jerusalem.org\/#organization"},"image":{"@id":"https:\/\/www.evangelisch-in-jerusalem.org\/2026\/04\/30\/unsere-veranstaltungen-im-mai-2\/#primaryimage"},"thumbnailUrl":"https:\/\/www.evangelisch-in-jerusalem.org\/wp-content\/uploads\/2026\/04\/Totale-Erloeserkirche-mit-Landschaft-scaled.jpg","keywords":["Abendmahlsgottesdienst","Altstadt","Andacht","Erl\u00f6serkirche","Gemeindeabend","Gottesdienst","Himmelfahrtkirche","Jerusalem","Konzert","Newsletter","Stummfilm"],"articleSection":["Allgemein"],"inLanguage":"en-GB"},{"@type":"WebPage","@id":"https:\/\/www.evangelisch-in-jerusalem.org\/2026\/04\/30\/unsere-veranstaltungen-im-mai-2\/","url":"https:\/\/www.evangelisch-in-jerusalem.org\/2026\/04\/30\/unsere-veranstaltungen-im-mai-2\/","name":"Unsere Veranstaltungen im Mai - Evangelisch in Jerusalem","isPartOf":{"@id":"https:\/\/www.evangelisch-in-jerusalem.org\/#website"},"primaryImageOfPage":{"@id":"https:\/\/www.evangelisch-in-jerusalem.org\/2026\/04\/30\/unsere-veranstaltungen-im-mai-2\/#primaryimage"},"image":{"@id":"https:\/\/www.evangelisch-in-jerusalem.org\/2026\/04\/30\/unsere-veranstaltungen-im-mai-2\/#primaryimage"},"thumbnailUrl":"https:\/\/www.evangelisch-in-jerusalem.org\/wp-content\/uploads\/2026\/04\/Totale-Erloeserkirche-mit-Landschaft-scaled.jpg","datePublished":"2026-04-30T09:46:54+00:00","dateModified":"2026-04-30T09:52:40+00:00","breadcrumb":{"@id":"https:\/\/www.evangelisch-in-jerusalem.org\/2026\/04\/30\/unsere-veranstaltungen-im-mai-2\/#breadcrumb"},"inLanguage":"en-GB","potentialAction":[{"@type":"ReadAction","target":["https:\/\/www.evangelisch-in-jerusalem.org\/2026\/04\/30\/unsere-veranstaltungen-im-mai-2\/"]}]},{"@type":"ImageObject","inLanguage":"en-GB","@id":"https:\/\/www.evangelisch-in-jerusalem.org\/2026\/04\/30\/unsere-veranstaltungen-im-mai-2\/#primaryimage","url":"https:\/\/www.evangelisch-in-jerusalem.org\/wp-content\/uploads\/2026\/04\/Totale-Erloeserkirche-mit-Landschaft-scaled.jpg","contentUrl":"https:\/\/www.evangelisch-in-jerusalem.org\/wp-content\/uploads\/2026\/04\/Totale-Erloeserkirche-mit-Landschaft-scaled.jpg","width":2560,"height":1440},{"@type":"BreadcrumbList","@id":"https:\/\/www.evangelisch-in-jerusalem.org\/2026\/04\/30\/unsere-veranstaltungen-im-mai-2\/#breadcrumb","itemListElement":[{"@type":"ListItem","position":1,"name":"Startseite","item":"https:\/\/www.evangelisch-in-jerusalem.org\/"},{"@type":"ListItem","position":2,"name":"Unsere Veranstaltungen im Mai"}]},{"@type":"WebSite","@id":"https:\/\/www.evangelisch-in-jerusalem.org\/#website","url":"https:\/\/www.evangelisch-in-jerusalem.org\/","name":"Evangelisch in Jerusalem","description":"German Protestant Institutions in the Holy Land","publisher":{"@id":"https:\/\/www.evangelisch-in-jerusalem.org\/#organization"},"potentialAction":[{"@type":"SearchAction","target":{"@type":"EntryPoint","urlTemplate":"https:\/\/www.evangelisch-in-jerusalem.org\/?s={search_term_string}"},"query-input":{"@type":"PropertyValueSpecification","valueRequired":true,"valueName":"search_term_string"}}],"inLanguage":"en-GB"},{"@type":"Organization","@id":"https:\/\/www.evangelisch-in-jerusalem.org\/#organization","name":"German Protestant Institutions in the Holy Land","url":"https:\/\/www.evangelisch-in-jerusalem.org\/","logo":{"@type":"ImageObject","inLanguage":"en-GB","@id":"https:\/\/www.evangelisch-in-jerusalem.org\/#\/schema\/logo\/image\/","url":"https:\/\/www.evangelisch-in-jerusalem.org\/wp-content\/uploads\/2019\/03\/EIJ_Logo_500-px.png","contentUrl":"https:\/\/www.evangelisch-in-jerusalem.org\/wp-content\/uploads\/2019\/03\/EIJ_Logo_500-px.png","width":500,"height":82,"caption":"German Protestant Institutions in the Holy Land"},"image":{"@id":"https:\/\/www.evangelisch-in-jerusalem.org\/#\/schema\/logo\/image\/"},"sameAs":["https:\/\/www.facebook.com\/erloeserkirche.jerusalem"]},{"@type":"Person","@id":"https:\/\/www.evangelisch-in-jerusalem.org\/#\/schema\/person\/1a5c46f66365bb12b39ea0ebe03339a7","name":"Bilhan Rechtman","sameAs":["http:\/\/www.evangelisch-in-jerusalem.org"],"url":"https:\/\/www.evangelisch-in-jerusalem.org\/en\/author\/bilhan\/"}]}},"_links":{"self":[{"href":"https:\/\/www.evangelisch-in-jerusalem.org\/en\/wp-json\/wp\/v2\/posts\/22958","targetHints":{"allow":["GET"]}}],"collection":[{"href":"https:\/\/www.evangelisch-in-jerusalem.org\/en\/wp-json\/wp\/v2\/posts"}],"about":[{"href":"https:\/\/www.evangelisch-in-jerusalem.org\/en\/wp-json\/wp\/v2\/types\/post"}],"author":[{"embeddable":true,"href":"https:\/\/www.evangelisch-in-jerusalem.org\/en\/wp-json\/wp\/v2\/users\/8"}],"replies":[{"embeddable":true,"href":"https:\/\/www.evangelisch-in-jerusalem.org\/en\/wp-json\/wp\/v2\/comments?post=22958"}],"version-history":[{"count":3,"href":"https:\/\/www.evangelisch-in-jerusalem.org\/en\/wp-json\/wp\/v2\/posts\/22958\/revisions"}],"predecessor-version":[{"id":22963,"href":"https:\/\/www.evangelisch-in-jerusalem.org\/en\/wp-json\/wp\/v2\/posts\/22958\/revisions\/22963"}],"wp:featuredmedia":[{"embeddable":true,"href":"https:\/\/www.evangelisch-in-jerusalem.org\/en\/wp-json\/wp\/v2\/media\/22959"}],"wp:attachment":[{"href":"https:\/\/www.evangelisch-in-jerusalem.org\/en\/wp-json\/wp\/v2\/media?parent=22958"}],"wp:term":[{"taxonomy":"category","embeddable":true,"href":"https:\/\/www.evangelisch-in-jerusalem.org\/en\/wp-json\/wp\/v2\/categories?post=22958"},{"taxonomy":"post_tag","embeddable":true,"href":"https:\/\/www.evangelisch-in-jerusalem.org\/en\/wp-json\/wp\/v2\/tags?post=22958"}],"curies":[{"name":"wp","href":"https:\/\/api.w.org\/{rel}","templated":true}]}}