{"id":20925,"date":"2025-08-29T12:13:50","date_gmt":"2025-08-29T09:13:50","guid":{"rendered":"https:\/\/www.evangelisch-in-jerusalem.org\/?p=20925"},"modified":"2025-08-29T12:15:31","modified_gmt":"2025-08-29T09:15:31","slug":"unsere-veranstaltungen-im-september-2025","status":"publish","type":"post","link":"https:\/\/www.evangelisch-in-jerusalem.org\/en\/2025\/08\/29\/unsere-veranstaltungen-im-september-2025\/","title":{"rendered":"Unsere Veranstaltungen im September 2025"},"content":{"rendered":"<p>Mi, 03.09.&nbsp;&nbsp;&nbsp;&nbsp;&nbsp;&nbsp;&nbsp; 17.30 Uhr<br><strong>Taiz\u00e9-Andacht in der Himmelfahrtkirche: Singen \u2013 schweigen \u2013 beten<\/strong><br>Mit Pfarrerin Ines Fischer<br><strong>Im Anschluss: Beisammensein<\/strong> mit Abendessen im Caf\u00e9 Auguste Victoria.<br>Himmelfahrtkirche und Caf\u00e9 Auguste Victoria auf dem \u00d6lberg. Ohne Anmeldung.<\/p>\n\n\n\n<p>Sa, 06.09.&nbsp;&nbsp;&nbsp;&nbsp;&nbsp;&nbsp;&nbsp; 19.00 Uhr (18.00 Uhr deutscher Zeit)<br><strong>Friedensgebet per Zoom<\/strong><br>Einwahllink direkt: <a href=\"https:\/\/is.gd\/y6mWZz\">https:\/\/is.gd\/y6mWZz<\/a>&nbsp;(oder Zoom-ID: 976 8331 9026, Code: 391044)<br>Mit Pfarrerin Ines Fischer<\/p>\n\n\n\n<p>So, 07.09.&nbsp;&nbsp;&nbsp;&nbsp;&nbsp;&nbsp;&nbsp; 10.30 Uhr<br><strong>Gottesdienst am 12. Sonntag nach Trinitatis<br><\/strong>Predigt und Musik: Pfarrerin Ines Fischer<br>Erl\u00f6serkirche, Muristan Road 1, Altstadt von Jerusalem<\/p>\n\n\n\n<p>Di, 09.09.&nbsp;&nbsp;&nbsp;&nbsp;&nbsp;&nbsp;&nbsp; 19.00 Uhr<br><strong>Begr\u00fc\u00dfungsabend zum Beginn der Saison mit Gespr\u00e4chen und Bowle<br><\/strong>Kreuzgang der Erl\u00f6serkirche, Muristan Road 5, Altstadt von Jerusalem<\/p>\n\n\n\n<p>Mi, 10.09.&nbsp;&nbsp;&nbsp;&nbsp;&nbsp;&nbsp;&nbsp; 17.30 Uhr<br><strong>Taiz\u00e9-Andacht in der Himmelfahrtkirche: Singen \u2013 schweigen \u2013 beten<\/strong><br>Mit Pfarrerin Ines Fischer und Kirchenmusikdirektor Peter-Michael Seifried<br><strong>Im Anschluss: Beisammensein<\/strong> mit Abendessen im Caf\u00e9 Auguste Victoria.<br>Himmelfahrtkirche und Caf\u00e9 Auguste Victoria auf dem \u00d6lberg. Ohne Anmeldung.<\/p>\n\n\n\n<p>Sa, 13.09. &nbsp;&nbsp;&nbsp;&nbsp;&nbsp;&nbsp;&nbsp; 5.30 Uhr<br><strong>Sonnenaufgang mit Andacht auf dem Turm der Himmelfahrtkirche<br><\/strong>Mit Pfarrerin Ines Fischer<br>Treffpunkt vor dem Eingang der Himmelfahrtkirche auf dem \u00d6lberg<\/p>\n\n\n\n<p>06.00-12.00 Uhr<br><strong>Fr\u00fchst\u00fccksbuffet<br><\/strong>Caf\u00e9 Auguste Victoria auf dem \u00d6lberg. Ohne Anmeldung.<\/p>\n\n\n\n<p>8.00 Uhr<br><strong>Guided tour of the Church of the Ascension on the Mount of Olives <\/strong><em>in englischer Sprache<\/em><br>Mit Pfarrerin Ines Fischer<\/p>\n\n\n\n<p>9.00 Uhr<br><strong>F\u00fchrung durch die Himmelfahrtkirche auf dem \u00d6lberg <\/strong><em>in deutscher Sprache<\/em><br>Mit Pfarrerin Ines Fischer<\/p>\n\n\n\n<p>10.10-10.40 Uhr<br><strong>Orgelkonzert \u201eThe Mighty Sauer (1910)\u201c in der Himmelfahrtkirche, <\/strong>um 9.55 Uhr gibt es eine Einf\u00fchrung auf der Empore. <br>Mit Kirchenmusikdirektor Peter-Michael Seifried<\/p>\n\n\n\n<p>12.00-12.30 Uhr<br><strong>Orgelmatinee in der Erl\u00f6serkirche<br><\/strong>Mit Kirchenmusikdirektor Peter-Michael Seifried<br>Erl\u00f6serkirche, Muristan Road 1, Altstadt von Jerusalem<\/p>\n\n\n\n<p>19.00 Uhr (18.00 Uhr deutscher Zeit)<br><strong>Friedensgebet per Zoom<\/strong><br>Einwahllink direkt: <a href=\"https:\/\/is.gd\/y6mWZz\">https:\/\/is.gd\/y6mWZz<\/a>&nbsp;(oder Zoom-ID: 976 8331 9026, Code: 391044)<br>Mit Pfarrerin Ines Fischer<\/p>\n\n\n\n<p>So, 14.09.&nbsp;&nbsp;&nbsp;&nbsp;&nbsp;&nbsp;&nbsp; 10.30 Uhr<br><strong>Gottesdienst mit Abendmahl<\/strong><br>Predigt: Pfarrerin Ines Fischer<br>Musik: Kirchenmusikdirektor Peter-Michael Seifried<br>Erl\u00f6serkirche, Muristan Road 1, Altstadt von Jerusalem<\/p>\n\n\n\n<p>Di, 16.09.&nbsp;&nbsp;&nbsp;&nbsp;&nbsp;&nbsp;&nbsp; 18.00-19.45 Uhr<br><strong>Kennenlernprobe der Kantorei<br><\/strong>Mit Kirchenmusikdirektor Peter-Michael Seifried<br>Bibliothek der Erl\u00f6serkirche, Muristan Road 5, Altstadt von Jerusalem<\/p>\n\n\n\n<p>20.00-21.30 Uhr<br><strong>Spirituelle Ressourcen f\u00fcr gesellschaftspolitisches Engagement<br><\/strong>Gemeindeabend mit Pfr. Dr. Andreas Goetze, Referent Interreligi\u00f6ser Dialog, Zentrum \u00d6kumene EKHN<br>Refektorium der Erl\u00f6serkirche, Muristan Road 5, Altstadt von Jerusalem<\/p>\n\n\n\n<p>Mi, 17.09.&nbsp;&nbsp;&nbsp;&nbsp;&nbsp;&nbsp;&nbsp; 17.30 Uhr<br><strong>Taiz\u00e9-Andacht in der Himmelfahrtkirche: Singen \u2013 schweigen \u2013 beten<\/strong><br>Mit Pfarrerin Ines Fischer und Kirchenmusikdirektor Peter-Michael Seifried<br><strong>Im Anschluss: Beisammensein<\/strong> mit Abendessen im Caf\u00e9 Auguste Victoria.<br>Himmelfahrtkirche und Caf\u00e9 Auguste Victoria auf dem \u00d6lberg. Ohne Anmeldung.<\/p>\n\n\n\n<p>Fr, 19.09.&nbsp;&nbsp;&nbsp;&nbsp;&nbsp;&nbsp;&nbsp; 14.00-17.00 Uhr<br><strong>Kochkurs mit Margaret Younan<\/strong><br>mit anschlie\u00dfendem gemeinsamem Essen. Anmeldung unter <a href=\"mailto:pastorin@evajerusalem.org\">pastorin@evajerusalem.org<\/a><br>Caf\u00e9 Auguste Victoria auf dem \u00d6lberg<\/p>\n\n\n\n<p>Sa, 20.09.&nbsp;&nbsp;&nbsp;&nbsp;&nbsp;&nbsp;&nbsp; 12.00-12.30 Uhr<br><strong>Orgelmatinee in der Erl\u00f6serkirche<br><\/strong>Mit Kirchenmusikdirektor Peter-Michael Seifried<br>Erl\u00f6serkirche, Muristan Road 1, Altstadt von Jerusalem<\/p>\n\n\n\n<p>15.00-17.00 Uhr<br><strong>Familiennachmittag auf der Auguste Victoria<br><\/strong>Programm f\u00fcr Familien mit Kindern. Anmeldung unter <a href=\"mailto:pastorin@evajerusalem.org\">pastorin@evajerusalem.org<\/a><br>Caf\u00e9 Auguste Victoria auf dem \u00d6lberg<\/p>\n\n\n\n<p>19.00 Uhr (18.00 Uhr deutscher Zeit)<br><strong>Friedensgebet per Zoom<\/strong><br>Einwahllink direkt: <a href=\"https:\/\/is.gd\/y6mWZz\">https:\/\/is.gd\/y6mWZz<\/a>&nbsp;(oder Zoom-ID: 976 8331 9026, Code: 391044)<br>Mit Propst Joachim Lenz<\/p>\n\n\n\n<p>So, 21.09.&nbsp;&nbsp;&nbsp;&nbsp;&nbsp;&nbsp;&nbsp; 10.30 Uhr<br><strong>Gottesdienst am 14. Sonntag nach Trinitatis<\/strong><br>Predigt: Propst Joachim Lenz<br>Musik: Kirchenmusikdirektor Peter-Michael Seifried<br>Erl\u00f6serkirche, Muristan Road 1, Altstadt von Jerusalem<\/p>\n\n\n\n<p>19.00 Uhr<br><strong>Kinoabend<br><\/strong>Mit Pfarrerin Ines FischerCaf\u00e9 Auguste Victoria auf dem \u00d6lberg<\/p>\n\n\n\n<p>Di, 23.09.&nbsp;&nbsp;&nbsp;&nbsp;&nbsp;&nbsp;&nbsp; 18.00-19.45 Uhr<br><strong>Chorprobe der Kantorei<\/strong><br>Mit Kirchenmusikdirektor Peter-Michael Seifried<br>Bibliothek der Erl\u00f6serkirche, Muristan Road 5, Altstadt von Jerusalem<\/p>\n\n\n\n<p>20.00-22.00 Uhr<br><strong>Stummfilm mit Live-Musik: Der Gl\u00f6ckner von Notre Dame<br><\/strong>USA 1923, 117 Minuten, Regie: Wallace Worsley; Eintritt frei<br>Am Steinway-Fl\u00fcgel: Kirchenmusikdirektor Peter-Michael Seifried<br>Johanniterkapelle der Erl\u00f6serkirche, Muristan Road 5, Altstadt von Jerusalem<\/p>\n\n\n\n<p>Mi, 24.09.&nbsp;&nbsp;&nbsp;&nbsp;&nbsp;&nbsp;&nbsp; 17.30 Uhr<br><strong>Taiz\u00e9-Andacht in der Himmelfahrtkirche: Singen \u2013 schweigen \u2013 beten<\/strong><br>Mit Pfarrerin Ines Fischer und Kirchenmusikdirektor Peter-Michael Seifried<br><strong>Im Anschluss: Beisammensein<\/strong> mit Abendessen im Caf\u00e9 Auguste Victoria.<br>Himmelfahrtkirche und Caf\u00e9 Auguste Victoria auf dem \u00d6lberg. Ohne Anmeldung.<\/p>\n\n\n\n<p>Sa, 27.09.&nbsp;&nbsp;&nbsp;&nbsp;&nbsp;&nbsp;&nbsp; 12.00-12.30 Uhr<br><strong>Orgelmatinee in der Erl\u00f6serkirche<br><\/strong>Mit Kirchenmusikdirektor Peter-Michael Seifried<br>Erl\u00f6serkirche, Muristan Road 1, Altstadt von Jerusalem<\/p>\n\n\n\n<p>19.00 Uhr (18.00 Uhr deutscher Zeit)<br><strong>Friedensgebet per Zoom<\/strong><br>Einwahllink direkt: <a href=\"https:\/\/is.gd\/y6mWZz\">https:\/\/is.gd\/y6mWZz<\/a>&nbsp;(oder Zoom-ID: 976 8331 9026, Code: 391044)<\/p>\n\n\n\n<p>So, 28.09.&nbsp;&nbsp;&nbsp;&nbsp;&nbsp;&nbsp;&nbsp; 10.30 Uhr<br><strong>Gottesdienst mit Abendmahl<\/strong><br>Predigt: Pfr. Dr. Andreas Goetze, Frankfurt <em>(angefragt)<\/em><br>Musik: Kirchenmusikdirektor Peter-Michael Seifried<br>Erl\u00f6serkirche, Muristan Road 1, Altstadt von Jerusalem<\/p>\n\n\n\n<p>Di, 30.09.&nbsp;&nbsp;&nbsp;&nbsp;&nbsp;&nbsp;&nbsp; 18.00-19.45 Uhr<br><strong>Chorprobe der Kantorei<\/strong><br>Mit Kirchenmusikdirektor Peter-Michael Seifried<br>Bibliothek der Erl\u00f6serkirche, Muristan Road 5, Altstadt von Jerusalem<\/p>\n\n\n\n<p>20.00-21.30 Uhr<br><strong>Zwei Jahre danach. Auswirkungen des 7. Oktober auf die Region Naher Osten<br><\/strong>Gemeindeabend mit Georg R\u00f6ssler, Kirchengemeinderat, und Gedi Hampe, beide Mitinhaber von SK Tours.<br>Refektorium der Propstei, Muristan Road 5, Altstadt von Jerusalem<\/p>","protected":false},"excerpt":{"rendered":"<p>Mi, 03.09.&nbsp;&nbsp;&nbsp;&nbsp;&nbsp;&nbsp;&nbsp; 17.30 UhrTaiz\u00e9-Andacht in der Himmelfahrtkirche: Singen \u2013 schweigen \u2013 betenMit Pfarrerin Ines FischerIm Anschluss: Beisammensein mit Abendessen im Caf\u00e9 Auguste Victoria.Himmelfahrtkirche und Caf\u00e9 Auguste Victoria auf dem \u00d6lberg. Ohne Anmeldung. Sa, 06.09.&nbsp;&nbsp;&nbsp;&nbsp;&nbsp;&nbsp;&nbsp; 19.00 Uhr (18.00 Uhr deutscher Zeit)Friedensgebet per ZoomEinwahllink direkt: https:\/\/is.gd\/y6mWZz&nbsp;(oder Zoom-ID: 976 8331 9026, Code: 391044)Mit Pfarrerin Ines Fischer So, 07.09.&nbsp;&nbsp;&nbsp;&nbsp;&nbsp;&nbsp;&nbsp; &hellip; <\/p>\n<p class=\"link-more\"><a href=\"https:\/\/www.evangelisch-in-jerusalem.org\/en\/2025\/08\/29\/unsere-veranstaltungen-im-september-2025\/\" class=\"more-link\">Continue reading<span class=\"screen-reader-text\"> &#8220;Unsere Veranstaltungen im September 2025&#8221;<\/span><\/a><\/p>","protected":false},"author":8,"featured_media":18606,"comment_status":"closed","ping_status":"closed","sticky":false,"template":"","format":"standard","meta":{"footnotes":""},"categories":[1],"tags":[256,111,124,101,104,125,281,421],"class_list":["post-20925","post","type-post","status-publish","format-standard","has-post-thumbnail","hentry","category-allgemein","tag-altstadt","tag-andacht","tag-erloeserkirche","tag-gemeindeabend","tag-himmelfahrtkirche","tag-jerusalem","tag-newsletter","tag-stummfilm","entry"],"yoast_head":"<!-- This site is optimized with the Yoast SEO plugin v27.4 - https:\/\/yoast.com\/product\/yoast-seo-wordpress\/ -->\n<title>Unsere Veranstaltungen im September 2025 - Evangelisch in Jerusalem<\/title>\n<meta name=\"robots\" content=\"index, follow, max-snippet:-1, max-image-preview:large, max-video-preview:-1\" \/>\n<link rel=\"canonical\" href=\"https:\/\/www.evangelisch-in-jerusalem.org\/en\/2025\/08\/29\/unsere-veranstaltungen-im-september-2025\/\" \/>\n<meta property=\"og:locale\" content=\"en_GB\" \/>\n<meta property=\"og:type\" content=\"article\" \/>\n<meta property=\"og:title\" content=\"Unsere Veranstaltungen im September 2025 - Evangelisch in Jerusalem\" \/>\n<meta property=\"og:description\" content=\"Mi, 03.09.&nbsp;&nbsp;&nbsp;&nbsp;&nbsp;&nbsp;&nbsp; 17.30 UhrTaiz\u00e9-Andacht in der Himmelfahrtkirche: Singen \u2013 schweigen \u2013 betenMit Pfarrerin Ines FischerIm Anschluss: Beisammensein mit Abendessen im Caf\u00e9 Auguste Victoria.Himmelfahrtkirche und Caf\u00e9 Auguste Victoria auf dem \u00d6lberg. Ohne Anmeldung. Sa, 06.09.&nbsp;&nbsp;&nbsp;&nbsp;&nbsp;&nbsp;&nbsp; 19.00 Uhr (18.00 Uhr deutscher Zeit)Friedensgebet per ZoomEinwahllink direkt: https:\/\/is.gd\/y6mWZz&nbsp;(oder Zoom-ID: 976 8331 9026, Code: 391044)Mit Pfarrerin Ines Fischer So, 07.09.&nbsp;&nbsp;&nbsp;&nbsp;&nbsp;&nbsp;&nbsp; &hellip; Continue reading &quot;Unsere Veranstaltungen im September 2025&quot;\" \/>\n<meta property=\"og:url\" content=\"https:\/\/www.evangelisch-in-jerusalem.org\/en\/2025\/08\/29\/unsere-veranstaltungen-im-september-2025\/\" \/>\n<meta property=\"og:site_name\" content=\"Evangelisch in Jerusalem\" \/>\n<meta property=\"article:publisher\" content=\"https:\/\/www.facebook.com\/erloeserkirche.jerusalem\" \/>\n<meta property=\"article:published_time\" content=\"2025-08-29T09:13:50+00:00\" \/>\n<meta property=\"article:modified_time\" content=\"2025-08-29T09:15:31+00:00\" \/>\n<meta property=\"og:image\" content=\"https:\/\/www.evangelisch-in-jerusalem.org\/wp-content\/uploads\/2024\/06\/2676_Kirche_1000px.jpg\" \/>\n\t<meta property=\"og:image:width\" content=\"1000\" \/>\n\t<meta property=\"og:image:height\" content=\"667\" \/>\n\t<meta property=\"og:image:type\" content=\"image\/jpeg\" \/>\n<meta name=\"author\" content=\"Bilhan Rechtman\" \/>\n<meta name=\"twitter:card\" content=\"summary_large_image\" \/>\n<meta name=\"twitter:label1\" content=\"Written by\" \/>\n\t<meta name=\"twitter:data1\" content=\"Bilhan Rechtman\" \/>\n\t<meta name=\"twitter:label2\" content=\"Estimated reading time\" \/>\n\t<meta name=\"twitter:data2\" content=\"5 minutes\" \/>\n<script type=\"application\/ld+json\" class=\"yoast-schema-graph\">{\"@context\":\"https:\\\/\\\/schema.org\",\"@graph\":[{\"@type\":\"Article\",\"@id\":\"https:\\\/\\\/www.evangelisch-in-jerusalem.org\\\/2025\\\/08\\\/29\\\/unsere-veranstaltungen-im-september-2025\\\/#article\",\"isPartOf\":{\"@id\":\"https:\\\/\\\/www.evangelisch-in-jerusalem.org\\\/2025\\\/08\\\/29\\\/unsere-veranstaltungen-im-september-2025\\\/\"},\"author\":{\"name\":\"Bilhan Rechtman\",\"@id\":\"https:\\\/\\\/www.evangelisch-in-jerusalem.org\\\/#\\\/schema\\\/person\\\/1a5c46f66365bb12b39ea0ebe03339a7\"},\"headline\":\"Unsere Veranstaltungen im September 2025\",\"datePublished\":\"2025-08-29T09:13:50+00:00\",\"dateModified\":\"2025-08-29T09:15:31+00:00\",\"mainEntityOfPage\":{\"@id\":\"https:\\\/\\\/www.evangelisch-in-jerusalem.org\\\/2025\\\/08\\\/29\\\/unsere-veranstaltungen-im-september-2025\\\/\"},\"wordCount\":808,\"publisher\":{\"@id\":\"https:\\\/\\\/www.evangelisch-in-jerusalem.org\\\/#organization\"},\"image\":{\"@id\":\"https:\\\/\\\/www.evangelisch-in-jerusalem.org\\\/2025\\\/08\\\/29\\\/unsere-veranstaltungen-im-september-2025\\\/#primaryimage\"},\"thumbnailUrl\":\"https:\\\/\\\/www.evangelisch-in-jerusalem.org\\\/wp-content\\\/uploads\\\/2024\\\/06\\\/2676_Kirche_1000px.jpg\",\"keywords\":[\"Altstadt\",\"Andacht\",\"Erl\u00f6serkirche\",\"Gemeindeabend\",\"Himmelfahrtkirche\",\"Jerusalem\",\"Newsletter\",\"Stummfilm\"],\"articleSection\":[\"Allgemein\"],\"inLanguage\":\"en-GB\"},{\"@type\":\"WebPage\",\"@id\":\"https:\\\/\\\/www.evangelisch-in-jerusalem.org\\\/2025\\\/08\\\/29\\\/unsere-veranstaltungen-im-september-2025\\\/\",\"url\":\"https:\\\/\\\/www.evangelisch-in-jerusalem.org\\\/2025\\\/08\\\/29\\\/unsere-veranstaltungen-im-september-2025\\\/\",\"name\":\"Unsere Veranstaltungen im September 2025 - Evangelisch in Jerusalem\",\"isPartOf\":{\"@id\":\"https:\\\/\\\/www.evangelisch-in-jerusalem.org\\\/#website\"},\"primaryImageOfPage\":{\"@id\":\"https:\\\/\\\/www.evangelisch-in-jerusalem.org\\\/2025\\\/08\\\/29\\\/unsere-veranstaltungen-im-september-2025\\\/#primaryimage\"},\"image\":{\"@id\":\"https:\\\/\\\/www.evangelisch-in-jerusalem.org\\\/2025\\\/08\\\/29\\\/unsere-veranstaltungen-im-september-2025\\\/#primaryimage\"},\"thumbnailUrl\":\"https:\\\/\\\/www.evangelisch-in-jerusalem.org\\\/wp-content\\\/uploads\\\/2024\\\/06\\\/2676_Kirche_1000px.jpg\",\"datePublished\":\"2025-08-29T09:13:50+00:00\",\"dateModified\":\"2025-08-29T09:15:31+00:00\",\"breadcrumb\":{\"@id\":\"https:\\\/\\\/www.evangelisch-in-jerusalem.org\\\/2025\\\/08\\\/29\\\/unsere-veranstaltungen-im-september-2025\\\/#breadcrumb\"},\"inLanguage\":\"en-GB\",\"potentialAction\":[{\"@type\":\"ReadAction\",\"target\":[\"https:\\\/\\\/www.evangelisch-in-jerusalem.org\\\/2025\\\/08\\\/29\\\/unsere-veranstaltungen-im-september-2025\\\/\"]}]},{\"@type\":\"ImageObject\",\"inLanguage\":\"en-GB\",\"@id\":\"https:\\\/\\\/www.evangelisch-in-jerusalem.org\\\/2025\\\/08\\\/29\\\/unsere-veranstaltungen-im-september-2025\\\/#primaryimage\",\"url\":\"https:\\\/\\\/www.evangelisch-in-jerusalem.org\\\/wp-content\\\/uploads\\\/2024\\\/06\\\/2676_Kirche_1000px.jpg\",\"contentUrl\":\"https:\\\/\\\/www.evangelisch-in-jerusalem.org\\\/wp-content\\\/uploads\\\/2024\\\/06\\\/2676_Kirche_1000px.jpg\",\"width\":1000,\"height\":667,\"caption\":\"Evangelische Erl\u00f6serkirche inmitten der Altstadt von Jerusalem\"},{\"@type\":\"BreadcrumbList\",\"@id\":\"https:\\\/\\\/www.evangelisch-in-jerusalem.org\\\/2025\\\/08\\\/29\\\/unsere-veranstaltungen-im-september-2025\\\/#breadcrumb\",\"itemListElement\":[{\"@type\":\"ListItem\",\"position\":1,\"name\":\"Startseite\",\"item\":\"https:\\\/\\\/www.evangelisch-in-jerusalem.org\\\/\"},{\"@type\":\"ListItem\",\"position\":2,\"name\":\"Unsere Veranstaltungen im September 2025\"}]},{\"@type\":\"WebSite\",\"@id\":\"https:\\\/\\\/www.evangelisch-in-jerusalem.org\\\/#website\",\"url\":\"https:\\\/\\\/www.evangelisch-in-jerusalem.org\\\/\",\"name\":\"Evangelisch in Jerusalem\",\"description\":\"Stiftungen der EKD im Heiligen Land\",\"publisher\":{\"@id\":\"https:\\\/\\\/www.evangelisch-in-jerusalem.org\\\/#organization\"},\"potentialAction\":[{\"@type\":\"SearchAction\",\"target\":{\"@type\":\"EntryPoint\",\"urlTemplate\":\"https:\\\/\\\/www.evangelisch-in-jerusalem.org\\\/?s={search_term_string}\"},\"query-input\":{\"@type\":\"PropertyValueSpecification\",\"valueRequired\":true,\"valueName\":\"search_term_string\"}}],\"inLanguage\":\"en-GB\"},{\"@type\":\"Organization\",\"@id\":\"https:\\\/\\\/www.evangelisch-in-jerusalem.org\\\/#organization\",\"name\":\"German Protestant Institutions in the Holy Land\",\"url\":\"https:\\\/\\\/www.evangelisch-in-jerusalem.org\\\/\",\"logo\":{\"@type\":\"ImageObject\",\"inLanguage\":\"en-GB\",\"@id\":\"https:\\\/\\\/www.evangelisch-in-jerusalem.org\\\/#\\\/schema\\\/logo\\\/image\\\/\",\"url\":\"https:\\\/\\\/www.evangelisch-in-jerusalem.org\\\/wp-content\\\/uploads\\\/2019\\\/03\\\/EIJ_Logo_500-px.png\",\"contentUrl\":\"https:\\\/\\\/www.evangelisch-in-jerusalem.org\\\/wp-content\\\/uploads\\\/2019\\\/03\\\/EIJ_Logo_500-px.png\",\"width\":500,\"height\":82,\"caption\":\"German Protestant Institutions in the Holy Land\"},\"image\":{\"@id\":\"https:\\\/\\\/www.evangelisch-in-jerusalem.org\\\/#\\\/schema\\\/logo\\\/image\\\/\"},\"sameAs\":[\"https:\\\/\\\/www.facebook.com\\\/erloeserkirche.jerusalem\"]},{\"@type\":\"Person\",\"@id\":\"https:\\\/\\\/www.evangelisch-in-jerusalem.org\\\/#\\\/schema\\\/person\\\/1a5c46f66365bb12b39ea0ebe03339a7\",\"name\":\"Bilhan Rechtman\",\"sameAs\":[\"http:\\\/\\\/www.evangelisch-in-jerusalem.org\"],\"url\":\"https:\\\/\\\/www.evangelisch-in-jerusalem.org\\\/en\\\/author\\\/bilhan\\\/\"}]}<\/script>\n<!-- \/ Yoast SEO plugin. -->","yoast_head_json":{"title":"Unsere Veranstaltungen im September 2025 - Evangelisch in Jerusalem","robots":{"index":"index","follow":"follow","max-snippet":"max-snippet:-1","max-image-preview":"max-image-preview:large","max-video-preview":"max-video-preview:-1"},"canonical":"https:\/\/www.evangelisch-in-jerusalem.org\/en\/2025\/08\/29\/unsere-veranstaltungen-im-september-2025\/","og_locale":"en_GB","og_type":"article","og_title":"Unsere Veranstaltungen im September 2025 - Evangelisch in Jerusalem","og_description":"Mi, 03.09.&nbsp;&nbsp;&nbsp;&nbsp;&nbsp;&nbsp;&nbsp; 17.30 UhrTaiz\u00e9-Andacht in der Himmelfahrtkirche: Singen \u2013 schweigen \u2013 betenMit Pfarrerin Ines FischerIm Anschluss: Beisammensein mit Abendessen im Caf\u00e9 Auguste Victoria.Himmelfahrtkirche und Caf\u00e9 Auguste Victoria auf dem \u00d6lberg. Ohne Anmeldung. Sa, 06.09.&nbsp;&nbsp;&nbsp;&nbsp;&nbsp;&nbsp;&nbsp; 19.00 Uhr (18.00 Uhr deutscher Zeit)Friedensgebet per ZoomEinwahllink direkt: https:\/\/is.gd\/y6mWZz&nbsp;(oder Zoom-ID: 976 8331 9026, Code: 391044)Mit Pfarrerin Ines Fischer So, 07.09.&nbsp;&nbsp;&nbsp;&nbsp;&nbsp;&nbsp;&nbsp; &hellip; Continue reading \"Unsere Veranstaltungen im September 2025\"","og_url":"https:\/\/www.evangelisch-in-jerusalem.org\/en\/2025\/08\/29\/unsere-veranstaltungen-im-september-2025\/","og_site_name":"Evangelisch in Jerusalem","article_publisher":"https:\/\/www.facebook.com\/erloeserkirche.jerusalem","article_published_time":"2025-08-29T09:13:50+00:00","article_modified_time":"2025-08-29T09:15:31+00:00","og_image":[{"width":1000,"height":667,"url":"https:\/\/www.evangelisch-in-jerusalem.org\/wp-content\/uploads\/2024\/06\/2676_Kirche_1000px.jpg","type":"image\/jpeg"}],"author":"Bilhan Rechtman","twitter_card":"summary_large_image","twitter_misc":{"Written by":"Bilhan Rechtman","Estimated reading time":"5 minutes"},"schema":{"@context":"https:\/\/schema.org","@graph":[{"@type":"Article","@id":"https:\/\/www.evangelisch-in-jerusalem.org\/2025\/08\/29\/unsere-veranstaltungen-im-september-2025\/#article","isPartOf":{"@id":"https:\/\/www.evangelisch-in-jerusalem.org\/2025\/08\/29\/unsere-veranstaltungen-im-september-2025\/"},"author":{"name":"Bilhan Rechtman","@id":"https:\/\/www.evangelisch-in-jerusalem.org\/#\/schema\/person\/1a5c46f66365bb12b39ea0ebe03339a7"},"headline":"Unsere Veranstaltungen im September 2025","datePublished":"2025-08-29T09:13:50+00:00","dateModified":"2025-08-29T09:15:31+00:00","mainEntityOfPage":{"@id":"https:\/\/www.evangelisch-in-jerusalem.org\/2025\/08\/29\/unsere-veranstaltungen-im-september-2025\/"},"wordCount":808,"publisher":{"@id":"https:\/\/www.evangelisch-in-jerusalem.org\/#organization"},"image":{"@id":"https:\/\/www.evangelisch-in-jerusalem.org\/2025\/08\/29\/unsere-veranstaltungen-im-september-2025\/#primaryimage"},"thumbnailUrl":"https:\/\/www.evangelisch-in-jerusalem.org\/wp-content\/uploads\/2024\/06\/2676_Kirche_1000px.jpg","keywords":["Altstadt","Andacht","Erl\u00f6serkirche","Gemeindeabend","Himmelfahrtkirche","Jerusalem","Newsletter","Stummfilm"],"articleSection":["Allgemein"],"inLanguage":"en-GB"},{"@type":"WebPage","@id":"https:\/\/www.evangelisch-in-jerusalem.org\/2025\/08\/29\/unsere-veranstaltungen-im-september-2025\/","url":"https:\/\/www.evangelisch-in-jerusalem.org\/2025\/08\/29\/unsere-veranstaltungen-im-september-2025\/","name":"Unsere Veranstaltungen im September 2025 - Evangelisch in Jerusalem","isPartOf":{"@id":"https:\/\/www.evangelisch-in-jerusalem.org\/#website"},"primaryImageOfPage":{"@id":"https:\/\/www.evangelisch-in-jerusalem.org\/2025\/08\/29\/unsere-veranstaltungen-im-september-2025\/#primaryimage"},"image":{"@id":"https:\/\/www.evangelisch-in-jerusalem.org\/2025\/08\/29\/unsere-veranstaltungen-im-september-2025\/#primaryimage"},"thumbnailUrl":"https:\/\/www.evangelisch-in-jerusalem.org\/wp-content\/uploads\/2024\/06\/2676_Kirche_1000px.jpg","datePublished":"2025-08-29T09:13:50+00:00","dateModified":"2025-08-29T09:15:31+00:00","breadcrumb":{"@id":"https:\/\/www.evangelisch-in-jerusalem.org\/2025\/08\/29\/unsere-veranstaltungen-im-september-2025\/#breadcrumb"},"inLanguage":"en-GB","potentialAction":[{"@type":"ReadAction","target":["https:\/\/www.evangelisch-in-jerusalem.org\/2025\/08\/29\/unsere-veranstaltungen-im-september-2025\/"]}]},{"@type":"ImageObject","inLanguage":"en-GB","@id":"https:\/\/www.evangelisch-in-jerusalem.org\/2025\/08\/29\/unsere-veranstaltungen-im-september-2025\/#primaryimage","url":"https:\/\/www.evangelisch-in-jerusalem.org\/wp-content\/uploads\/2024\/06\/2676_Kirche_1000px.jpg","contentUrl":"https:\/\/www.evangelisch-in-jerusalem.org\/wp-content\/uploads\/2024\/06\/2676_Kirche_1000px.jpg","width":1000,"height":667,"caption":"Evangelische Erl\u00f6serkirche inmitten der Altstadt von Jerusalem"},{"@type":"BreadcrumbList","@id":"https:\/\/www.evangelisch-in-jerusalem.org\/2025\/08\/29\/unsere-veranstaltungen-im-september-2025\/#breadcrumb","itemListElement":[{"@type":"ListItem","position":1,"name":"Startseite","item":"https:\/\/www.evangelisch-in-jerusalem.org\/"},{"@type":"ListItem","position":2,"name":"Unsere Veranstaltungen im September 2025"}]},{"@type":"WebSite","@id":"https:\/\/www.evangelisch-in-jerusalem.org\/#website","url":"https:\/\/www.evangelisch-in-jerusalem.org\/","name":"Evangelisch in Jerusalem","description":"German Protestant Institutions in the Holy Land","publisher":{"@id":"https:\/\/www.evangelisch-in-jerusalem.org\/#organization"},"potentialAction":[{"@type":"SearchAction","target":{"@type":"EntryPoint","urlTemplate":"https:\/\/www.evangelisch-in-jerusalem.org\/?s={search_term_string}"},"query-input":{"@type":"PropertyValueSpecification","valueRequired":true,"valueName":"search_term_string"}}],"inLanguage":"en-GB"},{"@type":"Organization","@id":"https:\/\/www.evangelisch-in-jerusalem.org\/#organization","name":"German Protestant Institutions in the Holy Land","url":"https:\/\/www.evangelisch-in-jerusalem.org\/","logo":{"@type":"ImageObject","inLanguage":"en-GB","@id":"https:\/\/www.evangelisch-in-jerusalem.org\/#\/schema\/logo\/image\/","url":"https:\/\/www.evangelisch-in-jerusalem.org\/wp-content\/uploads\/2019\/03\/EIJ_Logo_500-px.png","contentUrl":"https:\/\/www.evangelisch-in-jerusalem.org\/wp-content\/uploads\/2019\/03\/EIJ_Logo_500-px.png","width":500,"height":82,"caption":"German Protestant Institutions in the Holy Land"},"image":{"@id":"https:\/\/www.evangelisch-in-jerusalem.org\/#\/schema\/logo\/image\/"},"sameAs":["https:\/\/www.facebook.com\/erloeserkirche.jerusalem"]},{"@type":"Person","@id":"https:\/\/www.evangelisch-in-jerusalem.org\/#\/schema\/person\/1a5c46f66365bb12b39ea0ebe03339a7","name":"Bilhan Rechtman","sameAs":["http:\/\/www.evangelisch-in-jerusalem.org"],"url":"https:\/\/www.evangelisch-in-jerusalem.org\/en\/author\/bilhan\/"}]}},"_links":{"self":[{"href":"https:\/\/www.evangelisch-in-jerusalem.org\/en\/wp-json\/wp\/v2\/posts\/20925","targetHints":{"allow":["GET"]}}],"collection":[{"href":"https:\/\/www.evangelisch-in-jerusalem.org\/en\/wp-json\/wp\/v2\/posts"}],"about":[{"href":"https:\/\/www.evangelisch-in-jerusalem.org\/en\/wp-json\/wp\/v2\/types\/post"}],"author":[{"embeddable":true,"href":"https:\/\/www.evangelisch-in-jerusalem.org\/en\/wp-json\/wp\/v2\/users\/8"}],"replies":[{"embeddable":true,"href":"https:\/\/www.evangelisch-in-jerusalem.org\/en\/wp-json\/wp\/v2\/comments?post=20925"}],"version-history":[{"count":2,"href":"https:\/\/www.evangelisch-in-jerusalem.org\/en\/wp-json\/wp\/v2\/posts\/20925\/revisions"}],"predecessor-version":[{"id":20927,"href":"https:\/\/www.evangelisch-in-jerusalem.org\/en\/wp-json\/wp\/v2\/posts\/20925\/revisions\/20927"}],"wp:featuredmedia":[{"embeddable":true,"href":"https:\/\/www.evangelisch-in-jerusalem.org\/en\/wp-json\/wp\/v2\/media\/18606"}],"wp:attachment":[{"href":"https:\/\/www.evangelisch-in-jerusalem.org\/en\/wp-json\/wp\/v2\/media?parent=20925"}],"wp:term":[{"taxonomy":"category","embeddable":true,"href":"https:\/\/www.evangelisch-in-jerusalem.org\/en\/wp-json\/wp\/v2\/categories?post=20925"},{"taxonomy":"post_tag","embeddable":true,"href":"https:\/\/www.evangelisch-in-jerusalem.org\/en\/wp-json\/wp\/v2\/tags?post=20925"}],"curies":[{"name":"wp","href":"https:\/\/api.w.org\/{rel}","templated":true}]}}