{"id":20532,"date":"2025-06-18T18:48:22","date_gmt":"2025-06-18T15:48:22","guid":{"rendered":"https:\/\/www.evangelisch-in-jerusalem.org\/?p=20532"},"modified":"2025-06-18T18:49:45","modified_gmt":"2025-06-18T15:49:45","slug":"friedensgebet-der-ekd-ratsvorsitzenden-zur-lage-in-nahost","status":"publish","type":"post","link":"https:\/\/www.evangelisch-in-jerusalem.org\/en\/2025\/06\/18\/friedensgebet-der-ekd-ratsvorsitzenden-zur-lage-in-nahost\/","title":{"rendered":"Friedensgebet der EKD-Ratsvorsitzenden, Bisch\u00f6fin Kirsten Fehrs, zur Lage in Nahost"},"content":{"rendered":"<p>In einem uralten Gebet, dem 85. Psalm, steht:<br>\u201eK\u00f6nnte ich doch h\u00f6ren, was Gott der HERR redet,&nbsp;<br>dass er Frieden zusagte seinem Volk und seinen Heiligen,&nbsp;<br>auf dass sie nicht in Torheit geraten.\u201c Psalm 85,9<\/p>\n\n\n\n<p>Ja, k\u00f6nnten wir doch h\u00f6ren, was Gott zur Situation im Nahen Osten sagt.&nbsp;<br>Weil die Lage so furchtbar ist,&nbsp;<br>weil sie so aussichtlsos erscheint.&nbsp;<br>Weil die Konflikte, Krisen und Kriege&nbsp;<br>so unz\u00e4hlig viele Menschen betreffen:&nbsp;<br>in Israel, in Gaza und nun auch im Iran.&nbsp;<\/p>\n\n\n\n<p>Auf allen Seiten sind Menschen bedroht.&nbsp;<br>Auf allen Seiten m\u00fcssen Menschen fliehen.<br>Auf allen Seiten m\u00f6chten Menschen leben.<br>Auf allen Seiten sterben Menschen.&nbsp;<br>Auf allen Seiten haben Menschen Angst.&nbsp;<br>Und nicht nur in dieser Region, sondern weit dar\u00fcber hinaus.<\/p>\n\n\n\n<p>Viele sind besorgt, dass dieser neue Krieg eskaliert und sich ausweitet;\u00a0<br>viele f\u00fcrchten die atomare Bedrohung<br>und dass noch viel mehr Menschen leiden werden. \u00a0<\/p>\n\n\n\n<p>In unserer Sorge, in unserem Entsetzen, in unserer Ratlosigkeit,<br>wenden wir uns an Gott,&nbsp;<br>den Sch\u00f6pfer von allem, was lebt;&nbsp;<br>und &nbsp;bitten eindringlich f\u00fcr die geschundene Welt&nbsp;<\/p>\n\n\n\n<p>Du Gott des Lebens,<br>gib den Verantwortlichen Weitsicht und Mut,&nbsp;<br>die Spirale der Zerst\u00f6rung zu verlassen.&nbsp;<br>Lass sie zur\u00fcckfinden zum Dialog.<br>\u00d6ffne ihre Ohren f\u00fcr deine Friedensbotschaft f\u00fcr alle!&nbsp;<br>&nbsp;<br>Du Gott der Gnade,<br>Sei bei allen, die den Angriffen so schutzlos ausgeliefert sind.&nbsp;<br>Die t\u00e4glich in Angst leben und nicht zur Ruhe kommen.<br>Schenke ihnen Hoffnung und Lebensmut.<\/p>\n\n\n\n<p>Du, Gott des Friedens,<br>Hilf auch uns, neue Wege zum Frieden zu finden.&nbsp;<br>Lass uns h\u00f6ren und verstehen, mit Herz und Verstand,&nbsp;<br>was Frieden meint.<br>Und neu lernen, was wir daf\u00fcr tun k\u00f6nnen.<br>Jeder, da, wo er ist, jede, so, wie sie kann.<\/p>\n\n\n\n<p>Lass uns Botinnen und Boten deines Lebenswortes sein.<br>Damit deine Menschheit eine Chance hat<br>und deine Kinder eine Zukunft.<br>Amen<\/p>\n\n\n\n<p class=\"has-text-align-right\">\u00a9 epd -bild \/Christian Ditsch<\/p>\n\n\n\n<p><\/p>","protected":false},"excerpt":{"rendered":"<p>In einem uralten Gebet, dem 85. Psalm, steht:\u201eK\u00f6nnte ich doch h\u00f6ren, was Gott der HERR redet,&nbsp;dass er Frieden zusagte seinem Volk und seinen Heiligen,&nbsp;auf dass sie nicht in Torheit geraten.\u201c Psalm 85,9 Ja, k\u00f6nnten wir doch h\u00f6ren, was Gott zur Situation im Nahen Osten sagt.&nbsp;Weil die Lage so furchtbar ist,&nbsp;weil sie so aussichtlsos erscheint.&nbsp;Weil die &hellip; <\/p>\n<p class=\"link-more\"><a href=\"https:\/\/www.evangelisch-in-jerusalem.org\/en\/2025\/06\/18\/friedensgebet-der-ekd-ratsvorsitzenden-zur-lage-in-nahost\/\" class=\"more-link\">Continue reading<span class=\"screen-reader-text\"> &#8220;Friedensgebet der EKD-Ratsvorsitzenden, Bisch\u00f6fin Kirsten Fehrs, zur Lage in Nahost&#8221;<\/span><\/a><\/p>","protected":false},"author":6,"featured_media":20533,"comment_status":"closed","ping_status":"closed","sticky":false,"template":"","format":"standard","meta":{"footnotes":""},"categories":[1,19,243,173,179,349,242,241,178,220],"tags":[],"class_list":["post-20532","post","type-post","status-publish","format-standard","has-post-thumbnail","hentry","category-allgemein","category-allgemein-en","category-amman-orte","category-gemeinde","category-geschichte","category-grundinfo-homepage","category-jerusalem","category-latrun","category-oecumene","category-topnachricht","entry"],"yoast_head":"<!-- This site is optimized with the Yoast SEO plugin v27.4 - https:\/\/yoast.com\/product\/yoast-seo-wordpress\/ -->\n<title>Friedensgebet der EKD-Ratsvorsitzenden, Bisch\u00f6fin Kirsten Fehrs, zur Lage in Nahost - Evangelisch in Jerusalem<\/title>\n<meta name=\"robots\" content=\"index, follow, max-snippet:-1, max-image-preview:large, max-video-preview:-1\" \/>\n<link rel=\"canonical\" href=\"https:\/\/www.evangelisch-in-jerusalem.org\/en\/2025\/06\/18\/friedensgebet-der-ekd-ratsvorsitzenden-zur-lage-in-nahost\/\" \/>\n<meta property=\"og:locale\" content=\"en_GB\" \/>\n<meta property=\"og:type\" content=\"article\" \/>\n<meta property=\"og:title\" content=\"Friedensgebet der EKD-Ratsvorsitzenden, Bisch\u00f6fin Kirsten Fehrs, zur Lage in Nahost - Evangelisch in Jerusalem\" \/>\n<meta property=\"og:description\" content=\"In einem uralten Gebet, dem 85. Psalm, steht:\u201eK\u00f6nnte ich doch h\u00f6ren, was Gott der HERR redet,&nbsp;dass er Frieden zusagte seinem Volk und seinen Heiligen,&nbsp;auf dass sie nicht in Torheit geraten.\u201c Psalm 85,9 Ja, k\u00f6nnten wir doch h\u00f6ren, was Gott zur Situation im Nahen Osten sagt.&nbsp;Weil die Lage so furchtbar ist,&nbsp;weil sie so aussichtlsos erscheint.&nbsp;Weil die &hellip; Continue reading &quot;Friedensgebet der EKD-Ratsvorsitzenden, Bisch\u00f6fin Kirsten Fehrs, zur Lage in Nahost&quot;\" \/>\n<meta property=\"og:url\" content=\"https:\/\/www.evangelisch-in-jerusalem.org\/en\/2025\/06\/18\/friedensgebet-der-ekd-ratsvorsitzenden-zur-lage-in-nahost\/\" \/>\n<meta property=\"og:site_name\" content=\"Evangelisch in Jerusalem\" \/>\n<meta property=\"article:publisher\" content=\"https:\/\/www.facebook.com\/erloeserkirche.jerusalem\" \/>\n<meta property=\"article:published_time\" content=\"2025-06-18T15:48:22+00:00\" \/>\n<meta property=\"article:modified_time\" content=\"2025-06-18T15:49:45+00:00\" \/>\n<meta property=\"og:image\" content=\"https:\/\/www.evangelisch-in-jerusalem.org\/wp-content\/uploads\/2025\/06\/IMG_6350.jpeg\" \/>\n\t<meta property=\"og:image:width\" content=\"620\" \/>\n\t<meta property=\"og:image:height\" content=\"297\" \/>\n\t<meta property=\"og:image:type\" content=\"image\/jpeg\" \/>\n<meta name=\"author\" content=\"Joachim Lenz\" \/>\n<meta name=\"twitter:card\" content=\"summary_large_image\" \/>\n<meta name=\"twitter:label1\" content=\"Written by\" \/>\n\t<meta name=\"twitter:data1\" content=\"Joachim Lenz\" \/>\n\t<meta name=\"twitter:label2\" content=\"Estimated reading time\" \/>\n\t<meta name=\"twitter:data2\" content=\"2 minutes\" \/>\n<script type=\"application\/ld+json\" class=\"yoast-schema-graph\">{\"@context\":\"https:\\\/\\\/schema.org\",\"@graph\":[{\"@type\":\"Article\",\"@id\":\"https:\\\/\\\/www.evangelisch-in-jerusalem.org\\\/2025\\\/06\\\/18\\\/friedensgebet-der-ekd-ratsvorsitzenden-zur-lage-in-nahost\\\/#article\",\"isPartOf\":{\"@id\":\"https:\\\/\\\/www.evangelisch-in-jerusalem.org\\\/2025\\\/06\\\/18\\\/friedensgebet-der-ekd-ratsvorsitzenden-zur-lage-in-nahost\\\/\"},\"author\":{\"name\":\"Joachim Lenz\",\"@id\":\"https:\\\/\\\/www.evangelisch-in-jerusalem.org\\\/#\\\/schema\\\/person\\\/ea8e86c01aff849bd324c28bc5574607\"},\"headline\":\"Friedensgebet der EKD-Ratsvorsitzenden, Bisch\u00f6fin Kirsten Fehrs, zur Lage in Nahost\",\"datePublished\":\"2025-06-18T15:48:22+00:00\",\"dateModified\":\"2025-06-18T15:49:45+00:00\",\"mainEntityOfPage\":{\"@id\":\"https:\\\/\\\/www.evangelisch-in-jerusalem.org\\\/2025\\\/06\\\/18\\\/friedensgebet-der-ekd-ratsvorsitzenden-zur-lage-in-nahost\\\/\"},\"wordCount\":342,\"publisher\":{\"@id\":\"https:\\\/\\\/www.evangelisch-in-jerusalem.org\\\/#organization\"},\"image\":{\"@id\":\"https:\\\/\\\/www.evangelisch-in-jerusalem.org\\\/2025\\\/06\\\/18\\\/friedensgebet-der-ekd-ratsvorsitzenden-zur-lage-in-nahost\\\/#primaryimage\"},\"thumbnailUrl\":\"https:\\\/\\\/www.evangelisch-in-jerusalem.org\\\/wp-content\\\/uploads\\\/2025\\\/06\\\/IMG_6350.jpeg\",\"articleSection\":[\"Allgemein\",\"Allgemein\",\"Amman\",\"Gemeinde\",\"Geschichte\",\"Grundinfo Homepage\",\"Jerusalem\",\"Latrun\",\"\u00d6kumene\",\"Topnachricht\"],\"inLanguage\":\"en-GB\"},{\"@type\":\"WebPage\",\"@id\":\"https:\\\/\\\/www.evangelisch-in-jerusalem.org\\\/2025\\\/06\\\/18\\\/friedensgebet-der-ekd-ratsvorsitzenden-zur-lage-in-nahost\\\/\",\"url\":\"https:\\\/\\\/www.evangelisch-in-jerusalem.org\\\/2025\\\/06\\\/18\\\/friedensgebet-der-ekd-ratsvorsitzenden-zur-lage-in-nahost\\\/\",\"name\":\"Friedensgebet der EKD-Ratsvorsitzenden, Bisch\u00f6fin Kirsten Fehrs, zur Lage in Nahost - Evangelisch in Jerusalem\",\"isPartOf\":{\"@id\":\"https:\\\/\\\/www.evangelisch-in-jerusalem.org\\\/#website\"},\"primaryImageOfPage\":{\"@id\":\"https:\\\/\\\/www.evangelisch-in-jerusalem.org\\\/2025\\\/06\\\/18\\\/friedensgebet-der-ekd-ratsvorsitzenden-zur-lage-in-nahost\\\/#primaryimage\"},\"image\":{\"@id\":\"https:\\\/\\\/www.evangelisch-in-jerusalem.org\\\/2025\\\/06\\\/18\\\/friedensgebet-der-ekd-ratsvorsitzenden-zur-lage-in-nahost\\\/#primaryimage\"},\"thumbnailUrl\":\"https:\\\/\\\/www.evangelisch-in-jerusalem.org\\\/wp-content\\\/uploads\\\/2025\\\/06\\\/IMG_6350.jpeg\",\"datePublished\":\"2025-06-18T15:48:22+00:00\",\"dateModified\":\"2025-06-18T15:49:45+00:00\",\"breadcrumb\":{\"@id\":\"https:\\\/\\\/www.evangelisch-in-jerusalem.org\\\/2025\\\/06\\\/18\\\/friedensgebet-der-ekd-ratsvorsitzenden-zur-lage-in-nahost\\\/#breadcrumb\"},\"inLanguage\":\"en-GB\",\"potentialAction\":[{\"@type\":\"ReadAction\",\"target\":[\"https:\\\/\\\/www.evangelisch-in-jerusalem.org\\\/2025\\\/06\\\/18\\\/friedensgebet-der-ekd-ratsvorsitzenden-zur-lage-in-nahost\\\/\"]}]},{\"@type\":\"ImageObject\",\"inLanguage\":\"en-GB\",\"@id\":\"https:\\\/\\\/www.evangelisch-in-jerusalem.org\\\/2025\\\/06\\\/18\\\/friedensgebet-der-ekd-ratsvorsitzenden-zur-lage-in-nahost\\\/#primaryimage\",\"url\":\"https:\\\/\\\/www.evangelisch-in-jerusalem.org\\\/wp-content\\\/uploads\\\/2025\\\/06\\\/IMG_6350.jpeg\",\"contentUrl\":\"https:\\\/\\\/www.evangelisch-in-jerusalem.org\\\/wp-content\\\/uploads\\\/2025\\\/06\\\/IMG_6350.jpeg\",\"width\":620,\"height\":297},{\"@type\":\"BreadcrumbList\",\"@id\":\"https:\\\/\\\/www.evangelisch-in-jerusalem.org\\\/2025\\\/06\\\/18\\\/friedensgebet-der-ekd-ratsvorsitzenden-zur-lage-in-nahost\\\/#breadcrumb\",\"itemListElement\":[{\"@type\":\"ListItem\",\"position\":1,\"name\":\"Startseite\",\"item\":\"https:\\\/\\\/www.evangelisch-in-jerusalem.org\\\/\"},{\"@type\":\"ListItem\",\"position\":2,\"name\":\"Friedensgebet der EKD-Ratsvorsitzenden, Bisch\u00f6fin Kirsten Fehrs, zur Lage in Nahost\"}]},{\"@type\":\"WebSite\",\"@id\":\"https:\\\/\\\/www.evangelisch-in-jerusalem.org\\\/#website\",\"url\":\"https:\\\/\\\/www.evangelisch-in-jerusalem.org\\\/\",\"name\":\"Evangelisch in Jerusalem\",\"description\":\"Stiftungen der EKD im Heiligen Land\",\"publisher\":{\"@id\":\"https:\\\/\\\/www.evangelisch-in-jerusalem.org\\\/#organization\"},\"potentialAction\":[{\"@type\":\"SearchAction\",\"target\":{\"@type\":\"EntryPoint\",\"urlTemplate\":\"https:\\\/\\\/www.evangelisch-in-jerusalem.org\\\/?s={search_term_string}\"},\"query-input\":{\"@type\":\"PropertyValueSpecification\",\"valueRequired\":true,\"valueName\":\"search_term_string\"}}],\"inLanguage\":\"en-GB\"},{\"@type\":\"Organization\",\"@id\":\"https:\\\/\\\/www.evangelisch-in-jerusalem.org\\\/#organization\",\"name\":\"German Protestant Institutions in the Holy Land\",\"url\":\"https:\\\/\\\/www.evangelisch-in-jerusalem.org\\\/\",\"logo\":{\"@type\":\"ImageObject\",\"inLanguage\":\"en-GB\",\"@id\":\"https:\\\/\\\/www.evangelisch-in-jerusalem.org\\\/#\\\/schema\\\/logo\\\/image\\\/\",\"url\":\"https:\\\/\\\/www.evangelisch-in-jerusalem.org\\\/wp-content\\\/uploads\\\/2019\\\/03\\\/EIJ_Logo_500-px.png\",\"contentUrl\":\"https:\\\/\\\/www.evangelisch-in-jerusalem.org\\\/wp-content\\\/uploads\\\/2019\\\/03\\\/EIJ_Logo_500-px.png\",\"width\":500,\"height\":82,\"caption\":\"German Protestant Institutions in the Holy Land\"},\"image\":{\"@id\":\"https:\\\/\\\/www.evangelisch-in-jerusalem.org\\\/#\\\/schema\\\/logo\\\/image\\\/\"},\"sameAs\":[\"https:\\\/\\\/www.facebook.com\\\/erloeserkirche.jerusalem\"]},{\"@type\":\"Person\",\"@id\":\"https:\\\/\\\/www.evangelisch-in-jerusalem.org\\\/#\\\/schema\\\/person\\\/ea8e86c01aff849bd324c28bc5574607\",\"name\":\"Joachim Lenz\",\"sameAs\":[\"http:\\\/\\\/evangelisch-in-jerusalem.org\"],\"url\":\"https:\\\/\\\/www.evangelisch-in-jerusalem.org\\\/en\\\/author\\\/propst-jl\\\/\"}]}<\/script>\n<!-- \/ Yoast SEO plugin. -->","yoast_head_json":{"title":"Friedensgebet der EKD-Ratsvorsitzenden, Bisch\u00f6fin Kirsten Fehrs, zur Lage in Nahost - Evangelisch in Jerusalem","robots":{"index":"index","follow":"follow","max-snippet":"max-snippet:-1","max-image-preview":"max-image-preview:large","max-video-preview":"max-video-preview:-1"},"canonical":"https:\/\/www.evangelisch-in-jerusalem.org\/en\/2025\/06\/18\/friedensgebet-der-ekd-ratsvorsitzenden-zur-lage-in-nahost\/","og_locale":"en_GB","og_type":"article","og_title":"Friedensgebet der EKD-Ratsvorsitzenden, Bisch\u00f6fin Kirsten Fehrs, zur Lage in Nahost - Evangelisch in Jerusalem","og_description":"In einem uralten Gebet, dem 85. Psalm, steht:\u201eK\u00f6nnte ich doch h\u00f6ren, was Gott der HERR redet,&nbsp;dass er Frieden zusagte seinem Volk und seinen Heiligen,&nbsp;auf dass sie nicht in Torheit geraten.\u201c Psalm 85,9 Ja, k\u00f6nnten wir doch h\u00f6ren, was Gott zur Situation im Nahen Osten sagt.&nbsp;Weil die Lage so furchtbar ist,&nbsp;weil sie so aussichtlsos erscheint.&nbsp;Weil die &hellip; Continue reading \"Friedensgebet der EKD-Ratsvorsitzenden, Bisch\u00f6fin Kirsten Fehrs, zur Lage in Nahost\"","og_url":"https:\/\/www.evangelisch-in-jerusalem.org\/en\/2025\/06\/18\/friedensgebet-der-ekd-ratsvorsitzenden-zur-lage-in-nahost\/","og_site_name":"Evangelisch in Jerusalem","article_publisher":"https:\/\/www.facebook.com\/erloeserkirche.jerusalem","article_published_time":"2025-06-18T15:48:22+00:00","article_modified_time":"2025-06-18T15:49:45+00:00","og_image":[{"width":620,"height":297,"url":"https:\/\/www.evangelisch-in-jerusalem.org\/wp-content\/uploads\/2025\/06\/IMG_6350.jpeg","type":"image\/jpeg"}],"author":"Joachim Lenz","twitter_card":"summary_large_image","twitter_misc":{"Written by":"Joachim Lenz","Estimated reading time":"2 minutes"},"schema":{"@context":"https:\/\/schema.org","@graph":[{"@type":"Article","@id":"https:\/\/www.evangelisch-in-jerusalem.org\/2025\/06\/18\/friedensgebet-der-ekd-ratsvorsitzenden-zur-lage-in-nahost\/#article","isPartOf":{"@id":"https:\/\/www.evangelisch-in-jerusalem.org\/2025\/06\/18\/friedensgebet-der-ekd-ratsvorsitzenden-zur-lage-in-nahost\/"},"author":{"name":"Joachim Lenz","@id":"https:\/\/www.evangelisch-in-jerusalem.org\/#\/schema\/person\/ea8e86c01aff849bd324c28bc5574607"},"headline":"Friedensgebet der EKD-Ratsvorsitzenden, Bisch\u00f6fin Kirsten Fehrs, zur Lage in Nahost","datePublished":"2025-06-18T15:48:22+00:00","dateModified":"2025-06-18T15:49:45+00:00","mainEntityOfPage":{"@id":"https:\/\/www.evangelisch-in-jerusalem.org\/2025\/06\/18\/friedensgebet-der-ekd-ratsvorsitzenden-zur-lage-in-nahost\/"},"wordCount":342,"publisher":{"@id":"https:\/\/www.evangelisch-in-jerusalem.org\/#organization"},"image":{"@id":"https:\/\/www.evangelisch-in-jerusalem.org\/2025\/06\/18\/friedensgebet-der-ekd-ratsvorsitzenden-zur-lage-in-nahost\/#primaryimage"},"thumbnailUrl":"https:\/\/www.evangelisch-in-jerusalem.org\/wp-content\/uploads\/2025\/06\/IMG_6350.jpeg","articleSection":["Allgemein","Allgemein","Amman","Gemeinde","Geschichte","Grundinfo Homepage","Jerusalem","Latrun","\u00d6kumene","Topnachricht"],"inLanguage":"en-GB"},{"@type":"WebPage","@id":"https:\/\/www.evangelisch-in-jerusalem.org\/2025\/06\/18\/friedensgebet-der-ekd-ratsvorsitzenden-zur-lage-in-nahost\/","url":"https:\/\/www.evangelisch-in-jerusalem.org\/2025\/06\/18\/friedensgebet-der-ekd-ratsvorsitzenden-zur-lage-in-nahost\/","name":"Friedensgebet der EKD-Ratsvorsitzenden, Bisch\u00f6fin Kirsten Fehrs, zur Lage in Nahost - Evangelisch in Jerusalem","isPartOf":{"@id":"https:\/\/www.evangelisch-in-jerusalem.org\/#website"},"primaryImageOfPage":{"@id":"https:\/\/www.evangelisch-in-jerusalem.org\/2025\/06\/18\/friedensgebet-der-ekd-ratsvorsitzenden-zur-lage-in-nahost\/#primaryimage"},"image":{"@id":"https:\/\/www.evangelisch-in-jerusalem.org\/2025\/06\/18\/friedensgebet-der-ekd-ratsvorsitzenden-zur-lage-in-nahost\/#primaryimage"},"thumbnailUrl":"https:\/\/www.evangelisch-in-jerusalem.org\/wp-content\/uploads\/2025\/06\/IMG_6350.jpeg","datePublished":"2025-06-18T15:48:22+00:00","dateModified":"2025-06-18T15:49:45+00:00","breadcrumb":{"@id":"https:\/\/www.evangelisch-in-jerusalem.org\/2025\/06\/18\/friedensgebet-der-ekd-ratsvorsitzenden-zur-lage-in-nahost\/#breadcrumb"},"inLanguage":"en-GB","potentialAction":[{"@type":"ReadAction","target":["https:\/\/www.evangelisch-in-jerusalem.org\/2025\/06\/18\/friedensgebet-der-ekd-ratsvorsitzenden-zur-lage-in-nahost\/"]}]},{"@type":"ImageObject","inLanguage":"en-GB","@id":"https:\/\/www.evangelisch-in-jerusalem.org\/2025\/06\/18\/friedensgebet-der-ekd-ratsvorsitzenden-zur-lage-in-nahost\/#primaryimage","url":"https:\/\/www.evangelisch-in-jerusalem.org\/wp-content\/uploads\/2025\/06\/IMG_6350.jpeg","contentUrl":"https:\/\/www.evangelisch-in-jerusalem.org\/wp-content\/uploads\/2025\/06\/IMG_6350.jpeg","width":620,"height":297},{"@type":"BreadcrumbList","@id":"https:\/\/www.evangelisch-in-jerusalem.org\/2025\/06\/18\/friedensgebet-der-ekd-ratsvorsitzenden-zur-lage-in-nahost\/#breadcrumb","itemListElement":[{"@type":"ListItem","position":1,"name":"Startseite","item":"https:\/\/www.evangelisch-in-jerusalem.org\/"},{"@type":"ListItem","position":2,"name":"Friedensgebet der EKD-Ratsvorsitzenden, Bisch\u00f6fin Kirsten Fehrs, zur Lage in Nahost"}]},{"@type":"WebSite","@id":"https:\/\/www.evangelisch-in-jerusalem.org\/#website","url":"https:\/\/www.evangelisch-in-jerusalem.org\/","name":"Evangelisch in Jerusalem","description":"German Protestant Institutions in the Holy Land","publisher":{"@id":"https:\/\/www.evangelisch-in-jerusalem.org\/#organization"},"potentialAction":[{"@type":"SearchAction","target":{"@type":"EntryPoint","urlTemplate":"https:\/\/www.evangelisch-in-jerusalem.org\/?s={search_term_string}"},"query-input":{"@type":"PropertyValueSpecification","valueRequired":true,"valueName":"search_term_string"}}],"inLanguage":"en-GB"},{"@type":"Organization","@id":"https:\/\/www.evangelisch-in-jerusalem.org\/#organization","name":"German Protestant Institutions in the Holy Land","url":"https:\/\/www.evangelisch-in-jerusalem.org\/","logo":{"@type":"ImageObject","inLanguage":"en-GB","@id":"https:\/\/www.evangelisch-in-jerusalem.org\/#\/schema\/logo\/image\/","url":"https:\/\/www.evangelisch-in-jerusalem.org\/wp-content\/uploads\/2019\/03\/EIJ_Logo_500-px.png","contentUrl":"https:\/\/www.evangelisch-in-jerusalem.org\/wp-content\/uploads\/2019\/03\/EIJ_Logo_500-px.png","width":500,"height":82,"caption":"German Protestant Institutions in the Holy Land"},"image":{"@id":"https:\/\/www.evangelisch-in-jerusalem.org\/#\/schema\/logo\/image\/"},"sameAs":["https:\/\/www.facebook.com\/erloeserkirche.jerusalem"]},{"@type":"Person","@id":"https:\/\/www.evangelisch-in-jerusalem.org\/#\/schema\/person\/ea8e86c01aff849bd324c28bc5574607","name":"Joachim Lenz","sameAs":["http:\/\/evangelisch-in-jerusalem.org"],"url":"https:\/\/www.evangelisch-in-jerusalem.org\/en\/author\/propst-jl\/"}]}},"_links":{"self":[{"href":"https:\/\/www.evangelisch-in-jerusalem.org\/en\/wp-json\/wp\/v2\/posts\/20532","targetHints":{"allow":["GET"]}}],"collection":[{"href":"https:\/\/www.evangelisch-in-jerusalem.org\/en\/wp-json\/wp\/v2\/posts"}],"about":[{"href":"https:\/\/www.evangelisch-in-jerusalem.org\/en\/wp-json\/wp\/v2\/types\/post"}],"author":[{"embeddable":true,"href":"https:\/\/www.evangelisch-in-jerusalem.org\/en\/wp-json\/wp\/v2\/users\/6"}],"replies":[{"embeddable":true,"href":"https:\/\/www.evangelisch-in-jerusalem.org\/en\/wp-json\/wp\/v2\/comments?post=20532"}],"version-history":[{"count":2,"href":"https:\/\/www.evangelisch-in-jerusalem.org\/en\/wp-json\/wp\/v2\/posts\/20532\/revisions"}],"predecessor-version":[{"id":20535,"href":"https:\/\/www.evangelisch-in-jerusalem.org\/en\/wp-json\/wp\/v2\/posts\/20532\/revisions\/20535"}],"wp:featuredmedia":[{"embeddable":true,"href":"https:\/\/www.evangelisch-in-jerusalem.org\/en\/wp-json\/wp\/v2\/media\/20533"}],"wp:attachment":[{"href":"https:\/\/www.evangelisch-in-jerusalem.org\/en\/wp-json\/wp\/v2\/media?parent=20532"}],"wp:term":[{"taxonomy":"category","embeddable":true,"href":"https:\/\/www.evangelisch-in-jerusalem.org\/en\/wp-json\/wp\/v2\/categories?post=20532"},{"taxonomy":"post_tag","embeddable":true,"href":"https:\/\/www.evangelisch-in-jerusalem.org\/en\/wp-json\/wp\/v2\/tags?post=20532"}],"curies":[{"name":"wp","href":"https:\/\/api.w.org\/{rel}","templated":true}]}}