{"id":20212,"date":"2025-04-28T11:31:32","date_gmt":"2025-04-28T08:31:32","guid":{"rendered":"https:\/\/www.evangelisch-in-jerusalem.org\/?p=20212"},"modified":"2025-04-28T11:40:12","modified_gmt":"2025-04-28T08:40:12","slug":"unsere-veranstaltungen-im-mai-2025","status":"publish","type":"post","link":"https:\/\/www.evangelisch-in-jerusalem.org\/en\/2025\/04\/28\/unsere-veranstaltungen-im-mai-2025\/","title":{"rendered":"Unsere Veranstaltungen im Mai 2025"},"content":{"rendered":"<p><strong>Sa, 03.05.&nbsp;&nbsp;&nbsp;&nbsp;&nbsp;&nbsp;&nbsp; 12.00-12.30 Uhr<br>Orgelmatinee in der Erl\u00f6serkirche<br>Mit Yulia Shmelkina<br>Erl\u00f6serkirche, Muristan Road 1, Altstadt von Jerusalem<\/strong><\/p>\n\n\n\n<p>19.00 Uhr (18.00 Uhr deutscher Zeit)<br><strong>Friedensgebet per Zoom<\/strong><br>Einwahllink direkt: <a href=\"https:\/\/is.gd\/y6mWZz\">https:\/\/is.gd\/y6mWZz<\/a>&nbsp;(oder Zoom-ID: 976 8331 9026, Code: 391044)<br>Mit Pfarrerin Ines Fischer<\/p>\n\n\n\n<p>So, 04.05.&nbsp;&nbsp;&nbsp;&nbsp;&nbsp;&nbsp;&nbsp; 10.30 Uhr<br><strong>Gottesdienst mit Abendmahl und Taufe<br><\/strong>Predigt: Pfarrerin Ann-Kathrin Hasselmann<br>Musik: Yulia Shmelkina<br>Erl\u00f6serkirche, Muristan Road 1, Altstadt von Jerusalem<\/p>\n\n\n\n<p>Di, 06.05.&nbsp;&nbsp;&nbsp;&nbsp;&nbsp;&nbsp;&nbsp; 20.00-21.30 Uhr<br><strong>Begleitung von Kindern mit prek\u00e4rem Aufenthaltsstatus<br><\/strong>Einblicke in die Arbeit des St. James-VikariatesGemeindeabend mit Monika Faes, Gemeindep\u00e4dagogin<br>Refektorium der Erl\u00f6serkirche, Muristan Road 5, Altstadt von Jerusalem<\/p>\n\n\n\n<p>Mi, 07.05.&nbsp;&nbsp;&nbsp;&nbsp;&nbsp;&nbsp;&nbsp; 17.30 Uhr<br><strong>Taiz\u00e9-Andacht in der Himmelfahrtkirche<\/strong><br>Singen \u2013 schweigen \u2013 beten. Mit Pfarrerin Ines Fischer<br><strong>Im Anschluss: Beisammensein<\/strong> mit Abendessen im Caf\u00e9 Auguste Victoria.<br>Himmelfahrtkirche und Caf\u00e9 Auguste Victoria auf dem \u00d6lberg. Ohne Anmeldung.<\/p>\n\n\n\n<p>Sa, 10.05.&nbsp;&nbsp;&nbsp;&nbsp;&nbsp;&nbsp;&nbsp; 12.00-12.30 Uhr<br><strong>Orgelmatinee in der Erl\u00f6serkirche<br><\/strong>Mit Yulia Shmelkina<br>Erl\u00f6serkirche, Muristan Road 1, Altstadt von Jerusalem<\/p>\n\n\n\n<p>19.00 Uhr (18.00 Uhr deutscher Zeit)<br><strong>Friedensgebet per Zoom<\/strong><br>Einwahllink direkt: <a href=\"https:\/\/is.gd\/y6mWZz\">https:\/\/is.gd\/y6mWZz<\/a>&nbsp;(oder Zoom-ID: 976 8331 9026, Code: 391044)<br>Mit Pfarrerin Ines Fischer<\/p>\n\n\n\n<p>So, 11.05.&nbsp;&nbsp;&nbsp;&nbsp;&nbsp;&nbsp;&nbsp; 10.30 Uhr<br><strong>Gottesdienst am Sonntag Jubilate<br><\/strong>Predigt: Pfarrerin Ines Fischer; Musik: Yulia Shmelkina<br>Erl\u00f6serkirche, Muristan Road 1, Altstadt von Jerusalem<\/p>\n\n\n\n<p>Di, 13.05.&nbsp;&nbsp;&nbsp;&nbsp;&nbsp;&nbsp;&nbsp; 20.00-21.30 Uhr<br><strong>\u201eLebenskeck \u2014 trotz allem, trotz allem, trotz allem\u201c<br><\/strong>Autorenlesung mit dem Priester und Poeten Stephan Wahl; Musik: Pfarrerin Ines Fischer<br>Johanniterkapelle der Erl\u00f6serkirche, Muristan Road 5, Altstadt von Jerusalem<\/p>\n\n\n\n<p>Mi, 14.05.&nbsp;&nbsp;&nbsp;&nbsp;&nbsp;&nbsp;&nbsp; 17.30 Uhr<br><strong>Taiz\u00e9-Andacht in der Himmelfahrtkirche<\/strong><br>Singen \u2013 schweigen \u2013 beten. Mit Pfarrerin Ines Fischer<br><strong>Im Anschluss: Beisammensein<\/strong> mit Abendessen im Caf\u00e9 Auguste Victoria.<br>Himmelfahrtkirche und Caf\u00e9 Auguste Victoria auf dem \u00d6lberg. Ohne Anmeldung.<\/p>\n\n\n\n<p>Sa, 17.05.&nbsp;&nbsp;&nbsp;&nbsp;&nbsp;&nbsp;&nbsp; 05.00 Uhr<br><strong>Sonnenaufgang mit Andacht auf dem Turm der Himmelfahrtkirche<br><\/strong>Mit Pfarrerin Ines Fischer<br>Treffpunkt vor dem Eingang der Himmelfahrtkirche auf dem Auguste Victoria-Gel\u00e4nde.<\/p>\n\n\n\n<p>06.00-12.00 Uhr<br><strong>Fr\u00fchst\u00fccksbuffet<br><\/strong>Caf\u00e9 Auguste Victoria auf dem \u00d6lberg. Ohne Anmeldung.<\/p>\n\n\n\n<p>8.00 Uhr<br><strong>F\u00fchrung durch die Himmelfahrtkirche <\/strong><em>in englischer Sprache<br><\/em>Mit Pfarrerin Ines Fischer durch die Himmelfahrtkirche auf dem \u00d6lberg<\/p>\n\n\n\n<p>&nbsp;9.00 Uhr<br><strong>F\u00fchrung durch die Himmelfahrtkirche<\/strong> <em>in deutscher Sprache<br><\/em>F\u00fchrung mit Pfarrerin Ines Fischer durch die Himmelfahrtkirche auf dem \u00d6lberg<\/p>\n\n\n\n<p>10.10-10.40 Uhr<br><strong>Orgelkonzert \u201eThe Mighty Sauer (1910)\u201c in der Himmelfahrtkirche, <\/strong><br>um 9.55 Uhr gibt es eine Einf\u00fchrung auf der Empore. <br>Mit Kirchenmusikdirektor Peter-Michael Seifried<\/p>\n\n\n\n<p>12.00-12.30 Uhr<br><strong>Orgelmatinee in der Erl\u00f6serkirche<br><\/strong>Mit Kirchenmusikdirektor Peter-Michael Seifried<br>Erl\u00f6serkirche, Muristan Road 1, Altstadt von Jerusalem<\/p>\n\n\n\n<p>19.00 Uhr (18.00 Uhr deutscher Zeit)<br><strong>Friedensgebet per Zoom<\/strong><br>Einwahllink direkt: <a href=\"https:\/\/is.gd\/y6mWZz\">https:\/\/is.gd\/y6mWZz<\/a>&nbsp;(oder Zoom-ID: 976 8331 9026, Code: 391044)<br>Mit Propst Joachim Lenz<\/p>\n\n\n\n<p>So, 18.05.\u00a0\u00a0\u00a0\u00a0\u00a0\u00a0\u00a0 10.30 Uhr<br><strong>Gottesdienst mit Abendmahl am Sonntag Kantate<br><\/strong>Predigt: Propst Joachim Lenz<br>Musik: Kirchenmusikdirektor Peter-Michael Seifried<br>Erl\u00f6serkirche, Muristan Road 1, Altstadt von Jerusalem<\/p>\n\n\n\n<p>Di, 20.05.&nbsp;&nbsp;&nbsp;&nbsp;&nbsp;&nbsp;&nbsp; 20.00-21.30 Uhr<br><strong>Stummfilm mit Live-Musik: \u201eDr. Jekyll and Mr. Hyde\u201c<br><\/strong>USA1920, 126 Minuten; Regie: John S. Robertson; mit englischen Untertiteln<br>Leitung und Musik: Kirchenmusikdirektor Peter-Michael Seifried am Steinway-Fl\u00fcgel <br>Johanniterkapelle der Erl\u00f6serkirche, Muristan Road 5, Altstadt von Jerusalem<\/p>\n\n\n\n<p>Mi, 21.05.&nbsp;&nbsp;&nbsp;&nbsp;&nbsp;&nbsp;&nbsp; Kein Taiz\u00e9-Gebet in der Himmelfahrtkirche<br>Wir laden herzlich ein zum <strong>Taiz\u00e9-Gebet in Tantur<\/strong> mit Bruder Emile.<br>N\u00e4here Infos auf unserer Webseite.<\/p>\n\n\n\n<p>Do, 22.05. &nbsp;&nbsp;&nbsp;&nbsp;&nbsp; 19.30 Uhr<br><strong>Orgel- und Vokalkonzert (Bariton) in der Erl\u00f6serkirche<\/strong><br>Mit Organistin Yulia Shmelkina und Vocalist Mikhail Mostov<br>Erl\u00f6serkirche, Muristan Road 1, Altstadt von Jerusalem<\/p>\n\n\n\n<p>Sa, 24.05.&nbsp;&nbsp;&nbsp;&nbsp;&nbsp;&nbsp;&nbsp; 12.00-12.30 Uhr<br><strong>Orgelmatinee in der Erl\u00f6serkirche<br><\/strong>Mit Kirchenmusikdirektor Peter-Michael Seifried<br>Erl\u00f6serkirche, Muristan Road 1, Altstadt von Jerusalem<\/p>\n\n\n\n<p>15.00 Uhr<strong><br>Familiennachmittag auf der Auguste<br><\/strong>Charlie lernt, wie sch\u00f6n es ist, ganz leise zu sein und die Sonne zu sp\u00fcren.<br>Mit Pfarrerin Ines Fischer<br>Bitte anmelden unter: <a href=\"mailto:pastorin@evajerusalem.org\">pastorin@evajerusalem.org<\/a><\/p>\n\n\n\n<p>19.00 Uhr (18.00 Uhr deutscher Zeit)<br><strong>Friedensgebet per Zoom<\/strong><br>Einwahllink direkt: <a href=\"https:\/\/is.gd\/y6mWZz\">https:\/\/is.gd\/y6mWZz<\/a>&nbsp;(oder Zoom-ID: 976 8331 9026, Code: 391044)<br>Mit Pfarrerin Ines Fischer<\/p>\n\n\n\n<p>So, 25.05.&nbsp;&nbsp;&nbsp;&nbsp;&nbsp;&nbsp;&nbsp; 10:30 Uhr&nbsp;&nbsp;&nbsp;&nbsp;&nbsp;&nbsp;&nbsp;&nbsp;&nbsp;&nbsp;&nbsp;&nbsp;&nbsp;&nbsp;&nbsp;&nbsp;&nbsp;&nbsp;&nbsp;&nbsp;&nbsp;&nbsp;&nbsp;&nbsp;&nbsp;&nbsp;&nbsp;&nbsp;&nbsp;&nbsp;&nbsp;&nbsp;&nbsp;&nbsp;&nbsp;&nbsp;&nbsp;&nbsp;&nbsp;&nbsp;&nbsp;&nbsp;&nbsp;&nbsp;&nbsp;&nbsp;&nbsp;&nbsp;&nbsp;&nbsp;&nbsp;&nbsp;&nbsp;&nbsp;&nbsp;&nbsp;&nbsp;&nbsp;&nbsp;&nbsp;&nbsp;&nbsp;&nbsp;&nbsp;&nbsp;&nbsp;&nbsp;&nbsp;&nbsp;&nbsp;&nbsp;&nbsp;&nbsp;&nbsp;&nbsp;&nbsp;&nbsp;&nbsp;&nbsp;&nbsp;&nbsp;&nbsp;&nbsp;&nbsp;&nbsp;&nbsp;&nbsp;&nbsp;&nbsp;&nbsp;&nbsp;&nbsp;&nbsp;&nbsp;&nbsp;&nbsp;&nbsp;&nbsp;&nbsp;&nbsp;&nbsp;&nbsp;&nbsp;&nbsp;&nbsp;&nbsp;&nbsp;&nbsp;&nbsp;&nbsp;&nbsp;&nbsp;&nbsp;&nbsp;&nbsp;&nbsp;&nbsp;&nbsp;&nbsp;&nbsp;&nbsp;&nbsp;&nbsp;&nbsp;&nbsp;&nbsp;&nbsp;&nbsp;&nbsp;&nbsp;&nbsp;&nbsp;<br><strong>Gottesdienst am Sonntag Rogate<br><\/strong>Predigt: Pfarrerin Ines Fischer; Musik: Kirchenmusikdirektor Peter-Michael Seifried<br>Erl\u00f6serkirche, Muristan Road 1, Altstadt von Jerusalem<\/p>\n\n\n\n<p>Di, 27.05.&nbsp;&nbsp;&nbsp;&nbsp;&nbsp;&nbsp;&nbsp; 20.00-21.30 Uhr<br><strong>Partnerschaft auf Augenh\u00f6he<br><\/strong>Die Zusammenarbeit des Willy-Brandt-Center in Jerusalem<br>Gemeindeabend mit der Ajyal-Jugendbewegung in Israel<br>Refektorium der Erl\u00f6serkirche, Muristan Road 5, Altstadt von Jerusalem<\/p>\n\n\n\n<p>Mi, 28.05.&nbsp;&nbsp;&nbsp;&nbsp;&nbsp;&nbsp;&nbsp; ab 15.00 Uhr<br><strong>Jerusalem Interfaith March for Human Rights and Peace<\/strong><br>vom Zion Square (Jaffa Street) \u00fcber das New Gate zum Tower of David<br>veranstaltet von den Rabbis for Human Rights u.a., unterst\u00fctzt von unserer Gemeinde<\/p>\n\n\n\n<p>Mi, 28.05.&nbsp;&nbsp;&nbsp;&nbsp;&nbsp;&nbsp;&nbsp; 17.30 Uhr<br><strong>Taiz\u00e9-Andacht in der Himmelfahrtkirche<\/strong><br>Singen \u2013 schweigen \u2013 beten. Mit Pfarrerin Ines Fischer<br>und Kirchenmusikdirektor Peter-Michael Seifried<br><strong>Im Anschluss: Beisammensein<\/strong> mit Abendessen im Caf\u00e9 Auguste Victoria.<br>Himmelfahrtkirche und Caf\u00e9 Auguste Victoria auf dem \u00d6lberg. Ohne Anmeldung.<\/p>\n\n\n\n<p>Do, 29.05.\u00a0\u00a0\u00a0\u00a0\u00a0\u00a0 16.30 Uhr <em>Christi Himmelfahrt<br><\/em><strong>Internationaler Gottesdienst zu Christi Himmelfahrt<br><\/strong>Mit u.a. Pfarrerin Ines Fischer und Kirchenmusikdirektor Peter-Michael Seifried <br>Anschlie\u00dfend gemeinsames Grillen vor der Kirche<br>Himmelfahrtkirche auf dem \u00d6lberg<\/p>\n\n\n\n<p>Sa, 31.05.&nbsp;&nbsp;&nbsp;&nbsp;&nbsp;&nbsp;&nbsp; 12.00-12.30 Uhr<br><strong>Orgelmatinee in der Erl\u00f6serkirche<br><\/strong>Mit Kirchenmusikdirektor Peter-Michael Seifried<br>Erl\u00f6serkirche, Muristan Road 1, Altstadt von Jerusalem<\/p>\n\n\n\n<p>15.00-18.00 Uhr<br><strong>Flohmarkt auf dem Auguste Victoria-Gel\u00e4nde<br><\/strong>Der Flohmarkt findet auf dem Vorplatz der Himmelfahrtkirche statt (bei schlechtem Wetter Kaisersaal der Himmelfahrtkirche). <br>Die Standgeb\u00fchr betr\u00e4gt 20 NIS.<br>Anmeldungen und Infos unter <a href=\"mailto:himmelfahrt@evajerusalem.org\">himmelfahrt@evajerusalem.org<\/a>.<\/p>\n\n\n\n<p>19.00 Uhr (18.00 Uhr deutscher Zeit)<br><strong>Friedensgebet per Zoom<\/strong><br>Einwahllink direkt: <a href=\"https:\/\/is.gd\/y6mWZz\">https:\/\/is.gd\/y6mWZz<\/a>&nbsp;(oder Zoom-ID: 976 8331 9026, Code: 391044)<\/p>\n\n\n\n<p><strong>R\u00fcckfragen<\/strong><br>bitte an unsere Gemeindesekret\u00e4rin, Frau Bilhan Rechtman:<br>Telefon:&nbsp; 02-6266 800, E-Mail: <a href=\"mailto:propstei@evajerusalem.org\">propstei@evajerusalem.org<\/a><\/p>\n\n\n\n<p><strong>Weitere Informationen<\/strong><br>k\u00f6nnen Sie folgenden Seiten entnehmen:<\/p>\n\n\n\n<p>Homepage: <a href=\"https:\/\/www.evangelisch-in-jerusalem.org\/en\/\">evangelisch-in-jerusalem.org<\/a><\/p>\n\n\n\n<ul class=\"wp-block-list\">\n<li>Facebook-Seiten:<ul><li><a href=\"https:\/\/www.facebook.com\/erloeserkirche.jerusalem\/\">https:\/\/www.facebook.com\/erloeserkirche.jerusalem\/<\/a><\/li><\/ul>\n<ul class=\"wp-block-list\">\n<li><a href=\"https:\/\/www.facebook.com\/auguste.victoria.jerusalem\/\">https:\/\/www.facebook.com\/auguste.victoria.jerusalem\/<\/a><\/li>\n<\/ul>\n<\/li>\n\n\n\n<li>&nbsp;Veranstaltungskalender der Gemeinde: <a href=\"https:\/\/jerusalem.church.tools\">jerusalem.church.tools<\/a><\/li>\n<\/ul>\n\n\n\n<p><\/p>","protected":false},"excerpt":{"rendered":"<p>Sa, 03.05.&nbsp;&nbsp;&nbsp;&nbsp;&nbsp;&nbsp;&nbsp; 12.00-12.30 UhrOrgelmatinee in der Erl\u00f6serkircheMit Yulia ShmelkinaErl\u00f6serkirche, Muristan Road 1, Altstadt von Jerusalem 19.00 Uhr (18.00 Uhr deutscher Zeit)Friedensgebet per ZoomEinwahllink direkt: https:\/\/is.gd\/y6mWZz&nbsp;(oder Zoom-ID: 976 8331 9026, Code: 391044)Mit Pfarrerin Ines Fischer So, 04.05.&nbsp;&nbsp;&nbsp;&nbsp;&nbsp;&nbsp;&nbsp; 10.30 UhrGottesdienst mit Abendmahl und TaufePredigt: Pfarrerin Ann-Kathrin HasselmannMusik: Yulia ShmelkinaErl\u00f6serkirche, Muristan Road 1, Altstadt von Jerusalem Di, 06.05.&nbsp;&nbsp;&nbsp;&nbsp;&nbsp;&nbsp;&nbsp; &hellip; <\/p>\n<p class=\"link-more\"><a href=\"https:\/\/www.evangelisch-in-jerusalem.org\/en\/2025\/04\/28\/unsere-veranstaltungen-im-mai-2025\/\" class=\"more-link\">Continue reading<span class=\"screen-reader-text\"> &#8220;Unsere Veranstaltungen im Mai 2025&#8221;<\/span><\/a><\/p>","protected":false},"author":8,"featured_media":1273,"comment_status":"closed","ping_status":"closed","sticky":false,"template":"","format":"standard","meta":{"footnotes":""},"categories":[1],"tags":[256,101,104,125,5,281,421],"class_list":["post-20212","post","type-post","status-publish","format-standard","has-post-thumbnail","hentry","category-allgemein","tag-altstadt","tag-gemeindeabend","tag-himmelfahrtkirche","tag-jerusalem","tag-konzert","tag-newsletter","tag-stummfilm","entry"],"yoast_head":"<!-- This site is optimized with the Yoast SEO plugin v27.4 - https:\/\/yoast.com\/product\/yoast-seo-wordpress\/ -->\n<title>Unsere Veranstaltungen im Mai 2025 - Evangelisch in Jerusalem<\/title>\n<meta name=\"robots\" content=\"index, follow, max-snippet:-1, max-image-preview:large, max-video-preview:-1\" \/>\n<link rel=\"canonical\" href=\"https:\/\/www.evangelisch-in-jerusalem.org\/en\/2025\/04\/28\/unsere-veranstaltungen-im-mai-2025\/\" \/>\n<meta property=\"og:locale\" content=\"en_GB\" \/>\n<meta property=\"og:type\" content=\"article\" \/>\n<meta property=\"og:title\" content=\"Unsere Veranstaltungen im Mai 2025 - Evangelisch in Jerusalem\" \/>\n<meta property=\"og:description\" content=\"Sa, 03.05.&nbsp;&nbsp;&nbsp;&nbsp;&nbsp;&nbsp;&nbsp; 12.00-12.30 UhrOrgelmatinee in der Erl\u00f6serkircheMit Yulia ShmelkinaErl\u00f6serkirche, Muristan Road 1, Altstadt von Jerusalem 19.00 Uhr (18.00 Uhr deutscher Zeit)Friedensgebet per ZoomEinwahllink direkt: https:\/\/is.gd\/y6mWZz&nbsp;(oder Zoom-ID: 976 8331 9026, Code: 391044)Mit Pfarrerin Ines Fischer So, 04.05.&nbsp;&nbsp;&nbsp;&nbsp;&nbsp;&nbsp;&nbsp; 10.30 UhrGottesdienst mit Abendmahl und TaufePredigt: Pfarrerin Ann-Kathrin HasselmannMusik: Yulia ShmelkinaErl\u00f6serkirche, Muristan Road 1, Altstadt von Jerusalem Di, 06.05.&nbsp;&nbsp;&nbsp;&nbsp;&nbsp;&nbsp;&nbsp; &hellip; Continue reading &quot;Unsere Veranstaltungen im Mai 2025&quot;\" \/>\n<meta property=\"og:url\" content=\"https:\/\/www.evangelisch-in-jerusalem.org\/en\/2025\/04\/28\/unsere-veranstaltungen-im-mai-2025\/\" \/>\n<meta property=\"og:site_name\" content=\"Evangelisch in Jerusalem\" \/>\n<meta property=\"article:publisher\" content=\"https:\/\/www.facebook.com\/erloeserkirche.jerusalem\" \/>\n<meta property=\"article:published_time\" content=\"2025-04-28T08:31:32+00:00\" \/>\n<meta property=\"article:modified_time\" content=\"2025-04-28T08:40:12+00:00\" \/>\n<meta property=\"og:image\" content=\"https:\/\/www.evangelisch-in-jerusalem.org\/wp-content\/uploads\/2019\/05\/Erlo\u0308serkirche-2299-e1745829584253.jpg\" \/>\n\t<meta property=\"og:image:width\" content=\"853\" \/>\n\t<meta property=\"og:image:height\" content=\"880\" \/>\n\t<meta property=\"og:image:type\" content=\"image\/jpeg\" \/>\n<meta name=\"author\" content=\"Bilhan Rechtman\" \/>\n<meta name=\"twitter:card\" content=\"summary_large_image\" \/>\n<meta name=\"twitter:label1\" content=\"Written by\" \/>\n\t<meta name=\"twitter:data1\" content=\"Bilhan Rechtman\" \/>\n\t<meta name=\"twitter:label2\" content=\"Estimated reading time\" \/>\n\t<meta name=\"twitter:data2\" content=\"5 minutes\" \/>\n<script type=\"application\/ld+json\" class=\"yoast-schema-graph\">{\"@context\":\"https:\\\/\\\/schema.org\",\"@graph\":[{\"@type\":\"Article\",\"@id\":\"https:\\\/\\\/www.evangelisch-in-jerusalem.org\\\/2025\\\/04\\\/28\\\/unsere-veranstaltungen-im-mai-2025\\\/#article\",\"isPartOf\":{\"@id\":\"https:\\\/\\\/www.evangelisch-in-jerusalem.org\\\/2025\\\/04\\\/28\\\/unsere-veranstaltungen-im-mai-2025\\\/\"},\"author\":{\"name\":\"Bilhan Rechtman\",\"@id\":\"https:\\\/\\\/www.evangelisch-in-jerusalem.org\\\/#\\\/schema\\\/person\\\/1a5c46f66365bb12b39ea0ebe03339a7\"},\"headline\":\"Unsere Veranstaltungen im Mai 2025\",\"datePublished\":\"2025-04-28T08:31:32+00:00\",\"dateModified\":\"2025-04-28T08:40:12+00:00\",\"mainEntityOfPage\":{\"@id\":\"https:\\\/\\\/www.evangelisch-in-jerusalem.org\\\/2025\\\/04\\\/28\\\/unsere-veranstaltungen-im-mai-2025\\\/\"},\"wordCount\":1086,\"publisher\":{\"@id\":\"https:\\\/\\\/www.evangelisch-in-jerusalem.org\\\/#organization\"},\"image\":{\"@id\":\"https:\\\/\\\/www.evangelisch-in-jerusalem.org\\\/2025\\\/04\\\/28\\\/unsere-veranstaltungen-im-mai-2025\\\/#primaryimage\"},\"thumbnailUrl\":\"https:\\\/\\\/www.evangelisch-in-jerusalem.org\\\/wp-content\\\/uploads\\\/2019\\\/05\\\/Erlo\u0308serkirche-2299-e1745829584253.jpg\",\"keywords\":[\"Altstadt\",\"Gemeindeabend\",\"Himmelfahrtkirche\",\"Jerusalem\",\"Konzert\",\"Newsletter\",\"Stummfilm\"],\"articleSection\":[\"Allgemein\"],\"inLanguage\":\"en-GB\"},{\"@type\":\"WebPage\",\"@id\":\"https:\\\/\\\/www.evangelisch-in-jerusalem.org\\\/2025\\\/04\\\/28\\\/unsere-veranstaltungen-im-mai-2025\\\/\",\"url\":\"https:\\\/\\\/www.evangelisch-in-jerusalem.org\\\/2025\\\/04\\\/28\\\/unsere-veranstaltungen-im-mai-2025\\\/\",\"name\":\"Unsere Veranstaltungen im Mai 2025 - Evangelisch in Jerusalem\",\"isPartOf\":{\"@id\":\"https:\\\/\\\/www.evangelisch-in-jerusalem.org\\\/#website\"},\"primaryImageOfPage\":{\"@id\":\"https:\\\/\\\/www.evangelisch-in-jerusalem.org\\\/2025\\\/04\\\/28\\\/unsere-veranstaltungen-im-mai-2025\\\/#primaryimage\"},\"image\":{\"@id\":\"https:\\\/\\\/www.evangelisch-in-jerusalem.org\\\/2025\\\/04\\\/28\\\/unsere-veranstaltungen-im-mai-2025\\\/#primaryimage\"},\"thumbnailUrl\":\"https:\\\/\\\/www.evangelisch-in-jerusalem.org\\\/wp-content\\\/uploads\\\/2019\\\/05\\\/Erlo\u0308serkirche-2299-e1745829584253.jpg\",\"datePublished\":\"2025-04-28T08:31:32+00:00\",\"dateModified\":\"2025-04-28T08:40:12+00:00\",\"breadcrumb\":{\"@id\":\"https:\\\/\\\/www.evangelisch-in-jerusalem.org\\\/2025\\\/04\\\/28\\\/unsere-veranstaltungen-im-mai-2025\\\/#breadcrumb\"},\"inLanguage\":\"en-GB\",\"potentialAction\":[{\"@type\":\"ReadAction\",\"target\":[\"https:\\\/\\\/www.evangelisch-in-jerusalem.org\\\/2025\\\/04\\\/28\\\/unsere-veranstaltungen-im-mai-2025\\\/\"]}]},{\"@type\":\"ImageObject\",\"inLanguage\":\"en-GB\",\"@id\":\"https:\\\/\\\/www.evangelisch-in-jerusalem.org\\\/2025\\\/04\\\/28\\\/unsere-veranstaltungen-im-mai-2025\\\/#primaryimage\",\"url\":\"https:\\\/\\\/www.evangelisch-in-jerusalem.org\\\/wp-content\\\/uploads\\\/2019\\\/05\\\/Erlo\u0308serkirche-2299-e1745829584253.jpg\",\"contentUrl\":\"https:\\\/\\\/www.evangelisch-in-jerusalem.org\\\/wp-content\\\/uploads\\\/2019\\\/05\\\/Erlo\u0308serkirche-2299-e1745829584253.jpg\",\"width\":853,\"height\":880},{\"@type\":\"BreadcrumbList\",\"@id\":\"https:\\\/\\\/www.evangelisch-in-jerusalem.org\\\/2025\\\/04\\\/28\\\/unsere-veranstaltungen-im-mai-2025\\\/#breadcrumb\",\"itemListElement\":[{\"@type\":\"ListItem\",\"position\":1,\"name\":\"Startseite\",\"item\":\"https:\\\/\\\/www.evangelisch-in-jerusalem.org\\\/\"},{\"@type\":\"ListItem\",\"position\":2,\"name\":\"Unsere Veranstaltungen im Mai 2025\"}]},{\"@type\":\"WebSite\",\"@id\":\"https:\\\/\\\/www.evangelisch-in-jerusalem.org\\\/#website\",\"url\":\"https:\\\/\\\/www.evangelisch-in-jerusalem.org\\\/\",\"name\":\"Evangelisch in Jerusalem\",\"description\":\"Stiftungen der EKD im Heiligen Land\",\"publisher\":{\"@id\":\"https:\\\/\\\/www.evangelisch-in-jerusalem.org\\\/#organization\"},\"potentialAction\":[{\"@type\":\"SearchAction\",\"target\":{\"@type\":\"EntryPoint\",\"urlTemplate\":\"https:\\\/\\\/www.evangelisch-in-jerusalem.org\\\/?s={search_term_string}\"},\"query-input\":{\"@type\":\"PropertyValueSpecification\",\"valueRequired\":true,\"valueName\":\"search_term_string\"}}],\"inLanguage\":\"en-GB\"},{\"@type\":\"Organization\",\"@id\":\"https:\\\/\\\/www.evangelisch-in-jerusalem.org\\\/#organization\",\"name\":\"German Protestant Institutions in the Holy Land\",\"url\":\"https:\\\/\\\/www.evangelisch-in-jerusalem.org\\\/\",\"logo\":{\"@type\":\"ImageObject\",\"inLanguage\":\"en-GB\",\"@id\":\"https:\\\/\\\/www.evangelisch-in-jerusalem.org\\\/#\\\/schema\\\/logo\\\/image\\\/\",\"url\":\"https:\\\/\\\/www.evangelisch-in-jerusalem.org\\\/wp-content\\\/uploads\\\/2019\\\/03\\\/EIJ_Logo_500-px.png\",\"contentUrl\":\"https:\\\/\\\/www.evangelisch-in-jerusalem.org\\\/wp-content\\\/uploads\\\/2019\\\/03\\\/EIJ_Logo_500-px.png\",\"width\":500,\"height\":82,\"caption\":\"German Protestant Institutions in the Holy Land\"},\"image\":{\"@id\":\"https:\\\/\\\/www.evangelisch-in-jerusalem.org\\\/#\\\/schema\\\/logo\\\/image\\\/\"},\"sameAs\":[\"https:\\\/\\\/www.facebook.com\\\/erloeserkirche.jerusalem\"]},{\"@type\":\"Person\",\"@id\":\"https:\\\/\\\/www.evangelisch-in-jerusalem.org\\\/#\\\/schema\\\/person\\\/1a5c46f66365bb12b39ea0ebe03339a7\",\"name\":\"Bilhan Rechtman\",\"sameAs\":[\"http:\\\/\\\/www.evangelisch-in-jerusalem.org\"],\"url\":\"https:\\\/\\\/www.evangelisch-in-jerusalem.org\\\/en\\\/author\\\/bilhan\\\/\"}]}<\/script>\n<!-- \/ Yoast SEO plugin. -->","yoast_head_json":{"title":"Unsere Veranstaltungen im Mai 2025 - Evangelisch in Jerusalem","robots":{"index":"index","follow":"follow","max-snippet":"max-snippet:-1","max-image-preview":"max-image-preview:large","max-video-preview":"max-video-preview:-1"},"canonical":"https:\/\/www.evangelisch-in-jerusalem.org\/en\/2025\/04\/28\/unsere-veranstaltungen-im-mai-2025\/","og_locale":"en_GB","og_type":"article","og_title":"Unsere Veranstaltungen im Mai 2025 - Evangelisch in Jerusalem","og_description":"Sa, 03.05.&nbsp;&nbsp;&nbsp;&nbsp;&nbsp;&nbsp;&nbsp; 12.00-12.30 UhrOrgelmatinee in der Erl\u00f6serkircheMit Yulia ShmelkinaErl\u00f6serkirche, Muristan Road 1, Altstadt von Jerusalem 19.00 Uhr (18.00 Uhr deutscher Zeit)Friedensgebet per ZoomEinwahllink direkt: https:\/\/is.gd\/y6mWZz&nbsp;(oder Zoom-ID: 976 8331 9026, Code: 391044)Mit Pfarrerin Ines Fischer So, 04.05.&nbsp;&nbsp;&nbsp;&nbsp;&nbsp;&nbsp;&nbsp; 10.30 UhrGottesdienst mit Abendmahl und TaufePredigt: Pfarrerin Ann-Kathrin HasselmannMusik: Yulia ShmelkinaErl\u00f6serkirche, Muristan Road 1, Altstadt von Jerusalem Di, 06.05.&nbsp;&nbsp;&nbsp;&nbsp;&nbsp;&nbsp;&nbsp; &hellip; Continue reading \"Unsere Veranstaltungen im Mai 2025\"","og_url":"https:\/\/www.evangelisch-in-jerusalem.org\/en\/2025\/04\/28\/unsere-veranstaltungen-im-mai-2025\/","og_site_name":"Evangelisch in Jerusalem","article_publisher":"https:\/\/www.facebook.com\/erloeserkirche.jerusalem","article_published_time":"2025-04-28T08:31:32+00:00","article_modified_time":"2025-04-28T08:40:12+00:00","og_image":[{"width":853,"height":880,"url":"https:\/\/www.evangelisch-in-jerusalem.org\/wp-content\/uploads\/2019\/05\/Erlo\u0308serkirche-2299-e1745829584253.jpg","type":"image\/jpeg"}],"author":"Bilhan Rechtman","twitter_card":"summary_large_image","twitter_misc":{"Written by":"Bilhan Rechtman","Estimated reading time":"5 minutes"},"schema":{"@context":"https:\/\/schema.org","@graph":[{"@type":"Article","@id":"https:\/\/www.evangelisch-in-jerusalem.org\/2025\/04\/28\/unsere-veranstaltungen-im-mai-2025\/#article","isPartOf":{"@id":"https:\/\/www.evangelisch-in-jerusalem.org\/2025\/04\/28\/unsere-veranstaltungen-im-mai-2025\/"},"author":{"name":"Bilhan Rechtman","@id":"https:\/\/www.evangelisch-in-jerusalem.org\/#\/schema\/person\/1a5c46f66365bb12b39ea0ebe03339a7"},"headline":"Unsere Veranstaltungen im Mai 2025","datePublished":"2025-04-28T08:31:32+00:00","dateModified":"2025-04-28T08:40:12+00:00","mainEntityOfPage":{"@id":"https:\/\/www.evangelisch-in-jerusalem.org\/2025\/04\/28\/unsere-veranstaltungen-im-mai-2025\/"},"wordCount":1086,"publisher":{"@id":"https:\/\/www.evangelisch-in-jerusalem.org\/#organization"},"image":{"@id":"https:\/\/www.evangelisch-in-jerusalem.org\/2025\/04\/28\/unsere-veranstaltungen-im-mai-2025\/#primaryimage"},"thumbnailUrl":"https:\/\/www.evangelisch-in-jerusalem.org\/wp-content\/uploads\/2019\/05\/Erlo\u0308serkirche-2299-e1745829584253.jpg","keywords":["Altstadt","Gemeindeabend","Himmelfahrtkirche","Jerusalem","Konzert","Newsletter","Stummfilm"],"articleSection":["Allgemein"],"inLanguage":"en-GB"},{"@type":"WebPage","@id":"https:\/\/www.evangelisch-in-jerusalem.org\/2025\/04\/28\/unsere-veranstaltungen-im-mai-2025\/","url":"https:\/\/www.evangelisch-in-jerusalem.org\/2025\/04\/28\/unsere-veranstaltungen-im-mai-2025\/","name":"Unsere Veranstaltungen im Mai 2025 - Evangelisch in Jerusalem","isPartOf":{"@id":"https:\/\/www.evangelisch-in-jerusalem.org\/#website"},"primaryImageOfPage":{"@id":"https:\/\/www.evangelisch-in-jerusalem.org\/2025\/04\/28\/unsere-veranstaltungen-im-mai-2025\/#primaryimage"},"image":{"@id":"https:\/\/www.evangelisch-in-jerusalem.org\/2025\/04\/28\/unsere-veranstaltungen-im-mai-2025\/#primaryimage"},"thumbnailUrl":"https:\/\/www.evangelisch-in-jerusalem.org\/wp-content\/uploads\/2019\/05\/Erlo\u0308serkirche-2299-e1745829584253.jpg","datePublished":"2025-04-28T08:31:32+00:00","dateModified":"2025-04-28T08:40:12+00:00","breadcrumb":{"@id":"https:\/\/www.evangelisch-in-jerusalem.org\/2025\/04\/28\/unsere-veranstaltungen-im-mai-2025\/#breadcrumb"},"inLanguage":"en-GB","potentialAction":[{"@type":"ReadAction","target":["https:\/\/www.evangelisch-in-jerusalem.org\/2025\/04\/28\/unsere-veranstaltungen-im-mai-2025\/"]}]},{"@type":"ImageObject","inLanguage":"en-GB","@id":"https:\/\/www.evangelisch-in-jerusalem.org\/2025\/04\/28\/unsere-veranstaltungen-im-mai-2025\/#primaryimage","url":"https:\/\/www.evangelisch-in-jerusalem.org\/wp-content\/uploads\/2019\/05\/Erlo\u0308serkirche-2299-e1745829584253.jpg","contentUrl":"https:\/\/www.evangelisch-in-jerusalem.org\/wp-content\/uploads\/2019\/05\/Erlo\u0308serkirche-2299-e1745829584253.jpg","width":853,"height":880},{"@type":"BreadcrumbList","@id":"https:\/\/www.evangelisch-in-jerusalem.org\/2025\/04\/28\/unsere-veranstaltungen-im-mai-2025\/#breadcrumb","itemListElement":[{"@type":"ListItem","position":1,"name":"Startseite","item":"https:\/\/www.evangelisch-in-jerusalem.org\/"},{"@type":"ListItem","position":2,"name":"Unsere Veranstaltungen im Mai 2025"}]},{"@type":"WebSite","@id":"https:\/\/www.evangelisch-in-jerusalem.org\/#website","url":"https:\/\/www.evangelisch-in-jerusalem.org\/","name":"Evangelisch in Jerusalem","description":"German Protestant Institutions in the Holy Land","publisher":{"@id":"https:\/\/www.evangelisch-in-jerusalem.org\/#organization"},"potentialAction":[{"@type":"SearchAction","target":{"@type":"EntryPoint","urlTemplate":"https:\/\/www.evangelisch-in-jerusalem.org\/?s={search_term_string}"},"query-input":{"@type":"PropertyValueSpecification","valueRequired":true,"valueName":"search_term_string"}}],"inLanguage":"en-GB"},{"@type":"Organization","@id":"https:\/\/www.evangelisch-in-jerusalem.org\/#organization","name":"German Protestant Institutions in the Holy Land","url":"https:\/\/www.evangelisch-in-jerusalem.org\/","logo":{"@type":"ImageObject","inLanguage":"en-GB","@id":"https:\/\/www.evangelisch-in-jerusalem.org\/#\/schema\/logo\/image\/","url":"https:\/\/www.evangelisch-in-jerusalem.org\/wp-content\/uploads\/2019\/03\/EIJ_Logo_500-px.png","contentUrl":"https:\/\/www.evangelisch-in-jerusalem.org\/wp-content\/uploads\/2019\/03\/EIJ_Logo_500-px.png","width":500,"height":82,"caption":"German Protestant Institutions in the Holy Land"},"image":{"@id":"https:\/\/www.evangelisch-in-jerusalem.org\/#\/schema\/logo\/image\/"},"sameAs":["https:\/\/www.facebook.com\/erloeserkirche.jerusalem"]},{"@type":"Person","@id":"https:\/\/www.evangelisch-in-jerusalem.org\/#\/schema\/person\/1a5c46f66365bb12b39ea0ebe03339a7","name":"Bilhan Rechtman","sameAs":["http:\/\/www.evangelisch-in-jerusalem.org"],"url":"https:\/\/www.evangelisch-in-jerusalem.org\/en\/author\/bilhan\/"}]}},"_links":{"self":[{"href":"https:\/\/www.evangelisch-in-jerusalem.org\/en\/wp-json\/wp\/v2\/posts\/20212","targetHints":{"allow":["GET"]}}],"collection":[{"href":"https:\/\/www.evangelisch-in-jerusalem.org\/en\/wp-json\/wp\/v2\/posts"}],"about":[{"href":"https:\/\/www.evangelisch-in-jerusalem.org\/en\/wp-json\/wp\/v2\/types\/post"}],"author":[{"embeddable":true,"href":"https:\/\/www.evangelisch-in-jerusalem.org\/en\/wp-json\/wp\/v2\/users\/8"}],"replies":[{"embeddable":true,"href":"https:\/\/www.evangelisch-in-jerusalem.org\/en\/wp-json\/wp\/v2\/comments?post=20212"}],"version-history":[{"count":2,"href":"https:\/\/www.evangelisch-in-jerusalem.org\/en\/wp-json\/wp\/v2\/posts\/20212\/revisions"}],"predecessor-version":[{"id":20215,"href":"https:\/\/www.evangelisch-in-jerusalem.org\/en\/wp-json\/wp\/v2\/posts\/20212\/revisions\/20215"}],"wp:featuredmedia":[{"embeddable":true,"href":"https:\/\/www.evangelisch-in-jerusalem.org\/en\/wp-json\/wp\/v2\/media\/1273"}],"wp:attachment":[{"href":"https:\/\/www.evangelisch-in-jerusalem.org\/en\/wp-json\/wp\/v2\/media?parent=20212"}],"wp:term":[{"taxonomy":"category","embeddable":true,"href":"https:\/\/www.evangelisch-in-jerusalem.org\/en\/wp-json\/wp\/v2\/categories?post=20212"},{"taxonomy":"post_tag","embeddable":true,"href":"https:\/\/www.evangelisch-in-jerusalem.org\/en\/wp-json\/wp\/v2\/tags?post=20212"}],"curies":[{"name":"wp","href":"https:\/\/api.w.org\/{rel}","templated":true}]}}