{"id":19487,"date":"2024-11-29T12:11:58","date_gmt":"2024-11-29T10:11:58","guid":{"rendered":"https:\/\/www.evangelisch-in-jerusalem.org\/?p=19487"},"modified":"2024-11-29T12:22:23","modified_gmt":"2024-11-29T10:22:23","slug":"unsere-veranstaltungen-im-dezember-2024","status":"publish","type":"post","link":"https:\/\/www.evangelisch-in-jerusalem.org\/en\/2024\/11\/29\/unsere-veranstaltungen-im-dezember-2024\/","title":{"rendered":"Unsere Veranstaltungen im Dezember 2024"},"content":{"rendered":"<p>So, 01.12.&nbsp;&nbsp;&nbsp;&nbsp;&nbsp; 10.30 Uhr<br><strong>Gottesdienst am 1. Sonntag im Advent<br><\/strong>Predigt: Pfarrerin Ines Fischer<br>Musik: Kirchenmusikdirektor Peter-Michael Seifried<br>Erl\u00f6serkirche, Muristan Road 1, Altstadt von Jerusalem<\/p>\n\n\n\n<p>Di, 03.12.&nbsp;&nbsp;&nbsp;&nbsp; 20.00-21.30 Uhr<br><strong>Die Arbeit unserer Partnerkirche ELCJHL<br><\/strong>Gemeindeabend mit Bischof Sani Ibrahim Azar und Pfarrerin Sally Azar<br>Refektorium der Erl\u00f6serkirche, Muristan Road 5, Altstadt von Jerusalem<\/p>\n\n\n\n<p>Mi, 04.12.&nbsp;&nbsp;&nbsp;&nbsp; 17.30 Uhr<br><strong>Taiz\u00e9-Andacht in der Himmelfahrtkirche<\/strong><br>Singen \u2013 schweigen \u2013 beten mit Pfarrerin Ines Fischer<br><strong>Im Anschluss: Beisammensein<\/strong> mit Abendessen im Caf\u00e9 Auguste Victoria.<br>Himmelfahrtkirche und Caf\u00e9 Auguste Victoria auf dem \u00d6lberg. Ohne Anmeldung.<\/p>\n\n\n\n<p>Fr, 06.12. &nbsp;&nbsp;&nbsp;&nbsp; 15.00 Uhr-17.00 Uhr<br><strong>Der Nikolaus in der Himmelfahrtkirche<br><\/strong>Kinder- und Familiennachmittag auf der Auguste. Mit Pfarrerin Ines Fischer<br><strong>Anmeldungen<\/strong> bis 4. 12. bitte an pastorin@evajerusalem.org<br>Caf\u00e9 Auguste Victoria auf dem \u00d6lberg<\/p>\n\n\n\n<p>Sa, 07.12.&nbsp;&nbsp;&nbsp;&nbsp;&nbsp; 12.00-12.30 Uhr<br><strong>Orgelmatinee in der Erl\u00f6serkirche<\/strong><br>Mit Kirchenmusikdirektor Peter-Michael Seifried<br>Erl\u00f6serkirche, Muristan Road 1, Altstadt von Jerusalem<\/p>\n\n\n\n<p>18.00-19.00 Uhr<br><strong>Gottesdienst mit Abendmahl in Amman<\/strong><br>Mit Propst Joachim Lenz<br>Deutsches Gemeindehaus Amman, Shari\u2019a Al-Habbab Bin Al-Munthir Nr. 32<\/p>\n\n\n\n<p>19.00 Uhr (18.00 Uhr deutscher Zeit)<br><strong>Friedensgebet per Zoom<\/strong> mit Pfarrerin Ines Fischer<br>Einwahllink direkt: <a href=\"https:\/\/is.gd\/y6mWZz\">https:\/\/is.gd\/y6mWZz<\/a> (Zoom-ID: 976 8331 9026, Code: 391044)<\/p>\n\n\n\n<p>So, 08.12.&nbsp;&nbsp;&nbsp;&nbsp;&nbsp; 10.30 Uhr<br><strong>Gottesdienst mit Abendmahl am 2. Sonntag im Advent<br><\/strong>Predigt: Pfarrerin Sally Azar und Pfarrerin Ines Fischer<br>Musik: Kirchenmusikdirektor Peter-Michael Seifried<br>Erl\u00f6serkirche, Muristan Road 1, Altstadt von Jerusalem<\/p>\n\n\n\n<p>Mo, 09.12.&nbsp;&nbsp;&nbsp; 20.00-22.30 Uhr<br><strong>Stummfilm mit Live-Musik: \u201eChristus\u201c<br><\/strong>Regie: Giulio Antamoro, ITA 1916, Eintritt frei<br>Am Steinway-Fl\u00fcgel: Kirchenmusikdirektor Peter-Michael Seifried<br>Johanniterkapelle der Erl\u00f6serkirche, Muristan Road 5, Altstadt<\/p>\n\n\n\n<p>Mi, 11.12.\u00a0\u00a0\u00a0\u00a0 17.30 Uhr<br><strong>Taiz\u00e9-Andacht in der Himmelfahrtkirche<\/strong><br>Singen \u2013 schweigen \u2013 beten mit Pfarrerin Ines Fischer<br><strong>Im Anschluss: Beisammensein<\/strong> mit Abendessen im Caf\u00e9 Auguste Victoria.<br>Himmelfahrtkirche und Caf\u00e9 Auguste Victoria auf dem \u00d6lberg. Ohne Anmeldung.<\/p>\n\n\n\n<p>Do, 12.12. &nbsp;&nbsp;&nbsp; 19.30 Uhr<br><strong>Orgelmusik zu Advent und Weihnachten<br><\/strong>Musik von Bach, Dandrieu, Reger, Daquin<br>An der <a>Karl Schuke-Orgel <\/a>(1972): Kirchenmusikdirektor Peter-Michael Seifried<br>Erl\u00f6serkirche, Muristan Road 1, Altstadt von Jerusalem<\/p>\n\n\n\n<p>Sa, 14.12.&nbsp;&nbsp;&nbsp;&nbsp;&nbsp; 05.45 Uhr<br><strong>Sonnenaufgang mit Andacht auf dem Turm der Himmelfahrtkirche<br><\/strong>Mit Pfarrerin Ines Fischer. Treffpunkt vor dem Eingang der Himmelfahrtkirche<\/p>\n\n\n\n<p>07.00-12.00 Uhr<br><strong>Fr\u00fchst\u00fccksbuffet<br><\/strong>Caf\u00e9 Auguste Victoria auf dem \u00d6lberg. Ohne Anmeldung.<\/p>\n\n\n\n<p>&nbsp;8.00 Uhr<br><strong>Theodore Barkhausen, a shining light from the Mount of Olives <\/strong><em>in englischer Sprache<br><\/em>F\u00fchrung mit Pfarrerin Ines Fischer durch die Himmelfahrtkirche auf dem \u00d6lberg<\/p>\n\n\n\n<p>&nbsp;9.00 Uhr<br><strong>Theodore Barkhausen, eine Lichtgestalt vom \u00d6lberg <\/strong><em>in deutscher Sprache<br><\/em>F\u00fchrung mit Pfarrerin Ines Fischer durch die Himmelfahrtkirche auf dem \u00d6lberg<\/p>\n\n\n\n<p>10.10-10.40<br><strong>Orgelkonzert in der Himmelfahrtkirche<br><\/strong>mit Kirchenmusikdirektor Peter-Michael Seifried. <br>Ab 9.55 Uhr Einf\u00fchrung auf der Empore<\/p>\n\n\n\n<p>12.00-12.30<br><strong>Orgelmatinee in der Erl\u00f6serkirche<br><\/strong>Mit Kirchenmusikdirektor Peter-Michael Seifried<br>Erl\u00f6serkirche, Muristan Road 1, Altstadt von Jerusalem<\/p>\n\n\n\n<p>&nbsp;19.00 Uhr (18.00 Uhr deutscher Zeit)<br><strong>Friedensgebet per Zoom<\/strong> mit Pfarrerin Ines Fischer<br>Einwahllink: <a href=\"https:\/\/is.gd\/y6mWZz\">https:\/\/is.gd\/y6mWZz<\/a>&nbsp;(Zoom-ID: 976 8331 9026, Code: 391044)<\/p>\n\n\n\n<p>So, 15.12.&nbsp;&nbsp;&nbsp;&nbsp;&nbsp; 10.30 Uhr<br><strong>Gottesdienst am 3. Sonntag im Advent<br><\/strong>Predigt: Pfarrerin Ines Fischer, Musik: Kirchenmusikdirektor Peter-Michael Seifried<br>Erl\u00f6serkirche, Muristan Road 1, Altstadt von Jerusalem<\/p>\n\n\n\n<p>Di, 17.12.&nbsp;&nbsp;&nbsp;&nbsp; 20.00-21.30 Uhr<br><strong>Lebenskeck \u2013 trotz allem, trotz allem, trotz allem<br><\/strong>Autorenlesungmit Stephan Wahl<br>Musik: Kirchenmusikdirektor Peter-Michael Seifried<br>Refektorium der Erl\u00f6serkirche, Muristan Road 5, Altstadt von Jerusalem<\/p>\n\n\n\n<p>Mi, 18.12.\u00a0\u00a0\u00a0\u00a0 17.30 Uhr<br><strong>Taiz\u00e9-Andacht in der Himmelfahrtkirche<\/strong><br>Singen \u2013 schweigen \u2013 beten mit Pfarrerin Ines Fischer<br><strong>Im Anschluss: Beisammensein<\/strong> mit Abendessen im Caf\u00e9 Auguste Victoria.<br>Himmelfahrtkirche und Caf\u00e9 Auguste Victoria auf dem \u00d6lberg. Ohne Anmeldung.<\/p>\n\n\n\n<p>Sa, 21.12.&nbsp;&nbsp;&nbsp; &nbsp;&nbsp; 19.00 Uhr (18.00 Uhr deutscher Zeit)<br><strong>Friedensgebet per Zoom<\/strong> mit Propst Joachim Lenz<br>Einwahllink: <a href=\"https:\/\/is.gd\/y6mWZz\">https:\/\/is.gd\/y6mWZz<\/a>&nbsp;(Zoom-ID: 976 8331 9026, Code: 391044)<\/p>\n\n\n\n<p>So, 22.12.&nbsp;&nbsp;&nbsp;&nbsp;&nbsp; 10:30 Uhr&nbsp;<br><strong>Gottesdienst mit Abendmahl am 4. Sonntag im Advent<br><\/strong>Predigt: Propst Joachim Lenz, Musik: Kirchenmusikdirektor Peter-Michael Seifried<br>Erl\u00f6serkirche, Muristan Road 1, Altstadt von Jerusalem<\/p>\n\n\n\n<p>Di, 24.12.&nbsp;&nbsp;&nbsp;&nbsp; 16.00 Uhr <em>Heiligabend<\/em><br><strong>Familiengottesdienst zum Heiligen Abend<br><\/strong>Mit Pfarrerin Ines FischerHimmelfahrtkirche auf dem \u00d6lberg<\/p>\n\n\n\n<p>17.00 Uhr<br><strong>Internationaler Heiligabend-Gottesdienst in Bethlehem<br><\/strong>in arabischer, englischer und deutscher Sprache. Mit Propst Joachim Lenz u.a.<br>in der Lutherischen Weihnachtskirche in Bethlehem<\/p>\n\n\n\n<p>20.00 Uhr<br><strong>Gemeinde-Abendessen<\/strong><br>f\u00fcr die, die sonst allein w\u00e4ren<br>Refektorium der Erl\u00f6serkirche, Altstadt von Jerusalem<\/p>\n\n\n\n<p>22.30 Uhr<br><strong>Christmette: Gottesdienst zur Christnacht in der Erl\u00f6serkirche<br><\/strong>Predigt: Propst Joachim Lenz, Musik: Kirchenmusikdirektor Peter-Michael Seifried<br>Erl\u00f6serkirche, Muristan Road 1, Altstadt von Jerusalem<\/p>\n\n\n\n<p>Mi, 25.12. \u00a0\u00a0\u00a0 10.30 Uhr <em>Weihnachten<\/em><br><strong>Gottesdienst mit Abendmahl am Weihnachtstag<br><\/strong>Predigt: Propst Joachim Lenz, Musik: Kirchenmusikdirektor Peter-Michael Seifried<br>Erl\u00f6serkirche, Muristan Road 1, Altstadt von Jerusalem<\/p>\n\n\n\n<p>15.00 Uhr-15.30 Uhr<br><strong>Orgelmusik zum Christfest \u201eKling Gl\u00f6ckchen\u201c<br><\/strong>Besonders f\u00fcr Familien mit Kindern<br>Musik: Kirchenmusikdirektor Peter-Michael Seifried<br>Erl\u00f6serkirche, Muristan Road 1, Altstadt von Jerusalem<\/p>\n\n\n\n<p>17.30 Uhr-18.00 Uhr<br><strong>Orgelmusik zum Christfest \u201emeditativ und festlich\u201c<\/strong><br>Musik: Kirchenmusikdirektor Peter-Michael Seifried<br>Erl\u00f6serkirche, Muristan Road 1, Altstadt von Jerusalem<\/p>\n\n\n\n<p>Do, 26.12.&nbsp;&nbsp;&nbsp; 16.30 Uhr <em>2. Feiertag<\/em>&nbsp;&nbsp;&nbsp;&nbsp;&nbsp;&nbsp; <br><strong>International Festive Christmas Family Caroling<\/strong><br>Gemeinsames Singen internationaler Weihnachtslieder<br>Mit Pfarrerin Ines Fischer und Kirchenmusikdirektor Peter-Michael Seifried<br>Himmelfahrtkirche auf dem \u00d6lberg<\/p>\n\n\n\n<p>Sa, 28.12.&nbsp;&nbsp;&nbsp;&nbsp;&nbsp; 19.00 Uhr (18.00 Uhr deutscher Zeit)<br><strong>Friedensgebet per Zoom<\/strong> mit Pfarrerin Ines Fischer<br>Einwahllink: <a href=\"https:\/\/is.gd\/y6mWZz\">https:\/\/is.gd\/y6mWZz<\/a>&nbsp;(Zoom-ID: 976 8331 9026, Code: 391044)<\/p>\n\n\n\n<p>So, 29.12.&nbsp;&nbsp;&nbsp;&nbsp;&nbsp; 10:30 Uhr<br><strong>Gottesdienst am 1. Sonntag nach dem Christfest<br><\/strong>Predigt: Pfarrerin Ines Fischer<br>Erl\u00f6serkirche, Muristan Road 1, Altstadt von Jerusalem<\/p>\n\n\n\n<p>Di, 31.12.&nbsp;&nbsp;&nbsp;&nbsp; 19.00 Uhr<br><em>Altjahrsabend<\/em> <strong>Gottesdienst am Altjahresabend<\/strong><br>Predigt: Pfarrerin Ines Fischer<br>Erl\u00f6serkirche, Muristan Road 1, Altstadt von Jerusalem<\/p>","protected":false},"excerpt":{"rendered":"<p>So, 01.12.&nbsp;&nbsp;&nbsp;&nbsp;&nbsp; 10.30 UhrGottesdienst am 1. Sonntag im AdventPredigt: Pfarrerin Ines FischerMusik: Kirchenmusikdirektor Peter-Michael SeifriedErl\u00f6serkirche, Muristan Road 1, Altstadt von Jerusalem Di, 03.12.&nbsp;&nbsp;&nbsp;&nbsp; 20.00-21.30 UhrDie Arbeit unserer Partnerkirche ELCJHLGemeindeabend mit Bischof Sani Ibrahim Azar und Pfarrerin Sally AzarRefektorium der Erl\u00f6serkirche, Muristan Road 5, Altstadt von Jerusalem Mi, 04.12.&nbsp;&nbsp;&nbsp;&nbsp; 17.30 UhrTaiz\u00e9-Andacht in der HimmelfahrtkircheSingen \u2013 schweigen &hellip; <\/p>\n<p class=\"link-more\"><a href=\"https:\/\/www.evangelisch-in-jerusalem.org\/en\/2024\/11\/29\/unsere-veranstaltungen-im-dezember-2024\/\" class=\"more-link\">Continue reading<span class=\"screen-reader-text\"> &#8220;Unsere Veranstaltungen im Dezember 2024&#8221;<\/span><\/a><\/p>","protected":false},"author":8,"featured_media":19489,"comment_status":"closed","ping_status":"closed","sticky":false,"template":"","format":"standard","meta":{"footnotes":""},"categories":[1],"tags":[],"class_list":["post-19487","post","type-post","status-publish","format-standard","has-post-thumbnail","hentry","category-allgemein","entry"],"yoast_head":"<!-- This site is optimized with the Yoast SEO plugin v27.4 - https:\/\/yoast.com\/product\/yoast-seo-wordpress\/ -->\n<title>Unsere Veranstaltungen im Dezember 2024 - Evangelisch in Jerusalem<\/title>\n<meta name=\"robots\" content=\"index, follow, max-snippet:-1, max-image-preview:large, max-video-preview:-1\" \/>\n<link rel=\"canonical\" href=\"https:\/\/www.evangelisch-in-jerusalem.org\/en\/2024\/11\/29\/unsere-veranstaltungen-im-dezember-2024\/\" \/>\n<meta property=\"og:locale\" content=\"en_GB\" \/>\n<meta property=\"og:type\" content=\"article\" \/>\n<meta property=\"og:title\" content=\"Unsere Veranstaltungen im Dezember 2024 - Evangelisch in Jerusalem\" \/>\n<meta property=\"og:description\" content=\"So, 01.12.&nbsp;&nbsp;&nbsp;&nbsp;&nbsp; 10.30 UhrGottesdienst am 1. Sonntag im AdventPredigt: Pfarrerin Ines FischerMusik: Kirchenmusikdirektor Peter-Michael SeifriedErl\u00f6serkirche, Muristan Road 1, Altstadt von Jerusalem Di, 03.12.&nbsp;&nbsp;&nbsp;&nbsp; 20.00-21.30 UhrDie Arbeit unserer Partnerkirche ELCJHLGemeindeabend mit Bischof Sani Ibrahim Azar und Pfarrerin Sally AzarRefektorium der Erl\u00f6serkirche, Muristan Road 5, Altstadt von Jerusalem Mi, 04.12.&nbsp;&nbsp;&nbsp;&nbsp; 17.30 UhrTaiz\u00e9-Andacht in der HimmelfahrtkircheSingen \u2013 schweigen &hellip; Continue reading &quot;Unsere Veranstaltungen im Dezember 2024&quot;\" \/>\n<meta property=\"og:url\" content=\"https:\/\/www.evangelisch-in-jerusalem.org\/en\/2024\/11\/29\/unsere-veranstaltungen-im-dezember-2024\/\" \/>\n<meta property=\"og:site_name\" content=\"Evangelisch in Jerusalem\" \/>\n<meta property=\"article:publisher\" content=\"https:\/\/www.facebook.com\/erloeserkirche.jerusalem\" \/>\n<meta property=\"article:published_time\" content=\"2024-11-29T10:11:58+00:00\" \/>\n<meta property=\"article:modified_time\" content=\"2024-11-29T10:22:23+00:00\" \/>\n<meta property=\"og:image\" content=\"https:\/\/www.evangelisch-in-jerusalem.org\/wp-content\/uploads\/2024\/11\/EK-aus-Muristan-scaled.jpg\" \/>\n\t<meta property=\"og:image:width\" content=\"2560\" \/>\n\t<meta property=\"og:image:height\" content=\"1922\" \/>\n\t<meta property=\"og:image:type\" content=\"image\/jpeg\" \/>\n<meta name=\"author\" content=\"Bilhan Rechtman\" \/>\n<meta name=\"twitter:card\" content=\"summary_large_image\" \/>\n<meta name=\"twitter:label1\" content=\"Written by\" \/>\n\t<meta name=\"twitter:data1\" content=\"Bilhan Rechtman\" \/>\n\t<meta name=\"twitter:label2\" content=\"Estimated reading time\" \/>\n\t<meta name=\"twitter:data2\" content=\"5 minutes\" \/>\n<script type=\"application\/ld+json\" class=\"yoast-schema-graph\">{\"@context\":\"https:\\\/\\\/schema.org\",\"@graph\":[{\"@type\":\"Article\",\"@id\":\"https:\\\/\\\/www.evangelisch-in-jerusalem.org\\\/2024\\\/11\\\/29\\\/unsere-veranstaltungen-im-dezember-2024\\\/#article\",\"isPartOf\":{\"@id\":\"https:\\\/\\\/www.evangelisch-in-jerusalem.org\\\/2024\\\/11\\\/29\\\/unsere-veranstaltungen-im-dezember-2024\\\/\"},\"author\":{\"name\":\"Bilhan Rechtman\",\"@id\":\"https:\\\/\\\/www.evangelisch-in-jerusalem.org\\\/#\\\/schema\\\/person\\\/1a5c46f66365bb12b39ea0ebe03339a7\"},\"headline\":\"Unsere Veranstaltungen im Dezember 2024\",\"datePublished\":\"2024-11-29T10:11:58+00:00\",\"dateModified\":\"2024-11-29T10:22:23+00:00\",\"mainEntityOfPage\":{\"@id\":\"https:\\\/\\\/www.evangelisch-in-jerusalem.org\\\/2024\\\/11\\\/29\\\/unsere-veranstaltungen-im-dezember-2024\\\/\"},\"wordCount\":833,\"publisher\":{\"@id\":\"https:\\\/\\\/www.evangelisch-in-jerusalem.org\\\/#organization\"},\"image\":{\"@id\":\"https:\\\/\\\/www.evangelisch-in-jerusalem.org\\\/2024\\\/11\\\/29\\\/unsere-veranstaltungen-im-dezember-2024\\\/#primaryimage\"},\"thumbnailUrl\":\"https:\\\/\\\/www.evangelisch-in-jerusalem.org\\\/wp-content\\\/uploads\\\/2024\\\/11\\\/EK-aus-Muristan-scaled.jpg\",\"articleSection\":[\"Allgemein\"],\"inLanguage\":\"en-GB\"},{\"@type\":\"WebPage\",\"@id\":\"https:\\\/\\\/www.evangelisch-in-jerusalem.org\\\/2024\\\/11\\\/29\\\/unsere-veranstaltungen-im-dezember-2024\\\/\",\"url\":\"https:\\\/\\\/www.evangelisch-in-jerusalem.org\\\/2024\\\/11\\\/29\\\/unsere-veranstaltungen-im-dezember-2024\\\/\",\"name\":\"Unsere Veranstaltungen im Dezember 2024 - Evangelisch in Jerusalem\",\"isPartOf\":{\"@id\":\"https:\\\/\\\/www.evangelisch-in-jerusalem.org\\\/#website\"},\"primaryImageOfPage\":{\"@id\":\"https:\\\/\\\/www.evangelisch-in-jerusalem.org\\\/2024\\\/11\\\/29\\\/unsere-veranstaltungen-im-dezember-2024\\\/#primaryimage\"},\"image\":{\"@id\":\"https:\\\/\\\/www.evangelisch-in-jerusalem.org\\\/2024\\\/11\\\/29\\\/unsere-veranstaltungen-im-dezember-2024\\\/#primaryimage\"},\"thumbnailUrl\":\"https:\\\/\\\/www.evangelisch-in-jerusalem.org\\\/wp-content\\\/uploads\\\/2024\\\/11\\\/EK-aus-Muristan-scaled.jpg\",\"datePublished\":\"2024-11-29T10:11:58+00:00\",\"dateModified\":\"2024-11-29T10:22:23+00:00\",\"breadcrumb\":{\"@id\":\"https:\\\/\\\/www.evangelisch-in-jerusalem.org\\\/2024\\\/11\\\/29\\\/unsere-veranstaltungen-im-dezember-2024\\\/#breadcrumb\"},\"inLanguage\":\"en-GB\",\"potentialAction\":[{\"@type\":\"ReadAction\",\"target\":[\"https:\\\/\\\/www.evangelisch-in-jerusalem.org\\\/2024\\\/11\\\/29\\\/unsere-veranstaltungen-im-dezember-2024\\\/\"]}]},{\"@type\":\"ImageObject\",\"inLanguage\":\"en-GB\",\"@id\":\"https:\\\/\\\/www.evangelisch-in-jerusalem.org\\\/2024\\\/11\\\/29\\\/unsere-veranstaltungen-im-dezember-2024\\\/#primaryimage\",\"url\":\"https:\\\/\\\/www.evangelisch-in-jerusalem.org\\\/wp-content\\\/uploads\\\/2024\\\/11\\\/EK-aus-Muristan-scaled.jpg\",\"contentUrl\":\"https:\\\/\\\/www.evangelisch-in-jerusalem.org\\\/wp-content\\\/uploads\\\/2024\\\/11\\\/EK-aus-Muristan-scaled.jpg\",\"width\":2560,\"height\":1922},{\"@type\":\"BreadcrumbList\",\"@id\":\"https:\\\/\\\/www.evangelisch-in-jerusalem.org\\\/2024\\\/11\\\/29\\\/unsere-veranstaltungen-im-dezember-2024\\\/#breadcrumb\",\"itemListElement\":[{\"@type\":\"ListItem\",\"position\":1,\"name\":\"Startseite\",\"item\":\"https:\\\/\\\/www.evangelisch-in-jerusalem.org\\\/\"},{\"@type\":\"ListItem\",\"position\":2,\"name\":\"Unsere Veranstaltungen im Dezember 2024\"}]},{\"@type\":\"WebSite\",\"@id\":\"https:\\\/\\\/www.evangelisch-in-jerusalem.org\\\/#website\",\"url\":\"https:\\\/\\\/www.evangelisch-in-jerusalem.org\\\/\",\"name\":\"Evangelisch in Jerusalem\",\"description\":\"Stiftungen der EKD im Heiligen Land\",\"publisher\":{\"@id\":\"https:\\\/\\\/www.evangelisch-in-jerusalem.org\\\/#organization\"},\"potentialAction\":[{\"@type\":\"SearchAction\",\"target\":{\"@type\":\"EntryPoint\",\"urlTemplate\":\"https:\\\/\\\/www.evangelisch-in-jerusalem.org\\\/?s={search_term_string}\"},\"query-input\":{\"@type\":\"PropertyValueSpecification\",\"valueRequired\":true,\"valueName\":\"search_term_string\"}}],\"inLanguage\":\"en-GB\"},{\"@type\":\"Organization\",\"@id\":\"https:\\\/\\\/www.evangelisch-in-jerusalem.org\\\/#organization\",\"name\":\"German Protestant Institutions in the Holy Land\",\"url\":\"https:\\\/\\\/www.evangelisch-in-jerusalem.org\\\/\",\"logo\":{\"@type\":\"ImageObject\",\"inLanguage\":\"en-GB\",\"@id\":\"https:\\\/\\\/www.evangelisch-in-jerusalem.org\\\/#\\\/schema\\\/logo\\\/image\\\/\",\"url\":\"https:\\\/\\\/www.evangelisch-in-jerusalem.org\\\/wp-content\\\/uploads\\\/2019\\\/03\\\/EIJ_Logo_500-px.png\",\"contentUrl\":\"https:\\\/\\\/www.evangelisch-in-jerusalem.org\\\/wp-content\\\/uploads\\\/2019\\\/03\\\/EIJ_Logo_500-px.png\",\"width\":500,\"height\":82,\"caption\":\"German Protestant Institutions in the Holy Land\"},\"image\":{\"@id\":\"https:\\\/\\\/www.evangelisch-in-jerusalem.org\\\/#\\\/schema\\\/logo\\\/image\\\/\"},\"sameAs\":[\"https:\\\/\\\/www.facebook.com\\\/erloeserkirche.jerusalem\"]},{\"@type\":\"Person\",\"@id\":\"https:\\\/\\\/www.evangelisch-in-jerusalem.org\\\/#\\\/schema\\\/person\\\/1a5c46f66365bb12b39ea0ebe03339a7\",\"name\":\"Bilhan Rechtman\",\"sameAs\":[\"http:\\\/\\\/www.evangelisch-in-jerusalem.org\"],\"url\":\"https:\\\/\\\/www.evangelisch-in-jerusalem.org\\\/en\\\/author\\\/bilhan\\\/\"}]}<\/script>\n<!-- \/ Yoast SEO plugin. -->","yoast_head_json":{"title":"Unsere Veranstaltungen im Dezember 2024 - Evangelisch in Jerusalem","robots":{"index":"index","follow":"follow","max-snippet":"max-snippet:-1","max-image-preview":"max-image-preview:large","max-video-preview":"max-video-preview:-1"},"canonical":"https:\/\/www.evangelisch-in-jerusalem.org\/en\/2024\/11\/29\/unsere-veranstaltungen-im-dezember-2024\/","og_locale":"en_GB","og_type":"article","og_title":"Unsere Veranstaltungen im Dezember 2024 - Evangelisch in Jerusalem","og_description":"So, 01.12.&nbsp;&nbsp;&nbsp;&nbsp;&nbsp; 10.30 UhrGottesdienst am 1. Sonntag im AdventPredigt: Pfarrerin Ines FischerMusik: Kirchenmusikdirektor Peter-Michael SeifriedErl\u00f6serkirche, Muristan Road 1, Altstadt von Jerusalem Di, 03.12.&nbsp;&nbsp;&nbsp;&nbsp; 20.00-21.30 UhrDie Arbeit unserer Partnerkirche ELCJHLGemeindeabend mit Bischof Sani Ibrahim Azar und Pfarrerin Sally AzarRefektorium der Erl\u00f6serkirche, Muristan Road 5, Altstadt von Jerusalem Mi, 04.12.&nbsp;&nbsp;&nbsp;&nbsp; 17.30 UhrTaiz\u00e9-Andacht in der HimmelfahrtkircheSingen \u2013 schweigen &hellip; Continue reading \"Unsere Veranstaltungen im Dezember 2024\"","og_url":"https:\/\/www.evangelisch-in-jerusalem.org\/en\/2024\/11\/29\/unsere-veranstaltungen-im-dezember-2024\/","og_site_name":"Evangelisch in Jerusalem","article_publisher":"https:\/\/www.facebook.com\/erloeserkirche.jerusalem","article_published_time":"2024-11-29T10:11:58+00:00","article_modified_time":"2024-11-29T10:22:23+00:00","og_image":[{"width":2560,"height":1922,"url":"https:\/\/www.evangelisch-in-jerusalem.org\/wp-content\/uploads\/2024\/11\/EK-aus-Muristan-scaled.jpg","type":"image\/jpeg"}],"author":"Bilhan Rechtman","twitter_card":"summary_large_image","twitter_misc":{"Written by":"Bilhan Rechtman","Estimated reading time":"5 minutes"},"schema":{"@context":"https:\/\/schema.org","@graph":[{"@type":"Article","@id":"https:\/\/www.evangelisch-in-jerusalem.org\/2024\/11\/29\/unsere-veranstaltungen-im-dezember-2024\/#article","isPartOf":{"@id":"https:\/\/www.evangelisch-in-jerusalem.org\/2024\/11\/29\/unsere-veranstaltungen-im-dezember-2024\/"},"author":{"name":"Bilhan Rechtman","@id":"https:\/\/www.evangelisch-in-jerusalem.org\/#\/schema\/person\/1a5c46f66365bb12b39ea0ebe03339a7"},"headline":"Unsere Veranstaltungen im Dezember 2024","datePublished":"2024-11-29T10:11:58+00:00","dateModified":"2024-11-29T10:22:23+00:00","mainEntityOfPage":{"@id":"https:\/\/www.evangelisch-in-jerusalem.org\/2024\/11\/29\/unsere-veranstaltungen-im-dezember-2024\/"},"wordCount":833,"publisher":{"@id":"https:\/\/www.evangelisch-in-jerusalem.org\/#organization"},"image":{"@id":"https:\/\/www.evangelisch-in-jerusalem.org\/2024\/11\/29\/unsere-veranstaltungen-im-dezember-2024\/#primaryimage"},"thumbnailUrl":"https:\/\/www.evangelisch-in-jerusalem.org\/wp-content\/uploads\/2024\/11\/EK-aus-Muristan-scaled.jpg","articleSection":["Allgemein"],"inLanguage":"en-GB"},{"@type":"WebPage","@id":"https:\/\/www.evangelisch-in-jerusalem.org\/2024\/11\/29\/unsere-veranstaltungen-im-dezember-2024\/","url":"https:\/\/www.evangelisch-in-jerusalem.org\/2024\/11\/29\/unsere-veranstaltungen-im-dezember-2024\/","name":"Unsere Veranstaltungen im Dezember 2024 - Evangelisch in Jerusalem","isPartOf":{"@id":"https:\/\/www.evangelisch-in-jerusalem.org\/#website"},"primaryImageOfPage":{"@id":"https:\/\/www.evangelisch-in-jerusalem.org\/2024\/11\/29\/unsere-veranstaltungen-im-dezember-2024\/#primaryimage"},"image":{"@id":"https:\/\/www.evangelisch-in-jerusalem.org\/2024\/11\/29\/unsere-veranstaltungen-im-dezember-2024\/#primaryimage"},"thumbnailUrl":"https:\/\/www.evangelisch-in-jerusalem.org\/wp-content\/uploads\/2024\/11\/EK-aus-Muristan-scaled.jpg","datePublished":"2024-11-29T10:11:58+00:00","dateModified":"2024-11-29T10:22:23+00:00","breadcrumb":{"@id":"https:\/\/www.evangelisch-in-jerusalem.org\/2024\/11\/29\/unsere-veranstaltungen-im-dezember-2024\/#breadcrumb"},"inLanguage":"en-GB","potentialAction":[{"@type":"ReadAction","target":["https:\/\/www.evangelisch-in-jerusalem.org\/2024\/11\/29\/unsere-veranstaltungen-im-dezember-2024\/"]}]},{"@type":"ImageObject","inLanguage":"en-GB","@id":"https:\/\/www.evangelisch-in-jerusalem.org\/2024\/11\/29\/unsere-veranstaltungen-im-dezember-2024\/#primaryimage","url":"https:\/\/www.evangelisch-in-jerusalem.org\/wp-content\/uploads\/2024\/11\/EK-aus-Muristan-scaled.jpg","contentUrl":"https:\/\/www.evangelisch-in-jerusalem.org\/wp-content\/uploads\/2024\/11\/EK-aus-Muristan-scaled.jpg","width":2560,"height":1922},{"@type":"BreadcrumbList","@id":"https:\/\/www.evangelisch-in-jerusalem.org\/2024\/11\/29\/unsere-veranstaltungen-im-dezember-2024\/#breadcrumb","itemListElement":[{"@type":"ListItem","position":1,"name":"Startseite","item":"https:\/\/www.evangelisch-in-jerusalem.org\/"},{"@type":"ListItem","position":2,"name":"Unsere Veranstaltungen im Dezember 2024"}]},{"@type":"WebSite","@id":"https:\/\/www.evangelisch-in-jerusalem.org\/#website","url":"https:\/\/www.evangelisch-in-jerusalem.org\/","name":"Evangelisch in Jerusalem","description":"German Protestant Institutions in the Holy Land","publisher":{"@id":"https:\/\/www.evangelisch-in-jerusalem.org\/#organization"},"potentialAction":[{"@type":"SearchAction","target":{"@type":"EntryPoint","urlTemplate":"https:\/\/www.evangelisch-in-jerusalem.org\/?s={search_term_string}"},"query-input":{"@type":"PropertyValueSpecification","valueRequired":true,"valueName":"search_term_string"}}],"inLanguage":"en-GB"},{"@type":"Organization","@id":"https:\/\/www.evangelisch-in-jerusalem.org\/#organization","name":"German Protestant Institutions in the Holy Land","url":"https:\/\/www.evangelisch-in-jerusalem.org\/","logo":{"@type":"ImageObject","inLanguage":"en-GB","@id":"https:\/\/www.evangelisch-in-jerusalem.org\/#\/schema\/logo\/image\/","url":"https:\/\/www.evangelisch-in-jerusalem.org\/wp-content\/uploads\/2019\/03\/EIJ_Logo_500-px.png","contentUrl":"https:\/\/www.evangelisch-in-jerusalem.org\/wp-content\/uploads\/2019\/03\/EIJ_Logo_500-px.png","width":500,"height":82,"caption":"German Protestant Institutions in the Holy Land"},"image":{"@id":"https:\/\/www.evangelisch-in-jerusalem.org\/#\/schema\/logo\/image\/"},"sameAs":["https:\/\/www.facebook.com\/erloeserkirche.jerusalem"]},{"@type":"Person","@id":"https:\/\/www.evangelisch-in-jerusalem.org\/#\/schema\/person\/1a5c46f66365bb12b39ea0ebe03339a7","name":"Bilhan Rechtman","sameAs":["http:\/\/www.evangelisch-in-jerusalem.org"],"url":"https:\/\/www.evangelisch-in-jerusalem.org\/en\/author\/bilhan\/"}]}},"_links":{"self":[{"href":"https:\/\/www.evangelisch-in-jerusalem.org\/en\/wp-json\/wp\/v2\/posts\/19487","targetHints":{"allow":["GET"]}}],"collection":[{"href":"https:\/\/www.evangelisch-in-jerusalem.org\/en\/wp-json\/wp\/v2\/posts"}],"about":[{"href":"https:\/\/www.evangelisch-in-jerusalem.org\/en\/wp-json\/wp\/v2\/types\/post"}],"author":[{"embeddable":true,"href":"https:\/\/www.evangelisch-in-jerusalem.org\/en\/wp-json\/wp\/v2\/users\/8"}],"replies":[{"embeddable":true,"href":"https:\/\/www.evangelisch-in-jerusalem.org\/en\/wp-json\/wp\/v2\/comments?post=19487"}],"version-history":[{"count":3,"href":"https:\/\/www.evangelisch-in-jerusalem.org\/en\/wp-json\/wp\/v2\/posts\/19487\/revisions"}],"predecessor-version":[{"id":19494,"href":"https:\/\/www.evangelisch-in-jerusalem.org\/en\/wp-json\/wp\/v2\/posts\/19487\/revisions\/19494"}],"wp:featuredmedia":[{"embeddable":true,"href":"https:\/\/www.evangelisch-in-jerusalem.org\/en\/wp-json\/wp\/v2\/media\/19489"}],"wp:attachment":[{"href":"https:\/\/www.evangelisch-in-jerusalem.org\/en\/wp-json\/wp\/v2\/media?parent=19487"}],"wp:term":[{"taxonomy":"category","embeddable":true,"href":"https:\/\/www.evangelisch-in-jerusalem.org\/en\/wp-json\/wp\/v2\/categories?post=19487"},{"taxonomy":"post_tag","embeddable":true,"href":"https:\/\/www.evangelisch-in-jerusalem.org\/en\/wp-json\/wp\/v2\/tags?post=19487"}],"curies":[{"name":"wp","href":"https:\/\/api.w.org\/{rel}","templated":true}]}}