{"id":19004,"date":"2024-09-19T14:53:41","date_gmt":"2024-09-19T11:53:41","guid":{"rendered":"https:\/\/www.evangelisch-in-jerusalem.org\/?p=19004"},"modified":"2024-09-19T14:53:43","modified_gmt":"2024-09-19T11:53:43","slug":"die-herbstausgabe-des-gemeindebriefs-ist-da","status":"publish","type":"post","link":"https:\/\/www.evangelisch-in-jerusalem.org\/en\/2024\/09\/19\/die-herbstausgabe-des-gemeindebriefs-ist-da\/","title":{"rendered":"Die Herbstausgabe des Gemeindebriefs ist da"},"content":{"rendered":"<p>Viermal j\u00e4hrlich erscheint der Gemeindebrief der Evangelischen Gemeinde, in dem das \u201eStiftungsjournal\u201c des <em>Deutschen Evangelischen Instituts f\u00fcr Altertumswissenschaft des Heiligen Landes<\/em> (unser DEI auf dem \u00d6lberg) enthalten ist. Die vier Ausgaben kosten j\u00e4hrlich 40 Euro f\u00fcr die gedruckte Ausgabe inkl. Versand oder 10 Euro f\u00fcr die E-Mail-Version. Mitglieder des Freundeskreises unserer Gemeinde erhalten den Gemeindebrief kostenlos.<\/p>\n\n\n\n<p>In der Herbstausgabe 2024 geht es um die Zeit. <br>Im Editorial schreibt der Propst:<\/p>\n\n\n\n<figure class=\"wp-block-image size-full\"><img fetchpriority=\"high\" decoding=\"async\" width=\"800\" height=\"324\" src=\"https:\/\/www.evangelisch-in-jerusalem.org\/wp-content\/uploads\/2024\/09\/Busch-Sauseschrift-1.png\" alt=\"\" class=\"wp-image-19008\" srcset=\"https:\/\/www.evangelisch-in-jerusalem.org\/wp-content\/uploads\/2024\/09\/Busch-Sauseschrift-1.png 800w, https:\/\/www.evangelisch-in-jerusalem.org\/wp-content\/uploads\/2024\/09\/Busch-Sauseschrift-1-300x122.png 300w, https:\/\/www.evangelisch-in-jerusalem.org\/wp-content\/uploads\/2024\/09\/Busch-Sauseschrift-1-768x311.png 768w, https:\/\/www.evangelisch-in-jerusalem.org\/wp-content\/uploads\/2024\/09\/Busch-Sauseschrift-1-18x7.png 18w\" sizes=\"(max-width: 800px) 100vw, 800px\" \/><figcaption>Wilhelm Busch: <em>\u201eEinszweidrei, im Sauseschritt<\/em> \/ <em>L\u00e4uft die Zeit; wir laufen mit.\u201c<\/em><\/figcaption><\/figure>\n\n\n\n<p><em>\u201eEinszweidrei, im Sauseschritt<br>L\u00e4uft die Zeit; wir laufen mit.\u201c<\/em><\/p>\n\n\n\n<p>Wilhelm Buschs Zweizeiler aus seinen Bildergeschichten von 1877 ist sprichw\u00f6rtlich geworden. Illustriert hat er ihn damals mit weitausholenden Schritten eines Mannes mit Sense und Stundenglas in den H\u00e4nden. Unsere Lebenszeit l\u00e4uft und ist begrenzt. Volle Zustimmung, ganz klar!<\/p>\n\n\n\n<p>Seit dem 7. Oktober ist f\u00fcr viele Menschen im Heiligen Land aber gewisserma\u00dfen die Zeit stehengeblieben. Trauer und Entsetzen \u00fcber Terror und Krieg sind unver\u00e4ndert: nichts wird besser, so f\u00fchlt es sich in Gespr\u00e4chen und bei der Zeitungslekt\u00fcre an, Hass und Aussichtslosigkeit regieren und k\u00f6nnen anscheinend immer noch wachsen. An den Bedrohungslagen \u00e4ndert sich wenig. M\u00fchsame Zeit, bleierne Zeit, so f\u00fchlt es sich f\u00fcr Viele an: Die Zeit l\u00e4uft, wir kommen aber nicht mit, sondern werden \u00fcberrannt oder zur\u00fcckgelassen.<\/p>\n\n\n\n<p>Als christliche Gemeinde geh\u00f6ren wir auch in bleierner Zeit stur zu denen, die dem Hass und der Aussichtslosigkeit nicht glauben wollen und die Hoffnung auf eine bessere Zukunft hoch halten. <em>Ines Fischer<\/em> stellt uns eine Konferenz mit 50 beteiligten Organisationen vor, eben solche Hoffnung in politische Wirklichkeit \u00fcberf\u00fchren wollen.<\/p>\n\n\n\n<p>Was hat es eigentlich mit der Zeit auf sich \u2013 hinausgedacht \u00fcber unsere Gegenwart mit all ihren Problemen? Aus unterschiedlichen Perspektiven gehen wir dieser Frage in unserem Gemeindebrief nach. Vielleicht hilft uns das ja, den Blick zu weiten und dabei Hoffnung zu sch\u00f6pfen.<\/p>\n\n\n\n<p>Also stellt uns <em>Dalia Marx<\/em> Eckpunkte der j\u00fcdischen Zeitrechnung vor. Es geht u.a. um den Abgleich von Mondjahr und Sonnenjahr: unsere \u201egef\u00fchlte\u201c Zeit mit all ihren Problemen und Freuden mag noch so dominant wirken, sie hat immer die kosmische Zeit als durchaus wohltuendes Gegen\u00fcber. Was Gottes Festzeiten sind, bestimmen Menschen aus dem Volk Israel: \u201e Die Festlegung des Kalenders ist ein gemeinsames Werk von Himmel und Erde, von Gott und Mensch.\u201c Aus den Jahresfesten ziehen Menschen im Judentum \u2013 und ebenso im Christentum und im Islam \u2013 Orientierung und Kraft.<\/p>\n\n\n\n<p>F\u00fcr die christlichen Festtermine ist das \u00e4hnlich zu sagen. <em>Dieter Vieweger<\/em> beschreibt, \u201ewie der christliche Kalender erfunden wurde\u201c. <em>Katja Soennecken<\/em> skizziert die j\u00fcdische Apokalyptik; im gegenw\u00e4rtigen Durcheinander der Welt werden andere, aber doch teilweise verwandte apokalyptische Weltbilder f\u00fcr viele Menschen bedeutsam.<\/p>\n\n\n\n<p>Hinzu kommen pers\u00f6nliche Perspektiven auf die Zeit: <em>Jakob Ei\u00dfner<\/em> widmet sich dem Thema \u201eZeit und Zeitgeist\u201c und ist dabei in seiner Argumentation ganz im Heiligen Land \u2013 so wie <em>Diet Koster<\/em> mit ihren Gedanken zu Bukra, fil mishmish, die fr\u00f6hlich-tiefen Einblick ins hiesige Zeitverst\u00e4ndnis geben. <em>Georg R\u00f6ssler<\/em> zeigt, welch entscheidenden Einfluss das jeweilige Verst\u00e4ndnis von Zeit auf die zentrale Frage des Nahost-Konfliktes hat: Wem geh\u00f6rt das Land?<\/p>\n\n\n\n<p>\u201eWir k\u00f6nnen die Zeit totschlagen oder in Dienst stellen. Wir k\u00f6nnen einander Zeit stehlen und Zeit schenken\u201c, schrieb der Pfarrer, Professor und Dichter <em>Klaus-Peter Hertzsch<\/em> aus Jena vor Jahren in einem kleinen, klugen Artikel zum Beginn der Weihnachtsgeschichte. Den haben wir quasi als biblisch fundierten Kompass abgedruckt: \u201eF\u00fcr wen haben wir Zeit? Wer braucht sie? Lassen wir uns nicht verf\u00fchren durch die falsche Behauptung: Zeit ist Geld. Zeit ist etwas viel zu Wertvolles, weil sie unwiederbringlich und immer einmalig ist. Sie ist etwas, das wir nicht nur f\u00fcr uns selber haben, weil sie auch uns immer nur geschenkt wird. Zeit ist unser gr\u00f6\u00dfter Reichtum und unsere wichtigste Verantwortung.\u201c So ist das n\u00e4mlich.<\/p>\n\n\n\n<p>&#8211; &#8211; &#8211; &#8211; &#8211; &#8211; &#8211; &#8211; &#8211; &#8211; &#8211; &#8211; &#8211;<\/p>\n\n\n\n<p><strong>Bestellung und Infos<\/strong> \u00fcber Frau <em>Sabine Hamdan<\/em>, <a href=\"mailto:gemeindebrief@evajerusalem.org\">gemeindebrief@evajerusalem.org<\/a>.<\/p>","protected":false},"excerpt":{"rendered":"<p>Viermal j\u00e4hrlich erscheint der Gemeindebrief der Evangelischen Gemeinde, in dem das \u201eStiftungsjournal\u201c des Deutschen Evangelischen Instituts f\u00fcr Altertumswissenschaft des Heiligen Landes (unser DEI auf dem \u00d6lberg) enthalten ist. Die vier Ausgaben kosten j\u00e4hrlich 40 Euro f\u00fcr die gedruckte Ausgabe inkl. Versand oder 10 Euro f\u00fcr die E-Mail-Version. Mitglieder des Freundeskreises unserer Gemeinde erhalten den Gemeindebrief &hellip; <\/p>\n<p class=\"link-more\"><a href=\"https:\/\/www.evangelisch-in-jerusalem.org\/en\/2024\/09\/19\/die-herbstausgabe-des-gemeindebriefs-ist-da\/\" class=\"more-link\">Continue reading<span class=\"screen-reader-text\"> &#8220;Die Herbstausgabe des Gemeindebriefs ist da&#8221;<\/span><\/a><\/p>","protected":false},"author":6,"featured_media":19005,"comment_status":"closed","ping_status":"closed","sticky":false,"template":"","format":"standard","meta":{"footnotes":""},"categories":[1,243,175,173,227,180,242,241,178,220],"tags":[],"class_list":["post-19004","post","type-post","status-publish","format-standard","has-post-thumbnail","hentry","category-allgemein","category-amman-orte","category-berichte","category-gemeinde","category-gemeindebrief","category-institutionen","category-jerusalem","category-latrun","category-oecumene","category-topnachricht","entry"],"yoast_head":"<!-- This site is optimized with the Yoast SEO plugin v27.4 - https:\/\/yoast.com\/product\/yoast-seo-wordpress\/ -->\n<title>Die Herbstausgabe des Gemeindebriefs ist da - Evangelisch in Jerusalem<\/title>\n<meta name=\"robots\" content=\"index, follow, max-snippet:-1, max-image-preview:large, max-video-preview:-1\" \/>\n<link rel=\"canonical\" href=\"https:\/\/www.evangelisch-in-jerusalem.org\/en\/2024\/09\/19\/die-herbstausgabe-des-gemeindebriefs-ist-da\/\" \/>\n<meta property=\"og:locale\" content=\"en_GB\" \/>\n<meta property=\"og:type\" content=\"article\" \/>\n<meta property=\"og:title\" content=\"Die Herbstausgabe des Gemeindebriefs ist da - Evangelisch in Jerusalem\" \/>\n<meta property=\"og:description\" content=\"Viermal j\u00e4hrlich erscheint der Gemeindebrief der Evangelischen Gemeinde, in dem das \u201eStiftungsjournal\u201c des Deutschen Evangelischen Instituts f\u00fcr Altertumswissenschaft des Heiligen Landes (unser DEI auf dem \u00d6lberg) enthalten ist. Die vier Ausgaben kosten j\u00e4hrlich 40 Euro f\u00fcr die gedruckte Ausgabe inkl. Versand oder 10 Euro f\u00fcr die E-Mail-Version. Mitglieder des Freundeskreises unserer Gemeinde erhalten den Gemeindebrief &hellip; Continue reading &quot;Die Herbstausgabe des Gemeindebriefs ist da&quot;\" \/>\n<meta property=\"og:url\" content=\"https:\/\/www.evangelisch-in-jerusalem.org\/en\/2024\/09\/19\/die-herbstausgabe-des-gemeindebriefs-ist-da\/\" \/>\n<meta property=\"og:site_name\" content=\"Evangelisch in Jerusalem\" \/>\n<meta property=\"article:publisher\" content=\"https:\/\/www.facebook.com\/erloeserkirche.jerusalem\" \/>\n<meta property=\"article:published_time\" content=\"2024-09-19T11:53:41+00:00\" \/>\n<meta property=\"article:modified_time\" content=\"2024-09-19T11:53:43+00:00\" \/>\n<meta property=\"og:image\" content=\"https:\/\/www.evangelisch-in-jerusalem.org\/wp-content\/uploads\/2024\/09\/GBrief-2403-Titel.jpeg\" \/>\n\t<meta property=\"og:image:width\" content=\"480\" \/>\n\t<meta property=\"og:image:height\" content=\"640\" \/>\n\t<meta property=\"og:image:type\" content=\"image\/jpeg\" \/>\n<meta name=\"author\" content=\"Joachim Lenz\" \/>\n<meta name=\"twitter:card\" content=\"summary_large_image\" \/>\n<meta name=\"twitter:label1\" content=\"Written by\" \/>\n\t<meta name=\"twitter:data1\" content=\"Joachim Lenz\" \/>\n\t<meta name=\"twitter:label2\" content=\"Estimated reading time\" \/>\n\t<meta name=\"twitter:data2\" content=\"4 minutes\" \/>\n<script type=\"application\/ld+json\" class=\"yoast-schema-graph\">{\"@context\":\"https:\\\/\\\/schema.org\",\"@graph\":[{\"@type\":\"Article\",\"@id\":\"https:\\\/\\\/www.evangelisch-in-jerusalem.org\\\/2024\\\/09\\\/19\\\/die-herbstausgabe-des-gemeindebriefs-ist-da\\\/#article\",\"isPartOf\":{\"@id\":\"https:\\\/\\\/www.evangelisch-in-jerusalem.org\\\/2024\\\/09\\\/19\\\/die-herbstausgabe-des-gemeindebriefs-ist-da\\\/\"},\"author\":{\"name\":\"Joachim Lenz\",\"@id\":\"https:\\\/\\\/www.evangelisch-in-jerusalem.org\\\/#\\\/schema\\\/person\\\/ea8e86c01aff849bd324c28bc5574607\"},\"headline\":\"Die Herbstausgabe des Gemeindebriefs ist da\",\"datePublished\":\"2024-09-19T11:53:41+00:00\",\"dateModified\":\"2024-09-19T11:53:43+00:00\",\"mainEntityOfPage\":{\"@id\":\"https:\\\/\\\/www.evangelisch-in-jerusalem.org\\\/2024\\\/09\\\/19\\\/die-herbstausgabe-des-gemeindebriefs-ist-da\\\/\"},\"wordCount\":673,\"publisher\":{\"@id\":\"https:\\\/\\\/www.evangelisch-in-jerusalem.org\\\/#organization\"},\"image\":{\"@id\":\"https:\\\/\\\/www.evangelisch-in-jerusalem.org\\\/2024\\\/09\\\/19\\\/die-herbstausgabe-des-gemeindebriefs-ist-da\\\/#primaryimage\"},\"thumbnailUrl\":\"https:\\\/\\\/www.evangelisch-in-jerusalem.org\\\/wp-content\\\/uploads\\\/2024\\\/09\\\/GBrief-2403-Titel.jpeg\",\"articleSection\":[\"Allgemein\",\"Amman\",\"Berichte\",\"Gemeinde\",\"Gemeindebrief\",\"Institutionen\",\"Jerusalem\",\"Latrun\",\"\u00d6kumene\",\"Topnachricht\"],\"inLanguage\":\"en-GB\"},{\"@type\":\"WebPage\",\"@id\":\"https:\\\/\\\/www.evangelisch-in-jerusalem.org\\\/2024\\\/09\\\/19\\\/die-herbstausgabe-des-gemeindebriefs-ist-da\\\/\",\"url\":\"https:\\\/\\\/www.evangelisch-in-jerusalem.org\\\/2024\\\/09\\\/19\\\/die-herbstausgabe-des-gemeindebriefs-ist-da\\\/\",\"name\":\"Die Herbstausgabe des Gemeindebriefs ist da - Evangelisch in Jerusalem\",\"isPartOf\":{\"@id\":\"https:\\\/\\\/www.evangelisch-in-jerusalem.org\\\/#website\"},\"primaryImageOfPage\":{\"@id\":\"https:\\\/\\\/www.evangelisch-in-jerusalem.org\\\/2024\\\/09\\\/19\\\/die-herbstausgabe-des-gemeindebriefs-ist-da\\\/#primaryimage\"},\"image\":{\"@id\":\"https:\\\/\\\/www.evangelisch-in-jerusalem.org\\\/2024\\\/09\\\/19\\\/die-herbstausgabe-des-gemeindebriefs-ist-da\\\/#primaryimage\"},\"thumbnailUrl\":\"https:\\\/\\\/www.evangelisch-in-jerusalem.org\\\/wp-content\\\/uploads\\\/2024\\\/09\\\/GBrief-2403-Titel.jpeg\",\"datePublished\":\"2024-09-19T11:53:41+00:00\",\"dateModified\":\"2024-09-19T11:53:43+00:00\",\"breadcrumb\":{\"@id\":\"https:\\\/\\\/www.evangelisch-in-jerusalem.org\\\/2024\\\/09\\\/19\\\/die-herbstausgabe-des-gemeindebriefs-ist-da\\\/#breadcrumb\"},\"inLanguage\":\"en-GB\",\"potentialAction\":[{\"@type\":\"ReadAction\",\"target\":[\"https:\\\/\\\/www.evangelisch-in-jerusalem.org\\\/2024\\\/09\\\/19\\\/die-herbstausgabe-des-gemeindebriefs-ist-da\\\/\"]}]},{\"@type\":\"ImageObject\",\"inLanguage\":\"en-GB\",\"@id\":\"https:\\\/\\\/www.evangelisch-in-jerusalem.org\\\/2024\\\/09\\\/19\\\/die-herbstausgabe-des-gemeindebriefs-ist-da\\\/#primaryimage\",\"url\":\"https:\\\/\\\/www.evangelisch-in-jerusalem.org\\\/wp-content\\\/uploads\\\/2024\\\/09\\\/GBrief-2403-Titel.jpeg\",\"contentUrl\":\"https:\\\/\\\/www.evangelisch-in-jerusalem.org\\\/wp-content\\\/uploads\\\/2024\\\/09\\\/GBrief-2403-Titel.jpeg\",\"width\":480,\"height\":640},{\"@type\":\"BreadcrumbList\",\"@id\":\"https:\\\/\\\/www.evangelisch-in-jerusalem.org\\\/2024\\\/09\\\/19\\\/die-herbstausgabe-des-gemeindebriefs-ist-da\\\/#breadcrumb\",\"itemListElement\":[{\"@type\":\"ListItem\",\"position\":1,\"name\":\"Startseite\",\"item\":\"https:\\\/\\\/www.evangelisch-in-jerusalem.org\\\/\"},{\"@type\":\"ListItem\",\"position\":2,\"name\":\"Die Herbstausgabe des Gemeindebriefs ist da\"}]},{\"@type\":\"WebSite\",\"@id\":\"https:\\\/\\\/www.evangelisch-in-jerusalem.org\\\/#website\",\"url\":\"https:\\\/\\\/www.evangelisch-in-jerusalem.org\\\/\",\"name\":\"Evangelisch in Jerusalem\",\"description\":\"Stiftungen der EKD im Heiligen Land\",\"publisher\":{\"@id\":\"https:\\\/\\\/www.evangelisch-in-jerusalem.org\\\/#organization\"},\"potentialAction\":[{\"@type\":\"SearchAction\",\"target\":{\"@type\":\"EntryPoint\",\"urlTemplate\":\"https:\\\/\\\/www.evangelisch-in-jerusalem.org\\\/?s={search_term_string}\"},\"query-input\":{\"@type\":\"PropertyValueSpecification\",\"valueRequired\":true,\"valueName\":\"search_term_string\"}}],\"inLanguage\":\"en-GB\"},{\"@type\":\"Organization\",\"@id\":\"https:\\\/\\\/www.evangelisch-in-jerusalem.org\\\/#organization\",\"name\":\"German Protestant Institutions in the Holy Land\",\"url\":\"https:\\\/\\\/www.evangelisch-in-jerusalem.org\\\/\",\"logo\":{\"@type\":\"ImageObject\",\"inLanguage\":\"en-GB\",\"@id\":\"https:\\\/\\\/www.evangelisch-in-jerusalem.org\\\/#\\\/schema\\\/logo\\\/image\\\/\",\"url\":\"https:\\\/\\\/www.evangelisch-in-jerusalem.org\\\/wp-content\\\/uploads\\\/2019\\\/03\\\/EIJ_Logo_500-px.png\",\"contentUrl\":\"https:\\\/\\\/www.evangelisch-in-jerusalem.org\\\/wp-content\\\/uploads\\\/2019\\\/03\\\/EIJ_Logo_500-px.png\",\"width\":500,\"height\":82,\"caption\":\"German Protestant Institutions in the Holy Land\"},\"image\":{\"@id\":\"https:\\\/\\\/www.evangelisch-in-jerusalem.org\\\/#\\\/schema\\\/logo\\\/image\\\/\"},\"sameAs\":[\"https:\\\/\\\/www.facebook.com\\\/erloeserkirche.jerusalem\"]},{\"@type\":\"Person\",\"@id\":\"https:\\\/\\\/www.evangelisch-in-jerusalem.org\\\/#\\\/schema\\\/person\\\/ea8e86c01aff849bd324c28bc5574607\",\"name\":\"Joachim Lenz\",\"sameAs\":[\"http:\\\/\\\/evangelisch-in-jerusalem.org\"],\"url\":\"https:\\\/\\\/www.evangelisch-in-jerusalem.org\\\/en\\\/author\\\/propst-jl\\\/\"}]}<\/script>\n<!-- \/ Yoast SEO plugin. -->","yoast_head_json":{"title":"Die Herbstausgabe des Gemeindebriefs ist da - Evangelisch in Jerusalem","robots":{"index":"index","follow":"follow","max-snippet":"max-snippet:-1","max-image-preview":"max-image-preview:large","max-video-preview":"max-video-preview:-1"},"canonical":"https:\/\/www.evangelisch-in-jerusalem.org\/en\/2024\/09\/19\/die-herbstausgabe-des-gemeindebriefs-ist-da\/","og_locale":"en_GB","og_type":"article","og_title":"Die Herbstausgabe des Gemeindebriefs ist da - Evangelisch in Jerusalem","og_description":"Viermal j\u00e4hrlich erscheint der Gemeindebrief der Evangelischen Gemeinde, in dem das \u201eStiftungsjournal\u201c des Deutschen Evangelischen Instituts f\u00fcr Altertumswissenschaft des Heiligen Landes (unser DEI auf dem \u00d6lberg) enthalten ist. Die vier Ausgaben kosten j\u00e4hrlich 40 Euro f\u00fcr die gedruckte Ausgabe inkl. Versand oder 10 Euro f\u00fcr die E-Mail-Version. Mitglieder des Freundeskreises unserer Gemeinde erhalten den Gemeindebrief &hellip; Continue reading \"Die Herbstausgabe des Gemeindebriefs ist da\"","og_url":"https:\/\/www.evangelisch-in-jerusalem.org\/en\/2024\/09\/19\/die-herbstausgabe-des-gemeindebriefs-ist-da\/","og_site_name":"Evangelisch in Jerusalem","article_publisher":"https:\/\/www.facebook.com\/erloeserkirche.jerusalem","article_published_time":"2024-09-19T11:53:41+00:00","article_modified_time":"2024-09-19T11:53:43+00:00","og_image":[{"width":480,"height":640,"url":"https:\/\/www.evangelisch-in-jerusalem.org\/wp-content\/uploads\/2024\/09\/GBrief-2403-Titel.jpeg","type":"image\/jpeg"}],"author":"Joachim Lenz","twitter_card":"summary_large_image","twitter_misc":{"Written by":"Joachim Lenz","Estimated reading time":"4 minutes"},"schema":{"@context":"https:\/\/schema.org","@graph":[{"@type":"Article","@id":"https:\/\/www.evangelisch-in-jerusalem.org\/2024\/09\/19\/die-herbstausgabe-des-gemeindebriefs-ist-da\/#article","isPartOf":{"@id":"https:\/\/www.evangelisch-in-jerusalem.org\/2024\/09\/19\/die-herbstausgabe-des-gemeindebriefs-ist-da\/"},"author":{"name":"Joachim Lenz","@id":"https:\/\/www.evangelisch-in-jerusalem.org\/#\/schema\/person\/ea8e86c01aff849bd324c28bc5574607"},"headline":"Die Herbstausgabe des Gemeindebriefs ist da","datePublished":"2024-09-19T11:53:41+00:00","dateModified":"2024-09-19T11:53:43+00:00","mainEntityOfPage":{"@id":"https:\/\/www.evangelisch-in-jerusalem.org\/2024\/09\/19\/die-herbstausgabe-des-gemeindebriefs-ist-da\/"},"wordCount":673,"publisher":{"@id":"https:\/\/www.evangelisch-in-jerusalem.org\/#organization"},"image":{"@id":"https:\/\/www.evangelisch-in-jerusalem.org\/2024\/09\/19\/die-herbstausgabe-des-gemeindebriefs-ist-da\/#primaryimage"},"thumbnailUrl":"https:\/\/www.evangelisch-in-jerusalem.org\/wp-content\/uploads\/2024\/09\/GBrief-2403-Titel.jpeg","articleSection":["Allgemein","Amman","Berichte","Gemeinde","Gemeindebrief","Institutionen","Jerusalem","Latrun","\u00d6kumene","Topnachricht"],"inLanguage":"en-GB"},{"@type":"WebPage","@id":"https:\/\/www.evangelisch-in-jerusalem.org\/2024\/09\/19\/die-herbstausgabe-des-gemeindebriefs-ist-da\/","url":"https:\/\/www.evangelisch-in-jerusalem.org\/2024\/09\/19\/die-herbstausgabe-des-gemeindebriefs-ist-da\/","name":"Die Herbstausgabe des Gemeindebriefs ist da - Evangelisch in Jerusalem","isPartOf":{"@id":"https:\/\/www.evangelisch-in-jerusalem.org\/#website"},"primaryImageOfPage":{"@id":"https:\/\/www.evangelisch-in-jerusalem.org\/2024\/09\/19\/die-herbstausgabe-des-gemeindebriefs-ist-da\/#primaryimage"},"image":{"@id":"https:\/\/www.evangelisch-in-jerusalem.org\/2024\/09\/19\/die-herbstausgabe-des-gemeindebriefs-ist-da\/#primaryimage"},"thumbnailUrl":"https:\/\/www.evangelisch-in-jerusalem.org\/wp-content\/uploads\/2024\/09\/GBrief-2403-Titel.jpeg","datePublished":"2024-09-19T11:53:41+00:00","dateModified":"2024-09-19T11:53:43+00:00","breadcrumb":{"@id":"https:\/\/www.evangelisch-in-jerusalem.org\/2024\/09\/19\/die-herbstausgabe-des-gemeindebriefs-ist-da\/#breadcrumb"},"inLanguage":"en-GB","potentialAction":[{"@type":"ReadAction","target":["https:\/\/www.evangelisch-in-jerusalem.org\/2024\/09\/19\/die-herbstausgabe-des-gemeindebriefs-ist-da\/"]}]},{"@type":"ImageObject","inLanguage":"en-GB","@id":"https:\/\/www.evangelisch-in-jerusalem.org\/2024\/09\/19\/die-herbstausgabe-des-gemeindebriefs-ist-da\/#primaryimage","url":"https:\/\/www.evangelisch-in-jerusalem.org\/wp-content\/uploads\/2024\/09\/GBrief-2403-Titel.jpeg","contentUrl":"https:\/\/www.evangelisch-in-jerusalem.org\/wp-content\/uploads\/2024\/09\/GBrief-2403-Titel.jpeg","width":480,"height":640},{"@type":"BreadcrumbList","@id":"https:\/\/www.evangelisch-in-jerusalem.org\/2024\/09\/19\/die-herbstausgabe-des-gemeindebriefs-ist-da\/#breadcrumb","itemListElement":[{"@type":"ListItem","position":1,"name":"Startseite","item":"https:\/\/www.evangelisch-in-jerusalem.org\/"},{"@type":"ListItem","position":2,"name":"Die Herbstausgabe des Gemeindebriefs ist da"}]},{"@type":"WebSite","@id":"https:\/\/www.evangelisch-in-jerusalem.org\/#website","url":"https:\/\/www.evangelisch-in-jerusalem.org\/","name":"Evangelisch in Jerusalem","description":"German Protestant Institutions in the Holy Land","publisher":{"@id":"https:\/\/www.evangelisch-in-jerusalem.org\/#organization"},"potentialAction":[{"@type":"SearchAction","target":{"@type":"EntryPoint","urlTemplate":"https:\/\/www.evangelisch-in-jerusalem.org\/?s={search_term_string}"},"query-input":{"@type":"PropertyValueSpecification","valueRequired":true,"valueName":"search_term_string"}}],"inLanguage":"en-GB"},{"@type":"Organization","@id":"https:\/\/www.evangelisch-in-jerusalem.org\/#organization","name":"German Protestant Institutions in the Holy Land","url":"https:\/\/www.evangelisch-in-jerusalem.org\/","logo":{"@type":"ImageObject","inLanguage":"en-GB","@id":"https:\/\/www.evangelisch-in-jerusalem.org\/#\/schema\/logo\/image\/","url":"https:\/\/www.evangelisch-in-jerusalem.org\/wp-content\/uploads\/2019\/03\/EIJ_Logo_500-px.png","contentUrl":"https:\/\/www.evangelisch-in-jerusalem.org\/wp-content\/uploads\/2019\/03\/EIJ_Logo_500-px.png","width":500,"height":82,"caption":"German Protestant Institutions in the Holy Land"},"image":{"@id":"https:\/\/www.evangelisch-in-jerusalem.org\/#\/schema\/logo\/image\/"},"sameAs":["https:\/\/www.facebook.com\/erloeserkirche.jerusalem"]},{"@type":"Person","@id":"https:\/\/www.evangelisch-in-jerusalem.org\/#\/schema\/person\/ea8e86c01aff849bd324c28bc5574607","name":"Joachim Lenz","sameAs":["http:\/\/evangelisch-in-jerusalem.org"],"url":"https:\/\/www.evangelisch-in-jerusalem.org\/en\/author\/propst-jl\/"}]}},"_links":{"self":[{"href":"https:\/\/www.evangelisch-in-jerusalem.org\/en\/wp-json\/wp\/v2\/posts\/19004","targetHints":{"allow":["GET"]}}],"collection":[{"href":"https:\/\/www.evangelisch-in-jerusalem.org\/en\/wp-json\/wp\/v2\/posts"}],"about":[{"href":"https:\/\/www.evangelisch-in-jerusalem.org\/en\/wp-json\/wp\/v2\/types\/post"}],"author":[{"embeddable":true,"href":"https:\/\/www.evangelisch-in-jerusalem.org\/en\/wp-json\/wp\/v2\/users\/6"}],"replies":[{"embeddable":true,"href":"https:\/\/www.evangelisch-in-jerusalem.org\/en\/wp-json\/wp\/v2\/comments?post=19004"}],"version-history":[{"count":2,"href":"https:\/\/www.evangelisch-in-jerusalem.org\/en\/wp-json\/wp\/v2\/posts\/19004\/revisions"}],"predecessor-version":[{"id":19010,"href":"https:\/\/www.evangelisch-in-jerusalem.org\/en\/wp-json\/wp\/v2\/posts\/19004\/revisions\/19010"}],"wp:featuredmedia":[{"embeddable":true,"href":"https:\/\/www.evangelisch-in-jerusalem.org\/en\/wp-json\/wp\/v2\/media\/19005"}],"wp:attachment":[{"href":"https:\/\/www.evangelisch-in-jerusalem.org\/en\/wp-json\/wp\/v2\/media?parent=19004"}],"wp:term":[{"taxonomy":"category","embeddable":true,"href":"https:\/\/www.evangelisch-in-jerusalem.org\/en\/wp-json\/wp\/v2\/categories?post=19004"},{"taxonomy":"post_tag","embeddable":true,"href":"https:\/\/www.evangelisch-in-jerusalem.org\/en\/wp-json\/wp\/v2\/tags?post=19004"}],"curies":[{"name":"wp","href":"https:\/\/api.w.org\/{rel}","templated":true}]}}