{"id":18526,"date":"2024-06-12T10:38:30","date_gmt":"2024-06-12T07:38:30","guid":{"rendered":"https:\/\/www.evangelisch-in-jerusalem.org\/?p=18526"},"modified":"2024-06-12T10:43:23","modified_gmt":"2024-06-12T07:43:23","slug":"sommerpausein-jerusalem","status":"publish","type":"post","link":"https:\/\/www.evangelisch-in-jerusalem.org\/en\/2024\/06\/12\/sommerpausein-jerusalem\/","title":{"rendered":"Sommerpause<br>in Jerusalem"},"content":{"rendered":"<p>Am <strong>Dienstag, 18. Juni<\/strong>, beginnt um 20 Uhr der vorerst letzte Gemeindeabend. Im Kreuzgang, bei Bowle und Knabbereien, blicken wir auf ein sehr schwieriges Jahr f\u00fcr das Heilige Land zur\u00fcck. Die Studierenden des Studienprogramm <em>Study in Israel <\/em>werden das Gespr\u00e4ch mit ihren Impulsen beginnen.<\/p>\n\n\n\n<p>In den kommenden Sommerwochen ist dann weitgehend Pause in unserem Veranstaltungskalender. Auch die mitt\u00e4glichen Andachten werden f\u00fcr die Erl\u00f6serkirche ausgesetzt. Wir beten weiter um Frieden.<\/p>\n\n\n\n<p>Aber:<br>Sonntags ist um 10.30 Uhr Gottesdienst in der Erl\u00f6serkirche,<br>mittwochs feiern wir um 17.30 Uhr Taiz\u00e9-Andacht in der Himmelfahrtkirche,<br>samstags ist um 12.00 Uhr Orgelmatinee in der Erl\u00f6serkirche.<\/p>\n\n\n\n<p>Es gibt einzelne weitere Veranstaltungen, die wir auf unserer Homepage hier und im Gemeindekalender (<a href=\"http:\/\/jerusalem.church.tools\">jerusalem.church.tools<\/a>) bekanntmachen.<\/p>\n\n\n\n<p>F\u00fcr <strong>Dienstag, 10. September<\/strong>, laden wir ein zum ersten Gemeindeabend der neuen Saison.<\/p>\n\n\n\n<p><\/p>","protected":false},"excerpt":{"rendered":"<p>Am Dienstag, 18. Juni, beginnt um 20 Uhr der vorerst letzte Gemeindeabend. Im Kreuzgang, bei Bowle und Knabbereien, blicken wir auf ein sehr schwieriges Jahr f\u00fcr das Heilige Land zur\u00fcck. Die Studierenden des Studienprogramm Studium in Israel werden das Gespr\u00e4ch mit ihren Impulsen beginnen. In den kommenden Sommerwochen ist dann weitgehend Pause in unserem Veranstaltungskalender. &hellip; <\/p>\n<p class=\"link-more\"><a href=\"https:\/\/www.evangelisch-in-jerusalem.org\/en\/2024\/06\/12\/sommerpausein-jerusalem\/\" class=\"more-link\">Continue reading<span class=\"screen-reader-text\"> &#8220;Sommerpause<br \/>in Jerusalem&#8221;<\/span><\/a><\/p>","protected":false},"author":6,"featured_media":14925,"comment_status":"closed","ping_status":"closed","sticky":true,"template":"","format":"standard","meta":{"footnotes":""},"categories":[1],"tags":[499,125,602],"class_list":["post-18526","post","type-post","status-publish","format-standard","has-post-thumbnail","hentry","category-allgemein","tag-ferien","tag-jerusalem","tag-sommer-sommerpause","entry"],"yoast_head":"<!-- This site is optimized with the Yoast SEO plugin v27.4 - https:\/\/yoast.com\/product\/yoast-seo-wordpress\/ -->\n<title>Sommerpausein Jerusalem - Evangelisch in Jerusalem<\/title>\n<meta name=\"robots\" content=\"index, follow, max-snippet:-1, max-image-preview:large, max-video-preview:-1\" \/>\n<link rel=\"canonical\" href=\"https:\/\/www.evangelisch-in-jerusalem.org\/en\/2024\/06\/12\/sommerpausein-jerusalem\/\" \/>\n<meta property=\"og:locale\" content=\"en_GB\" \/>\n<meta property=\"og:type\" content=\"article\" \/>\n<meta property=\"og:title\" content=\"Sommerpausein Jerusalem - Evangelisch in Jerusalem\" \/>\n<meta property=\"og:description\" content=\"Am Dienstag, 18. Juni, beginnt um 20 Uhr der vorerst letzte Gemeindeabend. Im Kreuzgang, bei Bowle und Knabbereien, blicken wir auf ein sehr schwieriges Jahr f\u00fcr das Heilige Land zur\u00fcck. Die Studierenden des Studienprogramm Studium in Israel werden das Gespr\u00e4ch mit ihren Impulsen beginnen. In den kommenden Sommerwochen ist dann weitgehend Pause in unserem Veranstaltungskalender. &hellip; Continue reading &quot;Sommerpausein Jerusalem&quot;\" \/>\n<meta property=\"og:url\" content=\"https:\/\/www.evangelisch-in-jerusalem.org\/en\/2024\/06\/12\/sommerpausein-jerusalem\/\" \/>\n<meta property=\"og:site_name\" content=\"Evangelisch in Jerusalem\" \/>\n<meta property=\"article:publisher\" content=\"https:\/\/www.facebook.com\/erloeserkirche.jerusalem\" \/>\n<meta property=\"article:published_time\" content=\"2024-06-12T07:38:30+00:00\" \/>\n<meta property=\"article:modified_time\" content=\"2024-06-12T07:43:23+00:00\" \/>\n<meta property=\"og:image\" content=\"https:\/\/www.evangelisch-in-jerusalem.org\/wp-content\/uploads\/2023\/07\/Sommerpause-Schirme.jpg\" \/>\n\t<meta property=\"og:image:width\" content=\"1152\" \/>\n\t<meta property=\"og:image:height\" content=\"864\" \/>\n\t<meta property=\"og:image:type\" content=\"image\/jpeg\" \/>\n<meta name=\"author\" content=\"Joachim Lenz\" \/>\n<meta name=\"twitter:card\" content=\"summary_large_image\" \/>\n<meta name=\"twitter:label1\" content=\"Written by\" \/>\n\t<meta name=\"twitter:data1\" content=\"Joachim Lenz\" \/>\n\t<meta name=\"twitter:label2\" content=\"Estimated reading time\" \/>\n\t<meta name=\"twitter:data2\" content=\"1 minute\" \/>\n<script type=\"application\/ld+json\" class=\"yoast-schema-graph\">{\"@context\":\"https:\\\/\\\/schema.org\",\"@graph\":[{\"@type\":\"Article\",\"@id\":\"https:\\\/\\\/www.evangelisch-in-jerusalem.org\\\/2024\\\/06\\\/12\\\/sommerpausein-jerusalem\\\/#article\",\"isPartOf\":{\"@id\":\"https:\\\/\\\/www.evangelisch-in-jerusalem.org\\\/2024\\\/06\\\/12\\\/sommerpausein-jerusalem\\\/\"},\"author\":{\"name\":\"Joachim Lenz\",\"@id\":\"https:\\\/\\\/www.evangelisch-in-jerusalem.org\\\/#\\\/schema\\\/person\\\/ea8e86c01aff849bd324c28bc5574607\"},\"headline\":\"Sommerpause in Jerusalem\",\"datePublished\":\"2024-06-12T07:38:30+00:00\",\"dateModified\":\"2024-06-12T07:43:23+00:00\",\"mainEntityOfPage\":{\"@id\":\"https:\\\/\\\/www.evangelisch-in-jerusalem.org\\\/2024\\\/06\\\/12\\\/sommerpausein-jerusalem\\\/\"},\"wordCount\":135,\"publisher\":{\"@id\":\"https:\\\/\\\/www.evangelisch-in-jerusalem.org\\\/#organization\"},\"image\":{\"@id\":\"https:\\\/\\\/www.evangelisch-in-jerusalem.org\\\/2024\\\/06\\\/12\\\/sommerpausein-jerusalem\\\/#primaryimage\"},\"thumbnailUrl\":\"https:\\\/\\\/www.evangelisch-in-jerusalem.org\\\/wp-content\\\/uploads\\\/2023\\\/07\\\/Sommerpause-Schirme.jpg\",\"keywords\":[\"Ferien\",\"Jerusalem\",\"Sommer; Sommerpause\"],\"articleSection\":[\"Allgemein\"],\"inLanguage\":\"en-GB\"},{\"@type\":\"WebPage\",\"@id\":\"https:\\\/\\\/www.evangelisch-in-jerusalem.org\\\/2024\\\/06\\\/12\\\/sommerpausein-jerusalem\\\/\",\"url\":\"https:\\\/\\\/www.evangelisch-in-jerusalem.org\\\/2024\\\/06\\\/12\\\/sommerpausein-jerusalem\\\/\",\"name\":\"Sommerpause in Jerusalem - Evangelisch in Jerusalem\",\"isPartOf\":{\"@id\":\"https:\\\/\\\/www.evangelisch-in-jerusalem.org\\\/#website\"},\"primaryImageOfPage\":{\"@id\":\"https:\\\/\\\/www.evangelisch-in-jerusalem.org\\\/2024\\\/06\\\/12\\\/sommerpausein-jerusalem\\\/#primaryimage\"},\"image\":{\"@id\":\"https:\\\/\\\/www.evangelisch-in-jerusalem.org\\\/2024\\\/06\\\/12\\\/sommerpausein-jerusalem\\\/#primaryimage\"},\"thumbnailUrl\":\"https:\\\/\\\/www.evangelisch-in-jerusalem.org\\\/wp-content\\\/uploads\\\/2023\\\/07\\\/Sommerpause-Schirme.jpg\",\"datePublished\":\"2024-06-12T07:38:30+00:00\",\"dateModified\":\"2024-06-12T07:43:23+00:00\",\"breadcrumb\":{\"@id\":\"https:\\\/\\\/www.evangelisch-in-jerusalem.org\\\/2024\\\/06\\\/12\\\/sommerpausein-jerusalem\\\/#breadcrumb\"},\"inLanguage\":\"en-GB\",\"potentialAction\":[{\"@type\":\"ReadAction\",\"target\":[\"https:\\\/\\\/www.evangelisch-in-jerusalem.org\\\/2024\\\/06\\\/12\\\/sommerpausein-jerusalem\\\/\"]}]},{\"@type\":\"ImageObject\",\"inLanguage\":\"en-GB\",\"@id\":\"https:\\\/\\\/www.evangelisch-in-jerusalem.org\\\/2024\\\/06\\\/12\\\/sommerpausein-jerusalem\\\/#primaryimage\",\"url\":\"https:\\\/\\\/www.evangelisch-in-jerusalem.org\\\/wp-content\\\/uploads\\\/2023\\\/07\\\/Sommerpause-Schirme.jpg\",\"contentUrl\":\"https:\\\/\\\/www.evangelisch-in-jerusalem.org\\\/wp-content\\\/uploads\\\/2023\\\/07\\\/Sommerpause-Schirme.jpg\",\"width\":1152,\"height\":864,\"caption\":\"Sommersonnenschirme \u00fcber Jerusalem\"},{\"@type\":\"BreadcrumbList\",\"@id\":\"https:\\\/\\\/www.evangelisch-in-jerusalem.org\\\/2024\\\/06\\\/12\\\/sommerpausein-jerusalem\\\/#breadcrumb\",\"itemListElement\":[{\"@type\":\"ListItem\",\"position\":1,\"name\":\"Startseite\",\"item\":\"https:\\\/\\\/www.evangelisch-in-jerusalem.org\\\/\"},{\"@type\":\"ListItem\",\"position\":2,\"name\":\"Sommerpausein Jerusalem\"}]},{\"@type\":\"WebSite\",\"@id\":\"https:\\\/\\\/www.evangelisch-in-jerusalem.org\\\/#website\",\"url\":\"https:\\\/\\\/www.evangelisch-in-jerusalem.org\\\/\",\"name\":\"Evangelisch in Jerusalem\",\"description\":\"Stiftungen der EKD im Heiligen Land\",\"publisher\":{\"@id\":\"https:\\\/\\\/www.evangelisch-in-jerusalem.org\\\/#organization\"},\"potentialAction\":[{\"@type\":\"SearchAction\",\"target\":{\"@type\":\"EntryPoint\",\"urlTemplate\":\"https:\\\/\\\/www.evangelisch-in-jerusalem.org\\\/?s={search_term_string}\"},\"query-input\":{\"@type\":\"PropertyValueSpecification\",\"valueRequired\":true,\"valueName\":\"search_term_string\"}}],\"inLanguage\":\"en-GB\"},{\"@type\":\"Organization\",\"@id\":\"https:\\\/\\\/www.evangelisch-in-jerusalem.org\\\/#organization\",\"name\":\"German Protestant Institutions in the Holy Land\",\"url\":\"https:\\\/\\\/www.evangelisch-in-jerusalem.org\\\/\",\"logo\":{\"@type\":\"ImageObject\",\"inLanguage\":\"en-GB\",\"@id\":\"https:\\\/\\\/www.evangelisch-in-jerusalem.org\\\/#\\\/schema\\\/logo\\\/image\\\/\",\"url\":\"https:\\\/\\\/www.evangelisch-in-jerusalem.org\\\/wp-content\\\/uploads\\\/2019\\\/03\\\/EIJ_Logo_500-px.png\",\"contentUrl\":\"https:\\\/\\\/www.evangelisch-in-jerusalem.org\\\/wp-content\\\/uploads\\\/2019\\\/03\\\/EIJ_Logo_500-px.png\",\"width\":500,\"height\":82,\"caption\":\"German Protestant Institutions in the Holy Land\"},\"image\":{\"@id\":\"https:\\\/\\\/www.evangelisch-in-jerusalem.org\\\/#\\\/schema\\\/logo\\\/image\\\/\"},\"sameAs\":[\"https:\\\/\\\/www.facebook.com\\\/erloeserkirche.jerusalem\"]},{\"@type\":\"Person\",\"@id\":\"https:\\\/\\\/www.evangelisch-in-jerusalem.org\\\/#\\\/schema\\\/person\\\/ea8e86c01aff849bd324c28bc5574607\",\"name\":\"Joachim Lenz\",\"sameAs\":[\"http:\\\/\\\/evangelisch-in-jerusalem.org\"],\"url\":\"https:\\\/\\\/www.evangelisch-in-jerusalem.org\\\/en\\\/author\\\/propst-jl\\\/\"}]}<\/script>\n<!-- \/ Yoast SEO plugin. -->","yoast_head_json":{"title":"Sommerpausein Jerusalem - Evangelisch in Jerusalem","robots":{"index":"index","follow":"follow","max-snippet":"max-snippet:-1","max-image-preview":"max-image-preview:large","max-video-preview":"max-video-preview:-1"},"canonical":"https:\/\/www.evangelisch-in-jerusalem.org\/en\/2024\/06\/12\/sommerpausein-jerusalem\/","og_locale":"en_GB","og_type":"article","og_title":"Sommerpausein Jerusalem - Evangelisch in Jerusalem","og_description":"Am Dienstag, 18. Juni, beginnt um 20 Uhr der vorerst letzte Gemeindeabend. Im Kreuzgang, bei Bowle und Knabbereien, blicken wir auf ein sehr schwieriges Jahr f\u00fcr das Heilige Land zur\u00fcck. Die Studierenden des Studienprogramm Studium in Israel werden das Gespr\u00e4ch mit ihren Impulsen beginnen. In den kommenden Sommerwochen ist dann weitgehend Pause in unserem Veranstaltungskalender. &hellip; Continue reading \"Sommerpausein Jerusalem\"","og_url":"https:\/\/www.evangelisch-in-jerusalem.org\/en\/2024\/06\/12\/sommerpausein-jerusalem\/","og_site_name":"Evangelisch in Jerusalem","article_publisher":"https:\/\/www.facebook.com\/erloeserkirche.jerusalem","article_published_time":"2024-06-12T07:38:30+00:00","article_modified_time":"2024-06-12T07:43:23+00:00","og_image":[{"width":1152,"height":864,"url":"https:\/\/www.evangelisch-in-jerusalem.org\/wp-content\/uploads\/2023\/07\/Sommerpause-Schirme.jpg","type":"image\/jpeg"}],"author":"Joachim Lenz","twitter_card":"summary_large_image","twitter_misc":{"Written by":"Joachim Lenz","Estimated reading time":"1 minute"},"schema":{"@context":"https:\/\/schema.org","@graph":[{"@type":"Article","@id":"https:\/\/www.evangelisch-in-jerusalem.org\/2024\/06\/12\/sommerpausein-jerusalem\/#article","isPartOf":{"@id":"https:\/\/www.evangelisch-in-jerusalem.org\/2024\/06\/12\/sommerpausein-jerusalem\/"},"author":{"name":"Joachim Lenz","@id":"https:\/\/www.evangelisch-in-jerusalem.org\/#\/schema\/person\/ea8e86c01aff849bd324c28bc5574607"},"headline":"Sommerpause in Jerusalem","datePublished":"2024-06-12T07:38:30+00:00","dateModified":"2024-06-12T07:43:23+00:00","mainEntityOfPage":{"@id":"https:\/\/www.evangelisch-in-jerusalem.org\/2024\/06\/12\/sommerpausein-jerusalem\/"},"wordCount":135,"publisher":{"@id":"https:\/\/www.evangelisch-in-jerusalem.org\/#organization"},"image":{"@id":"https:\/\/www.evangelisch-in-jerusalem.org\/2024\/06\/12\/sommerpausein-jerusalem\/#primaryimage"},"thumbnailUrl":"https:\/\/www.evangelisch-in-jerusalem.org\/wp-content\/uploads\/2023\/07\/Sommerpause-Schirme.jpg","keywords":["Ferien","Jerusalem","Sommer; Sommerpause"],"articleSection":["Allgemein"],"inLanguage":"en-GB"},{"@type":"WebPage","@id":"https:\/\/www.evangelisch-in-jerusalem.org\/2024\/06\/12\/sommerpausein-jerusalem\/","url":"https:\/\/www.evangelisch-in-jerusalem.org\/2024\/06\/12\/sommerpausein-jerusalem\/","name":"Sommerpause in Jerusalem - Evangelisch in Jerusalem","isPartOf":{"@id":"https:\/\/www.evangelisch-in-jerusalem.org\/#website"},"primaryImageOfPage":{"@id":"https:\/\/www.evangelisch-in-jerusalem.org\/2024\/06\/12\/sommerpausein-jerusalem\/#primaryimage"},"image":{"@id":"https:\/\/www.evangelisch-in-jerusalem.org\/2024\/06\/12\/sommerpausein-jerusalem\/#primaryimage"},"thumbnailUrl":"https:\/\/www.evangelisch-in-jerusalem.org\/wp-content\/uploads\/2023\/07\/Sommerpause-Schirme.jpg","datePublished":"2024-06-12T07:38:30+00:00","dateModified":"2024-06-12T07:43:23+00:00","breadcrumb":{"@id":"https:\/\/www.evangelisch-in-jerusalem.org\/2024\/06\/12\/sommerpausein-jerusalem\/#breadcrumb"},"inLanguage":"en-GB","potentialAction":[{"@type":"ReadAction","target":["https:\/\/www.evangelisch-in-jerusalem.org\/2024\/06\/12\/sommerpausein-jerusalem\/"]}]},{"@type":"ImageObject","inLanguage":"en-GB","@id":"https:\/\/www.evangelisch-in-jerusalem.org\/2024\/06\/12\/sommerpausein-jerusalem\/#primaryimage","url":"https:\/\/www.evangelisch-in-jerusalem.org\/wp-content\/uploads\/2023\/07\/Sommerpause-Schirme.jpg","contentUrl":"https:\/\/www.evangelisch-in-jerusalem.org\/wp-content\/uploads\/2023\/07\/Sommerpause-Schirme.jpg","width":1152,"height":864,"caption":"Sommersonnenschirme \u00fcber Jerusalem"},{"@type":"BreadcrumbList","@id":"https:\/\/www.evangelisch-in-jerusalem.org\/2024\/06\/12\/sommerpausein-jerusalem\/#breadcrumb","itemListElement":[{"@type":"ListItem","position":1,"name":"Startseite","item":"https:\/\/www.evangelisch-in-jerusalem.org\/"},{"@type":"ListItem","position":2,"name":"Sommerpausein Jerusalem"}]},{"@type":"WebSite","@id":"https:\/\/www.evangelisch-in-jerusalem.org\/#website","url":"https:\/\/www.evangelisch-in-jerusalem.org\/","name":"Evangelisch in Jerusalem","description":"German Protestant Institutions in the Holy Land","publisher":{"@id":"https:\/\/www.evangelisch-in-jerusalem.org\/#organization"},"potentialAction":[{"@type":"SearchAction","target":{"@type":"EntryPoint","urlTemplate":"https:\/\/www.evangelisch-in-jerusalem.org\/?s={search_term_string}"},"query-input":{"@type":"PropertyValueSpecification","valueRequired":true,"valueName":"search_term_string"}}],"inLanguage":"en-GB"},{"@type":"Organization","@id":"https:\/\/www.evangelisch-in-jerusalem.org\/#organization","name":"German Protestant Institutions in the Holy Land","url":"https:\/\/www.evangelisch-in-jerusalem.org\/","logo":{"@type":"ImageObject","inLanguage":"en-GB","@id":"https:\/\/www.evangelisch-in-jerusalem.org\/#\/schema\/logo\/image\/","url":"https:\/\/www.evangelisch-in-jerusalem.org\/wp-content\/uploads\/2019\/03\/EIJ_Logo_500-px.png","contentUrl":"https:\/\/www.evangelisch-in-jerusalem.org\/wp-content\/uploads\/2019\/03\/EIJ_Logo_500-px.png","width":500,"height":82,"caption":"German Protestant Institutions in the Holy Land"},"image":{"@id":"https:\/\/www.evangelisch-in-jerusalem.org\/#\/schema\/logo\/image\/"},"sameAs":["https:\/\/www.facebook.com\/erloeserkirche.jerusalem"]},{"@type":"Person","@id":"https:\/\/www.evangelisch-in-jerusalem.org\/#\/schema\/person\/ea8e86c01aff849bd324c28bc5574607","name":"Joachim Lenz","sameAs":["http:\/\/evangelisch-in-jerusalem.org"],"url":"https:\/\/www.evangelisch-in-jerusalem.org\/en\/author\/propst-jl\/"}]}},"_links":{"self":[{"href":"https:\/\/www.evangelisch-in-jerusalem.org\/en\/wp-json\/wp\/v2\/posts\/18526","targetHints":{"allow":["GET"]}}],"collection":[{"href":"https:\/\/www.evangelisch-in-jerusalem.org\/en\/wp-json\/wp\/v2\/posts"}],"about":[{"href":"https:\/\/www.evangelisch-in-jerusalem.org\/en\/wp-json\/wp\/v2\/types\/post"}],"author":[{"embeddable":true,"href":"https:\/\/www.evangelisch-in-jerusalem.org\/en\/wp-json\/wp\/v2\/users\/6"}],"replies":[{"embeddable":true,"href":"https:\/\/www.evangelisch-in-jerusalem.org\/en\/wp-json\/wp\/v2\/comments?post=18526"}],"version-history":[{"count":2,"href":"https:\/\/www.evangelisch-in-jerusalem.org\/en\/wp-json\/wp\/v2\/posts\/18526\/revisions"}],"predecessor-version":[{"id":18529,"href":"https:\/\/www.evangelisch-in-jerusalem.org\/en\/wp-json\/wp\/v2\/posts\/18526\/revisions\/18529"}],"wp:featuredmedia":[{"embeddable":true,"href":"https:\/\/www.evangelisch-in-jerusalem.org\/en\/wp-json\/wp\/v2\/media\/14925"}],"wp:attachment":[{"href":"https:\/\/www.evangelisch-in-jerusalem.org\/en\/wp-json\/wp\/v2\/media?parent=18526"}],"wp:term":[{"taxonomy":"category","embeddable":true,"href":"https:\/\/www.evangelisch-in-jerusalem.org\/en\/wp-json\/wp\/v2\/categories?post=18526"},{"taxonomy":"post_tag","embeddable":true,"href":"https:\/\/www.evangelisch-in-jerusalem.org\/en\/wp-json\/wp\/v2\/tags?post=18526"}],"curies":[{"name":"wp","href":"https:\/\/api.w.org\/{rel}","templated":true}]}}