{"id":17789,"date":"2024-03-21T06:41:00","date_gmt":"2024-03-21T04:41:00","guid":{"rendered":"https:\/\/www.evangelisch-in-jerusalem.org\/?p=17789"},"modified":"2024-03-21T09:56:44","modified_gmt":"2024-03-21T07:56:44","slug":"ostermontag-zwei-wege-gehen-nach-emmaus-einladung-zur-osterwanderung","status":"publish","type":"post","link":"https:\/\/www.evangelisch-in-jerusalem.org\/en\/2024\/03\/21\/ostermontag-zwei-wege-gehen-nach-emmaus-einladung-zur-osterwanderung\/","title":{"rendered":"Ostermontag: Der Weg f\u00fchrt nach Emmaus. Einladung zur Pilgerwanderung"},"content":{"rendered":"<p>Am Ostermontag wird in den Gottesdiensten die Geschichte von den zwei J\u00fcngern gelesen, die nach Emmaus gehen. Im Lukasevangelium ist die Geschichte nachzulesen (Lukas 24,13-33). Wo das biblische Emmaus gelegen hat, ist umstritten: Es gibt drei Orts-Kandidaten.<\/p>\n\n\n\n<p>Von Jerusalem aus f\u00fchren am Ostermontag traditionell zwei Wege nach Emmaus, die in Gemeinschaft als Pilgerweg gegangen werden k\u00f6nnen. Der erste f\u00fchrt auf Einladung des Lateinischen Patriarchates nach Emmaus Nikopolis nahe Latrun, der zweite auf Einladung des Deutschen Vereins zum Heiligen Lande nach Emmaus Qubeibeh in der Westbank. In diesem Jahr gibt es nur den weiten Weg nach Emmaus-Nikopolis.<\/p>\n\n\n\n<ul class=\"wp-block-list\"><li><strong>Great walk Jerusalem-Emmaus<\/strong><br>&#8211; 5:50 Meeting near the Franciscan Cenacle (Mount Zion, Jerusalem, 6.00 am departure<br>&#8211; Around 12:00 am: Possibility to join us for the 2nd part of the walk at Saxum Visitors Center, Masaf Nataf, Abu Gosh (picnic place). Bus 195 from Jerusalem.<br>&#8211; Around 4 pm Arrival to Emmaus-Nicopolis (Latrun junction)<br>&#8211; 5:00 pm: Solemn Eucharist in the Basilica of the holy place of Emmaus, celebrated by his Beatitude Pierbattista Cardinal Pizzaballa.<br>Please don\u2019t forget: It is a <strong>30 km walk<\/strong>, and it lasts around 8 hours with breaks. Bring sack lunch, enough water and hiking shoes!<br>Please register to Emmaus-Nicopolis Tel. <strong>08-925 69 40<\/strong> \/ <strong>foyer.emmaus@gmail.com<\/strong><\/li><\/ul>\n\n\n\n<p><\/p>\n\n\n\n<p><em>Holzschnitt: Karl Schmidt-Rottluff, Emmaus, 1918.<\/em><\/p>","protected":false},"excerpt":{"rendered":"<p>Am Ostermontag wird in den Gottesdiensten die Geschichte von den zwei J\u00fcngern gelesen, die nach Emmaus gehen. Im Lukasevangelium ist die Geschichte nachzulesen (Lukas 24,13-33). Wo das biblische Emmaus gelegen hat, ist umstritten: Es gibt drei Orts-Kandidaten. Von Jerusalem aus f\u00fchren am Ostermontag traditionell zwei Wege nach Emmaus, die in Gemeinschaft als Pilgerweg gegangen werden &hellip; <\/p>\n<p class=\"link-more\"><a href=\"https:\/\/www.evangelisch-in-jerusalem.org\/en\/2024\/03\/21\/ostermontag-zwei-wege-gehen-nach-emmaus-einladung-zur-osterwanderung\/\" class=\"more-link\">Continue reading<span class=\"screen-reader-text\"> &#8220;Ostermontag: Der Weg f\u00fchrt nach Emmaus. Einladung zur Pilgerwanderung&#8221;<\/span><\/a><\/p>","protected":false},"author":6,"featured_media":17790,"comment_status":"closed","ping_status":"closed","sticky":false,"template":"","format":"standard","meta":{"footnotes":""},"categories":[1],"tags":[],"class_list":["post-17789","post","type-post","status-publish","format-standard","has-post-thumbnail","hentry","category-allgemein","entry"],"yoast_head":"<!-- This site is optimized with the Yoast SEO plugin v27.4 - https:\/\/yoast.com\/product\/yoast-seo-wordpress\/ -->\n<title>Ostermontag: Der Weg f\u00fchrt nach Emmaus. Einladung zur Pilgerwanderung - Evangelisch in Jerusalem<\/title>\n<meta name=\"robots\" content=\"index, follow, max-snippet:-1, max-image-preview:large, max-video-preview:-1\" \/>\n<link rel=\"canonical\" href=\"https:\/\/www.evangelisch-in-jerusalem.org\/en\/2024\/03\/21\/ostermontag-zwei-wege-gehen-nach-emmaus-einladung-zur-osterwanderung\/\" \/>\n<meta property=\"og:locale\" content=\"en_GB\" \/>\n<meta property=\"og:type\" content=\"article\" \/>\n<meta property=\"og:title\" content=\"Ostermontag: Der Weg f\u00fchrt nach Emmaus. Einladung zur Pilgerwanderung - Evangelisch in Jerusalem\" \/>\n<meta property=\"og:description\" content=\"Am Ostermontag wird in den Gottesdiensten die Geschichte von den zwei J\u00fcngern gelesen, die nach Emmaus gehen. Im Lukasevangelium ist die Geschichte nachzulesen (Lukas 24,13-33). Wo das biblische Emmaus gelegen hat, ist umstritten: Es gibt drei Orts-Kandidaten. Von Jerusalem aus f\u00fchren am Ostermontag traditionell zwei Wege nach Emmaus, die in Gemeinschaft als Pilgerweg gegangen werden &hellip; Continue reading &quot;Ostermontag: Der Weg f\u00fchrt nach Emmaus. Einladung zur Pilgerwanderung&quot;\" \/>\n<meta property=\"og:url\" content=\"https:\/\/www.evangelisch-in-jerusalem.org\/en\/2024\/03\/21\/ostermontag-zwei-wege-gehen-nach-emmaus-einladung-zur-osterwanderung\/\" \/>\n<meta property=\"og:site_name\" content=\"Evangelisch in Jerusalem\" \/>\n<meta property=\"article:publisher\" content=\"https:\/\/www.facebook.com\/erloeserkirche.jerusalem\" \/>\n<meta property=\"article:published_time\" content=\"2024-03-21T04:41:00+00:00\" \/>\n<meta property=\"article:modified_time\" content=\"2024-03-21T07:56:44+00:00\" \/>\n<meta property=\"og:image\" content=\"https:\/\/www.evangelisch-in-jerusalem.org\/wp-content\/uploads\/2024\/03\/Emmaus_Schmidt-Rottluff_1918.jpg\" \/>\n\t<meta property=\"og:image:width\" content=\"800\" \/>\n\t<meta property=\"og:image:height\" content=\"637\" \/>\n\t<meta property=\"og:image:type\" content=\"image\/jpeg\" \/>\n<meta name=\"author\" content=\"Joachim Lenz\" \/>\n<meta name=\"twitter:card\" content=\"summary_large_image\" \/>\n<meta name=\"twitter:label1\" content=\"Written by\" \/>\n\t<meta name=\"twitter:data1\" content=\"Joachim Lenz\" \/>\n\t<meta name=\"twitter:label2\" content=\"Estimated reading time\" \/>\n\t<meta name=\"twitter:data2\" content=\"2 minutes\" \/>\n<script type=\"application\/ld+json\" class=\"yoast-schema-graph\">{\"@context\":\"https:\\\/\\\/schema.org\",\"@graph\":[{\"@type\":\"Article\",\"@id\":\"https:\\\/\\\/www.evangelisch-in-jerusalem.org\\\/2024\\\/03\\\/21\\\/ostermontag-zwei-wege-gehen-nach-emmaus-einladung-zur-osterwanderung\\\/#article\",\"isPartOf\":{\"@id\":\"https:\\\/\\\/www.evangelisch-in-jerusalem.org\\\/2024\\\/03\\\/21\\\/ostermontag-zwei-wege-gehen-nach-emmaus-einladung-zur-osterwanderung\\\/\"},\"author\":{\"name\":\"Joachim Lenz\",\"@id\":\"https:\\\/\\\/www.evangelisch-in-jerusalem.org\\\/#\\\/schema\\\/person\\\/ea8e86c01aff849bd324c28bc5574607\"},\"headline\":\"Ostermontag: Der Weg f\u00fchrt nach Emmaus. Einladung zur Pilgerwanderung\",\"datePublished\":\"2024-03-21T04:41:00+00:00\",\"dateModified\":\"2024-03-21T07:56:44+00:00\",\"mainEntityOfPage\":{\"@id\":\"https:\\\/\\\/www.evangelisch-in-jerusalem.org\\\/2024\\\/03\\\/21\\\/ostermontag-zwei-wege-gehen-nach-emmaus-einladung-zur-osterwanderung\\\/\"},\"wordCount\":216,\"publisher\":{\"@id\":\"https:\\\/\\\/www.evangelisch-in-jerusalem.org\\\/#organization\"},\"image\":{\"@id\":\"https:\\\/\\\/www.evangelisch-in-jerusalem.org\\\/2024\\\/03\\\/21\\\/ostermontag-zwei-wege-gehen-nach-emmaus-einladung-zur-osterwanderung\\\/#primaryimage\"},\"thumbnailUrl\":\"https:\\\/\\\/www.evangelisch-in-jerusalem.org\\\/wp-content\\\/uploads\\\/2024\\\/03\\\/Emmaus_Schmidt-Rottluff_1918.jpg\",\"articleSection\":[\"Allgemein\"],\"inLanguage\":\"en-GB\"},{\"@type\":\"WebPage\",\"@id\":\"https:\\\/\\\/www.evangelisch-in-jerusalem.org\\\/2024\\\/03\\\/21\\\/ostermontag-zwei-wege-gehen-nach-emmaus-einladung-zur-osterwanderung\\\/\",\"url\":\"https:\\\/\\\/www.evangelisch-in-jerusalem.org\\\/2024\\\/03\\\/21\\\/ostermontag-zwei-wege-gehen-nach-emmaus-einladung-zur-osterwanderung\\\/\",\"name\":\"Ostermontag: Der Weg f\u00fchrt nach Emmaus. Einladung zur Pilgerwanderung - Evangelisch in Jerusalem\",\"isPartOf\":{\"@id\":\"https:\\\/\\\/www.evangelisch-in-jerusalem.org\\\/#website\"},\"primaryImageOfPage\":{\"@id\":\"https:\\\/\\\/www.evangelisch-in-jerusalem.org\\\/2024\\\/03\\\/21\\\/ostermontag-zwei-wege-gehen-nach-emmaus-einladung-zur-osterwanderung\\\/#primaryimage\"},\"image\":{\"@id\":\"https:\\\/\\\/www.evangelisch-in-jerusalem.org\\\/2024\\\/03\\\/21\\\/ostermontag-zwei-wege-gehen-nach-emmaus-einladung-zur-osterwanderung\\\/#primaryimage\"},\"thumbnailUrl\":\"https:\\\/\\\/www.evangelisch-in-jerusalem.org\\\/wp-content\\\/uploads\\\/2024\\\/03\\\/Emmaus_Schmidt-Rottluff_1918.jpg\",\"datePublished\":\"2024-03-21T04:41:00+00:00\",\"dateModified\":\"2024-03-21T07:56:44+00:00\",\"breadcrumb\":{\"@id\":\"https:\\\/\\\/www.evangelisch-in-jerusalem.org\\\/2024\\\/03\\\/21\\\/ostermontag-zwei-wege-gehen-nach-emmaus-einladung-zur-osterwanderung\\\/#breadcrumb\"},\"inLanguage\":\"en-GB\",\"potentialAction\":[{\"@type\":\"ReadAction\",\"target\":[\"https:\\\/\\\/www.evangelisch-in-jerusalem.org\\\/2024\\\/03\\\/21\\\/ostermontag-zwei-wege-gehen-nach-emmaus-einladung-zur-osterwanderung\\\/\"]}]},{\"@type\":\"ImageObject\",\"inLanguage\":\"en-GB\",\"@id\":\"https:\\\/\\\/www.evangelisch-in-jerusalem.org\\\/2024\\\/03\\\/21\\\/ostermontag-zwei-wege-gehen-nach-emmaus-einladung-zur-osterwanderung\\\/#primaryimage\",\"url\":\"https:\\\/\\\/www.evangelisch-in-jerusalem.org\\\/wp-content\\\/uploads\\\/2024\\\/03\\\/Emmaus_Schmidt-Rottluff_1918.jpg\",\"contentUrl\":\"https:\\\/\\\/www.evangelisch-in-jerusalem.org\\\/wp-content\\\/uploads\\\/2024\\\/03\\\/Emmaus_Schmidt-Rottluff_1918.jpg\",\"width\":800,\"height\":637,\"caption\":\"Weg nach Emmaus. Holzschnitt, Schmidt-Rottluff 1918\"},{\"@type\":\"BreadcrumbList\",\"@id\":\"https:\\\/\\\/www.evangelisch-in-jerusalem.org\\\/2024\\\/03\\\/21\\\/ostermontag-zwei-wege-gehen-nach-emmaus-einladung-zur-osterwanderung\\\/#breadcrumb\",\"itemListElement\":[{\"@type\":\"ListItem\",\"position\":1,\"name\":\"Startseite\",\"item\":\"https:\\\/\\\/www.evangelisch-in-jerusalem.org\\\/\"},{\"@type\":\"ListItem\",\"position\":2,\"name\":\"Ostermontag: Der Weg f\u00fchrt nach Emmaus. Einladung zur Pilgerwanderung\"}]},{\"@type\":\"WebSite\",\"@id\":\"https:\\\/\\\/www.evangelisch-in-jerusalem.org\\\/#website\",\"url\":\"https:\\\/\\\/www.evangelisch-in-jerusalem.org\\\/\",\"name\":\"Evangelisch in Jerusalem\",\"description\":\"Stiftungen der EKD im Heiligen Land\",\"publisher\":{\"@id\":\"https:\\\/\\\/www.evangelisch-in-jerusalem.org\\\/#organization\"},\"potentialAction\":[{\"@type\":\"SearchAction\",\"target\":{\"@type\":\"EntryPoint\",\"urlTemplate\":\"https:\\\/\\\/www.evangelisch-in-jerusalem.org\\\/?s={search_term_string}\"},\"query-input\":{\"@type\":\"PropertyValueSpecification\",\"valueRequired\":true,\"valueName\":\"search_term_string\"}}],\"inLanguage\":\"en-GB\"},{\"@type\":\"Organization\",\"@id\":\"https:\\\/\\\/www.evangelisch-in-jerusalem.org\\\/#organization\",\"name\":\"German Protestant Institutions in the Holy Land\",\"url\":\"https:\\\/\\\/www.evangelisch-in-jerusalem.org\\\/\",\"logo\":{\"@type\":\"ImageObject\",\"inLanguage\":\"en-GB\",\"@id\":\"https:\\\/\\\/www.evangelisch-in-jerusalem.org\\\/#\\\/schema\\\/logo\\\/image\\\/\",\"url\":\"https:\\\/\\\/www.evangelisch-in-jerusalem.org\\\/wp-content\\\/uploads\\\/2019\\\/03\\\/EIJ_Logo_500-px.png\",\"contentUrl\":\"https:\\\/\\\/www.evangelisch-in-jerusalem.org\\\/wp-content\\\/uploads\\\/2019\\\/03\\\/EIJ_Logo_500-px.png\",\"width\":500,\"height\":82,\"caption\":\"German Protestant Institutions in the Holy Land\"},\"image\":{\"@id\":\"https:\\\/\\\/www.evangelisch-in-jerusalem.org\\\/#\\\/schema\\\/logo\\\/image\\\/\"},\"sameAs\":[\"https:\\\/\\\/www.facebook.com\\\/erloeserkirche.jerusalem\"]},{\"@type\":\"Person\",\"@id\":\"https:\\\/\\\/www.evangelisch-in-jerusalem.org\\\/#\\\/schema\\\/person\\\/ea8e86c01aff849bd324c28bc5574607\",\"name\":\"Joachim Lenz\",\"sameAs\":[\"http:\\\/\\\/evangelisch-in-jerusalem.org\"],\"url\":\"https:\\\/\\\/www.evangelisch-in-jerusalem.org\\\/en\\\/author\\\/propst-jl\\\/\"}]}<\/script>\n<!-- \/ Yoast SEO plugin. -->","yoast_head_json":{"title":"Ostermontag: Der Weg f\u00fchrt nach Emmaus. Einladung zur Pilgerwanderung - Evangelisch in Jerusalem","robots":{"index":"index","follow":"follow","max-snippet":"max-snippet:-1","max-image-preview":"max-image-preview:large","max-video-preview":"max-video-preview:-1"},"canonical":"https:\/\/www.evangelisch-in-jerusalem.org\/en\/2024\/03\/21\/ostermontag-zwei-wege-gehen-nach-emmaus-einladung-zur-osterwanderung\/","og_locale":"en_GB","og_type":"article","og_title":"Ostermontag: Der Weg f\u00fchrt nach Emmaus. Einladung zur Pilgerwanderung - Evangelisch in Jerusalem","og_description":"Am Ostermontag wird in den Gottesdiensten die Geschichte von den zwei J\u00fcngern gelesen, die nach Emmaus gehen. Im Lukasevangelium ist die Geschichte nachzulesen (Lukas 24,13-33). Wo das biblische Emmaus gelegen hat, ist umstritten: Es gibt drei Orts-Kandidaten. Von Jerusalem aus f\u00fchren am Ostermontag traditionell zwei Wege nach Emmaus, die in Gemeinschaft als Pilgerweg gegangen werden &hellip; Continue reading \"Ostermontag: Der Weg f\u00fchrt nach Emmaus. Einladung zur Pilgerwanderung\"","og_url":"https:\/\/www.evangelisch-in-jerusalem.org\/en\/2024\/03\/21\/ostermontag-zwei-wege-gehen-nach-emmaus-einladung-zur-osterwanderung\/","og_site_name":"Evangelisch in Jerusalem","article_publisher":"https:\/\/www.facebook.com\/erloeserkirche.jerusalem","article_published_time":"2024-03-21T04:41:00+00:00","article_modified_time":"2024-03-21T07:56:44+00:00","og_image":[{"width":800,"height":637,"url":"https:\/\/www.evangelisch-in-jerusalem.org\/wp-content\/uploads\/2024\/03\/Emmaus_Schmidt-Rottluff_1918.jpg","type":"image\/jpeg"}],"author":"Joachim Lenz","twitter_card":"summary_large_image","twitter_misc":{"Written by":"Joachim Lenz","Estimated reading time":"2 minutes"},"schema":{"@context":"https:\/\/schema.org","@graph":[{"@type":"Article","@id":"https:\/\/www.evangelisch-in-jerusalem.org\/2024\/03\/21\/ostermontag-zwei-wege-gehen-nach-emmaus-einladung-zur-osterwanderung\/#article","isPartOf":{"@id":"https:\/\/www.evangelisch-in-jerusalem.org\/2024\/03\/21\/ostermontag-zwei-wege-gehen-nach-emmaus-einladung-zur-osterwanderung\/"},"author":{"name":"Joachim Lenz","@id":"https:\/\/www.evangelisch-in-jerusalem.org\/#\/schema\/person\/ea8e86c01aff849bd324c28bc5574607"},"headline":"Ostermontag: Der Weg f\u00fchrt nach Emmaus. Einladung zur Pilgerwanderung","datePublished":"2024-03-21T04:41:00+00:00","dateModified":"2024-03-21T07:56:44+00:00","mainEntityOfPage":{"@id":"https:\/\/www.evangelisch-in-jerusalem.org\/2024\/03\/21\/ostermontag-zwei-wege-gehen-nach-emmaus-einladung-zur-osterwanderung\/"},"wordCount":216,"publisher":{"@id":"https:\/\/www.evangelisch-in-jerusalem.org\/#organization"},"image":{"@id":"https:\/\/www.evangelisch-in-jerusalem.org\/2024\/03\/21\/ostermontag-zwei-wege-gehen-nach-emmaus-einladung-zur-osterwanderung\/#primaryimage"},"thumbnailUrl":"https:\/\/www.evangelisch-in-jerusalem.org\/wp-content\/uploads\/2024\/03\/Emmaus_Schmidt-Rottluff_1918.jpg","articleSection":["Allgemein"],"inLanguage":"en-GB"},{"@type":"WebPage","@id":"https:\/\/www.evangelisch-in-jerusalem.org\/2024\/03\/21\/ostermontag-zwei-wege-gehen-nach-emmaus-einladung-zur-osterwanderung\/","url":"https:\/\/www.evangelisch-in-jerusalem.org\/2024\/03\/21\/ostermontag-zwei-wege-gehen-nach-emmaus-einladung-zur-osterwanderung\/","name":"Ostermontag: Der Weg f\u00fchrt nach Emmaus. Einladung zur Pilgerwanderung - Evangelisch in Jerusalem","isPartOf":{"@id":"https:\/\/www.evangelisch-in-jerusalem.org\/#website"},"primaryImageOfPage":{"@id":"https:\/\/www.evangelisch-in-jerusalem.org\/2024\/03\/21\/ostermontag-zwei-wege-gehen-nach-emmaus-einladung-zur-osterwanderung\/#primaryimage"},"image":{"@id":"https:\/\/www.evangelisch-in-jerusalem.org\/2024\/03\/21\/ostermontag-zwei-wege-gehen-nach-emmaus-einladung-zur-osterwanderung\/#primaryimage"},"thumbnailUrl":"https:\/\/www.evangelisch-in-jerusalem.org\/wp-content\/uploads\/2024\/03\/Emmaus_Schmidt-Rottluff_1918.jpg","datePublished":"2024-03-21T04:41:00+00:00","dateModified":"2024-03-21T07:56:44+00:00","breadcrumb":{"@id":"https:\/\/www.evangelisch-in-jerusalem.org\/2024\/03\/21\/ostermontag-zwei-wege-gehen-nach-emmaus-einladung-zur-osterwanderung\/#breadcrumb"},"inLanguage":"en-GB","potentialAction":[{"@type":"ReadAction","target":["https:\/\/www.evangelisch-in-jerusalem.org\/2024\/03\/21\/ostermontag-zwei-wege-gehen-nach-emmaus-einladung-zur-osterwanderung\/"]}]},{"@type":"ImageObject","inLanguage":"en-GB","@id":"https:\/\/www.evangelisch-in-jerusalem.org\/2024\/03\/21\/ostermontag-zwei-wege-gehen-nach-emmaus-einladung-zur-osterwanderung\/#primaryimage","url":"https:\/\/www.evangelisch-in-jerusalem.org\/wp-content\/uploads\/2024\/03\/Emmaus_Schmidt-Rottluff_1918.jpg","contentUrl":"https:\/\/www.evangelisch-in-jerusalem.org\/wp-content\/uploads\/2024\/03\/Emmaus_Schmidt-Rottluff_1918.jpg","width":800,"height":637,"caption":"Weg nach Emmaus. Holzschnitt, Schmidt-Rottluff 1918"},{"@type":"BreadcrumbList","@id":"https:\/\/www.evangelisch-in-jerusalem.org\/2024\/03\/21\/ostermontag-zwei-wege-gehen-nach-emmaus-einladung-zur-osterwanderung\/#breadcrumb","itemListElement":[{"@type":"ListItem","position":1,"name":"Startseite","item":"https:\/\/www.evangelisch-in-jerusalem.org\/"},{"@type":"ListItem","position":2,"name":"Ostermontag: Der Weg f\u00fchrt nach Emmaus. Einladung zur Pilgerwanderung"}]},{"@type":"WebSite","@id":"https:\/\/www.evangelisch-in-jerusalem.org\/#website","url":"https:\/\/www.evangelisch-in-jerusalem.org\/","name":"Evangelisch in Jerusalem","description":"German Protestant Institutions in the Holy Land","publisher":{"@id":"https:\/\/www.evangelisch-in-jerusalem.org\/#organization"},"potentialAction":[{"@type":"SearchAction","target":{"@type":"EntryPoint","urlTemplate":"https:\/\/www.evangelisch-in-jerusalem.org\/?s={search_term_string}"},"query-input":{"@type":"PropertyValueSpecification","valueRequired":true,"valueName":"search_term_string"}}],"inLanguage":"en-GB"},{"@type":"Organization","@id":"https:\/\/www.evangelisch-in-jerusalem.org\/#organization","name":"German Protestant Institutions in the Holy Land","url":"https:\/\/www.evangelisch-in-jerusalem.org\/","logo":{"@type":"ImageObject","inLanguage":"en-GB","@id":"https:\/\/www.evangelisch-in-jerusalem.org\/#\/schema\/logo\/image\/","url":"https:\/\/www.evangelisch-in-jerusalem.org\/wp-content\/uploads\/2019\/03\/EIJ_Logo_500-px.png","contentUrl":"https:\/\/www.evangelisch-in-jerusalem.org\/wp-content\/uploads\/2019\/03\/EIJ_Logo_500-px.png","width":500,"height":82,"caption":"German Protestant Institutions in the Holy Land"},"image":{"@id":"https:\/\/www.evangelisch-in-jerusalem.org\/#\/schema\/logo\/image\/"},"sameAs":["https:\/\/www.facebook.com\/erloeserkirche.jerusalem"]},{"@type":"Person","@id":"https:\/\/www.evangelisch-in-jerusalem.org\/#\/schema\/person\/ea8e86c01aff849bd324c28bc5574607","name":"Joachim Lenz","sameAs":["http:\/\/evangelisch-in-jerusalem.org"],"url":"https:\/\/www.evangelisch-in-jerusalem.org\/en\/author\/propst-jl\/"}]}},"_links":{"self":[{"href":"https:\/\/www.evangelisch-in-jerusalem.org\/en\/wp-json\/wp\/v2\/posts\/17789","targetHints":{"allow":["GET"]}}],"collection":[{"href":"https:\/\/www.evangelisch-in-jerusalem.org\/en\/wp-json\/wp\/v2\/posts"}],"about":[{"href":"https:\/\/www.evangelisch-in-jerusalem.org\/en\/wp-json\/wp\/v2\/types\/post"}],"author":[{"embeddable":true,"href":"https:\/\/www.evangelisch-in-jerusalem.org\/en\/wp-json\/wp\/v2\/users\/6"}],"replies":[{"embeddable":true,"href":"https:\/\/www.evangelisch-in-jerusalem.org\/en\/wp-json\/wp\/v2\/comments?post=17789"}],"version-history":[{"count":5,"href":"https:\/\/www.evangelisch-in-jerusalem.org\/en\/wp-json\/wp\/v2\/posts\/17789\/revisions"}],"predecessor-version":[{"id":17831,"href":"https:\/\/www.evangelisch-in-jerusalem.org\/en\/wp-json\/wp\/v2\/posts\/17789\/revisions\/17831"}],"wp:featuredmedia":[{"embeddable":true,"href":"https:\/\/www.evangelisch-in-jerusalem.org\/en\/wp-json\/wp\/v2\/media\/17790"}],"wp:attachment":[{"href":"https:\/\/www.evangelisch-in-jerusalem.org\/en\/wp-json\/wp\/v2\/media?parent=17789"}],"wp:term":[{"taxonomy":"category","embeddable":true,"href":"https:\/\/www.evangelisch-in-jerusalem.org\/en\/wp-json\/wp\/v2\/categories?post=17789"},{"taxonomy":"post_tag","embeddable":true,"href":"https:\/\/www.evangelisch-in-jerusalem.org\/en\/wp-json\/wp\/v2\/tags?post=17789"}],"curies":[{"name":"wp","href":"https:\/\/api.w.org\/{rel}","templated":true}]}}