{"id":17607,"date":"2024-03-01T12:28:34","date_gmt":"2024-03-01T10:28:34","guid":{"rendered":"https:\/\/www.evangelisch-in-jerusalem.org\/?p=17607"},"modified":"2024-03-01T12:34:15","modified_gmt":"2024-03-01T10:34:15","slug":"unsere-veranstaltungen-im-maerz","status":"publish","type":"post","link":"https:\/\/www.evangelisch-in-jerusalem.org\/en\/2024\/03\/01\/unsere-veranstaltungen-im-maerz\/","title":{"rendered":"Unsere Veranstaltungen im M\u00e4rz 2024"},"content":{"rendered":"<p>Mo-Fr<strong>&nbsp;&nbsp;&nbsp;&nbsp;&nbsp;&nbsp;&nbsp;&nbsp;&nbsp;&nbsp;&nbsp;&nbsp;&nbsp;<\/strong> 12.00 Uhr<strong><br>Friedensgebet<\/strong> \u2013 eine gute Viertelstunde<br>Evangelische Erl\u00f6serkirche, Muristan St. 1, Altstadt von Jerusalem<\/p>\n\n\n\n<p>Do, Sa&nbsp;&nbsp;&nbsp;&nbsp;&nbsp;&nbsp;&nbsp;&nbsp;&nbsp;&nbsp;&nbsp;&nbsp; 19.00 Uhr<br><strong>Friedensgebet per Zoom<\/strong><br>Einwahllink direkt: <a href=\"https:\/\/is.gd\/y6mWZz\">https:\/\/is.gd\/y6mWZz<\/a>&nbsp;(oder Zoom-ID: 976 8331 9026, Code: 391044)<\/p>\n\n\n\n<p>*&nbsp; *&nbsp; *&nbsp; *&nbsp; *<\/p>\n\n\n\n<p>Fr, 01.03.&nbsp;&nbsp;&nbsp;&nbsp;&nbsp;&nbsp;&nbsp; <br>15.00 Uhr<br><strong>Gottesdienst zum Weltgebetstag der Frauen in der Himmelfahrtkirche<\/strong><br>Vorbereitet von Frauen aus verschiedenen Kirchen, u.a. mit Pfarrerin Sally Azar und Pfarrerin Ines Fischer. <br>Himmelfahrtkirche auf dem \u00d6lberg<\/p>\n\n\n\n<p>Sa, 02.03. &nbsp;&nbsp;&nbsp;&nbsp;&nbsp;&nbsp; <br>12.00 Uhr<br><strong>Orgelandacht in der Erl\u00f6serkirche<\/strong><br>Mit Kirchenmusikdirektor Peter-Michael Seifried<\/p>\n\n\n\n<p>17.00 Uhr<br><strong>Samstagabendgottesdienst unserer Gemeinde in Latrun<br><\/strong>mit Abendmahlsfeier; gleichzeitig ist Kindergottesdienst.<br>Im Anschluss sind alle zum Abendessen (Mitbring-Buffet) eingeladen.<br>Predigt: Sondervikarin Pfarrerin Lisa Schroeder<br>Musik: Kirchenmusikdirektor Peter-Michael Seifried<br>Mitfahrgelegenheiten bitte unter <a href=\"mailto:propstei@evajerusalem.org\">propstei@evajerusalem.org<\/a> anfragen<br>Kommunit\u00e4t der Jesusbruderschaft, Latrun, Ramle<\/p>\n\n\n\n<p>So, 03.03.&nbsp;&nbsp;&nbsp;&nbsp;&nbsp;&nbsp;&nbsp; <br>10:30 Uhr<br><strong>Gottesdienst am Sonntag Okuli<br><\/strong>Predigt: Sondervikarin Pfarrerin Lisa Schroeder<br>Musik: Kirchenmusikdirektor Peter-Michael Seifried<br><a>Erl\u00f6serkirche, Muristan Road 1, Altstadt von Jerusalem<\/a><\/p>\n\n\n\n<p>Di, 05.03.&nbsp;&nbsp;&nbsp;&nbsp;&nbsp;&nbsp;&nbsp; <br>18.00-19.45 Uhr<br><strong>Chorprobe der Kantorei der Erl\u00f6serkirche<\/strong><br>Mit Kirchenmusikdirektor Peter-Michael Seifried<br>Bibliothek der Erl\u00f6serkirche, Muristan Road 5, Altstadt<\/p>\n\n\n\n<p>20.00 Uhr<strong><br>Wurzeln unseres Lebens und unseres Alltages \u2013 kreatives Schreibgespr\u00e4ch<br><\/strong>Gemeindeabend mit Sondervikarin Pfarrerin Lisa Schroeder<br>Refektorium der Erl\u00f6serkirche, Muristan Road 5, Altstadt<\/p>\n\n\n\n<p>Mi, 06.03.&nbsp;&nbsp;&nbsp;&nbsp;&nbsp;&nbsp; <br>17.30 Uhr<br><strong>Taiz\u00e9-Andacht in der Himmelfahrtkirche<\/strong><br>Singen-schweigen-beten<br>Mit Pfarrerin Ines Fischer und Kirchenmusikdirektor Peter-Michael Seifried<br>Im Anschluss: Beisammensein mit Abendessen im Caf\u00e9 Auguste Victoria. Ohne Anmeldung.<\/p>\n\n\n\n<p>Sa, 09.03. &nbsp;&nbsp;&nbsp;&nbsp;&nbsp;&nbsp; <br>5.30 Uhr bis 18.00 Uhr \u201e<strong>Ein Tag auf der Auguste<\/strong>\u201c<br>5.30 Uhr<br><strong>Andacht bei Sonnenaufgang auf dem Turm der Himmelfahrtkirche<\/strong><br>Mit Pfarrerin Ines Fischer; Treffpunkt vor der Kirche<br>Turm der Himmelfahrtkirche auf dem \u00d6lberg<\/p>\n\n\n\n<p>7.00-13.00 Uhr<br><strong>Fr\u00fchst\u00fccksbuffet im Caf\u00e9 Auguste Victoria<\/strong><br>Kennenlernen, Beisammensein, Gespr\u00e4che und Fr\u00fchst\u00fccken \u2026<\/p>\n\n\n\n<p>10.10-10.40 Uhr<br><strong>Orgelkonzert in der Himmelfahrtkirche<br><\/strong>Mit Kirchenmusikdirektor Peter-Michael Seifried<\/p>\n\n\n\n<p>14.00 Uhr<br><strong>Kirchenf\u00fchrung durch die Himmelfahrtkirche f\u00fcr Kinder<br><\/strong>Mit Pfarrerin Ines Fischer<\/p>\n\n\n\n<p>15.00-18.00 Uhr<br><strong>Flohmarkt auf der Auguste<br><\/strong>Verkauf von Gebrauchtwaren wie Spielsachen, Kleider, Autositze, B\u00fccher<strong> \u2026<br><\/strong>Infos unter: <a href=\"mailto:himmelfahrt@evajerusalem.org\">himmelfahrt@evajerusalem.org<\/a><strong><br><\/strong>Auf dem Gel\u00e4nde vor der Himmelfahrtkirche auf dem \u00d6lberg<\/p>\n\n\n\n<p>12.00 Uhr<br><strong>Orgelandacht in der Erl\u00f6serkirche<\/strong><br>Mit Kirchenmusikdirektor Peter-Michael Seifried<\/p>\n\n\n\n<p>So, 10.03.&nbsp;&nbsp;&nbsp;&nbsp;&nbsp;&nbsp;&nbsp; <br>10:30 Uhr<br><strong>Gottesdienst mit Abendmahl am Sonntag L\u00e4tare<br><\/strong>Predigt: Sondervikarin Christiane Bramkamp<br>Musik: Kirchenmusikdirektor Peter-Michael Seifried<br>Erl\u00f6serkirche, Muristan Road 1, Altstadt von Jerusalem<\/p>\n\n\n\n<p>Di, 12.03.&nbsp;&nbsp;&nbsp;&nbsp;&nbsp;&nbsp;&nbsp; <br>18.00-19.45 Uhr<br><strong>Chorprobe der Kantorei der Erl\u00f6serkirche<\/strong><br>Mit Kirchenmusikdirektor Peter-Michael Seifried<br>Bibliothek der Erl\u00f6serkirche, Muristan Road 5, Altstadt<\/p>\n\n\n\n<p>20.00 Uhr<br><strong>Warum werden Menschen Nonnen oder M\u00f6nche<\/strong> \u2013 <strong>M\u00f6nchtum in der Antike?<br><\/strong>Gemeindeabend mit Professor Christoph Markschies, Professor f\u00fcr Antikes Christentum, Berlin<br>Refektorium der Erl\u00f6serkirche, Muristan Road 5, Altstadt<\/p>\n\n\n\n<p>Mi, 13.03.<a>&nbsp;&nbsp;&nbsp;&nbsp;&nbsp;&nbsp; <\/a><br>17.30 Uhr<br><strong>Taiz\u00e9-Andacht in der Himmelfahrtkirche<\/strong><br>Singen-schweigen-beten<br>Pfarrerin Ines Fischer und Kirchenmusikdirektor Peter-Michael Seifried<br>Im Anschluss: Beisammensein mit gutem Essen im Caf\u00e9 Auguste Victoria. Ohne Anmeldung.<\/p>\n\n\n\n<p>Sa, 16.03.&nbsp;&nbsp;&nbsp;&nbsp;&nbsp;&nbsp;&nbsp; <br>12.00 Uhr<br><strong>Orgelandacht in der Erl\u00f6serkirche<\/strong><br>Mit Kirchenmusikdirektor Peter-Michael Seifried<\/p>\n\n\n\n<p>So, 17.03.&nbsp;&nbsp;&nbsp;&nbsp;&nbsp;&nbsp;&nbsp; <br>10.30 Uhr<br><strong>Gottesdienst am Sonntag Invokavit<br><\/strong>Predigt: Sondervikarin Pfarrerin Lisa Schroeder<br>Musik: Kirchenmusikdirektor Peter-Michael Seifried<br>Erl\u00f6serkirche, Muristan Road 1, Altstadt von Jerusalem<\/p>\n\n\n\n<p>Di, 19.03.&nbsp;&nbsp;&nbsp;&nbsp;&nbsp;&nbsp;&nbsp; <br>18.00-19.45 Uhr<br><strong>Chorprobe der Kantorei der Erl\u00f6serkirche<\/strong><br>Mit Kirchenmusikdirektor Peter-Michael Seifried<br>Bibliothek der Erl\u00f6serkirche, Muristan Road 5, Altstadt<\/p>\n\n\n\n<p>20.00 Uhr<br><strong>Ganz Ohr! \u201eUnd nach dem Feuer, kam ein stilles, sanftes Sausen.\u201c <\/strong><em>1. K\u00f6nige 19,12<\/em><br>Bibeltext-Worte und Orgelkl\u00e4nge auf der Empore. Ein Abend zum H\u00f6ren mit Sondervikarin Pfarrerin Lisa Schroeder <br>und Kirchenmusikdirektor Peter-Michael Seifried<br>Refektorium der Erl\u00f6serkirche, Muristan Road 5, Altstadt<\/p>\n\n\n\n<p>Mi, 20.03.&nbsp;&nbsp;&nbsp;&nbsp;&nbsp;&nbsp; <br>17.30 Uhr<br><strong>Taiz\u00e9-Andacht in der Himmelfahrtkirche<\/strong><br>Singen-schweigen-beten<br>Pfarrerin Ines Fischer und Kirchenmusikdirektor Peter-Michael Seifried<br>Im Anschluss: Beisammensein mit gutem Essen im Caf\u00e9 Auguste Victoria. Ohne Anmeldung.<\/p>\n\n\n\n<p>Sa, 23.03.&nbsp;&nbsp;&nbsp;&nbsp;&nbsp;&nbsp;&nbsp; <br>12.00 Uhr<br><strong>Orgelandacht in der Erl\u00f6serkirche<\/strong><br>Mit Kirchenmusikdirektor Peter-Michael Seifried<\/p>\n\n\n\n<p>So, 24.03.&nbsp;&nbsp;&nbsp;&nbsp;&nbsp;&nbsp;&nbsp; <br>10.30 Uhr<br><strong>Gottesdienst mit Abendmahl am Sonntag Palmarum<br><\/strong>Predigt: Propst Joachim Lenz<br>Musik: Kirchenmusikdirektor Peter-Michael Seifried<br>Erl\u00f6serkirche, Muristan Road 1, Altstadt von Jerusalem<\/p>\n\n\n\n<p>Di, 26.03.&nbsp;&nbsp;&nbsp;&nbsp;&nbsp;&nbsp;&nbsp; &nbsp;&nbsp;<br>18.00-19.45 Uhr<br><strong>Chorprobe der Kantorei der Erl\u00f6serkirche<\/strong><br>Mit Kirchenmusikdirektor Peter-Michael Seifried<br>Bibliothek der Erl\u00f6serkirche, Muristan Road 5, Altstadt<\/p>\n\n\n\n<p>20.00 Uhr<br><strong>Stummfilm mit Live-Musik \u201eDer Galil\u00e4er\u201c<\/strong><br>Ein Film von Dimitri Buchowetzki, Deutschland 1921<br>Musik: Kirchenmusikdirektor Peter-Michael Seifried<br>Johanniterkapelle der Erl\u00f6serkirche, Muristan Road 5, Altstadt<\/p>\n\n\n\n<p>Mi, 27.03.&nbsp;&nbsp;&nbsp;&nbsp;&nbsp;&nbsp; <br>17.30 Uhr<br><strong>Taiz\u00e9-Andacht in der Himmelfahrtkirche<\/strong><br>Singen-schweigen-beten<br>Pfarrerin Ines Fischer und Kirchenmusikdirektor Peter-Michael Seifried<br>Im Anschluss: Beisammensein mit gutem Essen im Caf\u00e9 Auguste Victoria. Ohne Anmeldung.<\/p>\n\n\n\n<p>Do, 28.03.&nbsp;&nbsp;&nbsp;&nbsp;&nbsp;Gr\u00fcndonnerstag&nbsp; <br>16.30 Uhr<br><strong>Internationaler Gottesdienst zu Gr\u00fcndonnerstag in der Erl\u00f6serkirche<br><\/strong>Mit anschlie\u00dfender Prozession nach Gethsemane und Abendmahlsfeier dort<br>Englisch-, arabisch und deutschsprachig, vorbereitet von den Evangelischen Gemeinden in Jerusalem. U.a. mit Pfarrerin Ines Fischer<\/p>\n\n\n\n<p>Fr, 29.03.&nbsp;&nbsp;&nbsp;&nbsp;&nbsp;Karfreitag&nbsp;&nbsp;&nbsp; <br>6.30 Uhr <br><strong>Internationaler Gang des Kreuzweges (Via Dolorosa)<\/strong><br>auf Einladung des Anglikanischen Erzbischofs in Jerusalem<br><strong>Anschlie\u00dfend gemeinsames Fr\u00fchst\u00fcck<\/strong> im Refektorium der Propstei<br>Treffpunkt: Altstadt, Via Dolorosa, 2. Station (Ecce Homo, oberhalb des L\u00f6wentors)<\/p>\n\n\n\n<p>10.30 Uhr<br><strong>Gottesdienst in der Erl\u00f6serkirche<\/strong><br>Predigt: Sondervikarin Pfarrerin Lisa Schroeder<br>Musik: Kirchenmusikdirektor Peter-Michael Seifried<\/p>\n\n\n\n<p>&nbsp;15.00 Uhr<br><strong>Andacht mit Wort und Musik zur Sterbestunde Jesu<\/strong><br>Lesungen: Sondervikarin Christiane Bramkamp<br>Musik: Kirchenmusikdirektor Peter-Michael Seifried<br>Werke von J. S. Bach, F. Mendelssohn Bartholdy u.a.<br>Erl\u00f6serkirche, Muristan Road 1, Altstadt von Jerusalem<\/p>\n\n\n\n<p>Sa, 30.03.&nbsp;&nbsp;&nbsp;&nbsp;&nbsp;&nbsp;&nbsp; <br>12.00 Uhr<br><strong>Orgelandacht in der Erl\u00f6serkirche<\/strong><br>Mit Kirchenmusikdirektor Peter-Michael Seifried<\/p>\n\n\n\n<p>So, 31.03. &nbsp;&nbsp;&nbsp;Ostern&nbsp;&nbsp;&nbsp; <br>5.30 Uhr<br><strong>Fr\u00fchgottesdienst \u2013 Beginn in der Himmelfahrtkirche<\/strong><br>anschlie\u00dfend Abendmahlsfeier im Garten des DEIAHL<br>Mit Pfarrerin Ines Fischer<\/p>\n\n\n\n<p>8.30 Uhr<br><strong>Gemeinde-Osterfr\u00fchst\u00fcck in der Propstei<\/strong><br>Anmeldung bitte \u00fcber das Gemeindeb\u00fcro: <a href=\"mailto:propstei@revajerusalem.org\">propstei@revajerusalem.org<\/a><\/p>\n\n\n\n<p>10.30 Uhr<br><strong>Oster-Festgottesdienst mit Abendmahl in der Erl\u00f6serkirche<br><\/strong>Mit Propst Joachim Lenz und Kirchenmusikdirektor Peter-Michael Seifried<\/p>\n\n\n\n<p>14.00 Uhr<br><strong>Osterfeier f\u00fcr Kinder und Familien an der Himmelfahrtkirche<br><\/strong>Mit Pfarrerin Ines Fischer<br>Assumption Church and Caf\u00e9 Auguste Victoria on the Mount of Olives <\/p>\n\n\n\n<p>15.00 Uhr<br><strong>Orgelmusik zum Osterfest in der Erl\u00f6serkirche<\/strong> (30 Minuten)<br>Johann Sebastian Bach u.a.<br>Mit Kirchenmusikdirektor Peter-Michael Seifried<br><\/p>","protected":false},"excerpt":{"rendered":"<p>Mo-Fr&nbsp;&nbsp;&nbsp;&nbsp;&nbsp;&nbsp;&nbsp;&nbsp;&nbsp;&nbsp;&nbsp;&nbsp;&nbsp; 12.00 UhrFriedensgebet \u2013 eine gute ViertelstundeEvangelische Erl\u00f6serkirche, Muristan St. 1, Altstadt von Jerusalem Do, Sa&nbsp;&nbsp;&nbsp;&nbsp;&nbsp;&nbsp;&nbsp;&nbsp;&nbsp;&nbsp;&nbsp;&nbsp; 19.00 UhrFriedensgebet per ZoomEinwahllink direkt: https:\/\/is.gd\/y6mWZz&nbsp;(oder Zoom-ID: 976 8331 9026, Code: 391044) *&nbsp; *&nbsp; *&nbsp; *&nbsp; * Fr, 01.03.&nbsp;&nbsp;&nbsp;&nbsp;&nbsp;&nbsp;&nbsp; 15.00 UhrGottesdienst zum Weltgebetstag der Frauen in der HimmelfahrtkircheVorbereitet von Frauen aus verschiedenen Kirchen, u.a. mit Pfarrerin Sally Azar und &hellip; <\/p>\n<p class=\"link-more\"><a href=\"https:\/\/www.evangelisch-in-jerusalem.org\/en\/2024\/03\/01\/unsere-veranstaltungen-im-maerz\/\" class=\"more-link\">Continue reading<span class=\"screen-reader-text\"> &#8220;Unsere Veranstaltungen im M\u00e4rz 2024&#8221;<\/span><\/a><\/p>","protected":false},"author":8,"featured_media":17074,"comment_status":"closed","ping_status":"closed","sticky":false,"template":"","format":"standard","meta":{"footnotes":""},"categories":[1],"tags":[],"class_list":["post-17607","post","type-post","status-publish","format-standard","has-post-thumbnail","hentry","category-allgemein","entry"],"yoast_head":"<!-- This site is optimized with the Yoast SEO plugin v27.4 - https:\/\/yoast.com\/product\/yoast-seo-wordpress\/ -->\n<title>Unsere Veranstaltungen im M\u00e4rz 2024 - Evangelisch in Jerusalem<\/title>\n<meta name=\"robots\" content=\"index, follow, max-snippet:-1, max-image-preview:large, max-video-preview:-1\" \/>\n<link rel=\"canonical\" href=\"https:\/\/www.evangelisch-in-jerusalem.org\/en\/2024\/03\/01\/unsere-veranstaltungen-im-maerz\/\" \/>\n<meta property=\"og:locale\" content=\"en_GB\" \/>\n<meta property=\"og:type\" content=\"article\" \/>\n<meta property=\"og:title\" content=\"Unsere Veranstaltungen im M\u00e4rz 2024 - Evangelisch in Jerusalem\" \/>\n<meta property=\"og:description\" content=\"Mo-Fr&nbsp;&nbsp;&nbsp;&nbsp;&nbsp;&nbsp;&nbsp;&nbsp;&nbsp;&nbsp;&nbsp;&nbsp;&nbsp; 12.00 UhrFriedensgebet \u2013 eine gute ViertelstundeEvangelische Erl\u00f6serkirche, Muristan St. 1, Altstadt von Jerusalem Do, Sa&nbsp;&nbsp;&nbsp;&nbsp;&nbsp;&nbsp;&nbsp;&nbsp;&nbsp;&nbsp;&nbsp;&nbsp; 19.00 UhrFriedensgebet per ZoomEinwahllink direkt: https:\/\/is.gd\/y6mWZz&nbsp;(oder Zoom-ID: 976 8331 9026, Code: 391044) *&nbsp; *&nbsp; *&nbsp; *&nbsp; * Fr, 01.03.&nbsp;&nbsp;&nbsp;&nbsp;&nbsp;&nbsp;&nbsp; 15.00 UhrGottesdienst zum Weltgebetstag der Frauen in der HimmelfahrtkircheVorbereitet von Frauen aus verschiedenen Kirchen, u.a. mit Pfarrerin Sally Azar und &hellip; Continue reading &quot;Unsere Veranstaltungen im M\u00e4rz 2024&quot;\" \/>\n<meta property=\"og:url\" content=\"https:\/\/www.evangelisch-in-jerusalem.org\/en\/2024\/03\/01\/unsere-veranstaltungen-im-maerz\/\" \/>\n<meta property=\"og:site_name\" content=\"Evangelisch in Jerusalem\" \/>\n<meta property=\"article:publisher\" content=\"https:\/\/www.facebook.com\/erloeserkirche.jerusalem\" \/>\n<meta property=\"article:published_time\" content=\"2024-03-01T10:28:34+00:00\" \/>\n<meta property=\"article:modified_time\" content=\"2024-03-01T10:34:15+00:00\" \/>\n<meta property=\"og:image\" content=\"https:\/\/www.evangelisch-in-jerusalem.org\/wp-content\/uploads\/2024\/01\/1700123047661-002-scaled.jpg\" \/>\n\t<meta property=\"og:image:width\" content=\"2560\" \/>\n\t<meta property=\"og:image:height\" content=\"1922\" \/>\n\t<meta property=\"og:image:type\" content=\"image\/jpeg\" \/>\n<meta name=\"author\" content=\"Bilhan Rechtman\" \/>\n<meta name=\"twitter:card\" content=\"summary_large_image\" \/>\n<meta name=\"twitter:label1\" content=\"Written by\" \/>\n\t<meta name=\"twitter:data1\" content=\"Bilhan Rechtman\" \/>\n<script type=\"application\/ld+json\" class=\"yoast-schema-graph\">{\"@context\":\"https:\\\/\\\/schema.org\",\"@graph\":[{\"@type\":\"Article\",\"@id\":\"https:\\\/\\\/www.evangelisch-in-jerusalem.org\\\/2024\\\/03\\\/01\\\/unsere-veranstaltungen-im-maerz\\\/#article\",\"isPartOf\":{\"@id\":\"https:\\\/\\\/www.evangelisch-in-jerusalem.org\\\/2024\\\/03\\\/01\\\/unsere-veranstaltungen-im-maerz\\\/\"},\"author\":{\"name\":\"Bilhan Rechtman\",\"@id\":\"https:\\\/\\\/www.evangelisch-in-jerusalem.org\\\/#\\\/schema\\\/person\\\/1a5c46f66365bb12b39ea0ebe03339a7\"},\"headline\":\"Unsere Veranstaltungen im M\u00e4rz 2024\",\"datePublished\":\"2024-03-01T10:28:34+00:00\",\"dateModified\":\"2024-03-01T10:34:15+00:00\",\"mainEntityOfPage\":{\"@id\":\"https:\\\/\\\/www.evangelisch-in-jerusalem.org\\\/2024\\\/03\\\/01\\\/unsere-veranstaltungen-im-maerz\\\/\"},\"wordCount\":1016,\"publisher\":{\"@id\":\"https:\\\/\\\/www.evangelisch-in-jerusalem.org\\\/#organization\"},\"image\":{\"@id\":\"https:\\\/\\\/www.evangelisch-in-jerusalem.org\\\/2024\\\/03\\\/01\\\/unsere-veranstaltungen-im-maerz\\\/#primaryimage\"},\"thumbnailUrl\":\"https:\\\/\\\/www.evangelisch-in-jerusalem.org\\\/wp-content\\\/uploads\\\/2024\\\/01\\\/1700123047661-002-scaled.jpg\",\"articleSection\":[\"Allgemein\"],\"inLanguage\":\"en-GB\"},{\"@type\":\"WebPage\",\"@id\":\"https:\\\/\\\/www.evangelisch-in-jerusalem.org\\\/2024\\\/03\\\/01\\\/unsere-veranstaltungen-im-maerz\\\/\",\"url\":\"https:\\\/\\\/www.evangelisch-in-jerusalem.org\\\/2024\\\/03\\\/01\\\/unsere-veranstaltungen-im-maerz\\\/\",\"name\":\"Unsere Veranstaltungen im M\u00e4rz 2024 - Evangelisch in Jerusalem\",\"isPartOf\":{\"@id\":\"https:\\\/\\\/www.evangelisch-in-jerusalem.org\\\/#website\"},\"primaryImageOfPage\":{\"@id\":\"https:\\\/\\\/www.evangelisch-in-jerusalem.org\\\/2024\\\/03\\\/01\\\/unsere-veranstaltungen-im-maerz\\\/#primaryimage\"},\"image\":{\"@id\":\"https:\\\/\\\/www.evangelisch-in-jerusalem.org\\\/2024\\\/03\\\/01\\\/unsere-veranstaltungen-im-maerz\\\/#primaryimage\"},\"thumbnailUrl\":\"https:\\\/\\\/www.evangelisch-in-jerusalem.org\\\/wp-content\\\/uploads\\\/2024\\\/01\\\/1700123047661-002-scaled.jpg\",\"datePublished\":\"2024-03-01T10:28:34+00:00\",\"dateModified\":\"2024-03-01T10:34:15+00:00\",\"breadcrumb\":{\"@id\":\"https:\\\/\\\/www.evangelisch-in-jerusalem.org\\\/2024\\\/03\\\/01\\\/unsere-veranstaltungen-im-maerz\\\/#breadcrumb\"},\"inLanguage\":\"en-GB\",\"potentialAction\":[{\"@type\":\"ReadAction\",\"target\":[\"https:\\\/\\\/www.evangelisch-in-jerusalem.org\\\/2024\\\/03\\\/01\\\/unsere-veranstaltungen-im-maerz\\\/\"]}]},{\"@type\":\"ImageObject\",\"inLanguage\":\"en-GB\",\"@id\":\"https:\\\/\\\/www.evangelisch-in-jerusalem.org\\\/2024\\\/03\\\/01\\\/unsere-veranstaltungen-im-maerz\\\/#primaryimage\",\"url\":\"https:\\\/\\\/www.evangelisch-in-jerusalem.org\\\/wp-content\\\/uploads\\\/2024\\\/01\\\/1700123047661-002-scaled.jpg\",\"contentUrl\":\"https:\\\/\\\/www.evangelisch-in-jerusalem.org\\\/wp-content\\\/uploads\\\/2024\\\/01\\\/1700123047661-002-scaled.jpg\",\"width\":2560,\"height\":1922,\"caption\":\"Die Erl\u00f6serkirche vom Dach aus fotografiert\"},{\"@type\":\"BreadcrumbList\",\"@id\":\"https:\\\/\\\/www.evangelisch-in-jerusalem.org\\\/2024\\\/03\\\/01\\\/unsere-veranstaltungen-im-maerz\\\/#breadcrumb\",\"itemListElement\":[{\"@type\":\"ListItem\",\"position\":1,\"name\":\"Startseite\",\"item\":\"https:\\\/\\\/www.evangelisch-in-jerusalem.org\\\/\"},{\"@type\":\"ListItem\",\"position\":2,\"name\":\"Unsere Veranstaltungen im M\u00e4rz 2024\"}]},{\"@type\":\"WebSite\",\"@id\":\"https:\\\/\\\/www.evangelisch-in-jerusalem.org\\\/#website\",\"url\":\"https:\\\/\\\/www.evangelisch-in-jerusalem.org\\\/\",\"name\":\"Evangelisch in Jerusalem\",\"description\":\"Stiftungen der EKD im Heiligen Land\",\"publisher\":{\"@id\":\"https:\\\/\\\/www.evangelisch-in-jerusalem.org\\\/#organization\"},\"potentialAction\":[{\"@type\":\"SearchAction\",\"target\":{\"@type\":\"EntryPoint\",\"urlTemplate\":\"https:\\\/\\\/www.evangelisch-in-jerusalem.org\\\/?s={search_term_string}\"},\"query-input\":{\"@type\":\"PropertyValueSpecification\",\"valueRequired\":true,\"valueName\":\"search_term_string\"}}],\"inLanguage\":\"en-GB\"},{\"@type\":\"Organization\",\"@id\":\"https:\\\/\\\/www.evangelisch-in-jerusalem.org\\\/#organization\",\"name\":\"German Protestant Institutions in the Holy Land\",\"url\":\"https:\\\/\\\/www.evangelisch-in-jerusalem.org\\\/\",\"logo\":{\"@type\":\"ImageObject\",\"inLanguage\":\"en-GB\",\"@id\":\"https:\\\/\\\/www.evangelisch-in-jerusalem.org\\\/#\\\/schema\\\/logo\\\/image\\\/\",\"url\":\"https:\\\/\\\/www.evangelisch-in-jerusalem.org\\\/wp-content\\\/uploads\\\/2019\\\/03\\\/EIJ_Logo_500-px.png\",\"contentUrl\":\"https:\\\/\\\/www.evangelisch-in-jerusalem.org\\\/wp-content\\\/uploads\\\/2019\\\/03\\\/EIJ_Logo_500-px.png\",\"width\":500,\"height\":82,\"caption\":\"German Protestant Institutions in the Holy Land\"},\"image\":{\"@id\":\"https:\\\/\\\/www.evangelisch-in-jerusalem.org\\\/#\\\/schema\\\/logo\\\/image\\\/\"},\"sameAs\":[\"https:\\\/\\\/www.facebook.com\\\/erloeserkirche.jerusalem\"]},{\"@type\":\"Person\",\"@id\":\"https:\\\/\\\/www.evangelisch-in-jerusalem.org\\\/#\\\/schema\\\/person\\\/1a5c46f66365bb12b39ea0ebe03339a7\",\"name\":\"Bilhan Rechtman\",\"sameAs\":[\"http:\\\/\\\/www.evangelisch-in-jerusalem.org\"],\"url\":\"https:\\\/\\\/www.evangelisch-in-jerusalem.org\\\/en\\\/author\\\/bilhan\\\/\"}]}<\/script>\n<!-- \/ Yoast SEO plugin. -->","yoast_head_json":{"title":"Unsere Veranstaltungen im M\u00e4rz 2024 - Evangelisch in Jerusalem","robots":{"index":"index","follow":"follow","max-snippet":"max-snippet:-1","max-image-preview":"max-image-preview:large","max-video-preview":"max-video-preview:-1"},"canonical":"https:\/\/www.evangelisch-in-jerusalem.org\/en\/2024\/03\/01\/unsere-veranstaltungen-im-maerz\/","og_locale":"en_GB","og_type":"article","og_title":"Unsere Veranstaltungen im M\u00e4rz 2024 - Evangelisch in Jerusalem","og_description":"Mo-Fr&nbsp;&nbsp;&nbsp;&nbsp;&nbsp;&nbsp;&nbsp;&nbsp;&nbsp;&nbsp;&nbsp;&nbsp;&nbsp; 12.00 UhrFriedensgebet \u2013 eine gute ViertelstundeEvangelische Erl\u00f6serkirche, Muristan St. 1, Altstadt von Jerusalem Do, Sa&nbsp;&nbsp;&nbsp;&nbsp;&nbsp;&nbsp;&nbsp;&nbsp;&nbsp;&nbsp;&nbsp;&nbsp; 19.00 UhrFriedensgebet per ZoomEinwahllink direkt: https:\/\/is.gd\/y6mWZz&nbsp;(oder Zoom-ID: 976 8331 9026, Code: 391044) *&nbsp; *&nbsp; *&nbsp; *&nbsp; * Fr, 01.03.&nbsp;&nbsp;&nbsp;&nbsp;&nbsp;&nbsp;&nbsp; 15.00 UhrGottesdienst zum Weltgebetstag der Frauen in der HimmelfahrtkircheVorbereitet von Frauen aus verschiedenen Kirchen, u.a. mit Pfarrerin Sally Azar und &hellip; Continue reading \"Unsere Veranstaltungen im M\u00e4rz 2024\"","og_url":"https:\/\/www.evangelisch-in-jerusalem.org\/en\/2024\/03\/01\/unsere-veranstaltungen-im-maerz\/","og_site_name":"Evangelisch in Jerusalem","article_publisher":"https:\/\/www.facebook.com\/erloeserkirche.jerusalem","article_published_time":"2024-03-01T10:28:34+00:00","article_modified_time":"2024-03-01T10:34:15+00:00","og_image":[{"width":2560,"height":1922,"url":"https:\/\/www.evangelisch-in-jerusalem.org\/wp-content\/uploads\/2024\/01\/1700123047661-002-scaled.jpg","type":"image\/jpeg"}],"author":"Bilhan Rechtman","twitter_card":"summary_large_image","twitter_misc":{"Written by":"Bilhan Rechtman"},"schema":{"@context":"https:\/\/schema.org","@graph":[{"@type":"Article","@id":"https:\/\/www.evangelisch-in-jerusalem.org\/2024\/03\/01\/unsere-veranstaltungen-im-maerz\/#article","isPartOf":{"@id":"https:\/\/www.evangelisch-in-jerusalem.org\/2024\/03\/01\/unsere-veranstaltungen-im-maerz\/"},"author":{"name":"Bilhan Rechtman","@id":"https:\/\/www.evangelisch-in-jerusalem.org\/#\/schema\/person\/1a5c46f66365bb12b39ea0ebe03339a7"},"headline":"Unsere Veranstaltungen im M\u00e4rz 2024","datePublished":"2024-03-01T10:28:34+00:00","dateModified":"2024-03-01T10:34:15+00:00","mainEntityOfPage":{"@id":"https:\/\/www.evangelisch-in-jerusalem.org\/2024\/03\/01\/unsere-veranstaltungen-im-maerz\/"},"wordCount":1016,"publisher":{"@id":"https:\/\/www.evangelisch-in-jerusalem.org\/#organization"},"image":{"@id":"https:\/\/www.evangelisch-in-jerusalem.org\/2024\/03\/01\/unsere-veranstaltungen-im-maerz\/#primaryimage"},"thumbnailUrl":"https:\/\/www.evangelisch-in-jerusalem.org\/wp-content\/uploads\/2024\/01\/1700123047661-002-scaled.jpg","articleSection":["Allgemein"],"inLanguage":"en-GB"},{"@type":"WebPage","@id":"https:\/\/www.evangelisch-in-jerusalem.org\/2024\/03\/01\/unsere-veranstaltungen-im-maerz\/","url":"https:\/\/www.evangelisch-in-jerusalem.org\/2024\/03\/01\/unsere-veranstaltungen-im-maerz\/","name":"Unsere Veranstaltungen im M\u00e4rz 2024 - Evangelisch in Jerusalem","isPartOf":{"@id":"https:\/\/www.evangelisch-in-jerusalem.org\/#website"},"primaryImageOfPage":{"@id":"https:\/\/www.evangelisch-in-jerusalem.org\/2024\/03\/01\/unsere-veranstaltungen-im-maerz\/#primaryimage"},"image":{"@id":"https:\/\/www.evangelisch-in-jerusalem.org\/2024\/03\/01\/unsere-veranstaltungen-im-maerz\/#primaryimage"},"thumbnailUrl":"https:\/\/www.evangelisch-in-jerusalem.org\/wp-content\/uploads\/2024\/01\/1700123047661-002-scaled.jpg","datePublished":"2024-03-01T10:28:34+00:00","dateModified":"2024-03-01T10:34:15+00:00","breadcrumb":{"@id":"https:\/\/www.evangelisch-in-jerusalem.org\/2024\/03\/01\/unsere-veranstaltungen-im-maerz\/#breadcrumb"},"inLanguage":"en-GB","potentialAction":[{"@type":"ReadAction","target":["https:\/\/www.evangelisch-in-jerusalem.org\/2024\/03\/01\/unsere-veranstaltungen-im-maerz\/"]}]},{"@type":"ImageObject","inLanguage":"en-GB","@id":"https:\/\/www.evangelisch-in-jerusalem.org\/2024\/03\/01\/unsere-veranstaltungen-im-maerz\/#primaryimage","url":"https:\/\/www.evangelisch-in-jerusalem.org\/wp-content\/uploads\/2024\/01\/1700123047661-002-scaled.jpg","contentUrl":"https:\/\/www.evangelisch-in-jerusalem.org\/wp-content\/uploads\/2024\/01\/1700123047661-002-scaled.jpg","width":2560,"height":1922,"caption":"Die Erl\u00f6serkirche vom Dach aus fotografiert"},{"@type":"BreadcrumbList","@id":"https:\/\/www.evangelisch-in-jerusalem.org\/2024\/03\/01\/unsere-veranstaltungen-im-maerz\/#breadcrumb","itemListElement":[{"@type":"ListItem","position":1,"name":"Startseite","item":"https:\/\/www.evangelisch-in-jerusalem.org\/"},{"@type":"ListItem","position":2,"name":"Unsere Veranstaltungen im M\u00e4rz 2024"}]},{"@type":"WebSite","@id":"https:\/\/www.evangelisch-in-jerusalem.org\/#website","url":"https:\/\/www.evangelisch-in-jerusalem.org\/","name":"Evangelisch in Jerusalem","description":"German Protestant Institutions in the Holy Land","publisher":{"@id":"https:\/\/www.evangelisch-in-jerusalem.org\/#organization"},"potentialAction":[{"@type":"SearchAction","target":{"@type":"EntryPoint","urlTemplate":"https:\/\/www.evangelisch-in-jerusalem.org\/?s={search_term_string}"},"query-input":{"@type":"PropertyValueSpecification","valueRequired":true,"valueName":"search_term_string"}}],"inLanguage":"en-GB"},{"@type":"Organization","@id":"https:\/\/www.evangelisch-in-jerusalem.org\/#organization","name":"German Protestant Institutions in the Holy Land","url":"https:\/\/www.evangelisch-in-jerusalem.org\/","logo":{"@type":"ImageObject","inLanguage":"en-GB","@id":"https:\/\/www.evangelisch-in-jerusalem.org\/#\/schema\/logo\/image\/","url":"https:\/\/www.evangelisch-in-jerusalem.org\/wp-content\/uploads\/2019\/03\/EIJ_Logo_500-px.png","contentUrl":"https:\/\/www.evangelisch-in-jerusalem.org\/wp-content\/uploads\/2019\/03\/EIJ_Logo_500-px.png","width":500,"height":82,"caption":"German Protestant Institutions in the Holy Land"},"image":{"@id":"https:\/\/www.evangelisch-in-jerusalem.org\/#\/schema\/logo\/image\/"},"sameAs":["https:\/\/www.facebook.com\/erloeserkirche.jerusalem"]},{"@type":"Person","@id":"https:\/\/www.evangelisch-in-jerusalem.org\/#\/schema\/person\/1a5c46f66365bb12b39ea0ebe03339a7","name":"Bilhan Rechtman","sameAs":["http:\/\/www.evangelisch-in-jerusalem.org"],"url":"https:\/\/www.evangelisch-in-jerusalem.org\/en\/author\/bilhan\/"}]}},"_links":{"self":[{"href":"https:\/\/www.evangelisch-in-jerusalem.org\/en\/wp-json\/wp\/v2\/posts\/17607","targetHints":{"allow":["GET"]}}],"collection":[{"href":"https:\/\/www.evangelisch-in-jerusalem.org\/en\/wp-json\/wp\/v2\/posts"}],"about":[{"href":"https:\/\/www.evangelisch-in-jerusalem.org\/en\/wp-json\/wp\/v2\/types\/post"}],"author":[{"embeddable":true,"href":"https:\/\/www.evangelisch-in-jerusalem.org\/en\/wp-json\/wp\/v2\/users\/8"}],"replies":[{"embeddable":true,"href":"https:\/\/www.evangelisch-in-jerusalem.org\/en\/wp-json\/wp\/v2\/comments?post=17607"}],"version-history":[{"count":6,"href":"https:\/\/www.evangelisch-in-jerusalem.org\/en\/wp-json\/wp\/v2\/posts\/17607\/revisions"}],"predecessor-version":[{"id":17613,"href":"https:\/\/www.evangelisch-in-jerusalem.org\/en\/wp-json\/wp\/v2\/posts\/17607\/revisions\/17613"}],"wp:featuredmedia":[{"embeddable":true,"href":"https:\/\/www.evangelisch-in-jerusalem.org\/en\/wp-json\/wp\/v2\/media\/17074"}],"wp:attachment":[{"href":"https:\/\/www.evangelisch-in-jerusalem.org\/en\/wp-json\/wp\/v2\/media?parent=17607"}],"wp:term":[{"taxonomy":"category","embeddable":true,"href":"https:\/\/www.evangelisch-in-jerusalem.org\/en\/wp-json\/wp\/v2\/categories?post=17607"},{"taxonomy":"post_tag","embeddable":true,"href":"https:\/\/www.evangelisch-in-jerusalem.org\/en\/wp-json\/wp\/v2\/tags?post=17607"}],"curies":[{"name":"wp","href":"https:\/\/api.w.org\/{rel}","templated":true}]}}