{"id":17420,"date":"2024-02-09T16:20:37","date_gmt":"2024-02-09T14:20:37","guid":{"rendered":"https:\/\/www.evangelisch-in-jerusalem.org\/?p=17420"},"modified":"2024-02-09T16:20:39","modified_gmt":"2024-02-09T14:20:39","slug":"freitag-1-maerz-2024-weltgebetstag-der-frauen-vorbereitet-in-palaestina","status":"publish","type":"post","link":"https:\/\/www.evangelisch-in-jerusalem.org\/en\/2024\/02\/09\/freitag-1-maerz-2024-weltgebetstag-der-frauen-vorbereitet-in-palaestina\/","title":{"rendered":"Freitag, 1. M\u00e4rz 2024: Weltgebetstag der Frauen, vorbereitet in Pal\u00e4stina"},"content":{"rendered":"<p>Wie schon f\u00fcr 1994 haben christliche Pal\u00e4stinenserinnen die Weltgebetstagsliturgie f\u00fcr das Jahr 2024 verfasst. Sie beschreiben ihr Land als winzigen Fleck im Nahen Osten, der f\u00fcr die drei abrahamitischen Religionen von Bedeutung ist: Judentum, Christentum und Islam.<\/p>\n\n\n\n<blockquote class=\"wp-block-quote is-layout-flow wp-block-quote-is-layout-flow\"><p><strong>\u2026 durch das Band des Friedens ertragt einander in Liebe<\/strong><\/p><cite>Epheserbrief, Kap. 4,1-7<\/cite><\/blockquote>\n\n\n\n<p>Das Land hat eine leidvolle Geschichte. Die aktuelle Situation ist eine Folge der politischen Lage im Nahen Osten nach dem ersten Weltkrieg und der Gr\u00fcndung des Staates Israel 1948, nach dem zweiten Weltkrieg. Was von in Europa verfolgten Juden und J\u00fcdinnen als Tag des Jubels gefeiert wurde, bedeutet f\u00fcr Pal\u00e4stinenser und Pal\u00e4stinenserinnen, die damals ihre Heimat verloren, eine Katastrophe, arabisch: Nakba.<\/p>\n\n\n\n<p>Bis heute ist unsere Wahrnehmung von Pal\u00e4stina gepr\u00e4gt durch Nachrichten von gewaltsamen Konflikten, Terroranschl\u00e4gen und Krieg. Weniger Aufmerksamkeit erhalten dabei Berichte \u00fcber verschiedene Organisationen und Projekte, die sich aktiv f\u00fcr Vers\u00f6hnung und Frieden einsetzen. Leider werden diese Initiativen durch die Politik der Machthabenden beider Seiten nicht gef\u00f6rdert, sondern im Gegenteil unterdr\u00fcckt.<\/p>\n\n\n\n<p>In diesem Spannungsfeld bewegen sich die Pal\u00e4stinenserinnen, die f\u00fcr uns die WGT-Feier nach dem Text aus dem Brief an die Gemeinde in Ephesus (Kapitel 4, Verse 1-7) vorbereiten. In ihrer Situation erweist sich die Ermahnung\u00a0<strong><strong><strong><strong>\u00bb<\/strong><\/strong><\/strong>Ich bitte euch, \u2026 ertragt einander in Liebe<strong>\u00ab<\/strong>\u00a0<\/strong>als gro\u00dfe Herausforderung. Wie sie damit umgehen, illustrieren die Geschichten und Lebensziele von drei Frauen aus verschiedenen Generationen.<\/p>\n\n\n\n<p>Ist in der gemeinsamen Sehnsucht nach Frieden ein Miteinander statt Gegeneinander m\u00f6glich\u00a0<strong><strong>\u00bb<\/strong>durch das Band des Friedens<strong>\u00ab<\/strong><\/strong>?<\/p>\n\n\n\n<blockquote class=\"wp-block-quote is-layout-flow wp-block-quote-is-layout-flow\"><p>In Jerusalem laden wir ein<br>zum Weltgebetstags-Gottesdienst <br>in der Himmelfahrtkirche auf dem \u00d6lberg,<br>Freitag, 1. M\u00e4rz 2024, um 15.00 Uhr.<\/p><\/blockquote>\n\n\n\n<figure class=\"wp-block-image size-large is-resized\"><img fetchpriority=\"high\" decoding=\"async\" src=\"https:\/\/www.evangelisch-in-jerusalem.org\/wp-content\/uploads\/2024\/02\/WGT-2024-Palaestina-Titelbild-Halima-Aziz-1089x1536-1-726x1024.jpg\" alt=\"\" class=\"wp-image-17419\" width=\"726\" height=\"1024\" srcset=\"https:\/\/www.evangelisch-in-jerusalem.org\/wp-content\/uploads\/2024\/02\/WGT-2024-Palaestina-Titelbild-Halima-Aziz-1089x1536-1-726x1024.jpg 726w, https:\/\/www.evangelisch-in-jerusalem.org\/wp-content\/uploads\/2024\/02\/WGT-2024-Palaestina-Titelbild-Halima-Aziz-1089x1536-1-213x300.jpg 213w, https:\/\/www.evangelisch-in-jerusalem.org\/wp-content\/uploads\/2024\/02\/WGT-2024-Palaestina-Titelbild-Halima-Aziz-1089x1536-1-768x1083.jpg 768w, https:\/\/www.evangelisch-in-jerusalem.org\/wp-content\/uploads\/2024\/02\/WGT-2024-Palaestina-Titelbild-Halima-Aziz-1089x1536-1-9x12.jpg 9w, https:\/\/www.evangelisch-in-jerusalem.org\/wp-content\/uploads\/2024\/02\/WGT-2024-Palaestina-Titelbild-Halima-Aziz-1089x1536-1.jpg 1089w\" sizes=\"(max-width: 726px) 100vw, 726px\" \/><figcaption>Die K\u00fcnstlerin Halima Aziz hat das Titelbild erschaffen<br> zum Thema aus dem Brief an die Gemeinde in Ephesus 4,1-7:\u00a0<br><strong><em>\u2026 durch das Band des Friedens ertragt einander in Liebe.<\/em><\/strong><\/figcaption><\/figure>\n\n\n\n<p>Der Olivenbaum ist mit seinen Wurzeln fest im Boden verankert, so wie es das pal\u00e4stinensische Volk auch ist.<\/p>\n\n\n\n<p>Die drei Frauen tragen traditionell bestickte Kleider und weisse Kopft\u00fccher verziert mit Mohnblumen. Sie zeigen keine Gesichter, aber sie hoffen, sichtbarer zu werden und eines Tages in ihre H\u00e4user zur\u00fcckkehren zu k\u00f6nnen, aus denen sie oder ihre Eltern vertrieben worden sind. Die Hausschl\u00fcssel tragen sie immer bei sich und geben sie an die n\u00e4chste Generation weiter, um jederzeit f\u00fcr diesen bedeutungsvollen Tag bereit zu sein.<\/p>\n\n\n\n<h2 class=\"wp-block-heading\">Salaam \u2013 der Friede sei mit uns allen!<\/h2>","protected":false},"excerpt":{"rendered":"<p>Wie schon f\u00fcr 1994 haben christliche Pal\u00e4stinenserinnen die Weltgebetstagsliturgie f\u00fcr das Jahr 2024 verfasst. Sie beschreiben ihr Land als winzigen Fleck im Nahen Osten, der f\u00fcr die drei abrahamitischen Religionen von Bedeutung ist: Judentum, Christentum und Islam. \u2026 durch das Band des Friedens ertragt einander in Liebe Epheserbrief, Kap. 4,1-7 Das Land hat eine leidvolle &hellip; <\/p>\n<p class=\"link-more\"><a href=\"https:\/\/www.evangelisch-in-jerusalem.org\/en\/2024\/02\/09\/freitag-1-maerz-2024-weltgebetstag-der-frauen-vorbereitet-in-palaestina\/\" class=\"more-link\">Continue reading<span class=\"screen-reader-text\"> &#8220;Freitag, 1. M\u00e4rz 2024: Weltgebetstag der Frauen, vorbereitet in Pal\u00e4stina&#8221;<\/span><\/a><\/p>","protected":false},"author":6,"featured_media":17416,"comment_status":"closed","ping_status":"closed","sticky":false,"template":"","format":"standard","meta":{"footnotes":""},"categories":[1],"tags":[],"class_list":["post-17420","post","type-post","status-publish","format-standard","has-post-thumbnail","hentry","category-allgemein","entry"],"yoast_head":"<!-- This site is optimized with the Yoast SEO plugin v27.4 - https:\/\/yoast.com\/product\/yoast-seo-wordpress\/ -->\n<title>Freitag, 1. M\u00e4rz 2024: Weltgebetstag der Frauen, vorbereitet in Pal\u00e4stina - Evangelisch in Jerusalem<\/title>\n<meta name=\"robots\" content=\"index, follow, max-snippet:-1, max-image-preview:large, max-video-preview:-1\" \/>\n<link rel=\"canonical\" href=\"https:\/\/www.evangelisch-in-jerusalem.org\/en\/2024\/02\/09\/freitag-1-maerz-2024-weltgebetstag-der-frauen-vorbereitet-in-palaestina\/\" \/>\n<meta property=\"og:locale\" content=\"en_GB\" \/>\n<meta property=\"og:type\" content=\"article\" \/>\n<meta property=\"og:title\" content=\"Freitag, 1. M\u00e4rz 2024: Weltgebetstag der Frauen, vorbereitet in Pal\u00e4stina - Evangelisch in Jerusalem\" \/>\n<meta property=\"og:description\" content=\"Wie schon f\u00fcr 1994 haben christliche Pal\u00e4stinenserinnen die Weltgebetstagsliturgie f\u00fcr das Jahr 2024 verfasst. Sie beschreiben ihr Land als winzigen Fleck im Nahen Osten, der f\u00fcr die drei abrahamitischen Religionen von Bedeutung ist: Judentum, Christentum und Islam. \u2026 durch das Band des Friedens ertragt einander in Liebe Epheserbrief, Kap. 4,1-7 Das Land hat eine leidvolle &hellip; Continue reading &quot;Freitag, 1. M\u00e4rz 2024: Weltgebetstag der Frauen, vorbereitet in Pal\u00e4stina&quot;\" \/>\n<meta property=\"og:url\" content=\"https:\/\/www.evangelisch-in-jerusalem.org\/en\/2024\/02\/09\/freitag-1-maerz-2024-weltgebetstag-der-frauen-vorbereitet-in-palaestina\/\" \/>\n<meta property=\"og:site_name\" content=\"Evangelisch in Jerusalem\" \/>\n<meta property=\"article:publisher\" content=\"https:\/\/www.facebook.com\/erloeserkirche.jerusalem\" \/>\n<meta property=\"article:published_time\" content=\"2024-02-09T14:20:37+00:00\" \/>\n<meta property=\"article:modified_time\" content=\"2024-02-09T14:20:39+00:00\" \/>\n<meta property=\"og:image\" content=\"https:\/\/www.evangelisch-in-jerusalem.org\/wp-content\/uploads\/2024\/02\/logo-wgt_copyright-wgt-ev.jpg\" \/>\n\t<meta property=\"og:image:width\" content=\"1916\" \/>\n\t<meta property=\"og:image:height\" content=\"1117\" \/>\n\t<meta property=\"og:image:type\" content=\"image\/jpeg\" \/>\n<meta name=\"author\" content=\"Joachim Lenz\" \/>\n<meta name=\"twitter:card\" content=\"summary_large_image\" \/>\n<meta name=\"twitter:label1\" content=\"Written by\" \/>\n\t<meta name=\"twitter:data1\" content=\"Joachim Lenz\" \/>\n\t<meta name=\"twitter:label2\" content=\"Estimated reading time\" \/>\n\t<meta name=\"twitter:data2\" content=\"3 minutes\" \/>\n<script type=\"application\/ld+json\" class=\"yoast-schema-graph\">{\"@context\":\"https:\\\/\\\/schema.org\",\"@graph\":[{\"@type\":\"Article\",\"@id\":\"https:\\\/\\\/www.evangelisch-in-jerusalem.org\\\/2024\\\/02\\\/09\\\/freitag-1-maerz-2024-weltgebetstag-der-frauen-vorbereitet-in-palaestina\\\/#article\",\"isPartOf\":{\"@id\":\"https:\\\/\\\/www.evangelisch-in-jerusalem.org\\\/2024\\\/02\\\/09\\\/freitag-1-maerz-2024-weltgebetstag-der-frauen-vorbereitet-in-palaestina\\\/\"},\"author\":{\"name\":\"Joachim Lenz\",\"@id\":\"https:\\\/\\\/www.evangelisch-in-jerusalem.org\\\/#\\\/schema\\\/person\\\/ea8e86c01aff849bd324c28bc5574607\"},\"headline\":\"Freitag, 1. M\u00e4rz 2024: Weltgebetstag der Frauen, vorbereitet in Pal\u00e4stina\",\"datePublished\":\"2024-02-09T14:20:37+00:00\",\"dateModified\":\"2024-02-09T14:20:39+00:00\",\"mainEntityOfPage\":{\"@id\":\"https:\\\/\\\/www.evangelisch-in-jerusalem.org\\\/2024\\\/02\\\/09\\\/freitag-1-maerz-2024-weltgebetstag-der-frauen-vorbereitet-in-palaestina\\\/\"},\"wordCount\":408,\"publisher\":{\"@id\":\"https:\\\/\\\/www.evangelisch-in-jerusalem.org\\\/#organization\"},\"image\":{\"@id\":\"https:\\\/\\\/www.evangelisch-in-jerusalem.org\\\/2024\\\/02\\\/09\\\/freitag-1-maerz-2024-weltgebetstag-der-frauen-vorbereitet-in-palaestina\\\/#primaryimage\"},\"thumbnailUrl\":\"https:\\\/\\\/www.evangelisch-in-jerusalem.org\\\/wp-content\\\/uploads\\\/2024\\\/02\\\/logo-wgt_copyright-wgt-ev.jpg\",\"articleSection\":[\"Allgemein\"],\"inLanguage\":\"en-GB\"},{\"@type\":\"WebPage\",\"@id\":\"https:\\\/\\\/www.evangelisch-in-jerusalem.org\\\/2024\\\/02\\\/09\\\/freitag-1-maerz-2024-weltgebetstag-der-frauen-vorbereitet-in-palaestina\\\/\",\"url\":\"https:\\\/\\\/www.evangelisch-in-jerusalem.org\\\/2024\\\/02\\\/09\\\/freitag-1-maerz-2024-weltgebetstag-der-frauen-vorbereitet-in-palaestina\\\/\",\"name\":\"Freitag, 1. M\u00e4rz 2024: Weltgebetstag der Frauen, vorbereitet in Pal\u00e4stina - Evangelisch in Jerusalem\",\"isPartOf\":{\"@id\":\"https:\\\/\\\/www.evangelisch-in-jerusalem.org\\\/#website\"},\"primaryImageOfPage\":{\"@id\":\"https:\\\/\\\/www.evangelisch-in-jerusalem.org\\\/2024\\\/02\\\/09\\\/freitag-1-maerz-2024-weltgebetstag-der-frauen-vorbereitet-in-palaestina\\\/#primaryimage\"},\"image\":{\"@id\":\"https:\\\/\\\/www.evangelisch-in-jerusalem.org\\\/2024\\\/02\\\/09\\\/freitag-1-maerz-2024-weltgebetstag-der-frauen-vorbereitet-in-palaestina\\\/#primaryimage\"},\"thumbnailUrl\":\"https:\\\/\\\/www.evangelisch-in-jerusalem.org\\\/wp-content\\\/uploads\\\/2024\\\/02\\\/logo-wgt_copyright-wgt-ev.jpg\",\"datePublished\":\"2024-02-09T14:20:37+00:00\",\"dateModified\":\"2024-02-09T14:20:39+00:00\",\"breadcrumb\":{\"@id\":\"https:\\\/\\\/www.evangelisch-in-jerusalem.org\\\/2024\\\/02\\\/09\\\/freitag-1-maerz-2024-weltgebetstag-der-frauen-vorbereitet-in-palaestina\\\/#breadcrumb\"},\"inLanguage\":\"en-GB\",\"potentialAction\":[{\"@type\":\"ReadAction\",\"target\":[\"https:\\\/\\\/www.evangelisch-in-jerusalem.org\\\/2024\\\/02\\\/09\\\/freitag-1-maerz-2024-weltgebetstag-der-frauen-vorbereitet-in-palaestina\\\/\"]}]},{\"@type\":\"ImageObject\",\"inLanguage\":\"en-GB\",\"@id\":\"https:\\\/\\\/www.evangelisch-in-jerusalem.org\\\/2024\\\/02\\\/09\\\/freitag-1-maerz-2024-weltgebetstag-der-frauen-vorbereitet-in-palaestina\\\/#primaryimage\",\"url\":\"https:\\\/\\\/www.evangelisch-in-jerusalem.org\\\/wp-content\\\/uploads\\\/2024\\\/02\\\/logo-wgt_copyright-wgt-ev.jpg\",\"contentUrl\":\"https:\\\/\\\/www.evangelisch-in-jerusalem.org\\\/wp-content\\\/uploads\\\/2024\\\/02\\\/logo-wgt_copyright-wgt-ev.jpg\",\"width\":1916,\"height\":1117},{\"@type\":\"BreadcrumbList\",\"@id\":\"https:\\\/\\\/www.evangelisch-in-jerusalem.org\\\/2024\\\/02\\\/09\\\/freitag-1-maerz-2024-weltgebetstag-der-frauen-vorbereitet-in-palaestina\\\/#breadcrumb\",\"itemListElement\":[{\"@type\":\"ListItem\",\"position\":1,\"name\":\"Startseite\",\"item\":\"https:\\\/\\\/www.evangelisch-in-jerusalem.org\\\/\"},{\"@type\":\"ListItem\",\"position\":2,\"name\":\"Freitag, 1. M\u00e4rz 2024: Weltgebetstag der Frauen, vorbereitet in Pal\u00e4stina\"}]},{\"@type\":\"WebSite\",\"@id\":\"https:\\\/\\\/www.evangelisch-in-jerusalem.org\\\/#website\",\"url\":\"https:\\\/\\\/www.evangelisch-in-jerusalem.org\\\/\",\"name\":\"Evangelisch in Jerusalem\",\"description\":\"Stiftungen der EKD im Heiligen Land\",\"publisher\":{\"@id\":\"https:\\\/\\\/www.evangelisch-in-jerusalem.org\\\/#organization\"},\"potentialAction\":[{\"@type\":\"SearchAction\",\"target\":{\"@type\":\"EntryPoint\",\"urlTemplate\":\"https:\\\/\\\/www.evangelisch-in-jerusalem.org\\\/?s={search_term_string}\"},\"query-input\":{\"@type\":\"PropertyValueSpecification\",\"valueRequired\":true,\"valueName\":\"search_term_string\"}}],\"inLanguage\":\"en-GB\"},{\"@type\":\"Organization\",\"@id\":\"https:\\\/\\\/www.evangelisch-in-jerusalem.org\\\/#organization\",\"name\":\"German Protestant Institutions in the Holy Land\",\"url\":\"https:\\\/\\\/www.evangelisch-in-jerusalem.org\\\/\",\"logo\":{\"@type\":\"ImageObject\",\"inLanguage\":\"en-GB\",\"@id\":\"https:\\\/\\\/www.evangelisch-in-jerusalem.org\\\/#\\\/schema\\\/logo\\\/image\\\/\",\"url\":\"https:\\\/\\\/www.evangelisch-in-jerusalem.org\\\/wp-content\\\/uploads\\\/2019\\\/03\\\/EIJ_Logo_500-px.png\",\"contentUrl\":\"https:\\\/\\\/www.evangelisch-in-jerusalem.org\\\/wp-content\\\/uploads\\\/2019\\\/03\\\/EIJ_Logo_500-px.png\",\"width\":500,\"height\":82,\"caption\":\"German Protestant Institutions in the Holy Land\"},\"image\":{\"@id\":\"https:\\\/\\\/www.evangelisch-in-jerusalem.org\\\/#\\\/schema\\\/logo\\\/image\\\/\"},\"sameAs\":[\"https:\\\/\\\/www.facebook.com\\\/erloeserkirche.jerusalem\"]},{\"@type\":\"Person\",\"@id\":\"https:\\\/\\\/www.evangelisch-in-jerusalem.org\\\/#\\\/schema\\\/person\\\/ea8e86c01aff849bd324c28bc5574607\",\"name\":\"Joachim Lenz\",\"sameAs\":[\"http:\\\/\\\/evangelisch-in-jerusalem.org\"],\"url\":\"https:\\\/\\\/www.evangelisch-in-jerusalem.org\\\/en\\\/author\\\/propst-jl\\\/\"}]}<\/script>\n<!-- \/ Yoast SEO plugin. -->","yoast_head_json":{"title":"Freitag, 1. M\u00e4rz 2024: Weltgebetstag der Frauen, vorbereitet in Pal\u00e4stina - Evangelisch in Jerusalem","robots":{"index":"index","follow":"follow","max-snippet":"max-snippet:-1","max-image-preview":"max-image-preview:large","max-video-preview":"max-video-preview:-1"},"canonical":"https:\/\/www.evangelisch-in-jerusalem.org\/en\/2024\/02\/09\/freitag-1-maerz-2024-weltgebetstag-der-frauen-vorbereitet-in-palaestina\/","og_locale":"en_GB","og_type":"article","og_title":"Freitag, 1. M\u00e4rz 2024: Weltgebetstag der Frauen, vorbereitet in Pal\u00e4stina - Evangelisch in Jerusalem","og_description":"Wie schon f\u00fcr 1994 haben christliche Pal\u00e4stinenserinnen die Weltgebetstagsliturgie f\u00fcr das Jahr 2024 verfasst. Sie beschreiben ihr Land als winzigen Fleck im Nahen Osten, der f\u00fcr die drei abrahamitischen Religionen von Bedeutung ist: Judentum, Christentum und Islam. \u2026 durch das Band des Friedens ertragt einander in Liebe Epheserbrief, Kap. 4,1-7 Das Land hat eine leidvolle &hellip; Continue reading \"Freitag, 1. M\u00e4rz 2024: Weltgebetstag der Frauen, vorbereitet in Pal\u00e4stina\"","og_url":"https:\/\/www.evangelisch-in-jerusalem.org\/en\/2024\/02\/09\/freitag-1-maerz-2024-weltgebetstag-der-frauen-vorbereitet-in-palaestina\/","og_site_name":"Evangelisch in Jerusalem","article_publisher":"https:\/\/www.facebook.com\/erloeserkirche.jerusalem","article_published_time":"2024-02-09T14:20:37+00:00","article_modified_time":"2024-02-09T14:20:39+00:00","og_image":[{"width":1916,"height":1117,"url":"https:\/\/www.evangelisch-in-jerusalem.org\/wp-content\/uploads\/2024\/02\/logo-wgt_copyright-wgt-ev.jpg","type":"image\/jpeg"}],"author":"Joachim Lenz","twitter_card":"summary_large_image","twitter_misc":{"Written by":"Joachim Lenz","Estimated reading time":"3 minutes"},"schema":{"@context":"https:\/\/schema.org","@graph":[{"@type":"Article","@id":"https:\/\/www.evangelisch-in-jerusalem.org\/2024\/02\/09\/freitag-1-maerz-2024-weltgebetstag-der-frauen-vorbereitet-in-palaestina\/#article","isPartOf":{"@id":"https:\/\/www.evangelisch-in-jerusalem.org\/2024\/02\/09\/freitag-1-maerz-2024-weltgebetstag-der-frauen-vorbereitet-in-palaestina\/"},"author":{"name":"Joachim Lenz","@id":"https:\/\/www.evangelisch-in-jerusalem.org\/#\/schema\/person\/ea8e86c01aff849bd324c28bc5574607"},"headline":"Freitag, 1. M\u00e4rz 2024: Weltgebetstag der Frauen, vorbereitet in Pal\u00e4stina","datePublished":"2024-02-09T14:20:37+00:00","dateModified":"2024-02-09T14:20:39+00:00","mainEntityOfPage":{"@id":"https:\/\/www.evangelisch-in-jerusalem.org\/2024\/02\/09\/freitag-1-maerz-2024-weltgebetstag-der-frauen-vorbereitet-in-palaestina\/"},"wordCount":408,"publisher":{"@id":"https:\/\/www.evangelisch-in-jerusalem.org\/#organization"},"image":{"@id":"https:\/\/www.evangelisch-in-jerusalem.org\/2024\/02\/09\/freitag-1-maerz-2024-weltgebetstag-der-frauen-vorbereitet-in-palaestina\/#primaryimage"},"thumbnailUrl":"https:\/\/www.evangelisch-in-jerusalem.org\/wp-content\/uploads\/2024\/02\/logo-wgt_copyright-wgt-ev.jpg","articleSection":["Allgemein"],"inLanguage":"en-GB"},{"@type":"WebPage","@id":"https:\/\/www.evangelisch-in-jerusalem.org\/2024\/02\/09\/freitag-1-maerz-2024-weltgebetstag-der-frauen-vorbereitet-in-palaestina\/","url":"https:\/\/www.evangelisch-in-jerusalem.org\/2024\/02\/09\/freitag-1-maerz-2024-weltgebetstag-der-frauen-vorbereitet-in-palaestina\/","name":"Freitag, 1. M\u00e4rz 2024: Weltgebetstag der Frauen, vorbereitet in Pal\u00e4stina - Evangelisch in Jerusalem","isPartOf":{"@id":"https:\/\/www.evangelisch-in-jerusalem.org\/#website"},"primaryImageOfPage":{"@id":"https:\/\/www.evangelisch-in-jerusalem.org\/2024\/02\/09\/freitag-1-maerz-2024-weltgebetstag-der-frauen-vorbereitet-in-palaestina\/#primaryimage"},"image":{"@id":"https:\/\/www.evangelisch-in-jerusalem.org\/2024\/02\/09\/freitag-1-maerz-2024-weltgebetstag-der-frauen-vorbereitet-in-palaestina\/#primaryimage"},"thumbnailUrl":"https:\/\/www.evangelisch-in-jerusalem.org\/wp-content\/uploads\/2024\/02\/logo-wgt_copyright-wgt-ev.jpg","datePublished":"2024-02-09T14:20:37+00:00","dateModified":"2024-02-09T14:20:39+00:00","breadcrumb":{"@id":"https:\/\/www.evangelisch-in-jerusalem.org\/2024\/02\/09\/freitag-1-maerz-2024-weltgebetstag-der-frauen-vorbereitet-in-palaestina\/#breadcrumb"},"inLanguage":"en-GB","potentialAction":[{"@type":"ReadAction","target":["https:\/\/www.evangelisch-in-jerusalem.org\/2024\/02\/09\/freitag-1-maerz-2024-weltgebetstag-der-frauen-vorbereitet-in-palaestina\/"]}]},{"@type":"ImageObject","inLanguage":"en-GB","@id":"https:\/\/www.evangelisch-in-jerusalem.org\/2024\/02\/09\/freitag-1-maerz-2024-weltgebetstag-der-frauen-vorbereitet-in-palaestina\/#primaryimage","url":"https:\/\/www.evangelisch-in-jerusalem.org\/wp-content\/uploads\/2024\/02\/logo-wgt_copyright-wgt-ev.jpg","contentUrl":"https:\/\/www.evangelisch-in-jerusalem.org\/wp-content\/uploads\/2024\/02\/logo-wgt_copyright-wgt-ev.jpg","width":1916,"height":1117},{"@type":"BreadcrumbList","@id":"https:\/\/www.evangelisch-in-jerusalem.org\/2024\/02\/09\/freitag-1-maerz-2024-weltgebetstag-der-frauen-vorbereitet-in-palaestina\/#breadcrumb","itemListElement":[{"@type":"ListItem","position":1,"name":"Startseite","item":"https:\/\/www.evangelisch-in-jerusalem.org\/"},{"@type":"ListItem","position":2,"name":"Freitag, 1. M\u00e4rz 2024: Weltgebetstag der Frauen, vorbereitet in Pal\u00e4stina"}]},{"@type":"WebSite","@id":"https:\/\/www.evangelisch-in-jerusalem.org\/#website","url":"https:\/\/www.evangelisch-in-jerusalem.org\/","name":"Evangelisch in Jerusalem","description":"German Protestant Institutions in the Holy Land","publisher":{"@id":"https:\/\/www.evangelisch-in-jerusalem.org\/#organization"},"potentialAction":[{"@type":"SearchAction","target":{"@type":"EntryPoint","urlTemplate":"https:\/\/www.evangelisch-in-jerusalem.org\/?s={search_term_string}"},"query-input":{"@type":"PropertyValueSpecification","valueRequired":true,"valueName":"search_term_string"}}],"inLanguage":"en-GB"},{"@type":"Organization","@id":"https:\/\/www.evangelisch-in-jerusalem.org\/#organization","name":"German Protestant Institutions in the Holy Land","url":"https:\/\/www.evangelisch-in-jerusalem.org\/","logo":{"@type":"ImageObject","inLanguage":"en-GB","@id":"https:\/\/www.evangelisch-in-jerusalem.org\/#\/schema\/logo\/image\/","url":"https:\/\/www.evangelisch-in-jerusalem.org\/wp-content\/uploads\/2019\/03\/EIJ_Logo_500-px.png","contentUrl":"https:\/\/www.evangelisch-in-jerusalem.org\/wp-content\/uploads\/2019\/03\/EIJ_Logo_500-px.png","width":500,"height":82,"caption":"German Protestant Institutions in the Holy Land"},"image":{"@id":"https:\/\/www.evangelisch-in-jerusalem.org\/#\/schema\/logo\/image\/"},"sameAs":["https:\/\/www.facebook.com\/erloeserkirche.jerusalem"]},{"@type":"Person","@id":"https:\/\/www.evangelisch-in-jerusalem.org\/#\/schema\/person\/ea8e86c01aff849bd324c28bc5574607","name":"Joachim Lenz","sameAs":["http:\/\/evangelisch-in-jerusalem.org"],"url":"https:\/\/www.evangelisch-in-jerusalem.org\/en\/author\/propst-jl\/"}]}},"_links":{"self":[{"href":"https:\/\/www.evangelisch-in-jerusalem.org\/en\/wp-json\/wp\/v2\/posts\/17420","targetHints":{"allow":["GET"]}}],"collection":[{"href":"https:\/\/www.evangelisch-in-jerusalem.org\/en\/wp-json\/wp\/v2\/posts"}],"about":[{"href":"https:\/\/www.evangelisch-in-jerusalem.org\/en\/wp-json\/wp\/v2\/types\/post"}],"author":[{"embeddable":true,"href":"https:\/\/www.evangelisch-in-jerusalem.org\/en\/wp-json\/wp\/v2\/users\/6"}],"replies":[{"embeddable":true,"href":"https:\/\/www.evangelisch-in-jerusalem.org\/en\/wp-json\/wp\/v2\/comments?post=17420"}],"version-history":[{"count":4,"href":"https:\/\/www.evangelisch-in-jerusalem.org\/en\/wp-json\/wp\/v2\/posts\/17420\/revisions"}],"predecessor-version":[{"id":17424,"href":"https:\/\/www.evangelisch-in-jerusalem.org\/en\/wp-json\/wp\/v2\/posts\/17420\/revisions\/17424"}],"wp:featuredmedia":[{"embeddable":true,"href":"https:\/\/www.evangelisch-in-jerusalem.org\/en\/wp-json\/wp\/v2\/media\/17416"}],"wp:attachment":[{"href":"https:\/\/www.evangelisch-in-jerusalem.org\/en\/wp-json\/wp\/v2\/media?parent=17420"}],"wp:term":[{"taxonomy":"category","embeddable":true,"href":"https:\/\/www.evangelisch-in-jerusalem.org\/en\/wp-json\/wp\/v2\/categories?post=17420"},{"taxonomy":"post_tag","embeddable":true,"href":"https:\/\/www.evangelisch-in-jerusalem.org\/en\/wp-json\/wp\/v2\/tags?post=17420"}],"curies":[{"name":"wp","href":"https:\/\/api.w.org\/{rel}","templated":true}]}}