{"id":17150,"date":"2024-01-15T14:30:26","date_gmt":"2024-01-15T12:30:26","guid":{"rendered":"https:\/\/www.evangelisch-in-jerusalem.org\/?p=17150"},"modified":"2024-01-15T14:33:29","modified_gmt":"2024-01-15T12:33:29","slug":"gebetswoche-fuer-kirchliche-einheit-du-sollst-den-herrn-deinen-gott-lieben-und-deinen-naechsten-wie-dich-selbst-lukas-1027","status":"publish","type":"post","link":"https:\/\/www.evangelisch-in-jerusalem.org\/en\/2024\/01\/15\/gebetswoche-fuer-kirchliche-einheit-du-sollst-den-herrn-deinen-gott-lieben-und-deinen-naechsten-wie-dich-selbst-lukas-1027\/","title":{"rendered":"Gebetswoche f\u00fcr kirchliche Einheit, 20.-28.1.2024: \u201eDu sollst den Herrn, deinen Gott, lieben und deinen N\u00e4chsten wie dich selbst\u201c (Lukas 10,27)"},"content":{"rendered":"<p>Vom 20. bis 28. Januar feiern die Kirchen in Jerusalem gemeinsam die <em>Week of Prayer for Christian Unity<\/em>, die Gebetswoche f\u00fcr die Einheit der Christen. An jedem Tag treffen wir uns in einer anderen Kirche. Im Anschluss an die Gottesdienste gibt es jeweils Gelegenheit, bei einer Kleinigkeit zu essen oder zu trinken beieinanderzubleiben.<\/p>\n\n\n\n<p><strong>Am Dienstagabend um 17 Uhr ist der Gebetswochen-Gottesdienst traditionell in der Evangelischen Erl\u00f6serkirche.<\/strong><\/p>\n\n\n\n<p>F\u00fcr das Jahr 2024 wurde der \u00f6kumenische Gottesdienst von einem Team vorbereitet, in dem verschiedene christliche Traditionen in <em>Burkina Faso<\/em> vertreten waren und das von der \u00f6rtlichen Gemeinschaft <em>Chemin Neuf <\/em>(GCN) unterst\u00fctzt wurde. Die Auswahl der biblischen und liturgischen Texte ist inspiriert vom Bild des barmherzigen Samariters aus dem Gleichnis (Lukas 10,25-37), in dem Jesus auf eine Frage zum alttestamentlichen Gebot deutlich macht, was es bedeutet, den N\u00e4chsten zu lieben: \u201eDu sollst den Herrn, deinen Gott, lieben \u2026 und deinen N\u00e4chsten wie dich selbst\u201c (5. Mose 6,5 und 3. Mose 19,18b).<\/p>\n\n\n\n<figure class=\"wp-block-image size-large\"><img decoding=\"async\" src=\"https:\/\/www.evangelisch-in-jerusalem.org\/wp-content\/uploads\/2024\/01\/Gebetswoche_2024-791x1024.jpg\" alt=\"\" class=\"wp-image-17152\"\/><\/figure>","protected":false},"excerpt":{"rendered":"<p>Vom 20. bis 28. Januar feiern die Kirchen in Jerusalem gemeinsam die Week of Prayer for Christian Unity, die Gebetswoche f\u00fcr die Einheit der Christen. An jedem Tag treffen wir uns in einer anderen Kirche. Im Anschluss an die Gottesdienste gibt es jeweils Gelegenheit, bei einer Kleinigkeit zu essen oder zu trinken beieinanderzubleiben. Am Dienstagabend &hellip; <\/p>\n<p class=\"link-more\"><a href=\"https:\/\/www.evangelisch-in-jerusalem.org\/en\/2024\/01\/15\/gebetswoche-fuer-kirchliche-einheit-du-sollst-den-herrn-deinen-gott-lieben-und-deinen-naechsten-wie-dich-selbst-lukas-1027\/\" class=\"more-link\">Continue reading<span class=\"screen-reader-text\"> &#8220;Gebetswoche f\u00fcr kirchliche Einheit, 20.-28.1.2024: \u201eDu sollst den Herrn, deinen Gott, lieben und deinen N\u00e4chsten wie dich selbst\u201c (Lukas 10,27)&#8221;<\/span><\/a><\/p>","protected":false},"author":6,"featured_media":17151,"comment_status":"closed","ping_status":"closed","sticky":false,"template":"","format":"standard","meta":{"footnotes":""},"categories":[1,181,173,171,178],"tags":[295,327,234],"class_list":["post-17150","post","type-post","status-publish","format-standard","has-post-thumbnail","hentry","category-allgemein","category-erloeserkirche","category-gemeinde","category-gottesdienst","category-oecumene","tag-gebet","tag-gebetswoche","tag-oekumene","entry"],"yoast_head":"<!-- This site is optimized with the Yoast SEO plugin v27.4 - https:\/\/yoast.com\/product\/yoast-seo-wordpress\/ -->\n<title>Gebetswoche f\u00fcr kirchliche Einheit, 20.-28.1.2024: \u201eDu sollst den Herrn, deinen Gott, lieben und deinen N\u00e4chsten wie dich selbst\u201c (Lukas 10,27) - Evangelisch in Jerusalem<\/title>\n<meta name=\"robots\" content=\"index, follow, max-snippet:-1, max-image-preview:large, max-video-preview:-1\" \/>\n<link rel=\"canonical\" href=\"https:\/\/www.evangelisch-in-jerusalem.org\/en\/2024\/01\/15\/gebetswoche-fuer-kirchliche-einheit-du-sollst-den-herrn-deinen-gott-lieben-und-deinen-naechsten-wie-dich-selbst-lukas-1027\/\" \/>\n<meta property=\"og:locale\" content=\"en_GB\" \/>\n<meta property=\"og:type\" content=\"article\" \/>\n<meta property=\"og:title\" content=\"Gebetswoche f\u00fcr kirchliche Einheit, 20.-28.1.2024: \u201eDu sollst den Herrn, deinen Gott, lieben und deinen N\u00e4chsten wie dich selbst\u201c (Lukas 10,27) - Evangelisch in Jerusalem\" \/>\n<meta property=\"og:description\" content=\"Vom 20. bis 28. Januar feiern die Kirchen in Jerusalem gemeinsam die Week of Prayer for Christian Unity, die Gebetswoche f\u00fcr die Einheit der Christen. An jedem Tag treffen wir uns in einer anderen Kirche. Im Anschluss an die Gottesdienste gibt es jeweils Gelegenheit, bei einer Kleinigkeit zu essen oder zu trinken beieinanderzubleiben. Am Dienstagabend &hellip; Continue reading &quot;Gebetswoche f\u00fcr kirchliche Einheit, 20.-28.1.2024: \u201eDu sollst den Herrn, deinen Gott, lieben und deinen N\u00e4chsten wie dich selbst\u201c (Lukas 10,27)&quot;\" \/>\n<meta property=\"og:url\" content=\"https:\/\/www.evangelisch-in-jerusalem.org\/en\/2024\/01\/15\/gebetswoche-fuer-kirchliche-einheit-du-sollst-den-herrn-deinen-gott-lieben-und-deinen-naechsten-wie-dich-selbst-lukas-1027\/\" \/>\n<meta property=\"og:site_name\" content=\"Evangelisch in Jerusalem\" \/>\n<meta property=\"article:publisher\" content=\"https:\/\/www.facebook.com\/erloeserkirche.jerusalem\" \/>\n<meta property=\"article:published_time\" content=\"2024-01-15T12:30:26+00:00\" \/>\n<meta property=\"article:modified_time\" content=\"2024-01-15T12:33:29+00:00\" \/>\n<meta property=\"og:image\" content=\"https:\/\/www.evangelisch-in-jerusalem.org\/wp-content\/uploads\/2024\/01\/GebWo_Logo_Web_350x250_01.jpg\" \/>\n\t<meta property=\"og:image:width\" content=\"350\" \/>\n\t<meta property=\"og:image:height\" content=\"250\" \/>\n\t<meta property=\"og:image:type\" content=\"image\/jpeg\" \/>\n<meta name=\"author\" content=\"Joachim Lenz\" \/>\n<meta name=\"twitter:card\" content=\"summary_large_image\" \/>\n<meta name=\"twitter:label1\" content=\"Written by\" \/>\n\t<meta name=\"twitter:data1\" content=\"Joachim Lenz\" \/>\n\t<meta name=\"twitter:label2\" content=\"Estimated reading time\" \/>\n\t<meta name=\"twitter:data2\" content=\"2 minutes\" \/>\n<script type=\"application\/ld+json\" class=\"yoast-schema-graph\">{\"@context\":\"https:\\\/\\\/schema.org\",\"@graph\":[{\"@type\":\"Article\",\"@id\":\"https:\\\/\\\/www.evangelisch-in-jerusalem.org\\\/2024\\\/01\\\/15\\\/gebetswoche-fuer-kirchliche-einheit-du-sollst-den-herrn-deinen-gott-lieben-und-deinen-naechsten-wie-dich-selbst-lukas-1027\\\/#article\",\"isPartOf\":{\"@id\":\"https:\\\/\\\/www.evangelisch-in-jerusalem.org\\\/2024\\\/01\\\/15\\\/gebetswoche-fuer-kirchliche-einheit-du-sollst-den-herrn-deinen-gott-lieben-und-deinen-naechsten-wie-dich-selbst-lukas-1027\\\/\"},\"author\":{\"name\":\"Joachim Lenz\",\"@id\":\"https:\\\/\\\/www.evangelisch-in-jerusalem.org\\\/#\\\/schema\\\/person\\\/ea8e86c01aff849bd324c28bc5574607\"},\"headline\":\"Gebetswoche f\u00fcr kirchliche Einheit, 20.-28.1.2024: \u201eDu sollst den Herrn, deinen Gott, lieben und deinen N\u00e4chsten wie dich selbst\u201c (Lukas 10,27)\",\"datePublished\":\"2024-01-15T12:30:26+00:00\",\"dateModified\":\"2024-01-15T12:33:29+00:00\",\"mainEntityOfPage\":{\"@id\":\"https:\\\/\\\/www.evangelisch-in-jerusalem.org\\\/2024\\\/01\\\/15\\\/gebetswoche-fuer-kirchliche-einheit-du-sollst-den-herrn-deinen-gott-lieben-und-deinen-naechsten-wie-dich-selbst-lukas-1027\\\/\"},\"wordCount\":176,\"publisher\":{\"@id\":\"https:\\\/\\\/www.evangelisch-in-jerusalem.org\\\/#organization\"},\"image\":{\"@id\":\"https:\\\/\\\/www.evangelisch-in-jerusalem.org\\\/2024\\\/01\\\/15\\\/gebetswoche-fuer-kirchliche-einheit-du-sollst-den-herrn-deinen-gott-lieben-und-deinen-naechsten-wie-dich-selbst-lukas-1027\\\/#primaryimage\"},\"thumbnailUrl\":\"https:\\\/\\\/www.evangelisch-in-jerusalem.org\\\/wp-content\\\/uploads\\\/2024\\\/01\\\/GebWo_Logo_Web_350x250_01.jpg\",\"keywords\":[\"Gebet\",\"Gebetswoche\",\"\u00d6kumene\"],\"articleSection\":[\"Allgemein\",\"Erl\u00f6serkirche\",\"Gemeinde\",\"Gottesdienst\",\"\u00d6kumene\"],\"inLanguage\":\"en-GB\"},{\"@type\":\"WebPage\",\"@id\":\"https:\\\/\\\/www.evangelisch-in-jerusalem.org\\\/2024\\\/01\\\/15\\\/gebetswoche-fuer-kirchliche-einheit-du-sollst-den-herrn-deinen-gott-lieben-und-deinen-naechsten-wie-dich-selbst-lukas-1027\\\/\",\"url\":\"https:\\\/\\\/www.evangelisch-in-jerusalem.org\\\/2024\\\/01\\\/15\\\/gebetswoche-fuer-kirchliche-einheit-du-sollst-den-herrn-deinen-gott-lieben-und-deinen-naechsten-wie-dich-selbst-lukas-1027\\\/\",\"name\":\"Gebetswoche f\u00fcr kirchliche Einheit, 20.-28.1.2024: \u201eDu sollst den Herrn, deinen Gott, lieben und deinen N\u00e4chsten wie dich selbst\u201c (Lukas 10,27) - Evangelisch in Jerusalem\",\"isPartOf\":{\"@id\":\"https:\\\/\\\/www.evangelisch-in-jerusalem.org\\\/#website\"},\"primaryImageOfPage\":{\"@id\":\"https:\\\/\\\/www.evangelisch-in-jerusalem.org\\\/2024\\\/01\\\/15\\\/gebetswoche-fuer-kirchliche-einheit-du-sollst-den-herrn-deinen-gott-lieben-und-deinen-naechsten-wie-dich-selbst-lukas-1027\\\/#primaryimage\"},\"image\":{\"@id\":\"https:\\\/\\\/www.evangelisch-in-jerusalem.org\\\/2024\\\/01\\\/15\\\/gebetswoche-fuer-kirchliche-einheit-du-sollst-den-herrn-deinen-gott-lieben-und-deinen-naechsten-wie-dich-selbst-lukas-1027\\\/#primaryimage\"},\"thumbnailUrl\":\"https:\\\/\\\/www.evangelisch-in-jerusalem.org\\\/wp-content\\\/uploads\\\/2024\\\/01\\\/GebWo_Logo_Web_350x250_01.jpg\",\"datePublished\":\"2024-01-15T12:30:26+00:00\",\"dateModified\":\"2024-01-15T12:33:29+00:00\",\"breadcrumb\":{\"@id\":\"https:\\\/\\\/www.evangelisch-in-jerusalem.org\\\/2024\\\/01\\\/15\\\/gebetswoche-fuer-kirchliche-einheit-du-sollst-den-herrn-deinen-gott-lieben-und-deinen-naechsten-wie-dich-selbst-lukas-1027\\\/#breadcrumb\"},\"inLanguage\":\"en-GB\",\"potentialAction\":[{\"@type\":\"ReadAction\",\"target\":[\"https:\\\/\\\/www.evangelisch-in-jerusalem.org\\\/2024\\\/01\\\/15\\\/gebetswoche-fuer-kirchliche-einheit-du-sollst-den-herrn-deinen-gott-lieben-und-deinen-naechsten-wie-dich-selbst-lukas-1027\\\/\"]}]},{\"@type\":\"ImageObject\",\"inLanguage\":\"en-GB\",\"@id\":\"https:\\\/\\\/www.evangelisch-in-jerusalem.org\\\/2024\\\/01\\\/15\\\/gebetswoche-fuer-kirchliche-einheit-du-sollst-den-herrn-deinen-gott-lieben-und-deinen-naechsten-wie-dich-selbst-lukas-1027\\\/#primaryimage\",\"url\":\"https:\\\/\\\/www.evangelisch-in-jerusalem.org\\\/wp-content\\\/uploads\\\/2024\\\/01\\\/GebWo_Logo_Web_350x250_01.jpg\",\"contentUrl\":\"https:\\\/\\\/www.evangelisch-in-jerusalem.org\\\/wp-content\\\/uploads\\\/2024\\\/01\\\/GebWo_Logo_Web_350x250_01.jpg\",\"width\":350,\"height\":250},{\"@type\":\"BreadcrumbList\",\"@id\":\"https:\\\/\\\/www.evangelisch-in-jerusalem.org\\\/2024\\\/01\\\/15\\\/gebetswoche-fuer-kirchliche-einheit-du-sollst-den-herrn-deinen-gott-lieben-und-deinen-naechsten-wie-dich-selbst-lukas-1027\\\/#breadcrumb\",\"itemListElement\":[{\"@type\":\"ListItem\",\"position\":1,\"name\":\"Startseite\",\"item\":\"https:\\\/\\\/www.evangelisch-in-jerusalem.org\\\/\"},{\"@type\":\"ListItem\",\"position\":2,\"name\":\"Gebetswoche f\u00fcr kirchliche Einheit, 20.-28.1.2024: \u201eDu sollst den Herrn, deinen Gott, lieben und deinen N\u00e4chsten wie dich selbst\u201c (Lukas 10,27)\"}]},{\"@type\":\"WebSite\",\"@id\":\"https:\\\/\\\/www.evangelisch-in-jerusalem.org\\\/#website\",\"url\":\"https:\\\/\\\/www.evangelisch-in-jerusalem.org\\\/\",\"name\":\"Evangelisch in Jerusalem\",\"description\":\"Stiftungen der EKD im Heiligen Land\",\"publisher\":{\"@id\":\"https:\\\/\\\/www.evangelisch-in-jerusalem.org\\\/#organization\"},\"potentialAction\":[{\"@type\":\"SearchAction\",\"target\":{\"@type\":\"EntryPoint\",\"urlTemplate\":\"https:\\\/\\\/www.evangelisch-in-jerusalem.org\\\/?s={search_term_string}\"},\"query-input\":{\"@type\":\"PropertyValueSpecification\",\"valueRequired\":true,\"valueName\":\"search_term_string\"}}],\"inLanguage\":\"en-GB\"},{\"@type\":\"Organization\",\"@id\":\"https:\\\/\\\/www.evangelisch-in-jerusalem.org\\\/#organization\",\"name\":\"German Protestant Institutions in the Holy Land\",\"url\":\"https:\\\/\\\/www.evangelisch-in-jerusalem.org\\\/\",\"logo\":{\"@type\":\"ImageObject\",\"inLanguage\":\"en-GB\",\"@id\":\"https:\\\/\\\/www.evangelisch-in-jerusalem.org\\\/#\\\/schema\\\/logo\\\/image\\\/\",\"url\":\"https:\\\/\\\/www.evangelisch-in-jerusalem.org\\\/wp-content\\\/uploads\\\/2019\\\/03\\\/EIJ_Logo_500-px.png\",\"contentUrl\":\"https:\\\/\\\/www.evangelisch-in-jerusalem.org\\\/wp-content\\\/uploads\\\/2019\\\/03\\\/EIJ_Logo_500-px.png\",\"width\":500,\"height\":82,\"caption\":\"German Protestant Institutions in the Holy Land\"},\"image\":{\"@id\":\"https:\\\/\\\/www.evangelisch-in-jerusalem.org\\\/#\\\/schema\\\/logo\\\/image\\\/\"},\"sameAs\":[\"https:\\\/\\\/www.facebook.com\\\/erloeserkirche.jerusalem\"]},{\"@type\":\"Person\",\"@id\":\"https:\\\/\\\/www.evangelisch-in-jerusalem.org\\\/#\\\/schema\\\/person\\\/ea8e86c01aff849bd324c28bc5574607\",\"name\":\"Joachim Lenz\",\"sameAs\":[\"http:\\\/\\\/evangelisch-in-jerusalem.org\"],\"url\":\"https:\\\/\\\/www.evangelisch-in-jerusalem.org\\\/en\\\/author\\\/propst-jl\\\/\"}]}<\/script>\n<!-- \/ Yoast SEO plugin. -->","yoast_head_json":{"title":"Gebetswoche f\u00fcr kirchliche Einheit, 20.-28.1.2024: \u201eDu sollst den Herrn, deinen Gott, lieben und deinen N\u00e4chsten wie dich selbst\u201c (Lukas 10,27) - Evangelisch in Jerusalem","robots":{"index":"index","follow":"follow","max-snippet":"max-snippet:-1","max-image-preview":"max-image-preview:large","max-video-preview":"max-video-preview:-1"},"canonical":"https:\/\/www.evangelisch-in-jerusalem.org\/en\/2024\/01\/15\/gebetswoche-fuer-kirchliche-einheit-du-sollst-den-herrn-deinen-gott-lieben-und-deinen-naechsten-wie-dich-selbst-lukas-1027\/","og_locale":"en_GB","og_type":"article","og_title":"Gebetswoche f\u00fcr kirchliche Einheit, 20.-28.1.2024: \u201eDu sollst den Herrn, deinen Gott, lieben und deinen N\u00e4chsten wie dich selbst\u201c (Lukas 10,27) - Evangelisch in Jerusalem","og_description":"Vom 20. bis 28. Januar feiern die Kirchen in Jerusalem gemeinsam die Week of Prayer for Christian Unity, die Gebetswoche f\u00fcr die Einheit der Christen. An jedem Tag treffen wir uns in einer anderen Kirche. Im Anschluss an die Gottesdienste gibt es jeweils Gelegenheit, bei einer Kleinigkeit zu essen oder zu trinken beieinanderzubleiben. Am Dienstagabend &hellip; Continue reading \"Gebetswoche f\u00fcr kirchliche Einheit, 20.-28.1.2024: \u201eDu sollst den Herrn, deinen Gott, lieben und deinen N\u00e4chsten wie dich selbst\u201c (Lukas 10,27)\"","og_url":"https:\/\/www.evangelisch-in-jerusalem.org\/en\/2024\/01\/15\/gebetswoche-fuer-kirchliche-einheit-du-sollst-den-herrn-deinen-gott-lieben-und-deinen-naechsten-wie-dich-selbst-lukas-1027\/","og_site_name":"Evangelisch in Jerusalem","article_publisher":"https:\/\/www.facebook.com\/erloeserkirche.jerusalem","article_published_time":"2024-01-15T12:30:26+00:00","article_modified_time":"2024-01-15T12:33:29+00:00","og_image":[{"width":350,"height":250,"url":"https:\/\/www.evangelisch-in-jerusalem.org\/wp-content\/uploads\/2024\/01\/GebWo_Logo_Web_350x250_01.jpg","type":"image\/jpeg"}],"author":"Joachim Lenz","twitter_card":"summary_large_image","twitter_misc":{"Written by":"Joachim Lenz","Estimated reading time":"2 minutes"},"schema":{"@context":"https:\/\/schema.org","@graph":[{"@type":"Article","@id":"https:\/\/www.evangelisch-in-jerusalem.org\/2024\/01\/15\/gebetswoche-fuer-kirchliche-einheit-du-sollst-den-herrn-deinen-gott-lieben-und-deinen-naechsten-wie-dich-selbst-lukas-1027\/#article","isPartOf":{"@id":"https:\/\/www.evangelisch-in-jerusalem.org\/2024\/01\/15\/gebetswoche-fuer-kirchliche-einheit-du-sollst-den-herrn-deinen-gott-lieben-und-deinen-naechsten-wie-dich-selbst-lukas-1027\/"},"author":{"name":"Joachim Lenz","@id":"https:\/\/www.evangelisch-in-jerusalem.org\/#\/schema\/person\/ea8e86c01aff849bd324c28bc5574607"},"headline":"Gebetswoche f\u00fcr kirchliche Einheit, 20.-28.1.2024: \u201eDu sollst den Herrn, deinen Gott, lieben und deinen N\u00e4chsten wie dich selbst\u201c (Lukas 10,27)","datePublished":"2024-01-15T12:30:26+00:00","dateModified":"2024-01-15T12:33:29+00:00","mainEntityOfPage":{"@id":"https:\/\/www.evangelisch-in-jerusalem.org\/2024\/01\/15\/gebetswoche-fuer-kirchliche-einheit-du-sollst-den-herrn-deinen-gott-lieben-und-deinen-naechsten-wie-dich-selbst-lukas-1027\/"},"wordCount":176,"publisher":{"@id":"https:\/\/www.evangelisch-in-jerusalem.org\/#organization"},"image":{"@id":"https:\/\/www.evangelisch-in-jerusalem.org\/2024\/01\/15\/gebetswoche-fuer-kirchliche-einheit-du-sollst-den-herrn-deinen-gott-lieben-und-deinen-naechsten-wie-dich-selbst-lukas-1027\/#primaryimage"},"thumbnailUrl":"https:\/\/www.evangelisch-in-jerusalem.org\/wp-content\/uploads\/2024\/01\/GebWo_Logo_Web_350x250_01.jpg","keywords":["Gebet","Gebetswoche","\u00d6kumene"],"articleSection":["Allgemein","Erl\u00f6serkirche","Gemeinde","Gottesdienst","\u00d6kumene"],"inLanguage":"en-GB"},{"@type":"WebPage","@id":"https:\/\/www.evangelisch-in-jerusalem.org\/2024\/01\/15\/gebetswoche-fuer-kirchliche-einheit-du-sollst-den-herrn-deinen-gott-lieben-und-deinen-naechsten-wie-dich-selbst-lukas-1027\/","url":"https:\/\/www.evangelisch-in-jerusalem.org\/2024\/01\/15\/gebetswoche-fuer-kirchliche-einheit-du-sollst-den-herrn-deinen-gott-lieben-und-deinen-naechsten-wie-dich-selbst-lukas-1027\/","name":"Gebetswoche f\u00fcr kirchliche Einheit, 20.-28.1.2024: \u201eDu sollst den Herrn, deinen Gott, lieben und deinen N\u00e4chsten wie dich selbst\u201c (Lukas 10,27) - Evangelisch in Jerusalem","isPartOf":{"@id":"https:\/\/www.evangelisch-in-jerusalem.org\/#website"},"primaryImageOfPage":{"@id":"https:\/\/www.evangelisch-in-jerusalem.org\/2024\/01\/15\/gebetswoche-fuer-kirchliche-einheit-du-sollst-den-herrn-deinen-gott-lieben-und-deinen-naechsten-wie-dich-selbst-lukas-1027\/#primaryimage"},"image":{"@id":"https:\/\/www.evangelisch-in-jerusalem.org\/2024\/01\/15\/gebetswoche-fuer-kirchliche-einheit-du-sollst-den-herrn-deinen-gott-lieben-und-deinen-naechsten-wie-dich-selbst-lukas-1027\/#primaryimage"},"thumbnailUrl":"https:\/\/www.evangelisch-in-jerusalem.org\/wp-content\/uploads\/2024\/01\/GebWo_Logo_Web_350x250_01.jpg","datePublished":"2024-01-15T12:30:26+00:00","dateModified":"2024-01-15T12:33:29+00:00","breadcrumb":{"@id":"https:\/\/www.evangelisch-in-jerusalem.org\/2024\/01\/15\/gebetswoche-fuer-kirchliche-einheit-du-sollst-den-herrn-deinen-gott-lieben-und-deinen-naechsten-wie-dich-selbst-lukas-1027\/#breadcrumb"},"inLanguage":"en-GB","potentialAction":[{"@type":"ReadAction","target":["https:\/\/www.evangelisch-in-jerusalem.org\/2024\/01\/15\/gebetswoche-fuer-kirchliche-einheit-du-sollst-den-herrn-deinen-gott-lieben-und-deinen-naechsten-wie-dich-selbst-lukas-1027\/"]}]},{"@type":"ImageObject","inLanguage":"en-GB","@id":"https:\/\/www.evangelisch-in-jerusalem.org\/2024\/01\/15\/gebetswoche-fuer-kirchliche-einheit-du-sollst-den-herrn-deinen-gott-lieben-und-deinen-naechsten-wie-dich-selbst-lukas-1027\/#primaryimage","url":"https:\/\/www.evangelisch-in-jerusalem.org\/wp-content\/uploads\/2024\/01\/GebWo_Logo_Web_350x250_01.jpg","contentUrl":"https:\/\/www.evangelisch-in-jerusalem.org\/wp-content\/uploads\/2024\/01\/GebWo_Logo_Web_350x250_01.jpg","width":350,"height":250},{"@type":"BreadcrumbList","@id":"https:\/\/www.evangelisch-in-jerusalem.org\/2024\/01\/15\/gebetswoche-fuer-kirchliche-einheit-du-sollst-den-herrn-deinen-gott-lieben-und-deinen-naechsten-wie-dich-selbst-lukas-1027\/#breadcrumb","itemListElement":[{"@type":"ListItem","position":1,"name":"Startseite","item":"https:\/\/www.evangelisch-in-jerusalem.org\/"},{"@type":"ListItem","position":2,"name":"Gebetswoche f\u00fcr kirchliche Einheit, 20.-28.1.2024: \u201eDu sollst den Herrn, deinen Gott, lieben und deinen N\u00e4chsten wie dich selbst\u201c (Lukas 10,27)"}]},{"@type":"WebSite","@id":"https:\/\/www.evangelisch-in-jerusalem.org\/#website","url":"https:\/\/www.evangelisch-in-jerusalem.org\/","name":"Evangelisch in Jerusalem","description":"German Protestant Institutions in the Holy Land","publisher":{"@id":"https:\/\/www.evangelisch-in-jerusalem.org\/#organization"},"potentialAction":[{"@type":"SearchAction","target":{"@type":"EntryPoint","urlTemplate":"https:\/\/www.evangelisch-in-jerusalem.org\/?s={search_term_string}"},"query-input":{"@type":"PropertyValueSpecification","valueRequired":true,"valueName":"search_term_string"}}],"inLanguage":"en-GB"},{"@type":"Organization","@id":"https:\/\/www.evangelisch-in-jerusalem.org\/#organization","name":"German Protestant Institutions in the Holy Land","url":"https:\/\/www.evangelisch-in-jerusalem.org\/","logo":{"@type":"ImageObject","inLanguage":"en-GB","@id":"https:\/\/www.evangelisch-in-jerusalem.org\/#\/schema\/logo\/image\/","url":"https:\/\/www.evangelisch-in-jerusalem.org\/wp-content\/uploads\/2019\/03\/EIJ_Logo_500-px.png","contentUrl":"https:\/\/www.evangelisch-in-jerusalem.org\/wp-content\/uploads\/2019\/03\/EIJ_Logo_500-px.png","width":500,"height":82,"caption":"German Protestant Institutions in the Holy Land"},"image":{"@id":"https:\/\/www.evangelisch-in-jerusalem.org\/#\/schema\/logo\/image\/"},"sameAs":["https:\/\/www.facebook.com\/erloeserkirche.jerusalem"]},{"@type":"Person","@id":"https:\/\/www.evangelisch-in-jerusalem.org\/#\/schema\/person\/ea8e86c01aff849bd324c28bc5574607","name":"Joachim Lenz","sameAs":["http:\/\/evangelisch-in-jerusalem.org"],"url":"https:\/\/www.evangelisch-in-jerusalem.org\/en\/author\/propst-jl\/"}]}},"_links":{"self":[{"href":"https:\/\/www.evangelisch-in-jerusalem.org\/en\/wp-json\/wp\/v2\/posts\/17150","targetHints":{"allow":["GET"]}}],"collection":[{"href":"https:\/\/www.evangelisch-in-jerusalem.org\/en\/wp-json\/wp\/v2\/posts"}],"about":[{"href":"https:\/\/www.evangelisch-in-jerusalem.org\/en\/wp-json\/wp\/v2\/types\/post"}],"author":[{"embeddable":true,"href":"https:\/\/www.evangelisch-in-jerusalem.org\/en\/wp-json\/wp\/v2\/users\/6"}],"replies":[{"embeddable":true,"href":"https:\/\/www.evangelisch-in-jerusalem.org\/en\/wp-json\/wp\/v2\/comments?post=17150"}],"version-history":[{"count":3,"href":"https:\/\/www.evangelisch-in-jerusalem.org\/en\/wp-json\/wp\/v2\/posts\/17150\/revisions"}],"predecessor-version":[{"id":17156,"href":"https:\/\/www.evangelisch-in-jerusalem.org\/en\/wp-json\/wp\/v2\/posts\/17150\/revisions\/17156"}],"wp:featuredmedia":[{"embeddable":true,"href":"https:\/\/www.evangelisch-in-jerusalem.org\/en\/wp-json\/wp\/v2\/media\/17151"}],"wp:attachment":[{"href":"https:\/\/www.evangelisch-in-jerusalem.org\/en\/wp-json\/wp\/v2\/media?parent=17150"}],"wp:term":[{"taxonomy":"category","embeddable":true,"href":"https:\/\/www.evangelisch-in-jerusalem.org\/en\/wp-json\/wp\/v2\/categories?post=17150"},{"taxonomy":"post_tag","embeddable":true,"href":"https:\/\/www.evangelisch-in-jerusalem.org\/en\/wp-json\/wp\/v2\/tags?post=17150"}],"curies":[{"name":"wp","href":"https:\/\/api.w.org\/{rel}","templated":true}]}}