{"id":17075,"date":"2024-01-04T12:04:07","date_gmt":"2024-01-04T10:04:07","guid":{"rendered":"https:\/\/www.evangelisch-in-jerusalem.org\/?p=17075"},"modified":"2024-01-26T12:21:17","modified_gmt":"2024-01-26T10:21:17","slug":"unsere-veranstaltungen-im-januar-2024","status":"publish","type":"post","link":"https:\/\/www.evangelisch-in-jerusalem.org\/en\/2024\/01\/04\/unsere-veranstaltungen-im-januar-2024\/","title":{"rendered":"Unsere Veranstaltungen im Januar 2024"},"content":{"rendered":"<p>Mo-Fr<strong>&nbsp;&nbsp;&nbsp;&nbsp;&nbsp;&nbsp;&nbsp;&nbsp;&nbsp;&nbsp;&nbsp;&nbsp;&nbsp;<\/strong> 12.00 Uhr<strong><br>Friedensgebet<\/strong> \u2013 eine gute Viertelstunde<br>Evangelische Erl\u00f6serkirche, Muristan St. 1, Altstadt von Jerusalem<\/p>\n\n\n\n<p>Mi, Sa&nbsp;&nbsp;&nbsp;&nbsp;&nbsp;&nbsp;&nbsp;&nbsp;&nbsp;&nbsp;&nbsp;&nbsp;&nbsp; 19.00 Uhr<br><strong>Friedensgebet per Zoom<\/strong><br>Einwahllink direkt: <a href=\"https:\/\/is.gd\/y6mWZz\">https:\/\/is.gd\/y6mWZz<\/a>&nbsp;<br>(oder Zoom-ID: 976 8331 9026, Code: 391044)<\/p>\n\n\n\n<p>*&nbsp; *&nbsp; *&nbsp; *&nbsp; *<\/p>\n\n\n\n<p>Mo, 1.1.2024&nbsp;&nbsp; 12.00 Uhr<br><strong>Andacht zum neuen Jahr<\/strong><br>Mit Pfarrerin Ines Fischer<br>Anschl. kleiner Sektempfang<br>Erl\u00f6serkirche, Muristan Road 1, Altstadt von Jerusalem<\/p>\n\n\n\n<p>Sa, 06.01. &nbsp;&nbsp;&nbsp;&nbsp;&nbsp;&nbsp;&nbsp; 12.00 Uhr<br><strong>Orgelandacht in der Erl\u00f6serkirche<\/strong><br>Mit Kirchenmusikdirektor Peter-Michael Seifried<br>Erl\u00f6serkirche, Muristan Road 1, Altstadt von Jerusalem<\/p>\n\n\n\n<p>17.00 Uhr<br><strong>Vorabendgottesdienst unserer Gemeinde in Latrun<br><\/strong>Anschlie\u00dfend sind alle zum Abendessen (Mitbring-Buffet) eingeladen.<br>Predigt: Pfarrerin Ines Fischer, Musik: Kirchenmusikdirektor Peter-Michael Seifried<br>Mitfahrgelegenheiten bitte unter <a href=\"mailto:pastorin@evajerusalem.org\">pastorin@evajerusalem.org<\/a> anfragen<br>Kommunit\u00e4t der Jesusbruderschaft, Latrun, Ramle<\/p>\n\n\n\n<p>So, 07.01.&nbsp;&nbsp;&nbsp;&nbsp;&nbsp;&nbsp; 10:30 Uhr<br><strong>Gottesdienst 1. Sonntag nach Epiphanias<br><\/strong>Predigt: Pfarrerin Ines Fischer; Musik: Kirchenmusikdirektor Peter-Michael Seifried<br>Erl\u00f6serkirche, Muristan Road 1, Altstadt von Jerusalem<\/p>\n\n\n\n<p>Mi, 10.01.&nbsp;&nbsp;&nbsp;&nbsp;&nbsp;&nbsp;&nbsp; 17.00 Uhr<br><strong>Taiz\u00e9-Andacht in der Himmelfahrtkirche<\/strong><br>Singen-schweigen-beten, Pfarrerin Ines Fischer <br>und Kirchenmusikdirektor Peter-Michael Seifried<br>Im Anschluss laden wir zum Beisammensein mit Suppe, Brot, <br>warmen und kalten Getr\u00e4nken im Caf\u00e9 Auguste Victoria ein. <br>Ohne Anmeldung.<br>Himmelfahrtkirche auf dem \u00d6lberg<\/p>\n\n\n\n<p>Sa, 13.01. &nbsp;&nbsp;&nbsp;&nbsp;&nbsp;&nbsp;&nbsp; 12.00 Uhr<br><strong>Orgelandacht in der Erl\u00f6serkirche<\/strong><br>Mit Kirchenmusikdirektor Peter-Michael Seifried<br>Erl\u00f6serkirche, Muristan Road 1, Altstadt von Jerusalem<\/p>\n\n\n\n<p>So, 14.01.&nbsp;&nbsp;&nbsp;&nbsp;&nbsp;&nbsp;&nbsp; 10:30 Uhr <br><strong>Gottesdienst mit Abendmahl<\/strong><br>Pfarrerin Ines Fischer <br>und Kirchenmusikdirektor Peter-Michael Seifried<br>Erl\u00f6serkirche, Muristan Road 1, Altstadt von Jerusalem<\/p>\n\n\n\n<p>Mi, 17.01.<a>&nbsp;&nbsp;&nbsp;&nbsp;&nbsp;&nbsp;&nbsp; <\/a>17.00 Uhr<br><strong>Taiz\u00e9-Andacht in der Himmelfahrtkirche<\/strong><br>Singen-schweigen-beten, Pfarrerin Ines Fischer<br>Im Anschluss laden wir zum Beisammensein mit Suppe, Brot, <br>warmen und kalten Getr\u00e4nken im Caf\u00e9 Auguste Victoria ein. <br>Ohne Anmeldung.<br>Himmelfahrtkirche auf dem \u00d6lberg<\/p>\n\n\n\n<p>Sa, 20.01. &nbsp;&nbsp;&nbsp;&nbsp;&nbsp;&nbsp;&nbsp; 17.30 Uhr<br><strong>Gebetswoche f\u00fcr die Einheit der Christen<\/strong><br>(Grabeskirche: Golgatha (griech.-orth.))<\/p>\n\n\n\n<p>So, 21.01.&nbsp;&nbsp;&nbsp;&nbsp;&nbsp;&nbsp;&nbsp; 10.30 Uhr<br><strong>Gottesdienst 3. Sonntag nach Epiphanias<\/strong><br>Erl\u00f6serkirche, Muristan Road 5, Altstadt von Jerusalem<\/p>\n\n\n\n<p>17.00 Uhr<br><strong>Gebetswoche f\u00fcr die Einheit der Christen<br><\/strong>St. George&#8217;s Cathedral, Hebron Rd. (anglikanisch))<br>Nablus Road<\/p>\n\n\n\n<p>Mo, 22.01.&nbsp;&nbsp;&nbsp;&nbsp;&nbsp;&nbsp; 17.00 Uhr<br><strong>Gebetswoche f\u00fcr die Einheit der Christen<\/strong><br>(St. Jakobus (armenisch))<br>Armenian Quarter, Old City<\/p>\n\n\n\n<p>Di, 23.01. &nbsp;&nbsp;&nbsp;&nbsp;&nbsp;&nbsp; 17.00 Uhr<br><strong>Gebetswoche f\u00fcr die Einheit der Christen<\/strong><br>(Erl\u00f6serkirche (evangelisch))<br>Erl\u00f6serkirche, Muristan Road 1, Altstadt<\/p>\n\n\n\n<p>Mi, 24.01.\u00a0\u00a0\u00a0\u00a0\u00a0\u00a0\u00a0 17.00 Uhr<br><strong>Gebetswoche f\u00fcr die Einheit der Christen<br><\/strong>(St. Saviour ( Latin Parish Church))<\/p>\n\n\n\n<p>Do, 25.01.&nbsp;&nbsp;&nbsp;&nbsp;&nbsp;&nbsp; 16.00 Uhr<br><strong>Gebetswoche f\u00fcr die Einheit der Christen<\/strong><br>(Abendmahlssaal auf dem Zion (Dormitio))<\/p>\n\n\n\n<p>Fr, 26.01. \u00a0\u00a0\u00a0\u00a0\u00a0\u00a0\u00a0 17.00 Uhr<br><strong>Gebetswoche f\u00fcr die Einheit der Christen<br><\/strong>(St. George\u00b4s Church (coptic-orthodox))<\/p>\n\n\n\n<p>Sa, 27.01.&nbsp;&nbsp;&nbsp;&nbsp;&nbsp;&nbsp;&nbsp; 17.00 Uhr<br><strong>Gebetswoche f\u00fcr die Einheit der Christen<\/strong><br>(Kidane Meret Church, nahe Haneviim (\u00e4thiopisch-orthodox))<\/p>\n\n\n\n<p>So, 28.01.&nbsp;&nbsp;&nbsp;&nbsp;&nbsp;&nbsp;&nbsp; 10.30 Uhr<br><strong>Gottesdienst mit Abendmahl<\/strong><br>Erl\u00f6serkirche, Muristan Road 1, Altstadt von Jerusalem<\/p>\n\n\n\n<p>17.00 Uhr<br><strong>Gebetswoche f\u00fcr die Einheit der Christen<br><\/strong>Greek Catholic Church of Annunciation<\/p>\n\n\n\n<p>Di, 30.01.&nbsp;&nbsp;&nbsp;&nbsp;&nbsp;&nbsp;&nbsp; 20.00 Uhr  <em>Eintritt frei<\/em><br><strong>Stummfilm \u201eDie Stadt ohne Juden\u201c mit Live-Musik<br><\/strong>\u00d6sterreich 1924, 80 Minuten, nach dem gleichnamigen Roman von Hugo Breslauer<br>Musik: Kirchenmusikdirektor Peter-Michael Seifried<br>In der Johanniterkapelle der Erl\u00f6serkirche <\/p>\n\n\n\n<p>Mi, 31.01.&nbsp;&nbsp;&nbsp;&nbsp;&nbsp;&nbsp;&nbsp;&nbsp;&nbsp; 17.00 Uhr<br><strong>Taiz\u00e9-Andacht in der Himmelfahrtkirche<\/strong><br>Singen-schweigen-beten, Pfarrerin Ines Fischer <br>und Kirchenmusikdirektor Peter-Michael Seifried<br>Im Anschluss laden wir zum Beisammensein mit Suppe, Brot, <br>warmen und kalten Getr\u00e4nken im Caf\u00e9 Auguste Victoria ein. <br>Ohne Anmeldung.<br>Himmelfahrtkirche auf dem \u00d6lberg<br><\/p>","protected":false},"excerpt":{"rendered":"<p>Mo-Fr&nbsp;&nbsp;&nbsp;&nbsp;&nbsp;&nbsp;&nbsp;&nbsp;&nbsp;&nbsp;&nbsp;&nbsp;&nbsp; 12.00 UhrFriedensgebet \u2013 eine gute ViertelstundeEvangelische Erl\u00f6serkirche, Muristan St. 1, Altstadt von Jerusalem Mi, Sa&nbsp;&nbsp;&nbsp;&nbsp;&nbsp;&nbsp;&nbsp;&nbsp;&nbsp;&nbsp;&nbsp;&nbsp;&nbsp; 19.00 UhrFriedensgebet per ZoomEinwahllink direkt: https:\/\/is.gd\/y6mWZz&nbsp;(oder Zoom-ID: 976 8331 9026, Code: 391044) *&nbsp; *&nbsp; *&nbsp; *&nbsp; * Mo, 1.1.2024&nbsp;&nbsp; 12.00 UhrAndacht zum neuen JahrMit Pfarrerin Ines FischerAnschl. kleiner SektempfangErl\u00f6serkirche, Muristan Road 1, Altstadt von Jerusalem Sa, 06.01. &nbsp;&nbsp;&nbsp;&nbsp;&nbsp;&nbsp;&nbsp; 12.00 &hellip; <\/p>\n<p class=\"link-more\"><a href=\"https:\/\/www.evangelisch-in-jerusalem.org\/en\/2024\/01\/04\/unsere-veranstaltungen-im-januar-2024\/\" class=\"more-link\">Continue reading<span class=\"screen-reader-text\"> &#8220;Unsere Veranstaltungen im Januar 2024&#8221;<\/span><\/a><\/p>","protected":false},"author":8,"featured_media":17074,"comment_status":"closed","ping_status":"closed","sticky":false,"template":"","format":"standard","meta":{"footnotes":""},"categories":[1,324,220],"tags":[256,124,101,213,104,125,279],"class_list":["post-17075","post","type-post","status-publish","format-standard","has-post-thumbnail","hentry","category-allgemein","category-newsletter","category-topnachricht","tag-altstadt","tag-erloeserkirche","tag-gemeindeabend","tag-gottesdienst","tag-himmelfahrtkirche","tag-jerusalem","tag-latrun","entry"],"yoast_head":"<!-- This site is optimized with the Yoast SEO plugin v27.4 - https:\/\/yoast.com\/product\/yoast-seo-wordpress\/ -->\n<title>Unsere Veranstaltungen im Januar 2024 - Evangelisch in Jerusalem<\/title>\n<meta name=\"robots\" content=\"index, follow, max-snippet:-1, max-image-preview:large, max-video-preview:-1\" \/>\n<link rel=\"canonical\" href=\"https:\/\/www.evangelisch-in-jerusalem.org\/en\/2024\/01\/04\/unsere-veranstaltungen-im-januar-2024\/\" \/>\n<meta property=\"og:locale\" content=\"en_GB\" \/>\n<meta property=\"og:type\" content=\"article\" \/>\n<meta property=\"og:title\" content=\"Unsere Veranstaltungen im Januar 2024 - Evangelisch in Jerusalem\" \/>\n<meta property=\"og:description\" content=\"Mo-Fr&nbsp;&nbsp;&nbsp;&nbsp;&nbsp;&nbsp;&nbsp;&nbsp;&nbsp;&nbsp;&nbsp;&nbsp;&nbsp; 12.00 UhrFriedensgebet \u2013 eine gute ViertelstundeEvangelische Erl\u00f6serkirche, Muristan St. 1, Altstadt von Jerusalem Mi, Sa&nbsp;&nbsp;&nbsp;&nbsp;&nbsp;&nbsp;&nbsp;&nbsp;&nbsp;&nbsp;&nbsp;&nbsp;&nbsp; 19.00 UhrFriedensgebet per ZoomEinwahllink direkt: https:\/\/is.gd\/y6mWZz&nbsp;(oder Zoom-ID: 976 8331 9026, Code: 391044) *&nbsp; *&nbsp; *&nbsp; *&nbsp; * Mo, 1.1.2024&nbsp;&nbsp; 12.00 UhrAndacht zum neuen JahrMit Pfarrerin Ines FischerAnschl. kleiner SektempfangErl\u00f6serkirche, Muristan Road 1, Altstadt von Jerusalem Sa, 06.01. &nbsp;&nbsp;&nbsp;&nbsp;&nbsp;&nbsp;&nbsp; 12.00 &hellip; Continue reading &quot;Unsere Veranstaltungen im Januar 2024&quot;\" \/>\n<meta property=\"og:url\" content=\"https:\/\/www.evangelisch-in-jerusalem.org\/en\/2024\/01\/04\/unsere-veranstaltungen-im-januar-2024\/\" \/>\n<meta property=\"og:site_name\" content=\"Evangelisch in Jerusalem\" \/>\n<meta property=\"article:publisher\" content=\"https:\/\/www.facebook.com\/erloeserkirche.jerusalem\" \/>\n<meta property=\"article:published_time\" content=\"2024-01-04T10:04:07+00:00\" \/>\n<meta property=\"article:modified_time\" content=\"2024-01-26T10:21:17+00:00\" \/>\n<meta property=\"og:image\" content=\"https:\/\/www.evangelisch-in-jerusalem.org\/wp-content\/uploads\/2024\/01\/1700123047661-002-scaled.jpg\" \/>\n\t<meta property=\"og:image:width\" content=\"2560\" \/>\n\t<meta property=\"og:image:height\" content=\"1922\" \/>\n\t<meta property=\"og:image:type\" content=\"image\/jpeg\" \/>\n<meta name=\"author\" content=\"Bilhan Rechtman\" \/>\n<meta name=\"twitter:card\" content=\"summary_large_image\" \/>\n<meta name=\"twitter:label1\" content=\"Written by\" \/>\n\t<meta name=\"twitter:data1\" content=\"Bilhan Rechtman\" \/>\n\t<meta name=\"twitter:label2\" content=\"Estimated reading time\" \/>\n\t<meta name=\"twitter:data2\" content=\"3 minutes\" \/>\n<script type=\"application\/ld+json\" class=\"yoast-schema-graph\">{\"@context\":\"https:\\\/\\\/schema.org\",\"@graph\":[{\"@type\":\"Article\",\"@id\":\"https:\\\/\\\/www.evangelisch-in-jerusalem.org\\\/2024\\\/01\\\/04\\\/unsere-veranstaltungen-im-januar-2024\\\/#article\",\"isPartOf\":{\"@id\":\"https:\\\/\\\/www.evangelisch-in-jerusalem.org\\\/2024\\\/01\\\/04\\\/unsere-veranstaltungen-im-januar-2024\\\/\"},\"author\":{\"name\":\"Bilhan Rechtman\",\"@id\":\"https:\\\/\\\/www.evangelisch-in-jerusalem.org\\\/#\\\/schema\\\/person\\\/1a5c46f66365bb12b39ea0ebe03339a7\"},\"headline\":\"Unsere Veranstaltungen im Januar 2024\",\"datePublished\":\"2024-01-04T10:04:07+00:00\",\"dateModified\":\"2024-01-26T10:21:17+00:00\",\"mainEntityOfPage\":{\"@id\":\"https:\\\/\\\/www.evangelisch-in-jerusalem.org\\\/2024\\\/01\\\/04\\\/unsere-veranstaltungen-im-januar-2024\\\/\"},\"wordCount\":591,\"publisher\":{\"@id\":\"https:\\\/\\\/www.evangelisch-in-jerusalem.org\\\/#organization\"},\"image\":{\"@id\":\"https:\\\/\\\/www.evangelisch-in-jerusalem.org\\\/2024\\\/01\\\/04\\\/unsere-veranstaltungen-im-januar-2024\\\/#primaryimage\"},\"thumbnailUrl\":\"https:\\\/\\\/www.evangelisch-in-jerusalem.org\\\/wp-content\\\/uploads\\\/2024\\\/01\\\/1700123047661-002-scaled.jpg\",\"keywords\":[\"Altstadt\",\"Erl\u00f6serkirche\",\"Gemeindeabend\",\"Gottesdienst\",\"Himmelfahrtkirche\",\"Jerusalem\",\"Latrun\"],\"articleSection\":[\"Allgemein\",\"Newsletter\",\"Topnachricht\"],\"inLanguage\":\"en-GB\"},{\"@type\":\"WebPage\",\"@id\":\"https:\\\/\\\/www.evangelisch-in-jerusalem.org\\\/2024\\\/01\\\/04\\\/unsere-veranstaltungen-im-januar-2024\\\/\",\"url\":\"https:\\\/\\\/www.evangelisch-in-jerusalem.org\\\/2024\\\/01\\\/04\\\/unsere-veranstaltungen-im-januar-2024\\\/\",\"name\":\"Unsere Veranstaltungen im Januar 2024 - Evangelisch in Jerusalem\",\"isPartOf\":{\"@id\":\"https:\\\/\\\/www.evangelisch-in-jerusalem.org\\\/#website\"},\"primaryImageOfPage\":{\"@id\":\"https:\\\/\\\/www.evangelisch-in-jerusalem.org\\\/2024\\\/01\\\/04\\\/unsere-veranstaltungen-im-januar-2024\\\/#primaryimage\"},\"image\":{\"@id\":\"https:\\\/\\\/www.evangelisch-in-jerusalem.org\\\/2024\\\/01\\\/04\\\/unsere-veranstaltungen-im-januar-2024\\\/#primaryimage\"},\"thumbnailUrl\":\"https:\\\/\\\/www.evangelisch-in-jerusalem.org\\\/wp-content\\\/uploads\\\/2024\\\/01\\\/1700123047661-002-scaled.jpg\",\"datePublished\":\"2024-01-04T10:04:07+00:00\",\"dateModified\":\"2024-01-26T10:21:17+00:00\",\"breadcrumb\":{\"@id\":\"https:\\\/\\\/www.evangelisch-in-jerusalem.org\\\/2024\\\/01\\\/04\\\/unsere-veranstaltungen-im-januar-2024\\\/#breadcrumb\"},\"inLanguage\":\"en-GB\",\"potentialAction\":[{\"@type\":\"ReadAction\",\"target\":[\"https:\\\/\\\/www.evangelisch-in-jerusalem.org\\\/2024\\\/01\\\/04\\\/unsere-veranstaltungen-im-januar-2024\\\/\"]}]},{\"@type\":\"ImageObject\",\"inLanguage\":\"en-GB\",\"@id\":\"https:\\\/\\\/www.evangelisch-in-jerusalem.org\\\/2024\\\/01\\\/04\\\/unsere-veranstaltungen-im-januar-2024\\\/#primaryimage\",\"url\":\"https:\\\/\\\/www.evangelisch-in-jerusalem.org\\\/wp-content\\\/uploads\\\/2024\\\/01\\\/1700123047661-002-scaled.jpg\",\"contentUrl\":\"https:\\\/\\\/www.evangelisch-in-jerusalem.org\\\/wp-content\\\/uploads\\\/2024\\\/01\\\/1700123047661-002-scaled.jpg\",\"width\":2560,\"height\":1922,\"caption\":\"Die Erl\u00f6serkirche vom Dach aus fotografiert\"},{\"@type\":\"BreadcrumbList\",\"@id\":\"https:\\\/\\\/www.evangelisch-in-jerusalem.org\\\/2024\\\/01\\\/04\\\/unsere-veranstaltungen-im-januar-2024\\\/#breadcrumb\",\"itemListElement\":[{\"@type\":\"ListItem\",\"position\":1,\"name\":\"Startseite\",\"item\":\"https:\\\/\\\/www.evangelisch-in-jerusalem.org\\\/\"},{\"@type\":\"ListItem\",\"position\":2,\"name\":\"Unsere Veranstaltungen im Januar 2024\"}]},{\"@type\":\"WebSite\",\"@id\":\"https:\\\/\\\/www.evangelisch-in-jerusalem.org\\\/#website\",\"url\":\"https:\\\/\\\/www.evangelisch-in-jerusalem.org\\\/\",\"name\":\"Evangelisch in Jerusalem\",\"description\":\"Stiftungen der EKD im Heiligen Land\",\"publisher\":{\"@id\":\"https:\\\/\\\/www.evangelisch-in-jerusalem.org\\\/#organization\"},\"potentialAction\":[{\"@type\":\"SearchAction\",\"target\":{\"@type\":\"EntryPoint\",\"urlTemplate\":\"https:\\\/\\\/www.evangelisch-in-jerusalem.org\\\/?s={search_term_string}\"},\"query-input\":{\"@type\":\"PropertyValueSpecification\",\"valueRequired\":true,\"valueName\":\"search_term_string\"}}],\"inLanguage\":\"en-GB\"},{\"@type\":\"Organization\",\"@id\":\"https:\\\/\\\/www.evangelisch-in-jerusalem.org\\\/#organization\",\"name\":\"German Protestant Institutions in the Holy Land\",\"url\":\"https:\\\/\\\/www.evangelisch-in-jerusalem.org\\\/\",\"logo\":{\"@type\":\"ImageObject\",\"inLanguage\":\"en-GB\",\"@id\":\"https:\\\/\\\/www.evangelisch-in-jerusalem.org\\\/#\\\/schema\\\/logo\\\/image\\\/\",\"url\":\"https:\\\/\\\/www.evangelisch-in-jerusalem.org\\\/wp-content\\\/uploads\\\/2019\\\/03\\\/EIJ_Logo_500-px.png\",\"contentUrl\":\"https:\\\/\\\/www.evangelisch-in-jerusalem.org\\\/wp-content\\\/uploads\\\/2019\\\/03\\\/EIJ_Logo_500-px.png\",\"width\":500,\"height\":82,\"caption\":\"German Protestant Institutions in the Holy Land\"},\"image\":{\"@id\":\"https:\\\/\\\/www.evangelisch-in-jerusalem.org\\\/#\\\/schema\\\/logo\\\/image\\\/\"},\"sameAs\":[\"https:\\\/\\\/www.facebook.com\\\/erloeserkirche.jerusalem\"]},{\"@type\":\"Person\",\"@id\":\"https:\\\/\\\/www.evangelisch-in-jerusalem.org\\\/#\\\/schema\\\/person\\\/1a5c46f66365bb12b39ea0ebe03339a7\",\"name\":\"Bilhan Rechtman\",\"sameAs\":[\"http:\\\/\\\/www.evangelisch-in-jerusalem.org\"],\"url\":\"https:\\\/\\\/www.evangelisch-in-jerusalem.org\\\/en\\\/author\\\/bilhan\\\/\"}]}<\/script>\n<!-- \/ Yoast SEO plugin. -->","yoast_head_json":{"title":"Unsere Veranstaltungen im Januar 2024 - Evangelisch in Jerusalem","robots":{"index":"index","follow":"follow","max-snippet":"max-snippet:-1","max-image-preview":"max-image-preview:large","max-video-preview":"max-video-preview:-1"},"canonical":"https:\/\/www.evangelisch-in-jerusalem.org\/en\/2024\/01\/04\/unsere-veranstaltungen-im-januar-2024\/","og_locale":"en_GB","og_type":"article","og_title":"Unsere Veranstaltungen im Januar 2024 - Evangelisch in Jerusalem","og_description":"Mo-Fr&nbsp;&nbsp;&nbsp;&nbsp;&nbsp;&nbsp;&nbsp;&nbsp;&nbsp;&nbsp;&nbsp;&nbsp;&nbsp; 12.00 UhrFriedensgebet \u2013 eine gute ViertelstundeEvangelische Erl\u00f6serkirche, Muristan St. 1, Altstadt von Jerusalem Mi, Sa&nbsp;&nbsp;&nbsp;&nbsp;&nbsp;&nbsp;&nbsp;&nbsp;&nbsp;&nbsp;&nbsp;&nbsp;&nbsp; 19.00 UhrFriedensgebet per ZoomEinwahllink direkt: https:\/\/is.gd\/y6mWZz&nbsp;(oder Zoom-ID: 976 8331 9026, Code: 391044) *&nbsp; *&nbsp; *&nbsp; *&nbsp; * Mo, 1.1.2024&nbsp;&nbsp; 12.00 UhrAndacht zum neuen JahrMit Pfarrerin Ines FischerAnschl. kleiner SektempfangErl\u00f6serkirche, Muristan Road 1, Altstadt von Jerusalem Sa, 06.01. &nbsp;&nbsp;&nbsp;&nbsp;&nbsp;&nbsp;&nbsp; 12.00 &hellip; Continue reading \"Unsere Veranstaltungen im Januar 2024\"","og_url":"https:\/\/www.evangelisch-in-jerusalem.org\/en\/2024\/01\/04\/unsere-veranstaltungen-im-januar-2024\/","og_site_name":"Evangelisch in Jerusalem","article_publisher":"https:\/\/www.facebook.com\/erloeserkirche.jerusalem","article_published_time":"2024-01-04T10:04:07+00:00","article_modified_time":"2024-01-26T10:21:17+00:00","og_image":[{"width":2560,"height":1922,"url":"https:\/\/www.evangelisch-in-jerusalem.org\/wp-content\/uploads\/2024\/01\/1700123047661-002-scaled.jpg","type":"image\/jpeg"}],"author":"Bilhan Rechtman","twitter_card":"summary_large_image","twitter_misc":{"Written by":"Bilhan Rechtman","Estimated reading time":"3 minutes"},"schema":{"@context":"https:\/\/schema.org","@graph":[{"@type":"Article","@id":"https:\/\/www.evangelisch-in-jerusalem.org\/2024\/01\/04\/unsere-veranstaltungen-im-januar-2024\/#article","isPartOf":{"@id":"https:\/\/www.evangelisch-in-jerusalem.org\/2024\/01\/04\/unsere-veranstaltungen-im-januar-2024\/"},"author":{"name":"Bilhan Rechtman","@id":"https:\/\/www.evangelisch-in-jerusalem.org\/#\/schema\/person\/1a5c46f66365bb12b39ea0ebe03339a7"},"headline":"Unsere Veranstaltungen im Januar 2024","datePublished":"2024-01-04T10:04:07+00:00","dateModified":"2024-01-26T10:21:17+00:00","mainEntityOfPage":{"@id":"https:\/\/www.evangelisch-in-jerusalem.org\/2024\/01\/04\/unsere-veranstaltungen-im-januar-2024\/"},"wordCount":591,"publisher":{"@id":"https:\/\/www.evangelisch-in-jerusalem.org\/#organization"},"image":{"@id":"https:\/\/www.evangelisch-in-jerusalem.org\/2024\/01\/04\/unsere-veranstaltungen-im-januar-2024\/#primaryimage"},"thumbnailUrl":"https:\/\/www.evangelisch-in-jerusalem.org\/wp-content\/uploads\/2024\/01\/1700123047661-002-scaled.jpg","keywords":["Altstadt","Erl\u00f6serkirche","Gemeindeabend","Gottesdienst","Himmelfahrtkirche","Jerusalem","Latrun"],"articleSection":["Allgemein","Newsletter","Topnachricht"],"inLanguage":"en-GB"},{"@type":"WebPage","@id":"https:\/\/www.evangelisch-in-jerusalem.org\/2024\/01\/04\/unsere-veranstaltungen-im-januar-2024\/","url":"https:\/\/www.evangelisch-in-jerusalem.org\/2024\/01\/04\/unsere-veranstaltungen-im-januar-2024\/","name":"Unsere Veranstaltungen im Januar 2024 - Evangelisch in Jerusalem","isPartOf":{"@id":"https:\/\/www.evangelisch-in-jerusalem.org\/#website"},"primaryImageOfPage":{"@id":"https:\/\/www.evangelisch-in-jerusalem.org\/2024\/01\/04\/unsere-veranstaltungen-im-januar-2024\/#primaryimage"},"image":{"@id":"https:\/\/www.evangelisch-in-jerusalem.org\/2024\/01\/04\/unsere-veranstaltungen-im-januar-2024\/#primaryimage"},"thumbnailUrl":"https:\/\/www.evangelisch-in-jerusalem.org\/wp-content\/uploads\/2024\/01\/1700123047661-002-scaled.jpg","datePublished":"2024-01-04T10:04:07+00:00","dateModified":"2024-01-26T10:21:17+00:00","breadcrumb":{"@id":"https:\/\/www.evangelisch-in-jerusalem.org\/2024\/01\/04\/unsere-veranstaltungen-im-januar-2024\/#breadcrumb"},"inLanguage":"en-GB","potentialAction":[{"@type":"ReadAction","target":["https:\/\/www.evangelisch-in-jerusalem.org\/2024\/01\/04\/unsere-veranstaltungen-im-januar-2024\/"]}]},{"@type":"ImageObject","inLanguage":"en-GB","@id":"https:\/\/www.evangelisch-in-jerusalem.org\/2024\/01\/04\/unsere-veranstaltungen-im-januar-2024\/#primaryimage","url":"https:\/\/www.evangelisch-in-jerusalem.org\/wp-content\/uploads\/2024\/01\/1700123047661-002-scaled.jpg","contentUrl":"https:\/\/www.evangelisch-in-jerusalem.org\/wp-content\/uploads\/2024\/01\/1700123047661-002-scaled.jpg","width":2560,"height":1922,"caption":"Die Erl\u00f6serkirche vom Dach aus fotografiert"},{"@type":"BreadcrumbList","@id":"https:\/\/www.evangelisch-in-jerusalem.org\/2024\/01\/04\/unsere-veranstaltungen-im-januar-2024\/#breadcrumb","itemListElement":[{"@type":"ListItem","position":1,"name":"Startseite","item":"https:\/\/www.evangelisch-in-jerusalem.org\/"},{"@type":"ListItem","position":2,"name":"Unsere Veranstaltungen im Januar 2024"}]},{"@type":"WebSite","@id":"https:\/\/www.evangelisch-in-jerusalem.org\/#website","url":"https:\/\/www.evangelisch-in-jerusalem.org\/","name":"Evangelisch in Jerusalem","description":"German Protestant Institutions in the Holy Land","publisher":{"@id":"https:\/\/www.evangelisch-in-jerusalem.org\/#organization"},"potentialAction":[{"@type":"SearchAction","target":{"@type":"EntryPoint","urlTemplate":"https:\/\/www.evangelisch-in-jerusalem.org\/?s={search_term_string}"},"query-input":{"@type":"PropertyValueSpecification","valueRequired":true,"valueName":"search_term_string"}}],"inLanguage":"en-GB"},{"@type":"Organization","@id":"https:\/\/www.evangelisch-in-jerusalem.org\/#organization","name":"German Protestant Institutions in the Holy Land","url":"https:\/\/www.evangelisch-in-jerusalem.org\/","logo":{"@type":"ImageObject","inLanguage":"en-GB","@id":"https:\/\/www.evangelisch-in-jerusalem.org\/#\/schema\/logo\/image\/","url":"https:\/\/www.evangelisch-in-jerusalem.org\/wp-content\/uploads\/2019\/03\/EIJ_Logo_500-px.png","contentUrl":"https:\/\/www.evangelisch-in-jerusalem.org\/wp-content\/uploads\/2019\/03\/EIJ_Logo_500-px.png","width":500,"height":82,"caption":"German Protestant Institutions in the Holy Land"},"image":{"@id":"https:\/\/www.evangelisch-in-jerusalem.org\/#\/schema\/logo\/image\/"},"sameAs":["https:\/\/www.facebook.com\/erloeserkirche.jerusalem"]},{"@type":"Person","@id":"https:\/\/www.evangelisch-in-jerusalem.org\/#\/schema\/person\/1a5c46f66365bb12b39ea0ebe03339a7","name":"Bilhan Rechtman","sameAs":["http:\/\/www.evangelisch-in-jerusalem.org"],"url":"https:\/\/www.evangelisch-in-jerusalem.org\/en\/author\/bilhan\/"}]}},"_links":{"self":[{"href":"https:\/\/www.evangelisch-in-jerusalem.org\/en\/wp-json\/wp\/v2\/posts\/17075","targetHints":{"allow":["GET"]}}],"collection":[{"href":"https:\/\/www.evangelisch-in-jerusalem.org\/en\/wp-json\/wp\/v2\/posts"}],"about":[{"href":"https:\/\/www.evangelisch-in-jerusalem.org\/en\/wp-json\/wp\/v2\/types\/post"}],"author":[{"embeddable":true,"href":"https:\/\/www.evangelisch-in-jerusalem.org\/en\/wp-json\/wp\/v2\/users\/8"}],"replies":[{"embeddable":true,"href":"https:\/\/www.evangelisch-in-jerusalem.org\/en\/wp-json\/wp\/v2\/comments?post=17075"}],"version-history":[{"count":6,"href":"https:\/\/www.evangelisch-in-jerusalem.org\/en\/wp-json\/wp\/v2\/posts\/17075\/revisions"}],"predecessor-version":[{"id":17267,"href":"https:\/\/www.evangelisch-in-jerusalem.org\/en\/wp-json\/wp\/v2\/posts\/17075\/revisions\/17267"}],"wp:featuredmedia":[{"embeddable":true,"href":"https:\/\/www.evangelisch-in-jerusalem.org\/en\/wp-json\/wp\/v2\/media\/17074"}],"wp:attachment":[{"href":"https:\/\/www.evangelisch-in-jerusalem.org\/en\/wp-json\/wp\/v2\/media?parent=17075"}],"wp:term":[{"taxonomy":"category","embeddable":true,"href":"https:\/\/www.evangelisch-in-jerusalem.org\/en\/wp-json\/wp\/v2\/categories?post=17075"},{"taxonomy":"post_tag","embeddable":true,"href":"https:\/\/www.evangelisch-in-jerusalem.org\/en\/wp-json\/wp\/v2\/tags?post=17075"}],"curies":[{"name":"wp","href":"https:\/\/api.w.org\/{rel}","templated":true}]}}