{"id":16740,"date":"2023-11-30T15:38:24","date_gmt":"2023-11-30T13:38:24","guid":{"rendered":"https:\/\/www.evangelisch-in-jerusalem.org\/?p=16740"},"modified":"2023-11-30T15:38:25","modified_gmt":"2023-11-30T13:38:25","slug":"kaffee-waffeln-gespraecheam-ersten-adventssontag-nach-dem-gottesdienst","status":"publish","type":"post","link":"https:\/\/www.evangelisch-in-jerusalem.org\/en\/2023\/11\/30\/kaffee-waffeln-gespraecheam-ersten-adventssontag-nach-dem-gottesdienst\/","title":{"rendered":"Kaffee, Waffeln, Gespr\u00e4che:<br>Am ersten Adventssontag nach dem Gottesdienst"},"content":{"rendered":"<p>Wir setzen uns nach dem Gottesdienst am 1. Adventssonntag zusammen: im Refektorium oder im Kreuzgang. <\/p>\n\n\n\n<p>Dort ist auch Gelegenheit, Weihnachtsgeb\u00e4ck zu kaufen, das wir aus Deutschland importiert haben. Auf einen Advendsbasar m\u00fcssen wir in diesem Jahr ja verzichten.<\/p>\n\n\n\n<p>Herzliche Einladung!<\/p>\n\n\n\n<p><a href=\"https:\/\/www.evangelisch-in-jerusalem.org\/en\/events\/kaffee-waffeln-gespraecheam-ersten-adventssontag-nach-dem-gottesdienst\/\">Kaffee, Waffeln, Gespr\u00e4che:Am ersten Adventssontag nach dem Gottesdienst &#8211; Evangelisch in Jerusalem (evangelisch-in-jerusalem.org)<\/a><\/p>","protected":false},"excerpt":{"rendered":"<p>Wir setzen uns nach dem Gottesdienst am 1. Adventssonntag zusammen: im Refektorium oder im Kreuzgang. Dort ist auch Gelegenheit, Weihnachtsgeb\u00e4ck zu kaufen, das wir aus Deutschland importiert haben. Auf einen Advendsbasar m\u00fcssen wir in diesem Jahr ja verzichten. Herzliche Einladung! Kaffee, Waffeln, Gespr\u00e4che:Am ersten Adventssontag nach dem Gottesdienst &#8211; Evangelisch in Jerusalem (evangelisch-in-jerusalem.org)<\/p>","protected":false},"author":6,"featured_media":16733,"comment_status":"closed","ping_status":"closed","sticky":false,"template":"","format":"standard","meta":{"footnotes":""},"categories":[1,390,181,173,242,178,174],"tags":[313,256,124,125,550,315],"class_list":["post-16740","post","type-post","status-publish","format-standard","has-post-thumbnail","hentry","category-allgemein","category-cafes","category-erloeserkirche","category-gemeinde","category-jerusalem","category-oecumene","category-veranstaltung","tag-advent","tag-altstadt","tag-erloeserkirche","tag-jerusalem","tag-kaffee","tag-waffeln","entry"],"yoast_head":"<!-- This site is optimized with the Yoast SEO plugin v27.4 - https:\/\/yoast.com\/product\/yoast-seo-wordpress\/ -->\n<title>Kaffee, Waffeln, Gespr\u00e4che:Am ersten Adventssontag nach dem Gottesdienst - Evangelisch in Jerusalem<\/title>\n<meta name=\"robots\" content=\"index, follow, max-snippet:-1, max-image-preview:large, max-video-preview:-1\" \/>\n<link rel=\"canonical\" href=\"https:\/\/www.evangelisch-in-jerusalem.org\/en\/2023\/11\/30\/kaffee-waffeln-gespraecheam-ersten-adventssontag-nach-dem-gottesdienst\/\" \/>\n<meta property=\"og:locale\" content=\"en_GB\" \/>\n<meta property=\"og:type\" content=\"article\" \/>\n<meta property=\"og:title\" content=\"Kaffee, Waffeln, Gespr\u00e4che:Am ersten Adventssontag nach dem Gottesdienst - Evangelisch in Jerusalem\" \/>\n<meta property=\"og:description\" content=\"Wir setzen uns nach dem Gottesdienst am 1. Adventssonntag zusammen: im Refektorium oder im Kreuzgang. Dort ist auch Gelegenheit, Weihnachtsgeb\u00e4ck zu kaufen, das wir aus Deutschland importiert haben. Auf einen Advendsbasar m\u00fcssen wir in diesem Jahr ja verzichten. Herzliche Einladung! Kaffee, Waffeln, Gespr\u00e4che:Am ersten Adventssontag nach dem Gottesdienst &#8211; Evangelisch in Jerusalem (evangelisch-in-jerusalem.org)\" \/>\n<meta property=\"og:url\" content=\"https:\/\/www.evangelisch-in-jerusalem.org\/en\/2023\/11\/30\/kaffee-waffeln-gespraecheam-ersten-adventssontag-nach-dem-gottesdienst\/\" \/>\n<meta property=\"og:site_name\" content=\"Evangelisch in Jerusalem\" \/>\n<meta property=\"article:publisher\" content=\"https:\/\/www.facebook.com\/erloeserkirche.jerusalem\" \/>\n<meta property=\"article:published_time\" content=\"2023-11-30T13:38:24+00:00\" \/>\n<meta property=\"article:modified_time\" content=\"2023-11-30T13:38:25+00:00\" \/>\n<meta property=\"og:image\" content=\"https:\/\/www.evangelisch-in-jerusalem.org\/wp-content\/uploads\/2023\/11\/PhotoFunia-1701350875.jpg\" \/>\n\t<meta property=\"og:image:width\" content=\"700\" \/>\n\t<meta property=\"og:image:height\" content=\"378\" \/>\n\t<meta property=\"og:image:type\" content=\"image\/jpeg\" \/>\n<meta name=\"author\" content=\"Joachim Lenz\" \/>\n<meta name=\"twitter:card\" content=\"summary_large_image\" \/>\n<meta name=\"twitter:label1\" content=\"Written by\" \/>\n\t<meta name=\"twitter:data1\" content=\"Joachim Lenz\" \/>\n\t<meta name=\"twitter:label2\" content=\"Estimated reading time\" \/>\n\t<meta name=\"twitter:data2\" content=\"1 minute\" \/>\n<script type=\"application\/ld+json\" class=\"yoast-schema-graph\">{\"@context\":\"https:\\\/\\\/schema.org\",\"@graph\":[{\"@type\":\"Article\",\"@id\":\"https:\\\/\\\/www.evangelisch-in-jerusalem.org\\\/2023\\\/11\\\/30\\\/kaffee-waffeln-gespraecheam-ersten-adventssontag-nach-dem-gottesdienst\\\/#article\",\"isPartOf\":{\"@id\":\"https:\\\/\\\/www.evangelisch-in-jerusalem.org\\\/2023\\\/11\\\/30\\\/kaffee-waffeln-gespraecheam-ersten-adventssontag-nach-dem-gottesdienst\\\/\"},\"author\":{\"name\":\"Joachim Lenz\",\"@id\":\"https:\\\/\\\/www.evangelisch-in-jerusalem.org\\\/#\\\/schema\\\/person\\\/ea8e86c01aff849bd324c28bc5574607\"},\"headline\":\"Kaffee, Waffeln, Gespr\u00e4che: Am ersten Adventssontag nach dem Gottesdienst\",\"datePublished\":\"2023-11-30T13:38:24+00:00\",\"dateModified\":\"2023-11-30T13:38:25+00:00\",\"mainEntityOfPage\":{\"@id\":\"https:\\\/\\\/www.evangelisch-in-jerusalem.org\\\/2023\\\/11\\\/30\\\/kaffee-waffeln-gespraecheam-ersten-adventssontag-nach-dem-gottesdienst\\\/\"},\"wordCount\":67,\"publisher\":{\"@id\":\"https:\\\/\\\/www.evangelisch-in-jerusalem.org\\\/#organization\"},\"image\":{\"@id\":\"https:\\\/\\\/www.evangelisch-in-jerusalem.org\\\/2023\\\/11\\\/30\\\/kaffee-waffeln-gespraecheam-ersten-adventssontag-nach-dem-gottesdienst\\\/#primaryimage\"},\"thumbnailUrl\":\"https:\\\/\\\/www.evangelisch-in-jerusalem.org\\\/wp-content\\\/uploads\\\/2023\\\/11\\\/PhotoFunia-1701350875.jpg\",\"keywords\":[\"Advent\",\"Altstadt\",\"Erl\u00f6serkirche\",\"Jerusalem\",\"Kaffee\",\"Waffeln\"],\"articleSection\":[\"Allgemein\",\"Caf\u00e9s\",\"Erl\u00f6serkirche\",\"Gemeinde\",\"Jerusalem\",\"\u00d6kumene\",\"Veranstaltung\"],\"inLanguage\":\"en-GB\"},{\"@type\":\"WebPage\",\"@id\":\"https:\\\/\\\/www.evangelisch-in-jerusalem.org\\\/2023\\\/11\\\/30\\\/kaffee-waffeln-gespraecheam-ersten-adventssontag-nach-dem-gottesdienst\\\/\",\"url\":\"https:\\\/\\\/www.evangelisch-in-jerusalem.org\\\/2023\\\/11\\\/30\\\/kaffee-waffeln-gespraecheam-ersten-adventssontag-nach-dem-gottesdienst\\\/\",\"name\":\"Kaffee, Waffeln, Gespr\u00e4che: Am ersten Adventssontag nach dem Gottesdienst - Evangelisch in Jerusalem\",\"isPartOf\":{\"@id\":\"https:\\\/\\\/www.evangelisch-in-jerusalem.org\\\/#website\"},\"primaryImageOfPage\":{\"@id\":\"https:\\\/\\\/www.evangelisch-in-jerusalem.org\\\/2023\\\/11\\\/30\\\/kaffee-waffeln-gespraecheam-ersten-adventssontag-nach-dem-gottesdienst\\\/#primaryimage\"},\"image\":{\"@id\":\"https:\\\/\\\/www.evangelisch-in-jerusalem.org\\\/2023\\\/11\\\/30\\\/kaffee-waffeln-gespraecheam-ersten-adventssontag-nach-dem-gottesdienst\\\/#primaryimage\"},\"thumbnailUrl\":\"https:\\\/\\\/www.evangelisch-in-jerusalem.org\\\/wp-content\\\/uploads\\\/2023\\\/11\\\/PhotoFunia-1701350875.jpg\",\"datePublished\":\"2023-11-30T13:38:24+00:00\",\"dateModified\":\"2023-11-30T13:38:25+00:00\",\"breadcrumb\":{\"@id\":\"https:\\\/\\\/www.evangelisch-in-jerusalem.org\\\/2023\\\/11\\\/30\\\/kaffee-waffeln-gespraecheam-ersten-adventssontag-nach-dem-gottesdienst\\\/#breadcrumb\"},\"inLanguage\":\"en-GB\",\"potentialAction\":[{\"@type\":\"ReadAction\",\"target\":[\"https:\\\/\\\/www.evangelisch-in-jerusalem.org\\\/2023\\\/11\\\/30\\\/kaffee-waffeln-gespraecheam-ersten-adventssontag-nach-dem-gottesdienst\\\/\"]}]},{\"@type\":\"ImageObject\",\"inLanguage\":\"en-GB\",\"@id\":\"https:\\\/\\\/www.evangelisch-in-jerusalem.org\\\/2023\\\/11\\\/30\\\/kaffee-waffeln-gespraecheam-ersten-adventssontag-nach-dem-gottesdienst\\\/#primaryimage\",\"url\":\"https:\\\/\\\/www.evangelisch-in-jerusalem.org\\\/wp-content\\\/uploads\\\/2023\\\/11\\\/PhotoFunia-1701350875.jpg\",\"contentUrl\":\"https:\\\/\\\/www.evangelisch-in-jerusalem.org\\\/wp-content\\\/uploads\\\/2023\\\/11\\\/PhotoFunia-1701350875.jpg\",\"width\":700,\"height\":378},{\"@type\":\"BreadcrumbList\",\"@id\":\"https:\\\/\\\/www.evangelisch-in-jerusalem.org\\\/2023\\\/11\\\/30\\\/kaffee-waffeln-gespraecheam-ersten-adventssontag-nach-dem-gottesdienst\\\/#breadcrumb\",\"itemListElement\":[{\"@type\":\"ListItem\",\"position\":1,\"name\":\"Startseite\",\"item\":\"https:\\\/\\\/www.evangelisch-in-jerusalem.org\\\/\"},{\"@type\":\"ListItem\",\"position\":2,\"name\":\"Kaffee, Waffeln, Gespr\u00e4che:Am ersten Adventssontag nach dem Gottesdienst\"}]},{\"@type\":\"WebSite\",\"@id\":\"https:\\\/\\\/www.evangelisch-in-jerusalem.org\\\/#website\",\"url\":\"https:\\\/\\\/www.evangelisch-in-jerusalem.org\\\/\",\"name\":\"Evangelisch in Jerusalem\",\"description\":\"Stiftungen der EKD im Heiligen Land\",\"publisher\":{\"@id\":\"https:\\\/\\\/www.evangelisch-in-jerusalem.org\\\/#organization\"},\"potentialAction\":[{\"@type\":\"SearchAction\",\"target\":{\"@type\":\"EntryPoint\",\"urlTemplate\":\"https:\\\/\\\/www.evangelisch-in-jerusalem.org\\\/?s={search_term_string}\"},\"query-input\":{\"@type\":\"PropertyValueSpecification\",\"valueRequired\":true,\"valueName\":\"search_term_string\"}}],\"inLanguage\":\"en-GB\"},{\"@type\":\"Organization\",\"@id\":\"https:\\\/\\\/www.evangelisch-in-jerusalem.org\\\/#organization\",\"name\":\"German Protestant Institutions in the Holy Land\",\"url\":\"https:\\\/\\\/www.evangelisch-in-jerusalem.org\\\/\",\"logo\":{\"@type\":\"ImageObject\",\"inLanguage\":\"en-GB\",\"@id\":\"https:\\\/\\\/www.evangelisch-in-jerusalem.org\\\/#\\\/schema\\\/logo\\\/image\\\/\",\"url\":\"https:\\\/\\\/www.evangelisch-in-jerusalem.org\\\/wp-content\\\/uploads\\\/2019\\\/03\\\/EIJ_Logo_500-px.png\",\"contentUrl\":\"https:\\\/\\\/www.evangelisch-in-jerusalem.org\\\/wp-content\\\/uploads\\\/2019\\\/03\\\/EIJ_Logo_500-px.png\",\"width\":500,\"height\":82,\"caption\":\"German Protestant Institutions in the Holy Land\"},\"image\":{\"@id\":\"https:\\\/\\\/www.evangelisch-in-jerusalem.org\\\/#\\\/schema\\\/logo\\\/image\\\/\"},\"sameAs\":[\"https:\\\/\\\/www.facebook.com\\\/erloeserkirche.jerusalem\"]},{\"@type\":\"Person\",\"@id\":\"https:\\\/\\\/www.evangelisch-in-jerusalem.org\\\/#\\\/schema\\\/person\\\/ea8e86c01aff849bd324c28bc5574607\",\"name\":\"Joachim Lenz\",\"sameAs\":[\"http:\\\/\\\/evangelisch-in-jerusalem.org\"],\"url\":\"https:\\\/\\\/www.evangelisch-in-jerusalem.org\\\/en\\\/author\\\/propst-jl\\\/\"}]}<\/script>\n<!-- \/ Yoast SEO plugin. -->","yoast_head_json":{"title":"Kaffee, Waffeln, Gespr\u00e4che:Am ersten Adventssontag nach dem Gottesdienst - Evangelisch in Jerusalem","robots":{"index":"index","follow":"follow","max-snippet":"max-snippet:-1","max-image-preview":"max-image-preview:large","max-video-preview":"max-video-preview:-1"},"canonical":"https:\/\/www.evangelisch-in-jerusalem.org\/en\/2023\/11\/30\/kaffee-waffeln-gespraecheam-ersten-adventssontag-nach-dem-gottesdienst\/","og_locale":"en_GB","og_type":"article","og_title":"Kaffee, Waffeln, Gespr\u00e4che:Am ersten Adventssontag nach dem Gottesdienst - Evangelisch in Jerusalem","og_description":"Wir setzen uns nach dem Gottesdienst am 1. Adventssonntag zusammen: im Refektorium oder im Kreuzgang. Dort ist auch Gelegenheit, Weihnachtsgeb\u00e4ck zu kaufen, das wir aus Deutschland importiert haben. Auf einen Advendsbasar m\u00fcssen wir in diesem Jahr ja verzichten. Herzliche Einladung! Kaffee, Waffeln, Gespr\u00e4che:Am ersten Adventssontag nach dem Gottesdienst &#8211; Evangelisch in Jerusalem (evangelisch-in-jerusalem.org)","og_url":"https:\/\/www.evangelisch-in-jerusalem.org\/en\/2023\/11\/30\/kaffee-waffeln-gespraecheam-ersten-adventssontag-nach-dem-gottesdienst\/","og_site_name":"Evangelisch in Jerusalem","article_publisher":"https:\/\/www.facebook.com\/erloeserkirche.jerusalem","article_published_time":"2023-11-30T13:38:24+00:00","article_modified_time":"2023-11-30T13:38:25+00:00","og_image":[{"width":700,"height":378,"url":"https:\/\/www.evangelisch-in-jerusalem.org\/wp-content\/uploads\/2023\/11\/PhotoFunia-1701350875.jpg","type":"image\/jpeg"}],"author":"Joachim Lenz","twitter_card":"summary_large_image","twitter_misc":{"Written by":"Joachim Lenz","Estimated reading time":"1 minute"},"schema":{"@context":"https:\/\/schema.org","@graph":[{"@type":"Article","@id":"https:\/\/www.evangelisch-in-jerusalem.org\/2023\/11\/30\/kaffee-waffeln-gespraecheam-ersten-adventssontag-nach-dem-gottesdienst\/#article","isPartOf":{"@id":"https:\/\/www.evangelisch-in-jerusalem.org\/2023\/11\/30\/kaffee-waffeln-gespraecheam-ersten-adventssontag-nach-dem-gottesdienst\/"},"author":{"name":"Joachim Lenz","@id":"https:\/\/www.evangelisch-in-jerusalem.org\/#\/schema\/person\/ea8e86c01aff849bd324c28bc5574607"},"headline":"Kaffee, Waffeln, Gespr\u00e4che: Am ersten Adventssontag nach dem Gottesdienst","datePublished":"2023-11-30T13:38:24+00:00","dateModified":"2023-11-30T13:38:25+00:00","mainEntityOfPage":{"@id":"https:\/\/www.evangelisch-in-jerusalem.org\/2023\/11\/30\/kaffee-waffeln-gespraecheam-ersten-adventssontag-nach-dem-gottesdienst\/"},"wordCount":67,"publisher":{"@id":"https:\/\/www.evangelisch-in-jerusalem.org\/#organization"},"image":{"@id":"https:\/\/www.evangelisch-in-jerusalem.org\/2023\/11\/30\/kaffee-waffeln-gespraecheam-ersten-adventssontag-nach-dem-gottesdienst\/#primaryimage"},"thumbnailUrl":"https:\/\/www.evangelisch-in-jerusalem.org\/wp-content\/uploads\/2023\/11\/PhotoFunia-1701350875.jpg","keywords":["Advent","Altstadt","Erl\u00f6serkirche","Jerusalem","Kaffee","Waffeln"],"articleSection":["Allgemein","Caf\u00e9s","Erl\u00f6serkirche","Gemeinde","Jerusalem","\u00d6kumene","Veranstaltung"],"inLanguage":"en-GB"},{"@type":"WebPage","@id":"https:\/\/www.evangelisch-in-jerusalem.org\/2023\/11\/30\/kaffee-waffeln-gespraecheam-ersten-adventssontag-nach-dem-gottesdienst\/","url":"https:\/\/www.evangelisch-in-jerusalem.org\/2023\/11\/30\/kaffee-waffeln-gespraecheam-ersten-adventssontag-nach-dem-gottesdienst\/","name":"Kaffee, Waffeln, Gespr\u00e4che: Am ersten Adventssontag nach dem Gottesdienst - Evangelisch in Jerusalem","isPartOf":{"@id":"https:\/\/www.evangelisch-in-jerusalem.org\/#website"},"primaryImageOfPage":{"@id":"https:\/\/www.evangelisch-in-jerusalem.org\/2023\/11\/30\/kaffee-waffeln-gespraecheam-ersten-adventssontag-nach-dem-gottesdienst\/#primaryimage"},"image":{"@id":"https:\/\/www.evangelisch-in-jerusalem.org\/2023\/11\/30\/kaffee-waffeln-gespraecheam-ersten-adventssontag-nach-dem-gottesdienst\/#primaryimage"},"thumbnailUrl":"https:\/\/www.evangelisch-in-jerusalem.org\/wp-content\/uploads\/2023\/11\/PhotoFunia-1701350875.jpg","datePublished":"2023-11-30T13:38:24+00:00","dateModified":"2023-11-30T13:38:25+00:00","breadcrumb":{"@id":"https:\/\/www.evangelisch-in-jerusalem.org\/2023\/11\/30\/kaffee-waffeln-gespraecheam-ersten-adventssontag-nach-dem-gottesdienst\/#breadcrumb"},"inLanguage":"en-GB","potentialAction":[{"@type":"ReadAction","target":["https:\/\/www.evangelisch-in-jerusalem.org\/2023\/11\/30\/kaffee-waffeln-gespraecheam-ersten-adventssontag-nach-dem-gottesdienst\/"]}]},{"@type":"ImageObject","inLanguage":"en-GB","@id":"https:\/\/www.evangelisch-in-jerusalem.org\/2023\/11\/30\/kaffee-waffeln-gespraecheam-ersten-adventssontag-nach-dem-gottesdienst\/#primaryimage","url":"https:\/\/www.evangelisch-in-jerusalem.org\/wp-content\/uploads\/2023\/11\/PhotoFunia-1701350875.jpg","contentUrl":"https:\/\/www.evangelisch-in-jerusalem.org\/wp-content\/uploads\/2023\/11\/PhotoFunia-1701350875.jpg","width":700,"height":378},{"@type":"BreadcrumbList","@id":"https:\/\/www.evangelisch-in-jerusalem.org\/2023\/11\/30\/kaffee-waffeln-gespraecheam-ersten-adventssontag-nach-dem-gottesdienst\/#breadcrumb","itemListElement":[{"@type":"ListItem","position":1,"name":"Startseite","item":"https:\/\/www.evangelisch-in-jerusalem.org\/"},{"@type":"ListItem","position":2,"name":"Kaffee, Waffeln, Gespr\u00e4che:Am ersten Adventssontag nach dem Gottesdienst"}]},{"@type":"WebSite","@id":"https:\/\/www.evangelisch-in-jerusalem.org\/#website","url":"https:\/\/www.evangelisch-in-jerusalem.org\/","name":"Evangelisch in Jerusalem","description":"German Protestant Institutions in the Holy Land","publisher":{"@id":"https:\/\/www.evangelisch-in-jerusalem.org\/#organization"},"potentialAction":[{"@type":"SearchAction","target":{"@type":"EntryPoint","urlTemplate":"https:\/\/www.evangelisch-in-jerusalem.org\/?s={search_term_string}"},"query-input":{"@type":"PropertyValueSpecification","valueRequired":true,"valueName":"search_term_string"}}],"inLanguage":"en-GB"},{"@type":"Organization","@id":"https:\/\/www.evangelisch-in-jerusalem.org\/#organization","name":"German Protestant Institutions in the Holy Land","url":"https:\/\/www.evangelisch-in-jerusalem.org\/","logo":{"@type":"ImageObject","inLanguage":"en-GB","@id":"https:\/\/www.evangelisch-in-jerusalem.org\/#\/schema\/logo\/image\/","url":"https:\/\/www.evangelisch-in-jerusalem.org\/wp-content\/uploads\/2019\/03\/EIJ_Logo_500-px.png","contentUrl":"https:\/\/www.evangelisch-in-jerusalem.org\/wp-content\/uploads\/2019\/03\/EIJ_Logo_500-px.png","width":500,"height":82,"caption":"German Protestant Institutions in the Holy Land"},"image":{"@id":"https:\/\/www.evangelisch-in-jerusalem.org\/#\/schema\/logo\/image\/"},"sameAs":["https:\/\/www.facebook.com\/erloeserkirche.jerusalem"]},{"@type":"Person","@id":"https:\/\/www.evangelisch-in-jerusalem.org\/#\/schema\/person\/ea8e86c01aff849bd324c28bc5574607","name":"Joachim Lenz","sameAs":["http:\/\/evangelisch-in-jerusalem.org"],"url":"https:\/\/www.evangelisch-in-jerusalem.org\/en\/author\/propst-jl\/"}]}},"_links":{"self":[{"href":"https:\/\/www.evangelisch-in-jerusalem.org\/en\/wp-json\/wp\/v2\/posts\/16740","targetHints":{"allow":["GET"]}}],"collection":[{"href":"https:\/\/www.evangelisch-in-jerusalem.org\/en\/wp-json\/wp\/v2\/posts"}],"about":[{"href":"https:\/\/www.evangelisch-in-jerusalem.org\/en\/wp-json\/wp\/v2\/types\/post"}],"author":[{"embeddable":true,"href":"https:\/\/www.evangelisch-in-jerusalem.org\/en\/wp-json\/wp\/v2\/users\/6"}],"replies":[{"embeddable":true,"href":"https:\/\/www.evangelisch-in-jerusalem.org\/en\/wp-json\/wp\/v2\/comments?post=16740"}],"version-history":[{"count":1,"href":"https:\/\/www.evangelisch-in-jerusalem.org\/en\/wp-json\/wp\/v2\/posts\/16740\/revisions"}],"predecessor-version":[{"id":16741,"href":"https:\/\/www.evangelisch-in-jerusalem.org\/en\/wp-json\/wp\/v2\/posts\/16740\/revisions\/16741"}],"wp:featuredmedia":[{"embeddable":true,"href":"https:\/\/www.evangelisch-in-jerusalem.org\/en\/wp-json\/wp\/v2\/media\/16733"}],"wp:attachment":[{"href":"https:\/\/www.evangelisch-in-jerusalem.org\/en\/wp-json\/wp\/v2\/media?parent=16740"}],"wp:term":[{"taxonomy":"category","embeddable":true,"href":"https:\/\/www.evangelisch-in-jerusalem.org\/en\/wp-json\/wp\/v2\/categories?post=16740"},{"taxonomy":"post_tag","embeddable":true,"href":"https:\/\/www.evangelisch-in-jerusalem.org\/en\/wp-json\/wp\/v2\/tags?post=16740"}],"curies":[{"name":"wp","href":"https:\/\/api.w.org\/{rel}","templated":true}]}}