{"id":16252,"date":"2023-10-29T08:20:00","date_gmt":"2023-10-29T06:20:00","guid":{"rendered":"https:\/\/www.evangelisch-in-jerusalem.org\/?p=16252"},"modified":"2023-10-29T20:51:50","modified_gmt":"2023-10-29T18:51:50","slug":"geburtstag-in-kriegszeiten-125-jahre-erloeserkirche","status":"publish","type":"post","link":"https:\/\/www.evangelisch-in-jerusalem.org\/en\/2023\/10\/29\/geburtstag-in-kriegszeiten-125-jahre-erloeserkirche\/","title":{"rendered":"Geburtstag in Kriegszeiten:  125 Jahre Erl\u00f6serkirche. <br>Mit Abt Nikodemus, Erzbischof Hosam &#8230;"},"content":{"rendered":"<p>Wir tun, was wir k\u00f6nnen: beten. Gottesdienst feiern. Gott um Frieden bitten. die Geburtstagsfrierlichkeiten, die wir \u00fcberlegt hatten, fallen aus. Konzerte, Vortr\u00e4ge, gemeinsames Essen und Trinken: Hoffentlich k\u00f6nnen wir einiges davon nachholen.<\/p>\n\n\n\n<p>Wir tun, was wir k\u00f6nnen: beten. Gottesdienst feiern. Gott um Frieden bitten. Das tun wir mit anderen:<\/p>\n\n\n\n<ul class=\"wp-block-list\"><li><strong>\u00d6kumenischer Gottesdienst<\/strong> am Sonntag, 29. Oktober, 10.30 Uhr: es predigt Abt Dr. Nikodemus C. Schnabel OSB von der Dormitio<\/li><li><strong>Internationaler Gottesdienst<\/strong> am Reformationstag, 31. Oktober, 16.30 Uhr: in arabischer, englischer und deutscher Sprache. Es predigt Dr. Hosam Naoum, Anglikanischer Erzbischof in Jerusalem<\/li><li><strong>Friedensgebet als Zoom-Andacht<\/strong> am Reformationstag, 31. Oktober, 19.00 Uhr (18.00 Uhr dt. Zeit): zum Geburtstag ausf\u00fchrlicher, ansonsten immer am Dienstag, Donnerstag und Samstag f\u00fcr eine gute Viertelstunde.<\/li><li>Das <strong>Friedensgebet am Mittag<\/strong> um 12.00 Uhr findet t\u00e4glich in der Erl\u00f6serkirche statt, auch wenn kaum noch jemand in der Altstadt ist, der hinzukommen kann. Wir sind sicher, dass andere anderswo mit uns um Frieden f\u00fcr das Heilige Land beten.<\/li><\/ul>\n\n\n\n<p><em>W\u00fcnschet Jerusalem Frieden! <\/em>(Psalm 122,6)<\/p>\n\n\n\n<figure class=\"wp-block-image size-large\"><img fetchpriority=\"high\" decoding=\"async\" width=\"1024\" height=\"768\" src=\"https:\/\/www.evangelisch-in-jerusalem.org\/wp-content\/uploads\/2023\/10\/IMG_0028-1024x768.jpeg\" alt=\"\" class=\"wp-image-16254\" srcset=\"https:\/\/www.evangelisch-in-jerusalem.org\/wp-content\/uploads\/2023\/10\/IMG_0028-1024x768.jpeg 1024w, https:\/\/www.evangelisch-in-jerusalem.org\/wp-content\/uploads\/2023\/10\/IMG_0028-300x225.jpeg 300w, https:\/\/www.evangelisch-in-jerusalem.org\/wp-content\/uploads\/2023\/10\/IMG_0028-768x576.jpeg 768w, https:\/\/www.evangelisch-in-jerusalem.org\/wp-content\/uploads\/2023\/10\/IMG_0028-1536x1152.jpeg 1536w, https:\/\/www.evangelisch-in-jerusalem.org\/wp-content\/uploads\/2023\/10\/IMG_0028-2048x1536.jpeg 2048w, https:\/\/www.evangelisch-in-jerusalem.org\/wp-content\/uploads\/2023\/10\/IMG_0028-16x12.jpeg 16w, https:\/\/www.evangelisch-in-jerusalem.org\/wp-content\/uploads\/2023\/10\/IMG_0028-1568x1176.jpeg 1568w\" sizes=\"(max-width: 1024px) 100vw, 1024px\" \/><figcaption>Leere Altstadt: die Muristan Rd. im Oktober 2023<\/figcaption><\/figure>","protected":false},"excerpt":{"rendered":"<p>Wir tun, was wir k\u00f6nnen: beten. Gottesdienst feiern. Gott um Frieden bitten. die Geburtstagsfrierlichkeiten, die wir \u00fcberlegt hatten, fallen aus. Konzerte, Vortr\u00e4ge, gemeinsames Essen und Trinken: Hoffentlich k\u00f6nnen wir einiges davon nachholen. Wir tun, was wir k\u00f6nnen: beten. Gottesdienst feiern. Gott um Frieden bitten. Das tun wir mit anderen: \u00d6kumenischer Gottesdienst am Sonntag, 29. Oktober, &hellip; <\/p>\n<p class=\"link-more\"><a href=\"https:\/\/www.evangelisch-in-jerusalem.org\/en\/2023\/10\/29\/geburtstag-in-kriegszeiten-125-jahre-erloeserkirche\/\" class=\"more-link\">Continue reading<span class=\"screen-reader-text\"> &#8220;Geburtstag in Kriegszeiten:  125 Jahre Erl\u00f6serkirche. <br \/>Mit Abt Nikodemus, Erzbischof Hosam &#8230;&#8221;<\/span><\/a><\/p>","protected":false},"author":6,"featured_media":16253,"comment_status":"closed","ping_status":"closed","sticky":false,"template":"","format":"standard","meta":{"footnotes":""},"categories":[1],"tags":[256,124,213,125],"class_list":["post-16252","post","type-post","status-publish","format-standard","has-post-thumbnail","hentry","category-allgemein","tag-altstadt","tag-erloeserkirche","tag-gottesdienst","tag-jerusalem","entry"],"yoast_head":"<!-- This site is optimized with the Yoast SEO plugin v27.4 - https:\/\/yoast.com\/product\/yoast-seo-wordpress\/ -->\n<title>Geburtstag in Kriegszeiten: 125 Jahre Erl\u00f6serkirche. Mit Abt Nikodemus, Erzbischof Hosam ... - Evangelisch in Jerusalem<\/title>\n<meta name=\"robots\" content=\"index, follow, max-snippet:-1, max-image-preview:large, max-video-preview:-1\" \/>\n<link rel=\"canonical\" href=\"https:\/\/www.evangelisch-in-jerusalem.org\/en\/2023\/10\/29\/geburtstag-in-kriegszeiten-125-jahre-erloeserkirche\/\" \/>\n<meta property=\"og:locale\" content=\"en_GB\" \/>\n<meta property=\"og:type\" content=\"article\" \/>\n<meta property=\"og:title\" content=\"Geburtstag in Kriegszeiten: 125 Jahre Erl\u00f6serkirche. Mit Abt Nikodemus, Erzbischof Hosam ... - Evangelisch in Jerusalem\" \/>\n<meta property=\"og:description\" content=\"Wir tun, was wir k\u00f6nnen: beten. Gottesdienst feiern. Gott um Frieden bitten. die Geburtstagsfrierlichkeiten, die wir \u00fcberlegt hatten, fallen aus. Konzerte, Vortr\u00e4ge, gemeinsames Essen und Trinken: Hoffentlich k\u00f6nnen wir einiges davon nachholen. Wir tun, was wir k\u00f6nnen: beten. Gottesdienst feiern. Gott um Frieden bitten. Das tun wir mit anderen: \u00d6kumenischer Gottesdienst am Sonntag, 29. Oktober, &hellip; Continue reading &quot;Geburtstag in Kriegszeiten: 125 Jahre Erl\u00f6serkirche. Mit Abt Nikodemus, Erzbischof Hosam &#8230;&quot;\" \/>\n<meta property=\"og:url\" content=\"https:\/\/www.evangelisch-in-jerusalem.org\/en\/2023\/10\/29\/geburtstag-in-kriegszeiten-125-jahre-erloeserkirche\/\" \/>\n<meta property=\"og:site_name\" content=\"Evangelisch in Jerusalem\" \/>\n<meta property=\"article:publisher\" content=\"https:\/\/www.facebook.com\/erloeserkirche.jerusalem\" \/>\n<meta property=\"article:published_time\" content=\"2023-10-29T06:20:00+00:00\" \/>\n<meta property=\"article:modified_time\" content=\"2023-10-29T18:51:50+00:00\" \/>\n<meta property=\"og:image\" content=\"https:\/\/www.evangelisch-in-jerusalem.org\/wp-content\/uploads\/2023\/10\/IMG_0058-scaled.jpeg\" \/>\n\t<meta property=\"og:image:width\" content=\"2560\" \/>\n\t<meta property=\"og:image:height\" content=\"1920\" \/>\n\t<meta property=\"og:image:type\" content=\"image\/jpeg\" \/>\n<meta name=\"author\" content=\"Joachim Lenz\" \/>\n<meta name=\"twitter:card\" content=\"summary_large_image\" \/>\n<meta name=\"twitter:label1\" content=\"Written by\" \/>\n\t<meta name=\"twitter:data1\" content=\"Joachim Lenz\" \/>\n\t<meta name=\"twitter:label2\" content=\"Estimated reading time\" \/>\n\t<meta name=\"twitter:data2\" content=\"2 minutes\" \/>\n<script type=\"application\/ld+json\" class=\"yoast-schema-graph\">{\"@context\":\"https:\\\/\\\/schema.org\",\"@graph\":[{\"@type\":\"Article\",\"@id\":\"https:\\\/\\\/www.evangelisch-in-jerusalem.org\\\/2023\\\/10\\\/29\\\/geburtstag-in-kriegszeiten-125-jahre-erloeserkirche\\\/#article\",\"isPartOf\":{\"@id\":\"https:\\\/\\\/www.evangelisch-in-jerusalem.org\\\/2023\\\/10\\\/29\\\/geburtstag-in-kriegszeiten-125-jahre-erloeserkirche\\\/\"},\"author\":{\"name\":\"Joachim Lenz\",\"@id\":\"https:\\\/\\\/www.evangelisch-in-jerusalem.org\\\/#\\\/schema\\\/person\\\/ea8e86c01aff849bd324c28bc5574607\"},\"headline\":\"Geburtstag in Kriegszeiten: 125 Jahre Erl\u00f6serkirche. Mit Abt Nikodemus, Erzbischof Hosam &#8230;\",\"datePublished\":\"2023-10-29T06:20:00+00:00\",\"dateModified\":\"2023-10-29T18:51:50+00:00\",\"mainEntityOfPage\":{\"@id\":\"https:\\\/\\\/www.evangelisch-in-jerusalem.org\\\/2023\\\/10\\\/29\\\/geburtstag-in-kriegszeiten-125-jahre-erloeserkirche\\\/\"},\"wordCount\":182,\"publisher\":{\"@id\":\"https:\\\/\\\/www.evangelisch-in-jerusalem.org\\\/#organization\"},\"image\":{\"@id\":\"https:\\\/\\\/www.evangelisch-in-jerusalem.org\\\/2023\\\/10\\\/29\\\/geburtstag-in-kriegszeiten-125-jahre-erloeserkirche\\\/#primaryimage\"},\"thumbnailUrl\":\"https:\\\/\\\/www.evangelisch-in-jerusalem.org\\\/wp-content\\\/uploads\\\/2023\\\/10\\\/IMG_0058-scaled.jpeg\",\"keywords\":[\"Altstadt\",\"Erl\u00f6serkirche\",\"Gottesdienst\",\"Jerusalem\"],\"articleSection\":[\"Allgemein\"],\"inLanguage\":\"en-GB\"},{\"@type\":\"WebPage\",\"@id\":\"https:\\\/\\\/www.evangelisch-in-jerusalem.org\\\/2023\\\/10\\\/29\\\/geburtstag-in-kriegszeiten-125-jahre-erloeserkirche\\\/\",\"url\":\"https:\\\/\\\/www.evangelisch-in-jerusalem.org\\\/2023\\\/10\\\/29\\\/geburtstag-in-kriegszeiten-125-jahre-erloeserkirche\\\/\",\"name\":\"Geburtstag in Kriegszeiten: 125 Jahre Erl\u00f6serkirche. Mit Abt Nikodemus, Erzbischof Hosam ... - Evangelisch in Jerusalem\",\"isPartOf\":{\"@id\":\"https:\\\/\\\/www.evangelisch-in-jerusalem.org\\\/#website\"},\"primaryImageOfPage\":{\"@id\":\"https:\\\/\\\/www.evangelisch-in-jerusalem.org\\\/2023\\\/10\\\/29\\\/geburtstag-in-kriegszeiten-125-jahre-erloeserkirche\\\/#primaryimage\"},\"image\":{\"@id\":\"https:\\\/\\\/www.evangelisch-in-jerusalem.org\\\/2023\\\/10\\\/29\\\/geburtstag-in-kriegszeiten-125-jahre-erloeserkirche\\\/#primaryimage\"},\"thumbnailUrl\":\"https:\\\/\\\/www.evangelisch-in-jerusalem.org\\\/wp-content\\\/uploads\\\/2023\\\/10\\\/IMG_0058-scaled.jpeg\",\"datePublished\":\"2023-10-29T06:20:00+00:00\",\"dateModified\":\"2023-10-29T18:51:50+00:00\",\"breadcrumb\":{\"@id\":\"https:\\\/\\\/www.evangelisch-in-jerusalem.org\\\/2023\\\/10\\\/29\\\/geburtstag-in-kriegszeiten-125-jahre-erloeserkirche\\\/#breadcrumb\"},\"inLanguage\":\"en-GB\",\"potentialAction\":[{\"@type\":\"ReadAction\",\"target\":[\"https:\\\/\\\/www.evangelisch-in-jerusalem.org\\\/2023\\\/10\\\/29\\\/geburtstag-in-kriegszeiten-125-jahre-erloeserkirche\\\/\"]}]},{\"@type\":\"ImageObject\",\"inLanguage\":\"en-GB\",\"@id\":\"https:\\\/\\\/www.evangelisch-in-jerusalem.org\\\/2023\\\/10\\\/29\\\/geburtstag-in-kriegszeiten-125-jahre-erloeserkirche\\\/#primaryimage\",\"url\":\"https:\\\/\\\/www.evangelisch-in-jerusalem.org\\\/wp-content\\\/uploads\\\/2023\\\/10\\\/IMG_0058-scaled.jpeg\",\"contentUrl\":\"https:\\\/\\\/www.evangelisch-in-jerusalem.org\\\/wp-content\\\/uploads\\\/2023\\\/10\\\/IMG_0058-scaled.jpeg\",\"width\":2560,\"height\":1920},{\"@type\":\"BreadcrumbList\",\"@id\":\"https:\\\/\\\/www.evangelisch-in-jerusalem.org\\\/2023\\\/10\\\/29\\\/geburtstag-in-kriegszeiten-125-jahre-erloeserkirche\\\/#breadcrumb\",\"itemListElement\":[{\"@type\":\"ListItem\",\"position\":1,\"name\":\"Startseite\",\"item\":\"https:\\\/\\\/www.evangelisch-in-jerusalem.org\\\/\"},{\"@type\":\"ListItem\",\"position\":2,\"name\":\"Geburtstag in Kriegszeiten: 125 Jahre Erl\u00f6serkirche. Mit Abt Nikodemus, Erzbischof Hosam &#8230;\"}]},{\"@type\":\"WebSite\",\"@id\":\"https:\\\/\\\/www.evangelisch-in-jerusalem.org\\\/#website\",\"url\":\"https:\\\/\\\/www.evangelisch-in-jerusalem.org\\\/\",\"name\":\"Evangelisch in Jerusalem\",\"description\":\"Stiftungen der EKD im Heiligen Land\",\"publisher\":{\"@id\":\"https:\\\/\\\/www.evangelisch-in-jerusalem.org\\\/#organization\"},\"potentialAction\":[{\"@type\":\"SearchAction\",\"target\":{\"@type\":\"EntryPoint\",\"urlTemplate\":\"https:\\\/\\\/www.evangelisch-in-jerusalem.org\\\/?s={search_term_string}\"},\"query-input\":{\"@type\":\"PropertyValueSpecification\",\"valueRequired\":true,\"valueName\":\"search_term_string\"}}],\"inLanguage\":\"en-GB\"},{\"@type\":\"Organization\",\"@id\":\"https:\\\/\\\/www.evangelisch-in-jerusalem.org\\\/#organization\",\"name\":\"German Protestant Institutions in the Holy Land\",\"url\":\"https:\\\/\\\/www.evangelisch-in-jerusalem.org\\\/\",\"logo\":{\"@type\":\"ImageObject\",\"inLanguage\":\"en-GB\",\"@id\":\"https:\\\/\\\/www.evangelisch-in-jerusalem.org\\\/#\\\/schema\\\/logo\\\/image\\\/\",\"url\":\"https:\\\/\\\/www.evangelisch-in-jerusalem.org\\\/wp-content\\\/uploads\\\/2019\\\/03\\\/EIJ_Logo_500-px.png\",\"contentUrl\":\"https:\\\/\\\/www.evangelisch-in-jerusalem.org\\\/wp-content\\\/uploads\\\/2019\\\/03\\\/EIJ_Logo_500-px.png\",\"width\":500,\"height\":82,\"caption\":\"German Protestant Institutions in the Holy Land\"},\"image\":{\"@id\":\"https:\\\/\\\/www.evangelisch-in-jerusalem.org\\\/#\\\/schema\\\/logo\\\/image\\\/\"},\"sameAs\":[\"https:\\\/\\\/www.facebook.com\\\/erloeserkirche.jerusalem\"]},{\"@type\":\"Person\",\"@id\":\"https:\\\/\\\/www.evangelisch-in-jerusalem.org\\\/#\\\/schema\\\/person\\\/ea8e86c01aff849bd324c28bc5574607\",\"name\":\"Joachim Lenz\",\"sameAs\":[\"http:\\\/\\\/evangelisch-in-jerusalem.org\"],\"url\":\"https:\\\/\\\/www.evangelisch-in-jerusalem.org\\\/en\\\/author\\\/propst-jl\\\/\"}]}<\/script>\n<!-- \/ Yoast SEO plugin. -->","yoast_head_json":{"title":"Geburtstag in Kriegszeiten: 125 Jahre Erl\u00f6serkirche. Mit Abt Nikodemus, Erzbischof Hosam ... - Evangelisch in Jerusalem","robots":{"index":"index","follow":"follow","max-snippet":"max-snippet:-1","max-image-preview":"max-image-preview:large","max-video-preview":"max-video-preview:-1"},"canonical":"https:\/\/www.evangelisch-in-jerusalem.org\/en\/2023\/10\/29\/geburtstag-in-kriegszeiten-125-jahre-erloeserkirche\/","og_locale":"en_GB","og_type":"article","og_title":"Geburtstag in Kriegszeiten: 125 Jahre Erl\u00f6serkirche. Mit Abt Nikodemus, Erzbischof Hosam ... - Evangelisch in Jerusalem","og_description":"Wir tun, was wir k\u00f6nnen: beten. Gottesdienst feiern. Gott um Frieden bitten. die Geburtstagsfrierlichkeiten, die wir \u00fcberlegt hatten, fallen aus. Konzerte, Vortr\u00e4ge, gemeinsames Essen und Trinken: Hoffentlich k\u00f6nnen wir einiges davon nachholen. Wir tun, was wir k\u00f6nnen: beten. Gottesdienst feiern. Gott um Frieden bitten. Das tun wir mit anderen: \u00d6kumenischer Gottesdienst am Sonntag, 29. Oktober, &hellip; Continue reading \"Geburtstag in Kriegszeiten: 125 Jahre Erl\u00f6serkirche. Mit Abt Nikodemus, Erzbischof Hosam &#8230;\"","og_url":"https:\/\/www.evangelisch-in-jerusalem.org\/en\/2023\/10\/29\/geburtstag-in-kriegszeiten-125-jahre-erloeserkirche\/","og_site_name":"Evangelisch in Jerusalem","article_publisher":"https:\/\/www.facebook.com\/erloeserkirche.jerusalem","article_published_time":"2023-10-29T06:20:00+00:00","article_modified_time":"2023-10-29T18:51:50+00:00","og_image":[{"width":2560,"height":1920,"url":"https:\/\/www.evangelisch-in-jerusalem.org\/wp-content\/uploads\/2023\/10\/IMG_0058-scaled.jpeg","type":"image\/jpeg"}],"author":"Joachim Lenz","twitter_card":"summary_large_image","twitter_misc":{"Written by":"Joachim Lenz","Estimated reading time":"2 minutes"},"schema":{"@context":"https:\/\/schema.org","@graph":[{"@type":"Article","@id":"https:\/\/www.evangelisch-in-jerusalem.org\/2023\/10\/29\/geburtstag-in-kriegszeiten-125-jahre-erloeserkirche\/#article","isPartOf":{"@id":"https:\/\/www.evangelisch-in-jerusalem.org\/2023\/10\/29\/geburtstag-in-kriegszeiten-125-jahre-erloeserkirche\/"},"author":{"name":"Joachim Lenz","@id":"https:\/\/www.evangelisch-in-jerusalem.org\/#\/schema\/person\/ea8e86c01aff849bd324c28bc5574607"},"headline":"Geburtstag in Kriegszeiten: 125 Jahre Erl\u00f6serkirche. Mit Abt Nikodemus, Erzbischof Hosam &#8230;","datePublished":"2023-10-29T06:20:00+00:00","dateModified":"2023-10-29T18:51:50+00:00","mainEntityOfPage":{"@id":"https:\/\/www.evangelisch-in-jerusalem.org\/2023\/10\/29\/geburtstag-in-kriegszeiten-125-jahre-erloeserkirche\/"},"wordCount":182,"publisher":{"@id":"https:\/\/www.evangelisch-in-jerusalem.org\/#organization"},"image":{"@id":"https:\/\/www.evangelisch-in-jerusalem.org\/2023\/10\/29\/geburtstag-in-kriegszeiten-125-jahre-erloeserkirche\/#primaryimage"},"thumbnailUrl":"https:\/\/www.evangelisch-in-jerusalem.org\/wp-content\/uploads\/2023\/10\/IMG_0058-scaled.jpeg","keywords":["Altstadt","Erl\u00f6serkirche","Gottesdienst","Jerusalem"],"articleSection":["Allgemein"],"inLanguage":"en-GB"},{"@type":"WebPage","@id":"https:\/\/www.evangelisch-in-jerusalem.org\/2023\/10\/29\/geburtstag-in-kriegszeiten-125-jahre-erloeserkirche\/","url":"https:\/\/www.evangelisch-in-jerusalem.org\/2023\/10\/29\/geburtstag-in-kriegszeiten-125-jahre-erloeserkirche\/","name":"Geburtstag in Kriegszeiten: 125 Jahre Erl\u00f6serkirche. Mit Abt Nikodemus, Erzbischof Hosam ... - Evangelisch in Jerusalem","isPartOf":{"@id":"https:\/\/www.evangelisch-in-jerusalem.org\/#website"},"primaryImageOfPage":{"@id":"https:\/\/www.evangelisch-in-jerusalem.org\/2023\/10\/29\/geburtstag-in-kriegszeiten-125-jahre-erloeserkirche\/#primaryimage"},"image":{"@id":"https:\/\/www.evangelisch-in-jerusalem.org\/2023\/10\/29\/geburtstag-in-kriegszeiten-125-jahre-erloeserkirche\/#primaryimage"},"thumbnailUrl":"https:\/\/www.evangelisch-in-jerusalem.org\/wp-content\/uploads\/2023\/10\/IMG_0058-scaled.jpeg","datePublished":"2023-10-29T06:20:00+00:00","dateModified":"2023-10-29T18:51:50+00:00","breadcrumb":{"@id":"https:\/\/www.evangelisch-in-jerusalem.org\/2023\/10\/29\/geburtstag-in-kriegszeiten-125-jahre-erloeserkirche\/#breadcrumb"},"inLanguage":"en-GB","potentialAction":[{"@type":"ReadAction","target":["https:\/\/www.evangelisch-in-jerusalem.org\/2023\/10\/29\/geburtstag-in-kriegszeiten-125-jahre-erloeserkirche\/"]}]},{"@type":"ImageObject","inLanguage":"en-GB","@id":"https:\/\/www.evangelisch-in-jerusalem.org\/2023\/10\/29\/geburtstag-in-kriegszeiten-125-jahre-erloeserkirche\/#primaryimage","url":"https:\/\/www.evangelisch-in-jerusalem.org\/wp-content\/uploads\/2023\/10\/IMG_0058-scaled.jpeg","contentUrl":"https:\/\/www.evangelisch-in-jerusalem.org\/wp-content\/uploads\/2023\/10\/IMG_0058-scaled.jpeg","width":2560,"height":1920},{"@type":"BreadcrumbList","@id":"https:\/\/www.evangelisch-in-jerusalem.org\/2023\/10\/29\/geburtstag-in-kriegszeiten-125-jahre-erloeserkirche\/#breadcrumb","itemListElement":[{"@type":"ListItem","position":1,"name":"Startseite","item":"https:\/\/www.evangelisch-in-jerusalem.org\/"},{"@type":"ListItem","position":2,"name":"Geburtstag in Kriegszeiten: 125 Jahre Erl\u00f6serkirche. Mit Abt Nikodemus, Erzbischof Hosam &#8230;"}]},{"@type":"WebSite","@id":"https:\/\/www.evangelisch-in-jerusalem.org\/#website","url":"https:\/\/www.evangelisch-in-jerusalem.org\/","name":"Evangelisch in Jerusalem","description":"German Protestant Institutions in the Holy Land","publisher":{"@id":"https:\/\/www.evangelisch-in-jerusalem.org\/#organization"},"potentialAction":[{"@type":"SearchAction","target":{"@type":"EntryPoint","urlTemplate":"https:\/\/www.evangelisch-in-jerusalem.org\/?s={search_term_string}"},"query-input":{"@type":"PropertyValueSpecification","valueRequired":true,"valueName":"search_term_string"}}],"inLanguage":"en-GB"},{"@type":"Organization","@id":"https:\/\/www.evangelisch-in-jerusalem.org\/#organization","name":"German Protestant Institutions in the Holy Land","url":"https:\/\/www.evangelisch-in-jerusalem.org\/","logo":{"@type":"ImageObject","inLanguage":"en-GB","@id":"https:\/\/www.evangelisch-in-jerusalem.org\/#\/schema\/logo\/image\/","url":"https:\/\/www.evangelisch-in-jerusalem.org\/wp-content\/uploads\/2019\/03\/EIJ_Logo_500-px.png","contentUrl":"https:\/\/www.evangelisch-in-jerusalem.org\/wp-content\/uploads\/2019\/03\/EIJ_Logo_500-px.png","width":500,"height":82,"caption":"German Protestant Institutions in the Holy Land"},"image":{"@id":"https:\/\/www.evangelisch-in-jerusalem.org\/#\/schema\/logo\/image\/"},"sameAs":["https:\/\/www.facebook.com\/erloeserkirche.jerusalem"]},{"@type":"Person","@id":"https:\/\/www.evangelisch-in-jerusalem.org\/#\/schema\/person\/ea8e86c01aff849bd324c28bc5574607","name":"Joachim Lenz","sameAs":["http:\/\/evangelisch-in-jerusalem.org"],"url":"https:\/\/www.evangelisch-in-jerusalem.org\/en\/author\/propst-jl\/"}]}},"_links":{"self":[{"href":"https:\/\/www.evangelisch-in-jerusalem.org\/en\/wp-json\/wp\/v2\/posts\/16252","targetHints":{"allow":["GET"]}}],"collection":[{"href":"https:\/\/www.evangelisch-in-jerusalem.org\/en\/wp-json\/wp\/v2\/posts"}],"about":[{"href":"https:\/\/www.evangelisch-in-jerusalem.org\/en\/wp-json\/wp\/v2\/types\/post"}],"author":[{"embeddable":true,"href":"https:\/\/www.evangelisch-in-jerusalem.org\/en\/wp-json\/wp\/v2\/users\/6"}],"replies":[{"embeddable":true,"href":"https:\/\/www.evangelisch-in-jerusalem.org\/en\/wp-json\/wp\/v2\/comments?post=16252"}],"version-history":[{"count":3,"href":"https:\/\/www.evangelisch-in-jerusalem.org\/en\/wp-json\/wp\/v2\/posts\/16252\/revisions"}],"predecessor-version":[{"id":16259,"href":"https:\/\/www.evangelisch-in-jerusalem.org\/en\/wp-json\/wp\/v2\/posts\/16252\/revisions\/16259"}],"wp:featuredmedia":[{"embeddable":true,"href":"https:\/\/www.evangelisch-in-jerusalem.org\/en\/wp-json\/wp\/v2\/media\/16253"}],"wp:attachment":[{"href":"https:\/\/www.evangelisch-in-jerusalem.org\/en\/wp-json\/wp\/v2\/media?parent=16252"}],"wp:term":[{"taxonomy":"category","embeddable":true,"href":"https:\/\/www.evangelisch-in-jerusalem.org\/en\/wp-json\/wp\/v2\/categories?post=16252"},{"taxonomy":"post_tag","embeddable":true,"href":"https:\/\/www.evangelisch-in-jerusalem.org\/en\/wp-json\/wp\/v2\/tags?post=16252"}],"curies":[{"name":"wp","href":"https:\/\/api.w.org\/{rel}","templated":true}]}}