{"id":16061,"date":"2023-10-16T17:22:37","date_gmt":"2023-10-16T14:22:37","guid":{"rendered":"https:\/\/www.evangelisch-in-jerusalem.org\/?p=16061"},"modified":"2023-10-16T18:52:04","modified_gmt":"2023-10-16T15:52:04","slug":"dormitio-am-dienstag-17-10-gebete-und-fasten-fuer-trost-heilung-hoffnung-frieden","status":"publish","type":"post","link":"https:\/\/www.evangelisch-in-jerusalem.org\/en\/2023\/10\/16\/dormitio-am-dienstag-17-10-gebete-und-fasten-fuer-trost-heilung-hoffnung-frieden\/","title":{"rendered":"Dormitio am Dienstag 17.10.: Gebete und  Fasten f\u00fcr Trost &#038; Heilung, Hoffnung &#038; Frieden"},"content":{"rendered":"\n<p><strong>Kirche unter dem Kreuz<br>17. Oktober 2023: <br>Ein Tag des Gebetes und des Fastens f\u00fcr Trost &amp; Heilung, Hoffnung &amp; Frieden<\/strong><\/p>\n\n\n\n<p>Die Br\u00fcder der Dormitio und die Studierenden des @<a href=\"https:\/\/www.facebook.com\/Studienjahr?__cft__[0]=AZWih_Q46gwm3ZmPfohpeaA4MHmDTcNLEnf8FWGqa-BGS0YPOAADzwZqiEjxHpFVBjnNhVS41h7Rg1VKvgKJo_QhZ78vo8Q6OpJJKwfaD289bO9zgOJ8M8eyR31H5h-gev4Kik6DX4vqM8Tl0hOKz9_7lInTP-ts4_HscgCm5-GmUP_BIvqfuk4Hcr3hffNBj20&amp;__tn__=-]K-R\">Theologisches Studienjahr Jerusalem<\/a> folgen der Einladung von Patriarch Pierbattista Kardinal Pizzaballa (<a href=\"https:\/\/www.facebook.com\/Latin.patriarchate.of.jerusalem?__cft__[0]=AZWih_Q46gwm3ZmPfohpeaA4MHmDTcNLEnf8FWGqa-BGS0YPOAADzwZqiEjxHpFVBjnNhVS41h7Rg1VKvgKJo_QhZ78vo8Q6OpJJKwfaD289bO9zgOJ8M8eyR31H5h-gev4Kik6DX4vqM8Tl0hOKz9_7lInTP-ts4_HscgCm5-GmUP_BIvqfuk4Hcr3hffNBj20&amp;__tn__=-]K-R\">Latin Patriarchate of Jerusalem \u0627\u0644\u0628\u0637\u0631\u064a\u0631\u0643\u064a\u0629 \u0627\u0644\u0644\u0627\u062a\u064a\u0646\u064a\u0629 &#8211; \u0627\u0644\u0642\u062f\u0633<\/a> ) und halten Dienstag, 17. Oktober 2023 als einen Fast- und Gebetstag. <\/p>\n\n\n\n<p>Sie werden den Tag als 24-st\u00fcndige Gebetspr\u00e4senz in der Abtei-Kirche gestalten.<\/p>\n\n\n\n<p>Nach dem Wort des emeritierten Patriarchen Michel Sabbah, dass die Kirche von Jerusalem immer die \u201eKirche unter dem Kreuz\u201c ist, wird dieser Gebetstag vor und unter dem Kreuz in der Chorapsis begangen. Er werden dabei alle 150 Psalmen im Einzelvortrag gebetet. \u2013 Die in den Psalmen enthaltenen Emotionen, die \u00c4ngste und Klagen, die Wut und die Trauer, aber auch die Sehnsucht und Hoffnung, letztlich die Dankbarkeit in Gott sollen so laut ausgesprochen werden, und im Namen so vieler Menschen besonders in diesem Land vor das Kreuz getragen werden.<\/p>\n\n\n\n<p>Mit einem kurzen Gebet um Mitternacht geht es in die Nacht. Hieran schlie\u00dfen sich dann stille Gebetswachen bis zum Morgen an. Nach der Feier der Vigilien und der Laudes wird gegen 07.30 Uhr mit dem Gebet der 150 Psalmen begonnen.Von 12.00 Uhr bis etwa 13.00 Uhr wird der gro\u00dfe Psalm 119 gesungen. Diese Stunde wird live \u00fcbertragen. Details dazu folgen. Danach setzt sich die Psalmenreihe vom Vormittag fort. Um 18.00 wird die Vesper mit der Eucharistie gefeiert. Danach geht es zur\u00fcck in die Psalmenreihe.<\/p>\n\n\n\n<p>Nach Psalm 150 folgen bis 23.00 Uhr dann noch einmal stille Gebetszeiten unter dem Kreuz in der Kirche. Die Studierenden bereiten f\u00fcr die letzte Stunde des Tages ein Taiz\u00e9-Gebet vor, mit dem wir diesen Tag abschlie\u00dfen. Auch dieses Gebet wird live geteilt.<\/p>\n","protected":false},"excerpt":{"rendered":"<p>Kirche unter dem Kreuz17. Oktober 2023: Ein Tag des Gebetes und des Fastens f\u00fcr Trost &amp; Heilung, Hoffnung &amp; Frieden Die Br\u00fcder der Dormitio und die Studierenden des @Theologisches Studienjahr Jerusalem folgen der Einladung von Patriarch Pierbattista Kardinal Pizzaballa (Latin Patriarchate of Jerusalem \u0627\u0644\u0628\u0637\u0631\u064a\u0631\u0643\u064a\u0629 \u0627\u0644\u0644\u0627\u062a\u064a\u0646\u064a\u0629 &#8211; \u0627\u0644\u0642\u062f\u0633 ) und halten Dienstag, 17. Oktober 2023 als &hellip; <\/p>\n<p class=\"link-more\"><a href=\"https:\/\/www.evangelisch-in-jerusalem.org\/en\/2023\/10\/16\/dormitio-am-dienstag-17-10-gebete-und-fasten-fuer-trost-heilung-hoffnung-frieden\/\" class=\"more-link\">Continue reading<span class=\"screen-reader-text\"> &#8220;Dormitio am Dienstag 17.10.: Gebete und  Fasten f\u00fcr Trost &#038; Heilung, Hoffnung &#038; Frieden&#8221;<\/span><\/a><\/p>","protected":false},"author":6,"featured_media":16063,"comment_status":"closed","ping_status":"closed","sticky":false,"template":"","format":"standard","meta":{"footnotes":""},"categories":[1],"tags":[],"class_list":["post-16061","post","type-post","status-publish","format-standard","has-post-thumbnail","hentry","category-allgemein","entry"],"yoast_head":"<!-- This site is optimized with the Yoast SEO plugin v27.4 - https:\/\/yoast.com\/product\/yoast-seo-wordpress\/ -->\n<title>Dormitio am Dienstag 17.10.: Gebete und Fasten f\u00fcr Trost &amp; Heilung, Hoffnung &amp; Frieden - Evangelisch in Jerusalem<\/title>\n<meta name=\"robots\" content=\"index, follow, max-snippet:-1, max-image-preview:large, max-video-preview:-1\" \/>\n<link rel=\"canonical\" href=\"https:\/\/www.evangelisch-in-jerusalem.org\/en\/2023\/10\/16\/dormitio-am-dienstag-17-10-gebete-und-fasten-fuer-trost-heilung-hoffnung-frieden\/\" \/>\n<meta property=\"og:locale\" content=\"en_GB\" \/>\n<meta property=\"og:type\" content=\"article\" \/>\n<meta property=\"og:title\" content=\"Dormitio am Dienstag 17.10.: Gebete und Fasten f\u00fcr Trost &amp; Heilung, Hoffnung &amp; Frieden - Evangelisch in Jerusalem\" \/>\n<meta property=\"og:description\" content=\"Kirche unter dem Kreuz17. Oktober 2023: Ein Tag des Gebetes und des Fastens f\u00fcr Trost &amp; Heilung, Hoffnung &amp; Frieden Die Br\u00fcder der Dormitio und die Studierenden des @Theologisches Studienjahr Jerusalem folgen der Einladung von Patriarch Pierbattista Kardinal Pizzaballa (Latin Patriarchate of Jerusalem \u0627\u0644\u0628\u0637\u0631\u064a\u0631\u0643\u064a\u0629 \u0627\u0644\u0644\u0627\u062a\u064a\u0646\u064a\u0629 &#8211; \u0627\u0644\u0642\u062f\u0633 ) und halten Dienstag, 17. Oktober 2023 als &hellip; Continue reading &quot;Dormitio am Dienstag 17.10.: Gebete und Fasten f\u00fcr Trost &#038; Heilung, Hoffnung &#038; Frieden&quot;\" \/>\n<meta property=\"og:url\" content=\"https:\/\/www.evangelisch-in-jerusalem.org\/en\/2023\/10\/16\/dormitio-am-dienstag-17-10-gebete-und-fasten-fuer-trost-heilung-hoffnung-frieden\/\" \/>\n<meta property=\"og:site_name\" content=\"Evangelisch in Jerusalem\" \/>\n<meta property=\"article:publisher\" content=\"https:\/\/www.facebook.com\/erloeserkirche.jerusalem\" \/>\n<meta property=\"article:published_time\" content=\"2023-10-16T14:22:37+00:00\" \/>\n<meta property=\"article:modified_time\" content=\"2023-10-16T15:52:04+00:00\" \/>\n<meta property=\"og:image\" content=\"https:\/\/www.evangelisch-in-jerusalem.org\/wp-content\/uploads\/2023\/10\/Dormitio_Kirche-unter-dem-Kreuz_231017-1.jpg\" \/>\n\t<meta property=\"og:image:width\" content=\"1200\" \/>\n\t<meta property=\"og:image:height\" content=\"1200\" \/>\n\t<meta property=\"og:image:type\" content=\"image\/jpeg\" \/>\n<meta name=\"author\" content=\"Joachim Lenz\" \/>\n<meta name=\"twitter:card\" content=\"summary_large_image\" \/>\n<meta name=\"twitter:label1\" content=\"Written by\" \/>\n\t<meta name=\"twitter:data1\" content=\"Joachim Lenz\" \/>\n\t<meta name=\"twitter:label2\" content=\"Estimated reading time\" \/>\n\t<meta name=\"twitter:data2\" content=\"2 minutes\" \/>\n<script type=\"application\/ld+json\" class=\"yoast-schema-graph\">{\"@context\":\"https:\\\/\\\/schema.org\",\"@graph\":[{\"@type\":\"Article\",\"@id\":\"https:\\\/\\\/www.evangelisch-in-jerusalem.org\\\/2023\\\/10\\\/16\\\/dormitio-am-dienstag-17-10-gebete-und-fasten-fuer-trost-heilung-hoffnung-frieden\\\/#article\",\"isPartOf\":{\"@id\":\"https:\\\/\\\/www.evangelisch-in-jerusalem.org\\\/2023\\\/10\\\/16\\\/dormitio-am-dienstag-17-10-gebete-und-fasten-fuer-trost-heilung-hoffnung-frieden\\\/\"},\"author\":{\"name\":\"Joachim Lenz\",\"@id\":\"https:\\\/\\\/www.evangelisch-in-jerusalem.org\\\/#\\\/schema\\\/person\\\/ea8e86c01aff849bd324c28bc5574607\"},\"headline\":\"Dormitio am Dienstag 17.10.: Gebete und Fasten f\u00fcr Trost &#038; Heilung, Hoffnung &#038; Frieden\",\"datePublished\":\"2023-10-16T14:22:37+00:00\",\"dateModified\":\"2023-10-16T15:52:04+00:00\",\"mainEntityOfPage\":{\"@id\":\"https:\\\/\\\/www.evangelisch-in-jerusalem.org\\\/2023\\\/10\\\/16\\\/dormitio-am-dienstag-17-10-gebete-und-fasten-fuer-trost-heilung-hoffnung-frieden\\\/\"},\"wordCount\":290,\"publisher\":{\"@id\":\"https:\\\/\\\/www.evangelisch-in-jerusalem.org\\\/#organization\"},\"image\":{\"@id\":\"https:\\\/\\\/www.evangelisch-in-jerusalem.org\\\/2023\\\/10\\\/16\\\/dormitio-am-dienstag-17-10-gebete-und-fasten-fuer-trost-heilung-hoffnung-frieden\\\/#primaryimage\"},\"thumbnailUrl\":\"https:\\\/\\\/www.evangelisch-in-jerusalem.org\\\/wp-content\\\/uploads\\\/2023\\\/10\\\/Dormitio_Kirche-unter-dem-Kreuz_231017-1.jpg\",\"articleSection\":[\"Allgemein\"],\"inLanguage\":\"en-GB\"},{\"@type\":\"WebPage\",\"@id\":\"https:\\\/\\\/www.evangelisch-in-jerusalem.org\\\/2023\\\/10\\\/16\\\/dormitio-am-dienstag-17-10-gebete-und-fasten-fuer-trost-heilung-hoffnung-frieden\\\/\",\"url\":\"https:\\\/\\\/www.evangelisch-in-jerusalem.org\\\/2023\\\/10\\\/16\\\/dormitio-am-dienstag-17-10-gebete-und-fasten-fuer-trost-heilung-hoffnung-frieden\\\/\",\"name\":\"Dormitio am Dienstag 17.10.: Gebete und Fasten f\u00fcr Trost & Heilung, Hoffnung & Frieden - Evangelisch in Jerusalem\",\"isPartOf\":{\"@id\":\"https:\\\/\\\/www.evangelisch-in-jerusalem.org\\\/#website\"},\"primaryImageOfPage\":{\"@id\":\"https:\\\/\\\/www.evangelisch-in-jerusalem.org\\\/2023\\\/10\\\/16\\\/dormitio-am-dienstag-17-10-gebete-und-fasten-fuer-trost-heilung-hoffnung-frieden\\\/#primaryimage\"},\"image\":{\"@id\":\"https:\\\/\\\/www.evangelisch-in-jerusalem.org\\\/2023\\\/10\\\/16\\\/dormitio-am-dienstag-17-10-gebete-und-fasten-fuer-trost-heilung-hoffnung-frieden\\\/#primaryimage\"},\"thumbnailUrl\":\"https:\\\/\\\/www.evangelisch-in-jerusalem.org\\\/wp-content\\\/uploads\\\/2023\\\/10\\\/Dormitio_Kirche-unter-dem-Kreuz_231017-1.jpg\",\"datePublished\":\"2023-10-16T14:22:37+00:00\",\"dateModified\":\"2023-10-16T15:52:04+00:00\",\"breadcrumb\":{\"@id\":\"https:\\\/\\\/www.evangelisch-in-jerusalem.org\\\/2023\\\/10\\\/16\\\/dormitio-am-dienstag-17-10-gebete-und-fasten-fuer-trost-heilung-hoffnung-frieden\\\/#breadcrumb\"},\"inLanguage\":\"en-GB\",\"potentialAction\":[{\"@type\":\"ReadAction\",\"target\":[\"https:\\\/\\\/www.evangelisch-in-jerusalem.org\\\/2023\\\/10\\\/16\\\/dormitio-am-dienstag-17-10-gebete-und-fasten-fuer-trost-heilung-hoffnung-frieden\\\/\"]}]},{\"@type\":\"ImageObject\",\"inLanguage\":\"en-GB\",\"@id\":\"https:\\\/\\\/www.evangelisch-in-jerusalem.org\\\/2023\\\/10\\\/16\\\/dormitio-am-dienstag-17-10-gebete-und-fasten-fuer-trost-heilung-hoffnung-frieden\\\/#primaryimage\",\"url\":\"https:\\\/\\\/www.evangelisch-in-jerusalem.org\\\/wp-content\\\/uploads\\\/2023\\\/10\\\/Dormitio_Kirche-unter-dem-Kreuz_231017-1.jpg\",\"contentUrl\":\"https:\\\/\\\/www.evangelisch-in-jerusalem.org\\\/wp-content\\\/uploads\\\/2023\\\/10\\\/Dormitio_Kirche-unter-dem-Kreuz_231017-1.jpg\",\"width\":1200,\"height\":1200},{\"@type\":\"BreadcrumbList\",\"@id\":\"https:\\\/\\\/www.evangelisch-in-jerusalem.org\\\/2023\\\/10\\\/16\\\/dormitio-am-dienstag-17-10-gebete-und-fasten-fuer-trost-heilung-hoffnung-frieden\\\/#breadcrumb\",\"itemListElement\":[{\"@type\":\"ListItem\",\"position\":1,\"name\":\"Startseite\",\"item\":\"https:\\\/\\\/www.evangelisch-in-jerusalem.org\\\/\"},{\"@type\":\"ListItem\",\"position\":2,\"name\":\"Dormitio am Dienstag 17.10.: Gebete und Fasten f\u00fcr Trost &#038; Heilung, Hoffnung &#038; Frieden\"}]},{\"@type\":\"WebSite\",\"@id\":\"https:\\\/\\\/www.evangelisch-in-jerusalem.org\\\/#website\",\"url\":\"https:\\\/\\\/www.evangelisch-in-jerusalem.org\\\/\",\"name\":\"Evangelisch in Jerusalem\",\"description\":\"Stiftungen der EKD im Heiligen Land\",\"publisher\":{\"@id\":\"https:\\\/\\\/www.evangelisch-in-jerusalem.org\\\/#organization\"},\"potentialAction\":[{\"@type\":\"SearchAction\",\"target\":{\"@type\":\"EntryPoint\",\"urlTemplate\":\"https:\\\/\\\/www.evangelisch-in-jerusalem.org\\\/?s={search_term_string}\"},\"query-input\":{\"@type\":\"PropertyValueSpecification\",\"valueRequired\":true,\"valueName\":\"search_term_string\"}}],\"inLanguage\":\"en-GB\"},{\"@type\":\"Organization\",\"@id\":\"https:\\\/\\\/www.evangelisch-in-jerusalem.org\\\/#organization\",\"name\":\"German Protestant Institutions in the Holy Land\",\"url\":\"https:\\\/\\\/www.evangelisch-in-jerusalem.org\\\/\",\"logo\":{\"@type\":\"ImageObject\",\"inLanguage\":\"en-GB\",\"@id\":\"https:\\\/\\\/www.evangelisch-in-jerusalem.org\\\/#\\\/schema\\\/logo\\\/image\\\/\",\"url\":\"https:\\\/\\\/www.evangelisch-in-jerusalem.org\\\/wp-content\\\/uploads\\\/2019\\\/03\\\/EIJ_Logo_500-px.png\",\"contentUrl\":\"https:\\\/\\\/www.evangelisch-in-jerusalem.org\\\/wp-content\\\/uploads\\\/2019\\\/03\\\/EIJ_Logo_500-px.png\",\"width\":500,\"height\":82,\"caption\":\"German Protestant Institutions in the Holy Land\"},\"image\":{\"@id\":\"https:\\\/\\\/www.evangelisch-in-jerusalem.org\\\/#\\\/schema\\\/logo\\\/image\\\/\"},\"sameAs\":[\"https:\\\/\\\/www.facebook.com\\\/erloeserkirche.jerusalem\"]},{\"@type\":\"Person\",\"@id\":\"https:\\\/\\\/www.evangelisch-in-jerusalem.org\\\/#\\\/schema\\\/person\\\/ea8e86c01aff849bd324c28bc5574607\",\"name\":\"Joachim Lenz\",\"sameAs\":[\"http:\\\/\\\/evangelisch-in-jerusalem.org\"],\"url\":\"https:\\\/\\\/www.evangelisch-in-jerusalem.org\\\/en\\\/author\\\/propst-jl\\\/\"}]}<\/script>\n<!-- \/ Yoast SEO plugin. -->","yoast_head_json":{"title":"Dormitio am Dienstag 17.10.: Gebete und Fasten f\u00fcr Trost & Heilung, Hoffnung & Frieden - Evangelisch in Jerusalem","robots":{"index":"index","follow":"follow","max-snippet":"max-snippet:-1","max-image-preview":"max-image-preview:large","max-video-preview":"max-video-preview:-1"},"canonical":"https:\/\/www.evangelisch-in-jerusalem.org\/en\/2023\/10\/16\/dormitio-am-dienstag-17-10-gebete-und-fasten-fuer-trost-heilung-hoffnung-frieden\/","og_locale":"en_GB","og_type":"article","og_title":"Dormitio am Dienstag 17.10.: Gebete und Fasten f\u00fcr Trost & Heilung, Hoffnung & Frieden - Evangelisch in Jerusalem","og_description":"Kirche unter dem Kreuz17. Oktober 2023: Ein Tag des Gebetes und des Fastens f\u00fcr Trost &amp; Heilung, Hoffnung &amp; Frieden Die Br\u00fcder der Dormitio und die Studierenden des @Theologisches Studienjahr Jerusalem folgen der Einladung von Patriarch Pierbattista Kardinal Pizzaballa (Latin Patriarchate of Jerusalem \u0627\u0644\u0628\u0637\u0631\u064a\u0631\u0643\u064a\u0629 \u0627\u0644\u0644\u0627\u062a\u064a\u0646\u064a\u0629 &#8211; \u0627\u0644\u0642\u062f\u0633 ) und halten Dienstag, 17. Oktober 2023 als &hellip; Continue reading \"Dormitio am Dienstag 17.10.: Gebete und Fasten f\u00fcr Trost &#038; Heilung, Hoffnung &#038; Frieden\"","og_url":"https:\/\/www.evangelisch-in-jerusalem.org\/en\/2023\/10\/16\/dormitio-am-dienstag-17-10-gebete-und-fasten-fuer-trost-heilung-hoffnung-frieden\/","og_site_name":"Evangelisch in Jerusalem","article_publisher":"https:\/\/www.facebook.com\/erloeserkirche.jerusalem","article_published_time":"2023-10-16T14:22:37+00:00","article_modified_time":"2023-10-16T15:52:04+00:00","og_image":[{"width":1200,"height":1200,"url":"https:\/\/www.evangelisch-in-jerusalem.org\/wp-content\/uploads\/2023\/10\/Dormitio_Kirche-unter-dem-Kreuz_231017-1.jpg","type":"image\/jpeg"}],"author":"Joachim Lenz","twitter_card":"summary_large_image","twitter_misc":{"Written by":"Joachim Lenz","Estimated reading time":"2 minutes"},"schema":{"@context":"https:\/\/schema.org","@graph":[{"@type":"Article","@id":"https:\/\/www.evangelisch-in-jerusalem.org\/2023\/10\/16\/dormitio-am-dienstag-17-10-gebete-und-fasten-fuer-trost-heilung-hoffnung-frieden\/#article","isPartOf":{"@id":"https:\/\/www.evangelisch-in-jerusalem.org\/2023\/10\/16\/dormitio-am-dienstag-17-10-gebete-und-fasten-fuer-trost-heilung-hoffnung-frieden\/"},"author":{"name":"Joachim Lenz","@id":"https:\/\/www.evangelisch-in-jerusalem.org\/#\/schema\/person\/ea8e86c01aff849bd324c28bc5574607"},"headline":"Dormitio am Dienstag 17.10.: Gebete und Fasten f\u00fcr Trost &#038; Heilung, Hoffnung &#038; Frieden","datePublished":"2023-10-16T14:22:37+00:00","dateModified":"2023-10-16T15:52:04+00:00","mainEntityOfPage":{"@id":"https:\/\/www.evangelisch-in-jerusalem.org\/2023\/10\/16\/dormitio-am-dienstag-17-10-gebete-und-fasten-fuer-trost-heilung-hoffnung-frieden\/"},"wordCount":290,"publisher":{"@id":"https:\/\/www.evangelisch-in-jerusalem.org\/#organization"},"image":{"@id":"https:\/\/www.evangelisch-in-jerusalem.org\/2023\/10\/16\/dormitio-am-dienstag-17-10-gebete-und-fasten-fuer-trost-heilung-hoffnung-frieden\/#primaryimage"},"thumbnailUrl":"https:\/\/www.evangelisch-in-jerusalem.org\/wp-content\/uploads\/2023\/10\/Dormitio_Kirche-unter-dem-Kreuz_231017-1.jpg","articleSection":["Allgemein"],"inLanguage":"en-GB"},{"@type":"WebPage","@id":"https:\/\/www.evangelisch-in-jerusalem.org\/2023\/10\/16\/dormitio-am-dienstag-17-10-gebete-und-fasten-fuer-trost-heilung-hoffnung-frieden\/","url":"https:\/\/www.evangelisch-in-jerusalem.org\/2023\/10\/16\/dormitio-am-dienstag-17-10-gebete-und-fasten-fuer-trost-heilung-hoffnung-frieden\/","name":"Dormitio am Dienstag 17.10.: Gebete und Fasten f\u00fcr Trost & Heilung, Hoffnung & Frieden - Evangelisch in Jerusalem","isPartOf":{"@id":"https:\/\/www.evangelisch-in-jerusalem.org\/#website"},"primaryImageOfPage":{"@id":"https:\/\/www.evangelisch-in-jerusalem.org\/2023\/10\/16\/dormitio-am-dienstag-17-10-gebete-und-fasten-fuer-trost-heilung-hoffnung-frieden\/#primaryimage"},"image":{"@id":"https:\/\/www.evangelisch-in-jerusalem.org\/2023\/10\/16\/dormitio-am-dienstag-17-10-gebete-und-fasten-fuer-trost-heilung-hoffnung-frieden\/#primaryimage"},"thumbnailUrl":"https:\/\/www.evangelisch-in-jerusalem.org\/wp-content\/uploads\/2023\/10\/Dormitio_Kirche-unter-dem-Kreuz_231017-1.jpg","datePublished":"2023-10-16T14:22:37+00:00","dateModified":"2023-10-16T15:52:04+00:00","breadcrumb":{"@id":"https:\/\/www.evangelisch-in-jerusalem.org\/2023\/10\/16\/dormitio-am-dienstag-17-10-gebete-und-fasten-fuer-trost-heilung-hoffnung-frieden\/#breadcrumb"},"inLanguage":"en-GB","potentialAction":[{"@type":"ReadAction","target":["https:\/\/www.evangelisch-in-jerusalem.org\/2023\/10\/16\/dormitio-am-dienstag-17-10-gebete-und-fasten-fuer-trost-heilung-hoffnung-frieden\/"]}]},{"@type":"ImageObject","inLanguage":"en-GB","@id":"https:\/\/www.evangelisch-in-jerusalem.org\/2023\/10\/16\/dormitio-am-dienstag-17-10-gebete-und-fasten-fuer-trost-heilung-hoffnung-frieden\/#primaryimage","url":"https:\/\/www.evangelisch-in-jerusalem.org\/wp-content\/uploads\/2023\/10\/Dormitio_Kirche-unter-dem-Kreuz_231017-1.jpg","contentUrl":"https:\/\/www.evangelisch-in-jerusalem.org\/wp-content\/uploads\/2023\/10\/Dormitio_Kirche-unter-dem-Kreuz_231017-1.jpg","width":1200,"height":1200},{"@type":"BreadcrumbList","@id":"https:\/\/www.evangelisch-in-jerusalem.org\/2023\/10\/16\/dormitio-am-dienstag-17-10-gebete-und-fasten-fuer-trost-heilung-hoffnung-frieden\/#breadcrumb","itemListElement":[{"@type":"ListItem","position":1,"name":"Startseite","item":"https:\/\/www.evangelisch-in-jerusalem.org\/"},{"@type":"ListItem","position":2,"name":"Dormitio am Dienstag 17.10.: Gebete und Fasten f\u00fcr Trost &#038; Heilung, Hoffnung &#038; Frieden"}]},{"@type":"WebSite","@id":"https:\/\/www.evangelisch-in-jerusalem.org\/#website","url":"https:\/\/www.evangelisch-in-jerusalem.org\/","name":"Evangelisch in Jerusalem","description":"German Protestant Institutions in the Holy Land","publisher":{"@id":"https:\/\/www.evangelisch-in-jerusalem.org\/#organization"},"potentialAction":[{"@type":"SearchAction","target":{"@type":"EntryPoint","urlTemplate":"https:\/\/www.evangelisch-in-jerusalem.org\/?s={search_term_string}"},"query-input":{"@type":"PropertyValueSpecification","valueRequired":true,"valueName":"search_term_string"}}],"inLanguage":"en-GB"},{"@type":"Organization","@id":"https:\/\/www.evangelisch-in-jerusalem.org\/#organization","name":"German Protestant Institutions in the Holy Land","url":"https:\/\/www.evangelisch-in-jerusalem.org\/","logo":{"@type":"ImageObject","inLanguage":"en-GB","@id":"https:\/\/www.evangelisch-in-jerusalem.org\/#\/schema\/logo\/image\/","url":"https:\/\/www.evangelisch-in-jerusalem.org\/wp-content\/uploads\/2019\/03\/EIJ_Logo_500-px.png","contentUrl":"https:\/\/www.evangelisch-in-jerusalem.org\/wp-content\/uploads\/2019\/03\/EIJ_Logo_500-px.png","width":500,"height":82,"caption":"German Protestant Institutions in the Holy Land"},"image":{"@id":"https:\/\/www.evangelisch-in-jerusalem.org\/#\/schema\/logo\/image\/"},"sameAs":["https:\/\/www.facebook.com\/erloeserkirche.jerusalem"]},{"@type":"Person","@id":"https:\/\/www.evangelisch-in-jerusalem.org\/#\/schema\/person\/ea8e86c01aff849bd324c28bc5574607","name":"Joachim Lenz","sameAs":["http:\/\/evangelisch-in-jerusalem.org"],"url":"https:\/\/www.evangelisch-in-jerusalem.org\/en\/author\/propst-jl\/"}]}},"_links":{"self":[{"href":"https:\/\/www.evangelisch-in-jerusalem.org\/en\/wp-json\/wp\/v2\/posts\/16061","targetHints":{"allow":["GET"]}}],"collection":[{"href":"https:\/\/www.evangelisch-in-jerusalem.org\/en\/wp-json\/wp\/v2\/posts"}],"about":[{"href":"https:\/\/www.evangelisch-in-jerusalem.org\/en\/wp-json\/wp\/v2\/types\/post"}],"author":[{"embeddable":true,"href":"https:\/\/www.evangelisch-in-jerusalem.org\/en\/wp-json\/wp\/v2\/users\/6"}],"replies":[{"embeddable":true,"href":"https:\/\/www.evangelisch-in-jerusalem.org\/en\/wp-json\/wp\/v2\/comments?post=16061"}],"version-history":[{"count":3,"href":"https:\/\/www.evangelisch-in-jerusalem.org\/en\/wp-json\/wp\/v2\/posts\/16061\/revisions"}],"predecessor-version":[{"id":17097,"href":"https:\/\/www.evangelisch-in-jerusalem.org\/en\/wp-json\/wp\/v2\/posts\/16061\/revisions\/17097"}],"wp:featuredmedia":[{"embeddable":true,"href":"https:\/\/www.evangelisch-in-jerusalem.org\/en\/wp-json\/wp\/v2\/media\/16063"}],"wp:attachment":[{"href":"https:\/\/www.evangelisch-in-jerusalem.org\/en\/wp-json\/wp\/v2\/media?parent=16061"}],"wp:term":[{"taxonomy":"category","embeddable":true,"href":"https:\/\/www.evangelisch-in-jerusalem.org\/en\/wp-json\/wp\/v2\/categories?post=16061"},{"taxonomy":"post_tag","embeddable":true,"href":"https:\/\/www.evangelisch-in-jerusalem.org\/en\/wp-json\/wp\/v2\/tags?post=16061"}],"curies":[{"name":"wp","href":"https:\/\/api.w.org\/{rel}","templated":true}]}}