{"id":15565,"date":"2023-08-29T11:36:39","date_gmt":"2023-08-29T08:36:39","guid":{"rendered":"https:\/\/www.evangelisch-in-jerusalem.org\/?p=15565"},"modified":"2023-09-02T14:58:28","modified_gmt":"2023-09-02T11:58:28","slug":"unsere-veranstaltungen-im-september-2023","status":"publish","type":"post","link":"https:\/\/www.evangelisch-in-jerusalem.org\/en\/2023\/08\/29\/unsere-veranstaltungen-im-september-2023\/","title":{"rendered":"Unsere Veranstaltungen im September 2023"},"content":{"rendered":"<p>Sa, 02.09. &nbsp;&nbsp;&nbsp;&nbsp;&nbsp;&nbsp;&nbsp; 17.00 Uhr<br><strong>Vorabendgottesdienst unserer Gemeinde in Latrun<br><\/strong>Anschlie\u00dfend sind alle zum Abendessen (Mitbring-Buffet) eingeladen.<br>Predigt: Sondervikarin Lisa Schroeder,<br>Mitfahrgelegenheiten bitte unter propstei@evajerusalem.com anfragen.<br>Kommunit\u00e4t der Jesusbruderschaft, Latrun, Ramle<\/p>\n\n\n\n<p>So, 03.09.\u00a0\u00a0\u00a0\u00a0\u00a0\u00a0 10:30 Uhr<br><strong>Gottesdienst mit Einf\u00fchrung von Pfarrerin Ines Fischer<br><\/strong>Pfarrerin Ines Fischer wird in die zweite Pfarrstelle der Gemeinde eingef\u00fchrt.<br>Erl\u00f6serkirche, Muristan Road 5, Altstadt von Jerusalem<br>\u00a0\u00a0\u00a0\u00a0\u00a0\u00a0\u00a0\u00a0\u00a0\u00a0\u00a0\u00a0\u00a0\u00a0\u00a0\u00a0\u00a0\u00a0\u00a0\u00a0\u00a0\u00a0\u00a0\u00a0\u00a0\u00a0\u00a0\u00a0\u00a0\u00a0\u00a0\u00a0\u00a0\u00a0\u00a0\u00a0\u00a0\u00a0\u00a0\u00a0\u00a0\u00a0\u00a0\u00a0\u00a0\u00a0\u00a0\u00a0\u00a0\u00a0\u00a0\u00a0\u00a0\u00a0\u00a0\u00a0\u00a0\u00a0\u00a0\u00a0\u00a0\u00a0\u00a0\u00a0\u00a0\u00a0\u00a0\u00a0\u00a0\u00a0\u00a0\u00a0\u00a0\u00a0\u00a0\u00a0\u00a0\u00a0\u00a0\u00a0\u00a0\u00a0\u00a0\u00a0\u00a0\u00a0\u00a0\u00a0\u00a0\u00a0\u00a0\u00a0\u00a0\u00a0\u00a0\u00a0\u00a0\u00a0\u00a0\u00a0\u00a0\u00a0\u00a0\u00a0\u00a0\u00a0\u00a0\u00a0\u00a0\u00a0\u00a0\u00a0\u00a0\u00a0\u00a0\u00a0\u00a0\u00a0\u00a0\u00a0\u00a0\u00a0\u00a0\u00a0\u00a0\u00a0\u00a0\u00a0\u00a0\u00a0\u00a0\u00a0\u00a0\u00a0\u00a0<br>Di, 19.09. \u00a0\u00a0\u00a0\u00a0\u00a0\u00a0 20.00 Uhr<br><strong>Stummfilmabend mit Livemusik und VIP-Service<\/strong><br>Der Fuhrmann des Todes (SE 1921), 107 Minuten, Victor Sj\u00f6str\u00f6ms<br>Musik: KMD Peter-Michael Seifried<br>VIP-Service: NIS 50.\u2013 ab 19 Uhr im oberen Kreuzgang vor dem Refektorium:<br>Genie\u00dfen Sie Wein-K\u00e4se-Oliven, Wasser, Bier und Saft<br>Voranmeldungen zum VIP-Service bitte an: propstei@evajerusalem.com<br>Johanniterkapelle der Erl\u00f6serkirche, Muristan St. 5, Altstadt von Jerusalem<\/p>\n\n\n\n<p>Di, 26.09.&nbsp;&nbsp;&nbsp;&nbsp;&nbsp;&nbsp;&nbsp; 20.00 Uhr<br><strong>\u201eIch will doch nur spielen\u201c<br><\/strong>Orgelspiel und Gespr\u00e4ch auf der Empore. Von T\u00f6nen, Stimmen und Stimmungen:<br>Bach, Mendelssohn, Lewandowski u.a.<br>Mit KMD Peter-Michael Seifried<br>Erl\u00f6serkirche, Muristan Road 5, Altstadt von Jerusalem<\/p>\n\n\n\n<p>Do, 28.09.&nbsp;&nbsp;&nbsp;&nbsp;&nbsp;&nbsp; 20.00 Uhr<br><strong>Stummfilmabend mit Livemusik und VIP-Service<br><\/strong>\u201eMartin Luther\u201c (DEU 1927), 86 Minuten, Hans Kyser<br>Musik: KMD Peter-Michael Seifried<br>VIP-Service: NIS 50.\u2013 ab 19 Uhr im oberen Kreuzgang vor dem Refektorium:<br>Genie\u00dfen Sie Wein-K\u00e4se-Oliven, Wasser, Bier, Saft Chips.<br>Voranmeldungen zum VIP-Service bitte an: propstei@evajerusalem.com<br>Johanniterkapelle der Erl\u00f6serkirche, Muristan St. 5, Altstadt von Jerusalem<\/p>\n\n\n\n<p>Sa, 30.09.&nbsp;&nbsp;&nbsp;&nbsp;&nbsp;&nbsp;&nbsp; 15.00 Uhr<br><strong>Konzert: Jugendsinfonieorchester der st\u00e4dtischen Musikschule Solingen<br><\/strong>Werke von O. Nicolai, A. Dvorak, A. Vivaldi, D. Kabalevsky, G. Faur\u00e9 und B. Britten<br>Erl\u00f6serkirche, Muristan Road 5, Altstadt von Jerusalem<\/p>","protected":false},"excerpt":{"rendered":"<p>Sa, 02.09. &nbsp;&nbsp;&nbsp;&nbsp;&nbsp;&nbsp;&nbsp; 17.00 UhrVorabendgottesdienst unserer Gemeinde in LatrunAnschlie\u00dfend sind alle zum Abendessen (Mitbring-Buffet) eingeladen.Predigt: Sondervikarin Lisa Schroeder,Mitfahrgelegenheiten bitte unter propstei@evajerusalem.com anfragen.Kommunit\u00e4t der Jesusbruderschaft, Latrun, Ramle So, 03.09.\u00a0\u00a0\u00a0\u00a0\u00a0\u00a0 10:30 UhrGottesdienst mit Einf\u00fchrung von Pfarrerin Ines FischerPfarrerin Ines Fischer wird in die zweite Pfarrstelle der Gemeinde eingef\u00fchrt.Erl\u00f6serkirche, Muristan Road 5, Altstadt von Jerusalem\u00a0\u00a0\u00a0\u00a0\u00a0\u00a0\u00a0\u00a0\u00a0\u00a0\u00a0\u00a0\u00a0\u00a0\u00a0\u00a0\u00a0\u00a0\u00a0\u00a0\u00a0\u00a0\u00a0\u00a0\u00a0\u00a0\u00a0\u00a0\u00a0\u00a0\u00a0\u00a0\u00a0\u00a0\u00a0\u00a0\u00a0\u00a0\u00a0\u00a0\u00a0\u00a0\u00a0\u00a0\u00a0\u00a0\u00a0\u00a0\u00a0\u00a0\u00a0\u00a0\u00a0\u00a0\u00a0\u00a0\u00a0\u00a0\u00a0\u00a0\u00a0\u00a0\u00a0\u00a0\u00a0\u00a0\u00a0\u00a0\u00a0\u00a0\u00a0\u00a0\u00a0\u00a0\u00a0\u00a0\u00a0\u00a0\u00a0\u00a0\u00a0\u00a0\u00a0\u00a0\u00a0\u00a0\u00a0\u00a0\u00a0\u00a0\u00a0\u00a0\u00a0\u00a0\u00a0\u00a0\u00a0\u00a0\u00a0\u00a0\u00a0\u00a0\u00a0\u00a0\u00a0\u00a0\u00a0\u00a0\u00a0\u00a0\u00a0\u00a0\u00a0\u00a0\u00a0\u00a0\u00a0\u00a0\u00a0\u00a0\u00a0\u00a0\u00a0\u00a0\u00a0\u00a0\u00a0\u00a0\u00a0\u00a0\u00a0\u00a0\u00a0\u00a0\u00a0Di, 19.09. \u00a0\u00a0\u00a0\u00a0\u00a0\u00a0 20.00 &hellip; <\/p>\n<p class=\"link-more\"><a href=\"https:\/\/www.evangelisch-in-jerusalem.org\/en\/2023\/08\/29\/unsere-veranstaltungen-im-september-2023\/\" class=\"more-link\">Continue reading<span class=\"screen-reader-text\"> &#8220;Unsere Veranstaltungen im September 2023&#8221;<\/span><\/a><\/p>","protected":false},"author":8,"featured_media":1299,"comment_status":"closed","ping_status":"closed","sticky":false,"template":"","format":"standard","meta":{"footnotes":""},"categories":[1,173,324,174],"tags":[256,124,101,213,125,281,326],"class_list":["post-15565","post","type-post","status-publish","format-standard","has-post-thumbnail","hentry","category-allgemein","category-gemeinde","category-newsletter","category-veranstaltung","tag-altstadt","tag-erloeserkirche","tag-gemeindeabend","tag-gottesdienst","tag-jerusalem","tag-newsletter","tag-veranstaltungen","entry"],"yoast_head":"<!-- This site is optimized with the Yoast SEO plugin v27.4 - https:\/\/yoast.com\/product\/yoast-seo-wordpress\/ -->\n<title>Unsere Veranstaltungen im September 2023 - Evangelisch in Jerusalem<\/title>\n<meta name=\"robots\" content=\"index, follow, max-snippet:-1, max-image-preview:large, max-video-preview:-1\" \/>\n<link rel=\"canonical\" href=\"https:\/\/www.evangelisch-in-jerusalem.org\/en\/2023\/08\/29\/unsere-veranstaltungen-im-september-2023\/\" \/>\n<meta property=\"og:locale\" content=\"en_GB\" \/>\n<meta property=\"og:type\" content=\"article\" \/>\n<meta property=\"og:title\" content=\"Unsere Veranstaltungen im September 2023 - Evangelisch in Jerusalem\" \/>\n<meta property=\"og:description\" content=\"Sa, 02.09. &nbsp;&nbsp;&nbsp;&nbsp;&nbsp;&nbsp;&nbsp; 17.00 UhrVorabendgottesdienst unserer Gemeinde in LatrunAnschlie\u00dfend sind alle zum Abendessen (Mitbring-Buffet) eingeladen.Predigt: Sondervikarin Lisa Schroeder,Mitfahrgelegenheiten bitte unter propstei@evajerusalem.com anfragen.Kommunit\u00e4t der Jesusbruderschaft, Latrun, Ramle So, 03.09.\u00a0\u00a0\u00a0\u00a0\u00a0\u00a0 10:30 UhrGottesdienst mit Einf\u00fchrung von Pfarrerin Ines FischerPfarrerin Ines Fischer wird in die zweite Pfarrstelle der Gemeinde eingef\u00fchrt.Erl\u00f6serkirche, Muristan Road 5, Altstadt von Jerusalem\u00a0\u00a0\u00a0\u00a0\u00a0\u00a0\u00a0\u00a0\u00a0\u00a0\u00a0\u00a0\u00a0\u00a0\u00a0\u00a0\u00a0\u00a0\u00a0\u00a0\u00a0\u00a0\u00a0\u00a0\u00a0\u00a0\u00a0\u00a0\u00a0\u00a0\u00a0\u00a0\u00a0\u00a0\u00a0\u00a0\u00a0\u00a0\u00a0\u00a0\u00a0\u00a0\u00a0\u00a0\u00a0\u00a0\u00a0\u00a0\u00a0\u00a0\u00a0\u00a0\u00a0\u00a0\u00a0\u00a0\u00a0\u00a0\u00a0\u00a0\u00a0\u00a0\u00a0\u00a0\u00a0\u00a0\u00a0\u00a0\u00a0\u00a0\u00a0\u00a0\u00a0\u00a0\u00a0\u00a0\u00a0\u00a0\u00a0\u00a0\u00a0\u00a0\u00a0\u00a0\u00a0\u00a0\u00a0\u00a0\u00a0\u00a0\u00a0\u00a0\u00a0\u00a0\u00a0\u00a0\u00a0\u00a0\u00a0\u00a0\u00a0\u00a0\u00a0\u00a0\u00a0\u00a0\u00a0\u00a0\u00a0\u00a0\u00a0\u00a0\u00a0\u00a0\u00a0\u00a0\u00a0\u00a0\u00a0\u00a0\u00a0\u00a0\u00a0\u00a0\u00a0\u00a0\u00a0\u00a0\u00a0\u00a0\u00a0\u00a0\u00a0\u00a0\u00a0Di, 19.09. \u00a0\u00a0\u00a0\u00a0\u00a0\u00a0 20.00 &hellip; Continue reading &quot;Unsere Veranstaltungen im September 2023&quot;\" \/>\n<meta property=\"og:url\" content=\"https:\/\/www.evangelisch-in-jerusalem.org\/en\/2023\/08\/29\/unsere-veranstaltungen-im-september-2023\/\" \/>\n<meta property=\"og:site_name\" content=\"Evangelisch in Jerusalem\" \/>\n<meta property=\"article:publisher\" content=\"https:\/\/www.facebook.com\/erloeserkirche.jerusalem\" \/>\n<meta property=\"article:published_time\" content=\"2023-08-29T08:36:39+00:00\" \/>\n<meta property=\"article:modified_time\" content=\"2023-09-02T11:58:28+00:00\" \/>\n<meta property=\"og:image\" content=\"https:\/\/www.evangelisch-in-jerusalem.org\/wp-content\/uploads\/2019\/05\/2676_Kirche.jpg\" \/>\n\t<meta property=\"og:image:width\" content=\"1600\" \/>\n\t<meta property=\"og:image:height\" content=\"1067\" \/>\n\t<meta property=\"og:image:type\" content=\"image\/jpeg\" \/>\n<meta name=\"author\" content=\"Bilhan Rechtman\" \/>\n<meta name=\"twitter:card\" content=\"summary_large_image\" \/>\n<meta name=\"twitter:label1\" content=\"Written by\" \/>\n\t<meta name=\"twitter:data1\" content=\"Bilhan Rechtman\" \/>\n\t<meta name=\"twitter:label2\" content=\"Estimated reading time\" \/>\n\t<meta name=\"twitter:data2\" content=\"2 minutes\" \/>\n<script type=\"application\/ld+json\" class=\"yoast-schema-graph\">{\"@context\":\"https:\\\/\\\/schema.org\",\"@graph\":[{\"@type\":\"Article\",\"@id\":\"https:\\\/\\\/www.evangelisch-in-jerusalem.org\\\/2023\\\/08\\\/29\\\/unsere-veranstaltungen-im-september-2023\\\/#article\",\"isPartOf\":{\"@id\":\"https:\\\/\\\/www.evangelisch-in-jerusalem.org\\\/2023\\\/08\\\/29\\\/unsere-veranstaltungen-im-september-2023\\\/\"},\"author\":{\"name\":\"Bilhan Rechtman\",\"@id\":\"https:\\\/\\\/www.evangelisch-in-jerusalem.org\\\/#\\\/schema\\\/person\\\/1a5c46f66365bb12b39ea0ebe03339a7\"},\"headline\":\"Unsere Veranstaltungen im September 2023\",\"datePublished\":\"2023-08-29T08:36:39+00:00\",\"dateModified\":\"2023-09-02T11:58:28+00:00\",\"mainEntityOfPage\":{\"@id\":\"https:\\\/\\\/www.evangelisch-in-jerusalem.org\\\/2023\\\/08\\\/29\\\/unsere-veranstaltungen-im-september-2023\\\/\"},\"wordCount\":260,\"publisher\":{\"@id\":\"https:\\\/\\\/www.evangelisch-in-jerusalem.org\\\/#organization\"},\"image\":{\"@id\":\"https:\\\/\\\/www.evangelisch-in-jerusalem.org\\\/2023\\\/08\\\/29\\\/unsere-veranstaltungen-im-september-2023\\\/#primaryimage\"},\"thumbnailUrl\":\"https:\\\/\\\/www.evangelisch-in-jerusalem.org\\\/wp-content\\\/uploads\\\/2019\\\/05\\\/2676_Kirche.jpg\",\"keywords\":[\"Altstadt\",\"Erl\u00f6serkirche\",\"Gemeindeabend\",\"Gottesdienst\",\"Jerusalem\",\"Newsletter\",\"Veranstaltungen\"],\"articleSection\":[\"Allgemein\",\"Gemeinde\",\"Newsletter\",\"Veranstaltung\"],\"inLanguage\":\"en-GB\"},{\"@type\":\"WebPage\",\"@id\":\"https:\\\/\\\/www.evangelisch-in-jerusalem.org\\\/2023\\\/08\\\/29\\\/unsere-veranstaltungen-im-september-2023\\\/\",\"url\":\"https:\\\/\\\/www.evangelisch-in-jerusalem.org\\\/2023\\\/08\\\/29\\\/unsere-veranstaltungen-im-september-2023\\\/\",\"name\":\"Unsere Veranstaltungen im September 2023 - Evangelisch in Jerusalem\",\"isPartOf\":{\"@id\":\"https:\\\/\\\/www.evangelisch-in-jerusalem.org\\\/#website\"},\"primaryImageOfPage\":{\"@id\":\"https:\\\/\\\/www.evangelisch-in-jerusalem.org\\\/2023\\\/08\\\/29\\\/unsere-veranstaltungen-im-september-2023\\\/#primaryimage\"},\"image\":{\"@id\":\"https:\\\/\\\/www.evangelisch-in-jerusalem.org\\\/2023\\\/08\\\/29\\\/unsere-veranstaltungen-im-september-2023\\\/#primaryimage\"},\"thumbnailUrl\":\"https:\\\/\\\/www.evangelisch-in-jerusalem.org\\\/wp-content\\\/uploads\\\/2019\\\/05\\\/2676_Kirche.jpg\",\"datePublished\":\"2023-08-29T08:36:39+00:00\",\"dateModified\":\"2023-09-02T11:58:28+00:00\",\"breadcrumb\":{\"@id\":\"https:\\\/\\\/www.evangelisch-in-jerusalem.org\\\/2023\\\/08\\\/29\\\/unsere-veranstaltungen-im-september-2023\\\/#breadcrumb\"},\"inLanguage\":\"en-GB\",\"potentialAction\":[{\"@type\":\"ReadAction\",\"target\":[\"https:\\\/\\\/www.evangelisch-in-jerusalem.org\\\/2023\\\/08\\\/29\\\/unsere-veranstaltungen-im-september-2023\\\/\"]}]},{\"@type\":\"ImageObject\",\"inLanguage\":\"en-GB\",\"@id\":\"https:\\\/\\\/www.evangelisch-in-jerusalem.org\\\/2023\\\/08\\\/29\\\/unsere-veranstaltungen-im-september-2023\\\/#primaryimage\",\"url\":\"https:\\\/\\\/www.evangelisch-in-jerusalem.org\\\/wp-content\\\/uploads\\\/2019\\\/05\\\/2676_Kirche.jpg\",\"contentUrl\":\"https:\\\/\\\/www.evangelisch-in-jerusalem.org\\\/wp-content\\\/uploads\\\/2019\\\/05\\\/2676_Kirche.jpg\",\"width\":1600,\"height\":1067},{\"@type\":\"BreadcrumbList\",\"@id\":\"https:\\\/\\\/www.evangelisch-in-jerusalem.org\\\/2023\\\/08\\\/29\\\/unsere-veranstaltungen-im-september-2023\\\/#breadcrumb\",\"itemListElement\":[{\"@type\":\"ListItem\",\"position\":1,\"name\":\"Startseite\",\"item\":\"https:\\\/\\\/www.evangelisch-in-jerusalem.org\\\/\"},{\"@type\":\"ListItem\",\"position\":2,\"name\":\"Unsere Veranstaltungen im September 2023\"}]},{\"@type\":\"WebSite\",\"@id\":\"https:\\\/\\\/www.evangelisch-in-jerusalem.org\\\/#website\",\"url\":\"https:\\\/\\\/www.evangelisch-in-jerusalem.org\\\/\",\"name\":\"Evangelisch in Jerusalem\",\"description\":\"Stiftungen der EKD im Heiligen Land\",\"publisher\":{\"@id\":\"https:\\\/\\\/www.evangelisch-in-jerusalem.org\\\/#organization\"},\"potentialAction\":[{\"@type\":\"SearchAction\",\"target\":{\"@type\":\"EntryPoint\",\"urlTemplate\":\"https:\\\/\\\/www.evangelisch-in-jerusalem.org\\\/?s={search_term_string}\"},\"query-input\":{\"@type\":\"PropertyValueSpecification\",\"valueRequired\":true,\"valueName\":\"search_term_string\"}}],\"inLanguage\":\"en-GB\"},{\"@type\":\"Organization\",\"@id\":\"https:\\\/\\\/www.evangelisch-in-jerusalem.org\\\/#organization\",\"name\":\"German Protestant Institutions in the Holy Land\",\"url\":\"https:\\\/\\\/www.evangelisch-in-jerusalem.org\\\/\",\"logo\":{\"@type\":\"ImageObject\",\"inLanguage\":\"en-GB\",\"@id\":\"https:\\\/\\\/www.evangelisch-in-jerusalem.org\\\/#\\\/schema\\\/logo\\\/image\\\/\",\"url\":\"https:\\\/\\\/www.evangelisch-in-jerusalem.org\\\/wp-content\\\/uploads\\\/2019\\\/03\\\/EIJ_Logo_500-px.png\",\"contentUrl\":\"https:\\\/\\\/www.evangelisch-in-jerusalem.org\\\/wp-content\\\/uploads\\\/2019\\\/03\\\/EIJ_Logo_500-px.png\",\"width\":500,\"height\":82,\"caption\":\"German Protestant Institutions in the Holy Land\"},\"image\":{\"@id\":\"https:\\\/\\\/www.evangelisch-in-jerusalem.org\\\/#\\\/schema\\\/logo\\\/image\\\/\"},\"sameAs\":[\"https:\\\/\\\/www.facebook.com\\\/erloeserkirche.jerusalem\"]},{\"@type\":\"Person\",\"@id\":\"https:\\\/\\\/www.evangelisch-in-jerusalem.org\\\/#\\\/schema\\\/person\\\/1a5c46f66365bb12b39ea0ebe03339a7\",\"name\":\"Bilhan Rechtman\",\"sameAs\":[\"http:\\\/\\\/www.evangelisch-in-jerusalem.org\"],\"url\":\"https:\\\/\\\/www.evangelisch-in-jerusalem.org\\\/en\\\/author\\\/bilhan\\\/\"}]}<\/script>\n<!-- \/ Yoast SEO plugin. -->","yoast_head_json":{"title":"Unsere Veranstaltungen im September 2023 - Evangelisch in Jerusalem","robots":{"index":"index","follow":"follow","max-snippet":"max-snippet:-1","max-image-preview":"max-image-preview:large","max-video-preview":"max-video-preview:-1"},"canonical":"https:\/\/www.evangelisch-in-jerusalem.org\/en\/2023\/08\/29\/unsere-veranstaltungen-im-september-2023\/","og_locale":"en_GB","og_type":"article","og_title":"Unsere Veranstaltungen im September 2023 - Evangelisch in Jerusalem","og_description":"Sa, 02.09. &nbsp;&nbsp;&nbsp;&nbsp;&nbsp;&nbsp;&nbsp; 17.00 UhrVorabendgottesdienst unserer Gemeinde in LatrunAnschlie\u00dfend sind alle zum Abendessen (Mitbring-Buffet) eingeladen.Predigt: Sondervikarin Lisa Schroeder,Mitfahrgelegenheiten bitte unter propstei@evajerusalem.com anfragen.Kommunit\u00e4t der Jesusbruderschaft, Latrun, Ramle So, 03.09.\u00a0\u00a0\u00a0\u00a0\u00a0\u00a0 10:30 UhrGottesdienst mit Einf\u00fchrung von Pfarrerin Ines FischerPfarrerin Ines Fischer wird in die zweite Pfarrstelle der Gemeinde eingef\u00fchrt.Erl\u00f6serkirche, Muristan Road 5, Altstadt von Jerusalem\u00a0\u00a0\u00a0\u00a0\u00a0\u00a0\u00a0\u00a0\u00a0\u00a0\u00a0\u00a0\u00a0\u00a0\u00a0\u00a0\u00a0\u00a0\u00a0\u00a0\u00a0\u00a0\u00a0\u00a0\u00a0\u00a0\u00a0\u00a0\u00a0\u00a0\u00a0\u00a0\u00a0\u00a0\u00a0\u00a0\u00a0\u00a0\u00a0\u00a0\u00a0\u00a0\u00a0\u00a0\u00a0\u00a0\u00a0\u00a0\u00a0\u00a0\u00a0\u00a0\u00a0\u00a0\u00a0\u00a0\u00a0\u00a0\u00a0\u00a0\u00a0\u00a0\u00a0\u00a0\u00a0\u00a0\u00a0\u00a0\u00a0\u00a0\u00a0\u00a0\u00a0\u00a0\u00a0\u00a0\u00a0\u00a0\u00a0\u00a0\u00a0\u00a0\u00a0\u00a0\u00a0\u00a0\u00a0\u00a0\u00a0\u00a0\u00a0\u00a0\u00a0\u00a0\u00a0\u00a0\u00a0\u00a0\u00a0\u00a0\u00a0\u00a0\u00a0\u00a0\u00a0\u00a0\u00a0\u00a0\u00a0\u00a0\u00a0\u00a0\u00a0\u00a0\u00a0\u00a0\u00a0\u00a0\u00a0\u00a0\u00a0\u00a0\u00a0\u00a0\u00a0\u00a0\u00a0\u00a0\u00a0\u00a0\u00a0\u00a0\u00a0\u00a0\u00a0Di, 19.09. \u00a0\u00a0\u00a0\u00a0\u00a0\u00a0 20.00 &hellip; Continue reading \"Unsere Veranstaltungen im September 2023\"","og_url":"https:\/\/www.evangelisch-in-jerusalem.org\/en\/2023\/08\/29\/unsere-veranstaltungen-im-september-2023\/","og_site_name":"Evangelisch in Jerusalem","article_publisher":"https:\/\/www.facebook.com\/erloeserkirche.jerusalem","article_published_time":"2023-08-29T08:36:39+00:00","article_modified_time":"2023-09-02T11:58:28+00:00","og_image":[{"width":1600,"height":1067,"url":"https:\/\/www.evangelisch-in-jerusalem.org\/wp-content\/uploads\/2019\/05\/2676_Kirche.jpg","type":"image\/jpeg"}],"author":"Bilhan Rechtman","twitter_card":"summary_large_image","twitter_misc":{"Written by":"Bilhan Rechtman","Estimated reading time":"2 minutes"},"schema":{"@context":"https:\/\/schema.org","@graph":[{"@type":"Article","@id":"https:\/\/www.evangelisch-in-jerusalem.org\/2023\/08\/29\/unsere-veranstaltungen-im-september-2023\/#article","isPartOf":{"@id":"https:\/\/www.evangelisch-in-jerusalem.org\/2023\/08\/29\/unsere-veranstaltungen-im-september-2023\/"},"author":{"name":"Bilhan Rechtman","@id":"https:\/\/www.evangelisch-in-jerusalem.org\/#\/schema\/person\/1a5c46f66365bb12b39ea0ebe03339a7"},"headline":"Unsere Veranstaltungen im September 2023","datePublished":"2023-08-29T08:36:39+00:00","dateModified":"2023-09-02T11:58:28+00:00","mainEntityOfPage":{"@id":"https:\/\/www.evangelisch-in-jerusalem.org\/2023\/08\/29\/unsere-veranstaltungen-im-september-2023\/"},"wordCount":260,"publisher":{"@id":"https:\/\/www.evangelisch-in-jerusalem.org\/#organization"},"image":{"@id":"https:\/\/www.evangelisch-in-jerusalem.org\/2023\/08\/29\/unsere-veranstaltungen-im-september-2023\/#primaryimage"},"thumbnailUrl":"https:\/\/www.evangelisch-in-jerusalem.org\/wp-content\/uploads\/2019\/05\/2676_Kirche.jpg","keywords":["Altstadt","Erl\u00f6serkirche","Gemeindeabend","Gottesdienst","Jerusalem","Newsletter","Veranstaltungen"],"articleSection":["Allgemein","Gemeinde","Newsletter","Veranstaltung"],"inLanguage":"en-GB"},{"@type":"WebPage","@id":"https:\/\/www.evangelisch-in-jerusalem.org\/2023\/08\/29\/unsere-veranstaltungen-im-september-2023\/","url":"https:\/\/www.evangelisch-in-jerusalem.org\/2023\/08\/29\/unsere-veranstaltungen-im-september-2023\/","name":"Unsere Veranstaltungen im September 2023 - Evangelisch in Jerusalem","isPartOf":{"@id":"https:\/\/www.evangelisch-in-jerusalem.org\/#website"},"primaryImageOfPage":{"@id":"https:\/\/www.evangelisch-in-jerusalem.org\/2023\/08\/29\/unsere-veranstaltungen-im-september-2023\/#primaryimage"},"image":{"@id":"https:\/\/www.evangelisch-in-jerusalem.org\/2023\/08\/29\/unsere-veranstaltungen-im-september-2023\/#primaryimage"},"thumbnailUrl":"https:\/\/www.evangelisch-in-jerusalem.org\/wp-content\/uploads\/2019\/05\/2676_Kirche.jpg","datePublished":"2023-08-29T08:36:39+00:00","dateModified":"2023-09-02T11:58:28+00:00","breadcrumb":{"@id":"https:\/\/www.evangelisch-in-jerusalem.org\/2023\/08\/29\/unsere-veranstaltungen-im-september-2023\/#breadcrumb"},"inLanguage":"en-GB","potentialAction":[{"@type":"ReadAction","target":["https:\/\/www.evangelisch-in-jerusalem.org\/2023\/08\/29\/unsere-veranstaltungen-im-september-2023\/"]}]},{"@type":"ImageObject","inLanguage":"en-GB","@id":"https:\/\/www.evangelisch-in-jerusalem.org\/2023\/08\/29\/unsere-veranstaltungen-im-september-2023\/#primaryimage","url":"https:\/\/www.evangelisch-in-jerusalem.org\/wp-content\/uploads\/2019\/05\/2676_Kirche.jpg","contentUrl":"https:\/\/www.evangelisch-in-jerusalem.org\/wp-content\/uploads\/2019\/05\/2676_Kirche.jpg","width":1600,"height":1067},{"@type":"BreadcrumbList","@id":"https:\/\/www.evangelisch-in-jerusalem.org\/2023\/08\/29\/unsere-veranstaltungen-im-september-2023\/#breadcrumb","itemListElement":[{"@type":"ListItem","position":1,"name":"Startseite","item":"https:\/\/www.evangelisch-in-jerusalem.org\/"},{"@type":"ListItem","position":2,"name":"Unsere Veranstaltungen im September 2023"}]},{"@type":"WebSite","@id":"https:\/\/www.evangelisch-in-jerusalem.org\/#website","url":"https:\/\/www.evangelisch-in-jerusalem.org\/","name":"Evangelisch in Jerusalem","description":"German Protestant Institutions in the Holy Land","publisher":{"@id":"https:\/\/www.evangelisch-in-jerusalem.org\/#organization"},"potentialAction":[{"@type":"SearchAction","target":{"@type":"EntryPoint","urlTemplate":"https:\/\/www.evangelisch-in-jerusalem.org\/?s={search_term_string}"},"query-input":{"@type":"PropertyValueSpecification","valueRequired":true,"valueName":"search_term_string"}}],"inLanguage":"en-GB"},{"@type":"Organization","@id":"https:\/\/www.evangelisch-in-jerusalem.org\/#organization","name":"German Protestant Institutions in the Holy Land","url":"https:\/\/www.evangelisch-in-jerusalem.org\/","logo":{"@type":"ImageObject","inLanguage":"en-GB","@id":"https:\/\/www.evangelisch-in-jerusalem.org\/#\/schema\/logo\/image\/","url":"https:\/\/www.evangelisch-in-jerusalem.org\/wp-content\/uploads\/2019\/03\/EIJ_Logo_500-px.png","contentUrl":"https:\/\/www.evangelisch-in-jerusalem.org\/wp-content\/uploads\/2019\/03\/EIJ_Logo_500-px.png","width":500,"height":82,"caption":"German Protestant Institutions in the Holy Land"},"image":{"@id":"https:\/\/www.evangelisch-in-jerusalem.org\/#\/schema\/logo\/image\/"},"sameAs":["https:\/\/www.facebook.com\/erloeserkirche.jerusalem"]},{"@type":"Person","@id":"https:\/\/www.evangelisch-in-jerusalem.org\/#\/schema\/person\/1a5c46f66365bb12b39ea0ebe03339a7","name":"Bilhan Rechtman","sameAs":["http:\/\/www.evangelisch-in-jerusalem.org"],"url":"https:\/\/www.evangelisch-in-jerusalem.org\/en\/author\/bilhan\/"}]}},"_links":{"self":[{"href":"https:\/\/www.evangelisch-in-jerusalem.org\/en\/wp-json\/wp\/v2\/posts\/15565","targetHints":{"allow":["GET"]}}],"collection":[{"href":"https:\/\/www.evangelisch-in-jerusalem.org\/en\/wp-json\/wp\/v2\/posts"}],"about":[{"href":"https:\/\/www.evangelisch-in-jerusalem.org\/en\/wp-json\/wp\/v2\/types\/post"}],"author":[{"embeddable":true,"href":"https:\/\/www.evangelisch-in-jerusalem.org\/en\/wp-json\/wp\/v2\/users\/8"}],"replies":[{"embeddable":true,"href":"https:\/\/www.evangelisch-in-jerusalem.org\/en\/wp-json\/wp\/v2\/comments?post=15565"}],"version-history":[{"count":2,"href":"https:\/\/www.evangelisch-in-jerusalem.org\/en\/wp-json\/wp\/v2\/posts\/15565\/revisions"}],"predecessor-version":[{"id":15568,"href":"https:\/\/www.evangelisch-in-jerusalem.org\/en\/wp-json\/wp\/v2\/posts\/15565\/revisions\/15568"}],"wp:featuredmedia":[{"embeddable":true,"href":"https:\/\/www.evangelisch-in-jerusalem.org\/en\/wp-json\/wp\/v2\/media\/1299"}],"wp:attachment":[{"href":"https:\/\/www.evangelisch-in-jerusalem.org\/en\/wp-json\/wp\/v2\/media?parent=15565"}],"wp:term":[{"taxonomy":"category","embeddable":true,"href":"https:\/\/www.evangelisch-in-jerusalem.org\/en\/wp-json\/wp\/v2\/categories?post=15565"},{"taxonomy":"post_tag","embeddable":true,"href":"https:\/\/www.evangelisch-in-jerusalem.org\/en\/wp-json\/wp\/v2\/tags?post=15565"}],"curies":[{"name":"wp","href":"https:\/\/api.w.org\/{rel}","templated":true}]}}