{"id":14316,"date":"2023-05-04T12:48:12","date_gmt":"2023-05-04T09:48:12","guid":{"rendered":"https:\/\/www.evangelisch-in-jerusalem.org\/?p=14316"},"modified":"2023-05-08T11:39:26","modified_gmt":"2023-05-08T08:39:26","slug":"unsere-veranstaltungen-im-mai-2023","status":"publish","type":"post","link":"https:\/\/www.evangelisch-in-jerusalem.org\/en\/2023\/05\/04\/unsere-veranstaltungen-im-mai-2023\/","title":{"rendered":"Unsere Veranstaltungen im Mai 2023"},"content":{"rendered":"<p>Di, 02.05.&nbsp;&nbsp;&nbsp;&nbsp;&nbsp;&nbsp;&nbsp; 20.00 Uhr<br><strong>Gemeindeabend: Bibliolog zur Jahreslosung<br><\/strong>Bibelarbeit mit bibliodramatischen Impulsen zur Jahreslosung:<br>\u201eDu bist ein Gott, der mich sieht.\u201c (1. Mose 16,13)<br>Pfarrerin Gabriele Zander, Halle\/Saale<br>Refektorium der Propstei, Muristan St. 5, Altstadt von Jerusalem<\/p>\n\n\n\n<p>Sa, 06.05. \u00a0\u00a0\u00a0\u00a0\u00a0\u00a0\u00a0 17.00 Uhr<br><strong>Vorabendgottesdienst zum Sonntag Kantate in Latrun<br><\/strong>Anschlie\u00dfend sind alle zum Abendessen (Mitbring-Buffet) eingeladen.<br>Parallel findet ein Kindergottesdienst statt.<br>Predigt: Sondervikarin Lisa Schroeder, Musik: KMD Peter-Michael Seifried<br>Mitfahrgelegenheiten bitte unter <a href=\"mailto:propstei@redeemer-jerusalem.com\">propstei@redeemer-jerusalem.com<\/a> anfragen.<br>Kommunit\u00e4t der Jesusbruderschaft, Latrun, Ramle<\/p>\n\n\n\n<p>So, 07.05.&nbsp;&nbsp;&nbsp;&nbsp;&nbsp;&nbsp;&nbsp;&nbsp; 18.00Uhr&nbsp;&nbsp;&nbsp;&nbsp;&nbsp;&nbsp;&nbsp;&nbsp;&nbsp;&nbsp;&nbsp;&nbsp;&nbsp;&nbsp;&nbsp;&nbsp;&nbsp;&nbsp;&nbsp;&nbsp;&nbsp;&nbsp;&nbsp;&nbsp;&nbsp;&nbsp;&nbsp;&nbsp;&nbsp;&nbsp;&nbsp;&nbsp;&nbsp;&nbsp;&nbsp;&nbsp;&nbsp;&nbsp;&nbsp;&nbsp;&nbsp;&nbsp;&nbsp;&nbsp;&nbsp;&nbsp;&nbsp;&nbsp;&nbsp;&nbsp;&nbsp;&nbsp;&nbsp;&nbsp;&nbsp;&nbsp;&nbsp;&nbsp;&nbsp;&nbsp;&nbsp;&nbsp;&nbsp;&nbsp;&nbsp;&nbsp;&nbsp;&nbsp;&nbsp;&nbsp;&nbsp;&nbsp;&nbsp;&nbsp;&nbsp;&nbsp;&nbsp;&nbsp;&nbsp;&nbsp;&nbsp;&nbsp;&nbsp;&nbsp;&nbsp;&nbsp;<br><strong>Orgelkonzert in der Himmelfahrtkirche<br><\/strong>Mit Jim Welch, USA, an der historischen Sauer Orgel (1910)<br>Werke von Liszt, Karg-Elert, Schumann, Vierne, Mendelssohn&nbsp;&nbsp;&nbsp;&nbsp;&nbsp;&nbsp;&nbsp;&nbsp;&nbsp;&nbsp;&nbsp;&nbsp;&nbsp;&nbsp;&nbsp;&nbsp;&nbsp;&nbsp;&nbsp;&nbsp;&nbsp;&nbsp;&nbsp;&nbsp;&nbsp;&nbsp;&nbsp;&nbsp;&nbsp;&nbsp;&nbsp;&nbsp;&nbsp;&nbsp;&nbsp;&nbsp;&nbsp;&nbsp;&nbsp;&nbsp;&nbsp;&nbsp;&nbsp;&nbsp;&nbsp;&nbsp;&nbsp;&nbsp;&nbsp;&nbsp;&nbsp;&nbsp;&nbsp;&nbsp;&nbsp;&nbsp;&nbsp;&nbsp;&nbsp;&nbsp;&nbsp;&nbsp;&nbsp;&nbsp;&nbsp;&nbsp;&nbsp;&nbsp;&nbsp;&nbsp;&nbsp;&nbsp;&nbsp;&nbsp;&nbsp;&nbsp;&nbsp;&nbsp;&nbsp;&nbsp;&nbsp;&nbsp;&nbsp;&nbsp;&nbsp;&nbsp;&nbsp;&nbsp;&nbsp;&nbsp;&nbsp;&nbsp;&nbsp;&nbsp;&nbsp;&nbsp;&nbsp;&nbsp;&nbsp;&nbsp;&nbsp;&nbsp; &nbsp;&nbsp;&nbsp;&nbsp;&nbsp;&nbsp;&nbsp;<br>Himmelfahrtkirche auf dem \u00d6lberg<\/p>\n\n\n\n<p>So, 07.05.          &nbsp;   19.00 Uhr<br><strong>Tanzabend<\/strong><br>Ob klassisch wie Walzer, und lateinamerikanisch wie Cha Cha Cha oder lieber ein Trendtanz<br>wie Discofox -an diesem Abend sind alle eingeladen zu tanzen.<br>Eine Veranstaltungen unserer Freiwilligen.<br>Infos unter: <a href=\"mailto:thadina@familie-keinath.com\">thadina@familie-keinath.com<\/a><br>Bibliothek der Propstei, Muristan Road 5, Altstadt von Jerusalem<\/p>\n\n\n\n<p>Di, 09.05.&nbsp;&nbsp;&nbsp;&nbsp;&nbsp;&nbsp;&nbsp; 20.00 Uhr<br><strong>\u201eSinget dem Herrn\u201c<br><\/strong>Im Gedenken des Kriegsendes in Europa am 8. Mai 1945 und der Befreiung vom Nationalsozialismus h\u00f6ren und singen wir Lieder der Hoffnung und des Friedens \u2013<br>dazu treten Texte der Befreiung. Dies ist eine Mitsingeinladung.<br>Anleitung und Musik: KMD Peter Michael-Seifried&nbsp;&nbsp;&nbsp;&nbsp;&nbsp;&nbsp;&nbsp;&nbsp;&nbsp;&nbsp;&nbsp;&nbsp;&nbsp;&nbsp;&nbsp;&nbsp;&nbsp;&nbsp;&nbsp;&nbsp;&nbsp;&nbsp;&nbsp;&nbsp;&nbsp;&nbsp;&nbsp;&nbsp;&nbsp;&nbsp;&nbsp;&nbsp;&nbsp;&nbsp;&nbsp;&nbsp;&nbsp;&nbsp;&nbsp;&nbsp;&nbsp;&nbsp;&nbsp;&nbsp;&nbsp;&nbsp;&nbsp;&nbsp;&nbsp;&nbsp;&nbsp;&nbsp;&nbsp;&nbsp;&nbsp;&nbsp;&nbsp;&nbsp;&nbsp;&nbsp;&nbsp;&nbsp;&nbsp;&nbsp;&nbsp;&nbsp;&nbsp;&nbsp;&nbsp;&nbsp;&nbsp;&nbsp;&nbsp;&nbsp;&nbsp;&nbsp;&nbsp;&nbsp;&nbsp;&nbsp;&nbsp;&nbsp;&nbsp;&nbsp;&nbsp;&nbsp;&nbsp;&nbsp;&nbsp;&nbsp;&nbsp;&nbsp;&nbsp;&nbsp;&nbsp;&nbsp;&nbsp;&nbsp;&nbsp; <br>Refektorium der Propstei, Muristan St. 5, Altstadt von Jerusalem<\/p>\n\n\n\n<p>Mi, 10.05.\u00a0\u00a0\u00a0\u00a0\u00a0\u00a0\u00a0 16.00-22.00 Uhr<br><strong>Spring Sunsets at Auguste Victoria (Fr\u00fchlingswoche 10.-13. Mai 2023)<\/strong><br>Am h\u00f6chsten Punkt Jerusalems bietet das Caf\u00e9 Auguste Victoria eine atmosph\u00e4rische Erlebniswoche (10.-13.Mai 2023) rund um die goldene Stunde an:<br>Ab 18.00 Uhr Grillabend (Voranmeldung: <a href=\"mailto:cafe.auguste.victoria@gmail.com\">cafe.auguste.victoria@gmail.com<\/a>)<br><a href=\"https:\/\/Google.us7.list-manage.com\/track\/click?u=08a7e04827e2e7d6fd1ad1a5b&amp;id=5c4a46206f&amp;e=fcd60940b0\" target=\"_blank\" rel=\"noreferrer noopener\"><strong>Click here to register for the BBQ (May 10th) before Monday 8pm<\/strong><\/a><br>Kosten: 50 NIS, erm. 25 NIS \u2013 Getr\u00e4nke und Snacks auf dem Vorplatz der Kirche.<br>Himmelfahrtkirche auf dem \u00d6lberg<\/p>\n\n\n\n<p>Do, 11.05. &nbsp;&nbsp;&nbsp;&nbsp;&nbsp; 16.00-22.00 Uhr<br><strong>Spring Sunsets at Auguste Victoria (Fr\u00fchlingswoche 10.-13. Mai 2023)<\/strong><br>19.00 Uhr Programm mit dem israelischen Zauberk\u00fcnstler Noam<br>Getr\u00e4nke und Snacks auf dem Vorplatz der Kirche. N\u00e4here Infos s.o.<\/p>\n\n\n\n<p>Fr, 12.05.\u00a0\u00a0\u00a0\u00a0\u00a0\u00a0\u00a0 16.00-22.00 Uhr<br><strong>Spring Sunsets at Auguste Victoria (Fr\u00fchlingswoche 10.-13. Mai 2023)<\/strong><br>ab 19.00 Uhr Musik und Tanz in den Sonnenuntergang + Turmbesteigung bei Sonnenuntergang.<br>Getr\u00e4nke und Snacks auf dem Vorplatz der Kirche. N\u00e4here Infos s.o.<\/p>\n\n\n\n<p>Sa, 13.05. &nbsp;&nbsp;&nbsp;&nbsp;&nbsp;&nbsp;&nbsp; 16.00-22.00 Uhr<br><strong>Spring Sunsets at Auguste Victoria (Fr\u00fchlingswoche 10.-13. Mai 2023)<\/strong><br>20.00 Uhr Open air-Kino<br>Getr\u00e4nke und Snacks auf dem Vorplatz der Kirche. N\u00e4here Infos s.o.<\/p>\n\n\n\n<p>Di, 16.05.&nbsp;&nbsp;&nbsp;&nbsp;&nbsp;&nbsp;&nbsp; 20.00 Uhr<br><strong>Stummfilm \u201eBen Hur, a tale of Christ<br><\/strong>Ein ganz besonderes Highlight cineastischer Produktion, ist die Verfilmung des gleichnamigen Romans von Lewis Wallace&nbsp;<br>Mit KMD Peter-Michael Seifried<br>VIP-Service: NIS 50.\u2013 ab 19 Uhr im oberen Kreuzgang vor dem Refektorium:<br>Genie\u00dfen Sie Wein-K\u00e4se-Oliven, Wasser, Bier, Saft Chips.<br>Voranmeldungen zum VIP-Service bitte an: propstei@redeemer-jerusalem.com<br>Johanniterkapelle der Erl\u00f6serkirche, Muristan St. 5, Altstadt von Jerusalem<\/p>\n\n\n\n<p>Mi, 17.05.&nbsp;&nbsp;&nbsp;&nbsp;&nbsp;&nbsp;&nbsp; 17:30 Uhr<br><strong>Abendmusik in der Himmelfahrtkirche<\/strong><br>Geistliche Musik der Johanniter aus Messe und Stundengebet, Handschriften aus Medina (11.Jh), Valetta (14.Jh.) und K\u00f6ln (16.Jh.)<br>Himmelfahrtkirche auf dem \u00d6lberg<\/p>\n\n\n\n<p>Do, 18.05.&nbsp;&nbsp;&nbsp;&nbsp;&nbsp;&nbsp; 16.30 Uhr<br><strong>Internationaler Gottesdienst in der Himmelfahrtkirche zu Christi Himmelfahrt<\/strong><br>Mit Pfarrerin Prof. Dr. Johanna Haberer u. a.<br>Anschlie\u00dfend sind alle zum gemeinsamen Grillen auf dem Platz vor der Kirche eingeladen.<br>Himmelfahrtkirche auf dem \u00d6lberg<\/p>\n\n\n\n<p>So, 28.05.&nbsp;&nbsp;&nbsp;&nbsp;&nbsp;&nbsp;&nbsp; 15.00 Uhr (30 min)<br><strong>Orgelmusik zum Pfingstfest<\/strong><br>Orgelmusik zum Pfingstfest, Bach, Mendelssohn u.a.<br>Erl\u00f6serkirche, Muristan St. 5, Altstadt von Jerusalem<\/p>\n\n\n\n<p>Di, 30.05. &nbsp;&nbsp;&nbsp;&nbsp;&nbsp;&nbsp; 19.30 Uhr<br><strong>Gemeindeversammlung<br>der Evangelischen Gemeinde deutscher Sprache zu Jerusalem<br><\/strong>Alle Gemeindemitglieder sind eingeladen zur Versammlung um 19:30 Uhr.<br>Bereits ab 19 Uhr gibt es ein kleines Abendbrot mit Kartoffelsalat und W\u00fcrstchen.<br>Erl\u00f6serkirche, Muristan St. 5, Altstadt von Jerusalem<\/p>","protected":false},"excerpt":{"rendered":"<p>Di, 02.05.&nbsp;&nbsp;&nbsp;&nbsp;&nbsp;&nbsp;&nbsp; 20.00 UhrGemeindeabend: Bibliolog zur JahreslosungBibelarbeit mit bibliodramatischen Impulsen zur Jahreslosung:\u201eDu bist ein Gott, der mich sieht.\u201c (1. Mose 16,13)Pfarrerin Gabriele Zander, Halle\/SaaleRefektorium der Propstei, Muristan St. 5, Altstadt von Jerusalem Sa, 06.05. \u00a0\u00a0\u00a0\u00a0\u00a0\u00a0\u00a0 17.00 UhrVorabendgottesdienst zum Sonntag Kantate in LatrunAnschlie\u00dfend sind alle zum Abendessen (Mitbring-Buffet) eingeladen.Parallel findet ein Kindergottesdienst statt.Predigt: Sondervikarin Lisa Schroeder, &hellip; <\/p>\n<p class=\"link-more\"><a href=\"https:\/\/www.evangelisch-in-jerusalem.org\/en\/2023\/05\/04\/unsere-veranstaltungen-im-mai-2023\/\" class=\"more-link\">Continue reading<span class=\"screen-reader-text\"> &#8220;Unsere Veranstaltungen im Mai 2023&#8221;<\/span><\/a><\/p>","protected":false},"author":8,"featured_media":1742,"comment_status":"closed","ping_status":"closed","sticky":false,"template":"","format":"standard","meta":{"footnotes":""},"categories":[1,181,173,182,242,194,324,220,174],"tags":[256,124,213,104,125,279],"class_list":["post-14316","post","type-post","status-publish","format-standard","has-post-thumbnail","hentry","category-allgemein","category-erloeserkirche","category-gemeinde","category-himmelfahrtkirche","category-jerusalem","category-konzert","category-newsletter","category-topnachricht","category-veranstaltung","tag-altstadt","tag-erloeserkirche","tag-gottesdienst","tag-himmelfahrtkirche","tag-jerusalem","tag-latrun","entry"],"yoast_head":"<!-- This site is optimized with the Yoast SEO plugin v27.4 - https:\/\/yoast.com\/product\/yoast-seo-wordpress\/ -->\n<title>Unsere Veranstaltungen im Mai 2023 - Evangelisch in Jerusalem<\/title>\n<meta name=\"robots\" content=\"index, follow, max-snippet:-1, max-image-preview:large, max-video-preview:-1\" \/>\n<link rel=\"canonical\" href=\"https:\/\/www.evangelisch-in-jerusalem.org\/en\/2023\/05\/04\/unsere-veranstaltungen-im-mai-2023\/\" \/>\n<meta property=\"og:locale\" content=\"en_GB\" \/>\n<meta property=\"og:type\" content=\"article\" \/>\n<meta property=\"og:title\" content=\"Unsere Veranstaltungen im Mai 2023 - Evangelisch in Jerusalem\" \/>\n<meta property=\"og:description\" content=\"Di, 02.05.&nbsp;&nbsp;&nbsp;&nbsp;&nbsp;&nbsp;&nbsp; 20.00 UhrGemeindeabend: Bibliolog zur JahreslosungBibelarbeit mit bibliodramatischen Impulsen zur Jahreslosung:\u201eDu bist ein Gott, der mich sieht.\u201c (1. Mose 16,13)Pfarrerin Gabriele Zander, Halle\/SaaleRefektorium der Propstei, Muristan St. 5, Altstadt von Jerusalem Sa, 06.05. \u00a0\u00a0\u00a0\u00a0\u00a0\u00a0\u00a0 17.00 UhrVorabendgottesdienst zum Sonntag Kantate in LatrunAnschlie\u00dfend sind alle zum Abendessen (Mitbring-Buffet) eingeladen.Parallel findet ein Kindergottesdienst statt.Predigt: Sondervikarin Lisa Schroeder, &hellip; Continue reading &quot;Unsere Veranstaltungen im Mai 2023&quot;\" \/>\n<meta property=\"og:url\" content=\"https:\/\/www.evangelisch-in-jerusalem.org\/en\/2023\/05\/04\/unsere-veranstaltungen-im-mai-2023\/\" \/>\n<meta property=\"og:site_name\" content=\"Evangelisch in Jerusalem\" \/>\n<meta property=\"article:publisher\" content=\"https:\/\/www.facebook.com\/erloeserkirche.jerusalem\" \/>\n<meta property=\"article:published_time\" content=\"2023-05-04T09:48:12+00:00\" \/>\n<meta property=\"article:modified_time\" content=\"2023-05-08T08:39:26+00:00\" \/>\n<meta property=\"og:image\" content=\"https:\/\/www.evangelisch-in-jerusalem.org\/wp-content\/uploads\/2019\/06\/Impressionen-Kreuzgang-9782.jpg\" \/>\n\t<meta property=\"og:image:width\" content=\"1920\" \/>\n\t<meta property=\"og:image:height\" content=\"1280\" \/>\n\t<meta property=\"og:image:type\" content=\"image\/jpeg\" \/>\n<meta name=\"author\" content=\"Bilhan Rechtman\" \/>\n<meta name=\"twitter:card\" content=\"summary_large_image\" \/>\n<meta name=\"twitter:label1\" content=\"Written by\" \/>\n\t<meta name=\"twitter:data1\" content=\"Bilhan Rechtman\" \/>\n\t<meta name=\"twitter:label2\" content=\"Estimated reading time\" \/>\n\t<meta name=\"twitter:data2\" content=\"4 minutes\" \/>\n<script type=\"application\/ld+json\" class=\"yoast-schema-graph\">{\"@context\":\"https:\\\/\\\/schema.org\",\"@graph\":[{\"@type\":\"Article\",\"@id\":\"https:\\\/\\\/www.evangelisch-in-jerusalem.org\\\/2023\\\/05\\\/04\\\/unsere-veranstaltungen-im-mai-2023\\\/#article\",\"isPartOf\":{\"@id\":\"https:\\\/\\\/www.evangelisch-in-jerusalem.org\\\/2023\\\/05\\\/04\\\/unsere-veranstaltungen-im-mai-2023\\\/\"},\"author\":{\"name\":\"Bilhan Rechtman\",\"@id\":\"https:\\\/\\\/www.evangelisch-in-jerusalem.org\\\/#\\\/schema\\\/person\\\/1a5c46f66365bb12b39ea0ebe03339a7\"},\"headline\":\"Unsere Veranstaltungen im Mai 2023\",\"datePublished\":\"2023-05-04T09:48:12+00:00\",\"dateModified\":\"2023-05-08T08:39:26+00:00\",\"mainEntityOfPage\":{\"@id\":\"https:\\\/\\\/www.evangelisch-in-jerusalem.org\\\/2023\\\/05\\\/04\\\/unsere-veranstaltungen-im-mai-2023\\\/\"},\"wordCount\":914,\"publisher\":{\"@id\":\"https:\\\/\\\/www.evangelisch-in-jerusalem.org\\\/#organization\"},\"image\":{\"@id\":\"https:\\\/\\\/www.evangelisch-in-jerusalem.org\\\/2023\\\/05\\\/04\\\/unsere-veranstaltungen-im-mai-2023\\\/#primaryimage\"},\"thumbnailUrl\":\"https:\\\/\\\/www.evangelisch-in-jerusalem.org\\\/wp-content\\\/uploads\\\/2019\\\/06\\\/Impressionen-Kreuzgang-9782.jpg\",\"keywords\":[\"Altstadt\",\"Erl\u00f6serkirche\",\"Gottesdienst\",\"Himmelfahrtkirche\",\"Jerusalem\",\"Latrun\"],\"articleSection\":[\"Allgemein\",\"Erl\u00f6serkirche\",\"Gemeinde\",\"Himmelfahrtkirche\",\"Jerusalem\",\"Konzert\",\"Newsletter\",\"Topnachricht\",\"Veranstaltung\"],\"inLanguage\":\"en-GB\"},{\"@type\":\"WebPage\",\"@id\":\"https:\\\/\\\/www.evangelisch-in-jerusalem.org\\\/2023\\\/05\\\/04\\\/unsere-veranstaltungen-im-mai-2023\\\/\",\"url\":\"https:\\\/\\\/www.evangelisch-in-jerusalem.org\\\/2023\\\/05\\\/04\\\/unsere-veranstaltungen-im-mai-2023\\\/\",\"name\":\"Unsere Veranstaltungen im Mai 2023 - Evangelisch in Jerusalem\",\"isPartOf\":{\"@id\":\"https:\\\/\\\/www.evangelisch-in-jerusalem.org\\\/#website\"},\"primaryImageOfPage\":{\"@id\":\"https:\\\/\\\/www.evangelisch-in-jerusalem.org\\\/2023\\\/05\\\/04\\\/unsere-veranstaltungen-im-mai-2023\\\/#primaryimage\"},\"image\":{\"@id\":\"https:\\\/\\\/www.evangelisch-in-jerusalem.org\\\/2023\\\/05\\\/04\\\/unsere-veranstaltungen-im-mai-2023\\\/#primaryimage\"},\"thumbnailUrl\":\"https:\\\/\\\/www.evangelisch-in-jerusalem.org\\\/wp-content\\\/uploads\\\/2019\\\/06\\\/Impressionen-Kreuzgang-9782.jpg\",\"datePublished\":\"2023-05-04T09:48:12+00:00\",\"dateModified\":\"2023-05-08T08:39:26+00:00\",\"breadcrumb\":{\"@id\":\"https:\\\/\\\/www.evangelisch-in-jerusalem.org\\\/2023\\\/05\\\/04\\\/unsere-veranstaltungen-im-mai-2023\\\/#breadcrumb\"},\"inLanguage\":\"en-GB\",\"potentialAction\":[{\"@type\":\"ReadAction\",\"target\":[\"https:\\\/\\\/www.evangelisch-in-jerusalem.org\\\/2023\\\/05\\\/04\\\/unsere-veranstaltungen-im-mai-2023\\\/\"]}]},{\"@type\":\"ImageObject\",\"inLanguage\":\"en-GB\",\"@id\":\"https:\\\/\\\/www.evangelisch-in-jerusalem.org\\\/2023\\\/05\\\/04\\\/unsere-veranstaltungen-im-mai-2023\\\/#primaryimage\",\"url\":\"https:\\\/\\\/www.evangelisch-in-jerusalem.org\\\/wp-content\\\/uploads\\\/2019\\\/06\\\/Impressionen-Kreuzgang-9782.jpg\",\"contentUrl\":\"https:\\\/\\\/www.evangelisch-in-jerusalem.org\\\/wp-content\\\/uploads\\\/2019\\\/06\\\/Impressionen-Kreuzgang-9782.jpg\",\"width\":1920,\"height\":1280},{\"@type\":\"BreadcrumbList\",\"@id\":\"https:\\\/\\\/www.evangelisch-in-jerusalem.org\\\/2023\\\/05\\\/04\\\/unsere-veranstaltungen-im-mai-2023\\\/#breadcrumb\",\"itemListElement\":[{\"@type\":\"ListItem\",\"position\":1,\"name\":\"Startseite\",\"item\":\"https:\\\/\\\/www.evangelisch-in-jerusalem.org\\\/\"},{\"@type\":\"ListItem\",\"position\":2,\"name\":\"Unsere Veranstaltungen im Mai 2023\"}]},{\"@type\":\"WebSite\",\"@id\":\"https:\\\/\\\/www.evangelisch-in-jerusalem.org\\\/#website\",\"url\":\"https:\\\/\\\/www.evangelisch-in-jerusalem.org\\\/\",\"name\":\"Evangelisch in Jerusalem\",\"description\":\"Stiftungen der EKD im Heiligen Land\",\"publisher\":{\"@id\":\"https:\\\/\\\/www.evangelisch-in-jerusalem.org\\\/#organization\"},\"potentialAction\":[{\"@type\":\"SearchAction\",\"target\":{\"@type\":\"EntryPoint\",\"urlTemplate\":\"https:\\\/\\\/www.evangelisch-in-jerusalem.org\\\/?s={search_term_string}\"},\"query-input\":{\"@type\":\"PropertyValueSpecification\",\"valueRequired\":true,\"valueName\":\"search_term_string\"}}],\"inLanguage\":\"en-GB\"},{\"@type\":\"Organization\",\"@id\":\"https:\\\/\\\/www.evangelisch-in-jerusalem.org\\\/#organization\",\"name\":\"German Protestant Institutions in the Holy Land\",\"url\":\"https:\\\/\\\/www.evangelisch-in-jerusalem.org\\\/\",\"logo\":{\"@type\":\"ImageObject\",\"inLanguage\":\"en-GB\",\"@id\":\"https:\\\/\\\/www.evangelisch-in-jerusalem.org\\\/#\\\/schema\\\/logo\\\/image\\\/\",\"url\":\"https:\\\/\\\/www.evangelisch-in-jerusalem.org\\\/wp-content\\\/uploads\\\/2019\\\/03\\\/EIJ_Logo_500-px.png\",\"contentUrl\":\"https:\\\/\\\/www.evangelisch-in-jerusalem.org\\\/wp-content\\\/uploads\\\/2019\\\/03\\\/EIJ_Logo_500-px.png\",\"width\":500,\"height\":82,\"caption\":\"German Protestant Institutions in the Holy Land\"},\"image\":{\"@id\":\"https:\\\/\\\/www.evangelisch-in-jerusalem.org\\\/#\\\/schema\\\/logo\\\/image\\\/\"},\"sameAs\":[\"https:\\\/\\\/www.facebook.com\\\/erloeserkirche.jerusalem\"]},{\"@type\":\"Person\",\"@id\":\"https:\\\/\\\/www.evangelisch-in-jerusalem.org\\\/#\\\/schema\\\/person\\\/1a5c46f66365bb12b39ea0ebe03339a7\",\"name\":\"Bilhan Rechtman\",\"sameAs\":[\"http:\\\/\\\/www.evangelisch-in-jerusalem.org\"],\"url\":\"https:\\\/\\\/www.evangelisch-in-jerusalem.org\\\/en\\\/author\\\/bilhan\\\/\"}]}<\/script>\n<!-- \/ Yoast SEO plugin. -->","yoast_head_json":{"title":"Unsere Veranstaltungen im Mai 2023 - Evangelisch in Jerusalem","robots":{"index":"index","follow":"follow","max-snippet":"max-snippet:-1","max-image-preview":"max-image-preview:large","max-video-preview":"max-video-preview:-1"},"canonical":"https:\/\/www.evangelisch-in-jerusalem.org\/en\/2023\/05\/04\/unsere-veranstaltungen-im-mai-2023\/","og_locale":"en_GB","og_type":"article","og_title":"Unsere Veranstaltungen im Mai 2023 - Evangelisch in Jerusalem","og_description":"Di, 02.05.&nbsp;&nbsp;&nbsp;&nbsp;&nbsp;&nbsp;&nbsp; 20.00 UhrGemeindeabend: Bibliolog zur JahreslosungBibelarbeit mit bibliodramatischen Impulsen zur Jahreslosung:\u201eDu bist ein Gott, der mich sieht.\u201c (1. Mose 16,13)Pfarrerin Gabriele Zander, Halle\/SaaleRefektorium der Propstei, Muristan St. 5, Altstadt von Jerusalem Sa, 06.05. \u00a0\u00a0\u00a0\u00a0\u00a0\u00a0\u00a0 17.00 UhrVorabendgottesdienst zum Sonntag Kantate in LatrunAnschlie\u00dfend sind alle zum Abendessen (Mitbring-Buffet) eingeladen.Parallel findet ein Kindergottesdienst statt.Predigt: Sondervikarin Lisa Schroeder, &hellip; Continue reading \"Unsere Veranstaltungen im Mai 2023\"","og_url":"https:\/\/www.evangelisch-in-jerusalem.org\/en\/2023\/05\/04\/unsere-veranstaltungen-im-mai-2023\/","og_site_name":"Evangelisch in Jerusalem","article_publisher":"https:\/\/www.facebook.com\/erloeserkirche.jerusalem","article_published_time":"2023-05-04T09:48:12+00:00","article_modified_time":"2023-05-08T08:39:26+00:00","og_image":[{"width":1920,"height":1280,"url":"https:\/\/www.evangelisch-in-jerusalem.org\/wp-content\/uploads\/2019\/06\/Impressionen-Kreuzgang-9782.jpg","type":"image\/jpeg"}],"author":"Bilhan Rechtman","twitter_card":"summary_large_image","twitter_misc":{"Written by":"Bilhan Rechtman","Estimated reading time":"4 minutes"},"schema":{"@context":"https:\/\/schema.org","@graph":[{"@type":"Article","@id":"https:\/\/www.evangelisch-in-jerusalem.org\/2023\/05\/04\/unsere-veranstaltungen-im-mai-2023\/#article","isPartOf":{"@id":"https:\/\/www.evangelisch-in-jerusalem.org\/2023\/05\/04\/unsere-veranstaltungen-im-mai-2023\/"},"author":{"name":"Bilhan Rechtman","@id":"https:\/\/www.evangelisch-in-jerusalem.org\/#\/schema\/person\/1a5c46f66365bb12b39ea0ebe03339a7"},"headline":"Unsere Veranstaltungen im Mai 2023","datePublished":"2023-05-04T09:48:12+00:00","dateModified":"2023-05-08T08:39:26+00:00","mainEntityOfPage":{"@id":"https:\/\/www.evangelisch-in-jerusalem.org\/2023\/05\/04\/unsere-veranstaltungen-im-mai-2023\/"},"wordCount":914,"publisher":{"@id":"https:\/\/www.evangelisch-in-jerusalem.org\/#organization"},"image":{"@id":"https:\/\/www.evangelisch-in-jerusalem.org\/2023\/05\/04\/unsere-veranstaltungen-im-mai-2023\/#primaryimage"},"thumbnailUrl":"https:\/\/www.evangelisch-in-jerusalem.org\/wp-content\/uploads\/2019\/06\/Impressionen-Kreuzgang-9782.jpg","keywords":["Altstadt","Erl\u00f6serkirche","Gottesdienst","Himmelfahrtkirche","Jerusalem","Latrun"],"articleSection":["Allgemein","Erl\u00f6serkirche","Gemeinde","Himmelfahrtkirche","Jerusalem","Konzert","Newsletter","Topnachricht","Veranstaltung"],"inLanguage":"en-GB"},{"@type":"WebPage","@id":"https:\/\/www.evangelisch-in-jerusalem.org\/2023\/05\/04\/unsere-veranstaltungen-im-mai-2023\/","url":"https:\/\/www.evangelisch-in-jerusalem.org\/2023\/05\/04\/unsere-veranstaltungen-im-mai-2023\/","name":"Unsere Veranstaltungen im Mai 2023 - Evangelisch in Jerusalem","isPartOf":{"@id":"https:\/\/www.evangelisch-in-jerusalem.org\/#website"},"primaryImageOfPage":{"@id":"https:\/\/www.evangelisch-in-jerusalem.org\/2023\/05\/04\/unsere-veranstaltungen-im-mai-2023\/#primaryimage"},"image":{"@id":"https:\/\/www.evangelisch-in-jerusalem.org\/2023\/05\/04\/unsere-veranstaltungen-im-mai-2023\/#primaryimage"},"thumbnailUrl":"https:\/\/www.evangelisch-in-jerusalem.org\/wp-content\/uploads\/2019\/06\/Impressionen-Kreuzgang-9782.jpg","datePublished":"2023-05-04T09:48:12+00:00","dateModified":"2023-05-08T08:39:26+00:00","breadcrumb":{"@id":"https:\/\/www.evangelisch-in-jerusalem.org\/2023\/05\/04\/unsere-veranstaltungen-im-mai-2023\/#breadcrumb"},"inLanguage":"en-GB","potentialAction":[{"@type":"ReadAction","target":["https:\/\/www.evangelisch-in-jerusalem.org\/2023\/05\/04\/unsere-veranstaltungen-im-mai-2023\/"]}]},{"@type":"ImageObject","inLanguage":"en-GB","@id":"https:\/\/www.evangelisch-in-jerusalem.org\/2023\/05\/04\/unsere-veranstaltungen-im-mai-2023\/#primaryimage","url":"https:\/\/www.evangelisch-in-jerusalem.org\/wp-content\/uploads\/2019\/06\/Impressionen-Kreuzgang-9782.jpg","contentUrl":"https:\/\/www.evangelisch-in-jerusalem.org\/wp-content\/uploads\/2019\/06\/Impressionen-Kreuzgang-9782.jpg","width":1920,"height":1280},{"@type":"BreadcrumbList","@id":"https:\/\/www.evangelisch-in-jerusalem.org\/2023\/05\/04\/unsere-veranstaltungen-im-mai-2023\/#breadcrumb","itemListElement":[{"@type":"ListItem","position":1,"name":"Startseite","item":"https:\/\/www.evangelisch-in-jerusalem.org\/"},{"@type":"ListItem","position":2,"name":"Unsere Veranstaltungen im Mai 2023"}]},{"@type":"WebSite","@id":"https:\/\/www.evangelisch-in-jerusalem.org\/#website","url":"https:\/\/www.evangelisch-in-jerusalem.org\/","name":"Evangelisch in Jerusalem","description":"German Protestant Institutions in the Holy Land","publisher":{"@id":"https:\/\/www.evangelisch-in-jerusalem.org\/#organization"},"potentialAction":[{"@type":"SearchAction","target":{"@type":"EntryPoint","urlTemplate":"https:\/\/www.evangelisch-in-jerusalem.org\/?s={search_term_string}"},"query-input":{"@type":"PropertyValueSpecification","valueRequired":true,"valueName":"search_term_string"}}],"inLanguage":"en-GB"},{"@type":"Organization","@id":"https:\/\/www.evangelisch-in-jerusalem.org\/#organization","name":"German Protestant Institutions in the Holy Land","url":"https:\/\/www.evangelisch-in-jerusalem.org\/","logo":{"@type":"ImageObject","inLanguage":"en-GB","@id":"https:\/\/www.evangelisch-in-jerusalem.org\/#\/schema\/logo\/image\/","url":"https:\/\/www.evangelisch-in-jerusalem.org\/wp-content\/uploads\/2019\/03\/EIJ_Logo_500-px.png","contentUrl":"https:\/\/www.evangelisch-in-jerusalem.org\/wp-content\/uploads\/2019\/03\/EIJ_Logo_500-px.png","width":500,"height":82,"caption":"German Protestant Institutions in the Holy Land"},"image":{"@id":"https:\/\/www.evangelisch-in-jerusalem.org\/#\/schema\/logo\/image\/"},"sameAs":["https:\/\/www.facebook.com\/erloeserkirche.jerusalem"]},{"@type":"Person","@id":"https:\/\/www.evangelisch-in-jerusalem.org\/#\/schema\/person\/1a5c46f66365bb12b39ea0ebe03339a7","name":"Bilhan Rechtman","sameAs":["http:\/\/www.evangelisch-in-jerusalem.org"],"url":"https:\/\/www.evangelisch-in-jerusalem.org\/en\/author\/bilhan\/"}]}},"_links":{"self":[{"href":"https:\/\/www.evangelisch-in-jerusalem.org\/en\/wp-json\/wp\/v2\/posts\/14316","targetHints":{"allow":["GET"]}}],"collection":[{"href":"https:\/\/www.evangelisch-in-jerusalem.org\/en\/wp-json\/wp\/v2\/posts"}],"about":[{"href":"https:\/\/www.evangelisch-in-jerusalem.org\/en\/wp-json\/wp\/v2\/types\/post"}],"author":[{"embeddable":true,"href":"https:\/\/www.evangelisch-in-jerusalem.org\/en\/wp-json\/wp\/v2\/users\/8"}],"replies":[{"embeddable":true,"href":"https:\/\/www.evangelisch-in-jerusalem.org\/en\/wp-json\/wp\/v2\/comments?post=14316"}],"version-history":[{"count":5,"href":"https:\/\/www.evangelisch-in-jerusalem.org\/en\/wp-json\/wp\/v2\/posts\/14316\/revisions"}],"predecessor-version":[{"id":14346,"href":"https:\/\/www.evangelisch-in-jerusalem.org\/en\/wp-json\/wp\/v2\/posts\/14316\/revisions\/14346"}],"wp:featuredmedia":[{"embeddable":true,"href":"https:\/\/www.evangelisch-in-jerusalem.org\/en\/wp-json\/wp\/v2\/media\/1742"}],"wp:attachment":[{"href":"https:\/\/www.evangelisch-in-jerusalem.org\/en\/wp-json\/wp\/v2\/media?parent=14316"}],"wp:term":[{"taxonomy":"category","embeddable":true,"href":"https:\/\/www.evangelisch-in-jerusalem.org\/en\/wp-json\/wp\/v2\/categories?post=14316"},{"taxonomy":"post_tag","embeddable":true,"href":"https:\/\/www.evangelisch-in-jerusalem.org\/en\/wp-json\/wp\/v2\/tags?post=14316"}],"curies":[{"name":"wp","href":"https:\/\/api.w.org\/{rel}","templated":true}]}}