{"id":14248,"date":"2023-04-26T15:19:34","date_gmt":"2023-04-26T12:19:34","guid":{"rendered":"https:\/\/www.evangelisch-in-jerusalem.org\/?p=14248"},"modified":"2023-04-28T11:10:55","modified_gmt":"2023-04-28T08:10:55","slug":"leitungswechsel-bei-aktion-suehnezeichen-friedensdienste-in-israel","status":"publish","type":"post","link":"https:\/\/www.evangelisch-in-jerusalem.org\/en\/2023\/04\/26\/leitungswechsel-bei-aktion-suehnezeichen-friedensdienste-in-israel\/","title":{"rendered":"Leitungswechsel bei Aktion S\u00fchnezeichen\/Friedensdienste in Israel"},"content":{"rendered":"<p><strong>Guy Band<\/strong> geht, <strong>Judith Kuhne<\/strong> kommt: Zum 1. Mai bekommt Aktion S\u00fchnezeichen\/Friedensdienste (ASF) eine neue Landesleitung f\u00fcr Israel.<\/p>\n\n\n\n<p>Im <strong>Gottesdienst am Sonntag, 30. April<\/strong>, sagen wir im Gottesdienst in der Erl\u00f6serkirche Dankesch\u00f6n und Willkommen. Und bitten Gott um seinen Segen f\u00fcr alles, was nun kommt. <br>Herzliche Einladung!<\/p>\n\n\n\n<p>Leitung und Predigt: Pfr.in Dr. <strong>Melanie Mordhorst-Mayer<\/strong><br>Musik: Kirchenmusikdirektor <strong>Peter-Michael Seifried<\/strong><\/p>\n\n\n\n<p>Link: <a href=\"https:\/\/www.asf-ev.de\/freiwilligendienste\/freiwilligendienst\/partnerlaender\/freiwilligendienst-in-israel\/\">Aktion S\u00fchnezeichen Friedensdienste e. V. | Freiwilligendienst in Israel (asf-ev.de)<\/a><\/p>\n\n\n\n<div class=\"wp-block-image is-style-default\"><figure class=\"aligncenter size-full is-resized\"><img fetchpriority=\"high\" decoding=\"async\" src=\"https:\/\/www.evangelisch-in-jerusalem.org\/wp-content\/uploads\/2023\/04\/ASF-Israel-Jerusalem-1.jpg\" alt=\"\" class=\"wp-image-14254\" width=\"512\" height=\"384\"\/><\/figure><\/div>","protected":false},"excerpt":{"rendered":"<p>Guy Band geht, Judith Kuhne kommt: Zum 1. Mai bekommt Aktion S\u00fchnezeichen\/Friedensdienste (ASF) eine neue Landesleitung f\u00fcr Israel. Im Gottesdienst am Sonntag, 30. April, sagen wir im Gottesdienst in der Erl\u00f6serkirche Dankesch\u00f6n und Willkommen. Und bitten Gott um seinen Segen f\u00fcr alles, was nun kommt. Herzliche Einladung! Leitung und Predigt: Pfr.in Dr. Melanie Mordhorst-MayerMusik: Kirchenmusikdirektor &hellip; <\/p>\n<p class=\"link-more\"><a href=\"https:\/\/www.evangelisch-in-jerusalem.org\/en\/2023\/04\/26\/leitungswechsel-bei-aktion-suehnezeichen-friedensdienste-in-israel\/\" class=\"more-link\">Continue reading<span class=\"screen-reader-text\"> &#8220;Leitungswechsel bei Aktion S\u00fchnezeichen\/Friedensdienste in Israel&#8221;<\/span><\/a><\/p>","protected":false},"author":6,"featured_media":14268,"comment_status":"closed","ping_status":"closed","sticky":false,"template":"","format":"standard","meta":{"footnotes":""},"categories":[1],"tags":[],"class_list":["post-14248","post","type-post","status-publish","format-standard","has-post-thumbnail","hentry","category-allgemein","entry"],"yoast_head":"<!-- This site is optimized with the Yoast SEO plugin v27.4 - https:\/\/yoast.com\/product\/yoast-seo-wordpress\/ -->\n<title>Leitungswechsel bei Aktion S\u00fchnezeichen\/Friedensdienste in Israel - Evangelisch in Jerusalem<\/title>\n<meta name=\"robots\" content=\"index, follow, max-snippet:-1, max-image-preview:large, max-video-preview:-1\" \/>\n<link rel=\"canonical\" href=\"https:\/\/www.evangelisch-in-jerusalem.org\/en\/2023\/04\/26\/leitungswechsel-bei-aktion-suehnezeichen-friedensdienste-in-israel\/\" \/>\n<meta property=\"og:locale\" content=\"en_GB\" \/>\n<meta property=\"og:type\" content=\"article\" \/>\n<meta property=\"og:title\" content=\"Leitungswechsel bei Aktion S\u00fchnezeichen\/Friedensdienste in Israel - Evangelisch in Jerusalem\" \/>\n<meta property=\"og:description\" content=\"Guy Band geht, Judith Kuhne kommt: Zum 1. Mai bekommt Aktion S\u00fchnezeichen\/Friedensdienste (ASF) eine neue Landesleitung f\u00fcr Israel. Im Gottesdienst am Sonntag, 30. April, sagen wir im Gottesdienst in der Erl\u00f6serkirche Dankesch\u00f6n und Willkommen. Und bitten Gott um seinen Segen f\u00fcr alles, was nun kommt. Herzliche Einladung! Leitung und Predigt: Pfr.in Dr. Melanie Mordhorst-MayerMusik: Kirchenmusikdirektor &hellip; Continue reading &quot;Leitungswechsel bei Aktion S\u00fchnezeichen\/Friedensdienste in Israel&quot;\" \/>\n<meta property=\"og:url\" content=\"https:\/\/www.evangelisch-in-jerusalem.org\/en\/2023\/04\/26\/leitungswechsel-bei-aktion-suehnezeichen-friedensdienste-in-israel\/\" \/>\n<meta property=\"og:site_name\" content=\"Evangelisch in Jerusalem\" \/>\n<meta property=\"article:publisher\" content=\"https:\/\/www.facebook.com\/erloeserkirche.jerusalem\" \/>\n<meta property=\"article:published_time\" content=\"2023-04-26T12:19:34+00:00\" \/>\n<meta property=\"article:modified_time\" content=\"2023-04-28T08:10:55+00:00\" \/>\n<meta property=\"og:image\" content=\"https:\/\/www.evangelisch-in-jerusalem.org\/wp-content\/uploads\/2023\/04\/ASF-Israel-Jerusalem.png\" \/>\n\t<meta property=\"og:image:width\" content=\"1024\" \/>\n\t<meta property=\"og:image:height\" content=\"768\" \/>\n\t<meta property=\"og:image:type\" content=\"image\/png\" \/>\n<meta name=\"author\" content=\"Joachim Lenz\" \/>\n<meta name=\"twitter:card\" content=\"summary_large_image\" \/>\n<meta name=\"twitter:label1\" content=\"Written by\" \/>\n\t<meta name=\"twitter:data1\" content=\"Joachim Lenz\" \/>\n\t<meta name=\"twitter:label2\" content=\"Estimated reading time\" \/>\n\t<meta name=\"twitter:data2\" content=\"1 minute\" \/>\n<script type=\"application\/ld+json\" class=\"yoast-schema-graph\">{\"@context\":\"https:\\\/\\\/schema.org\",\"@graph\":[{\"@type\":\"Article\",\"@id\":\"https:\\\/\\\/www.evangelisch-in-jerusalem.org\\\/2023\\\/04\\\/26\\\/leitungswechsel-bei-aktion-suehnezeichen-friedensdienste-in-israel\\\/#article\",\"isPartOf\":{\"@id\":\"https:\\\/\\\/www.evangelisch-in-jerusalem.org\\\/2023\\\/04\\\/26\\\/leitungswechsel-bei-aktion-suehnezeichen-friedensdienste-in-israel\\\/\"},\"author\":{\"name\":\"Joachim Lenz\",\"@id\":\"https:\\\/\\\/www.evangelisch-in-jerusalem.org\\\/#\\\/schema\\\/person\\\/ea8e86c01aff849bd324c28bc5574607\"},\"headline\":\"Leitungswechsel bei Aktion S\u00fchnezeichen\\\/Friedensdienste in Israel\",\"datePublished\":\"2023-04-26T12:19:34+00:00\",\"dateModified\":\"2023-04-28T08:10:55+00:00\",\"mainEntityOfPage\":{\"@id\":\"https:\\\/\\\/www.evangelisch-in-jerusalem.org\\\/2023\\\/04\\\/26\\\/leitungswechsel-bei-aktion-suehnezeichen-friedensdienste-in-israel\\\/\"},\"wordCount\":83,\"publisher\":{\"@id\":\"https:\\\/\\\/www.evangelisch-in-jerusalem.org\\\/#organization\"},\"image\":{\"@id\":\"https:\\\/\\\/www.evangelisch-in-jerusalem.org\\\/2023\\\/04\\\/26\\\/leitungswechsel-bei-aktion-suehnezeichen-friedensdienste-in-israel\\\/#primaryimage\"},\"thumbnailUrl\":\"https:\\\/\\\/www.evangelisch-in-jerusalem.org\\\/wp-content\\\/uploads\\\/2023\\\/04\\\/ASF-Israel-Jerusalem.png\",\"articleSection\":[\"Allgemein\"],\"inLanguage\":\"en-GB\"},{\"@type\":\"WebPage\",\"@id\":\"https:\\\/\\\/www.evangelisch-in-jerusalem.org\\\/2023\\\/04\\\/26\\\/leitungswechsel-bei-aktion-suehnezeichen-friedensdienste-in-israel\\\/\",\"url\":\"https:\\\/\\\/www.evangelisch-in-jerusalem.org\\\/2023\\\/04\\\/26\\\/leitungswechsel-bei-aktion-suehnezeichen-friedensdienste-in-israel\\\/\",\"name\":\"Leitungswechsel bei Aktion S\u00fchnezeichen\\\/Friedensdienste in Israel - Evangelisch in Jerusalem\",\"isPartOf\":{\"@id\":\"https:\\\/\\\/www.evangelisch-in-jerusalem.org\\\/#website\"},\"primaryImageOfPage\":{\"@id\":\"https:\\\/\\\/www.evangelisch-in-jerusalem.org\\\/2023\\\/04\\\/26\\\/leitungswechsel-bei-aktion-suehnezeichen-friedensdienste-in-israel\\\/#primaryimage\"},\"image\":{\"@id\":\"https:\\\/\\\/www.evangelisch-in-jerusalem.org\\\/2023\\\/04\\\/26\\\/leitungswechsel-bei-aktion-suehnezeichen-friedensdienste-in-israel\\\/#primaryimage\"},\"thumbnailUrl\":\"https:\\\/\\\/www.evangelisch-in-jerusalem.org\\\/wp-content\\\/uploads\\\/2023\\\/04\\\/ASF-Israel-Jerusalem.png\",\"datePublished\":\"2023-04-26T12:19:34+00:00\",\"dateModified\":\"2023-04-28T08:10:55+00:00\",\"breadcrumb\":{\"@id\":\"https:\\\/\\\/www.evangelisch-in-jerusalem.org\\\/2023\\\/04\\\/26\\\/leitungswechsel-bei-aktion-suehnezeichen-friedensdienste-in-israel\\\/#breadcrumb\"},\"inLanguage\":\"en-GB\",\"potentialAction\":[{\"@type\":\"ReadAction\",\"target\":[\"https:\\\/\\\/www.evangelisch-in-jerusalem.org\\\/2023\\\/04\\\/26\\\/leitungswechsel-bei-aktion-suehnezeichen-friedensdienste-in-israel\\\/\"]}]},{\"@type\":\"ImageObject\",\"inLanguage\":\"en-GB\",\"@id\":\"https:\\\/\\\/www.evangelisch-in-jerusalem.org\\\/2023\\\/04\\\/26\\\/leitungswechsel-bei-aktion-suehnezeichen-friedensdienste-in-israel\\\/#primaryimage\",\"url\":\"https:\\\/\\\/www.evangelisch-in-jerusalem.org\\\/wp-content\\\/uploads\\\/2023\\\/04\\\/ASF-Israel-Jerusalem.png\",\"contentUrl\":\"https:\\\/\\\/www.evangelisch-in-jerusalem.org\\\/wp-content\\\/uploads\\\/2023\\\/04\\\/ASF-Israel-Jerusalem.png\",\"width\":1024,\"height\":768},{\"@type\":\"BreadcrumbList\",\"@id\":\"https:\\\/\\\/www.evangelisch-in-jerusalem.org\\\/2023\\\/04\\\/26\\\/leitungswechsel-bei-aktion-suehnezeichen-friedensdienste-in-israel\\\/#breadcrumb\",\"itemListElement\":[{\"@type\":\"ListItem\",\"position\":1,\"name\":\"Startseite\",\"item\":\"https:\\\/\\\/www.evangelisch-in-jerusalem.org\\\/\"},{\"@type\":\"ListItem\",\"position\":2,\"name\":\"Leitungswechsel bei Aktion S\u00fchnezeichen\\\/Friedensdienste in Israel\"}]},{\"@type\":\"WebSite\",\"@id\":\"https:\\\/\\\/www.evangelisch-in-jerusalem.org\\\/#website\",\"url\":\"https:\\\/\\\/www.evangelisch-in-jerusalem.org\\\/\",\"name\":\"Evangelisch in Jerusalem\",\"description\":\"Stiftungen der EKD im Heiligen Land\",\"publisher\":{\"@id\":\"https:\\\/\\\/www.evangelisch-in-jerusalem.org\\\/#organization\"},\"potentialAction\":[{\"@type\":\"SearchAction\",\"target\":{\"@type\":\"EntryPoint\",\"urlTemplate\":\"https:\\\/\\\/www.evangelisch-in-jerusalem.org\\\/?s={search_term_string}\"},\"query-input\":{\"@type\":\"PropertyValueSpecification\",\"valueRequired\":true,\"valueName\":\"search_term_string\"}}],\"inLanguage\":\"en-GB\"},{\"@type\":\"Organization\",\"@id\":\"https:\\\/\\\/www.evangelisch-in-jerusalem.org\\\/#organization\",\"name\":\"German Protestant Institutions in the Holy Land\",\"url\":\"https:\\\/\\\/www.evangelisch-in-jerusalem.org\\\/\",\"logo\":{\"@type\":\"ImageObject\",\"inLanguage\":\"en-GB\",\"@id\":\"https:\\\/\\\/www.evangelisch-in-jerusalem.org\\\/#\\\/schema\\\/logo\\\/image\\\/\",\"url\":\"https:\\\/\\\/www.evangelisch-in-jerusalem.org\\\/wp-content\\\/uploads\\\/2019\\\/03\\\/EIJ_Logo_500-px.png\",\"contentUrl\":\"https:\\\/\\\/www.evangelisch-in-jerusalem.org\\\/wp-content\\\/uploads\\\/2019\\\/03\\\/EIJ_Logo_500-px.png\",\"width\":500,\"height\":82,\"caption\":\"German Protestant Institutions in the Holy Land\"},\"image\":{\"@id\":\"https:\\\/\\\/www.evangelisch-in-jerusalem.org\\\/#\\\/schema\\\/logo\\\/image\\\/\"},\"sameAs\":[\"https:\\\/\\\/www.facebook.com\\\/erloeserkirche.jerusalem\"]},{\"@type\":\"Person\",\"@id\":\"https:\\\/\\\/www.evangelisch-in-jerusalem.org\\\/#\\\/schema\\\/person\\\/ea8e86c01aff849bd324c28bc5574607\",\"name\":\"Joachim Lenz\",\"sameAs\":[\"http:\\\/\\\/evangelisch-in-jerusalem.org\"],\"url\":\"https:\\\/\\\/www.evangelisch-in-jerusalem.org\\\/en\\\/author\\\/propst-jl\\\/\"}]}<\/script>\n<!-- \/ Yoast SEO plugin. -->","yoast_head_json":{"title":"Leitungswechsel bei Aktion S\u00fchnezeichen\/Friedensdienste in Israel - Evangelisch in Jerusalem","robots":{"index":"index","follow":"follow","max-snippet":"max-snippet:-1","max-image-preview":"max-image-preview:large","max-video-preview":"max-video-preview:-1"},"canonical":"https:\/\/www.evangelisch-in-jerusalem.org\/en\/2023\/04\/26\/leitungswechsel-bei-aktion-suehnezeichen-friedensdienste-in-israel\/","og_locale":"en_GB","og_type":"article","og_title":"Leitungswechsel bei Aktion S\u00fchnezeichen\/Friedensdienste in Israel - Evangelisch in Jerusalem","og_description":"Guy Band geht, Judith Kuhne kommt: Zum 1. Mai bekommt Aktion S\u00fchnezeichen\/Friedensdienste (ASF) eine neue Landesleitung f\u00fcr Israel. Im Gottesdienst am Sonntag, 30. April, sagen wir im Gottesdienst in der Erl\u00f6serkirche Dankesch\u00f6n und Willkommen. Und bitten Gott um seinen Segen f\u00fcr alles, was nun kommt. Herzliche Einladung! Leitung und Predigt: Pfr.in Dr. Melanie Mordhorst-MayerMusik: Kirchenmusikdirektor &hellip; Continue reading \"Leitungswechsel bei Aktion S\u00fchnezeichen\/Friedensdienste in Israel\"","og_url":"https:\/\/www.evangelisch-in-jerusalem.org\/en\/2023\/04\/26\/leitungswechsel-bei-aktion-suehnezeichen-friedensdienste-in-israel\/","og_site_name":"Evangelisch in Jerusalem","article_publisher":"https:\/\/www.facebook.com\/erloeserkirche.jerusalem","article_published_time":"2023-04-26T12:19:34+00:00","article_modified_time":"2023-04-28T08:10:55+00:00","og_image":[{"width":1024,"height":768,"url":"https:\/\/www.evangelisch-in-jerusalem.org\/wp-content\/uploads\/2023\/04\/ASF-Israel-Jerusalem.png","type":"image\/png"}],"author":"Joachim Lenz","twitter_card":"summary_large_image","twitter_misc":{"Written by":"Joachim Lenz","Estimated reading time":"1 minute"},"schema":{"@context":"https:\/\/schema.org","@graph":[{"@type":"Article","@id":"https:\/\/www.evangelisch-in-jerusalem.org\/2023\/04\/26\/leitungswechsel-bei-aktion-suehnezeichen-friedensdienste-in-israel\/#article","isPartOf":{"@id":"https:\/\/www.evangelisch-in-jerusalem.org\/2023\/04\/26\/leitungswechsel-bei-aktion-suehnezeichen-friedensdienste-in-israel\/"},"author":{"name":"Joachim Lenz","@id":"https:\/\/www.evangelisch-in-jerusalem.org\/#\/schema\/person\/ea8e86c01aff849bd324c28bc5574607"},"headline":"Leitungswechsel bei Aktion S\u00fchnezeichen\/Friedensdienste in Israel","datePublished":"2023-04-26T12:19:34+00:00","dateModified":"2023-04-28T08:10:55+00:00","mainEntityOfPage":{"@id":"https:\/\/www.evangelisch-in-jerusalem.org\/2023\/04\/26\/leitungswechsel-bei-aktion-suehnezeichen-friedensdienste-in-israel\/"},"wordCount":83,"publisher":{"@id":"https:\/\/www.evangelisch-in-jerusalem.org\/#organization"},"image":{"@id":"https:\/\/www.evangelisch-in-jerusalem.org\/2023\/04\/26\/leitungswechsel-bei-aktion-suehnezeichen-friedensdienste-in-israel\/#primaryimage"},"thumbnailUrl":"https:\/\/www.evangelisch-in-jerusalem.org\/wp-content\/uploads\/2023\/04\/ASF-Israel-Jerusalem.png","articleSection":["Allgemein"],"inLanguage":"en-GB"},{"@type":"WebPage","@id":"https:\/\/www.evangelisch-in-jerusalem.org\/2023\/04\/26\/leitungswechsel-bei-aktion-suehnezeichen-friedensdienste-in-israel\/","url":"https:\/\/www.evangelisch-in-jerusalem.org\/2023\/04\/26\/leitungswechsel-bei-aktion-suehnezeichen-friedensdienste-in-israel\/","name":"Leitungswechsel bei Aktion S\u00fchnezeichen\/Friedensdienste in Israel - Evangelisch in Jerusalem","isPartOf":{"@id":"https:\/\/www.evangelisch-in-jerusalem.org\/#website"},"primaryImageOfPage":{"@id":"https:\/\/www.evangelisch-in-jerusalem.org\/2023\/04\/26\/leitungswechsel-bei-aktion-suehnezeichen-friedensdienste-in-israel\/#primaryimage"},"image":{"@id":"https:\/\/www.evangelisch-in-jerusalem.org\/2023\/04\/26\/leitungswechsel-bei-aktion-suehnezeichen-friedensdienste-in-israel\/#primaryimage"},"thumbnailUrl":"https:\/\/www.evangelisch-in-jerusalem.org\/wp-content\/uploads\/2023\/04\/ASF-Israel-Jerusalem.png","datePublished":"2023-04-26T12:19:34+00:00","dateModified":"2023-04-28T08:10:55+00:00","breadcrumb":{"@id":"https:\/\/www.evangelisch-in-jerusalem.org\/2023\/04\/26\/leitungswechsel-bei-aktion-suehnezeichen-friedensdienste-in-israel\/#breadcrumb"},"inLanguage":"en-GB","potentialAction":[{"@type":"ReadAction","target":["https:\/\/www.evangelisch-in-jerusalem.org\/2023\/04\/26\/leitungswechsel-bei-aktion-suehnezeichen-friedensdienste-in-israel\/"]}]},{"@type":"ImageObject","inLanguage":"en-GB","@id":"https:\/\/www.evangelisch-in-jerusalem.org\/2023\/04\/26\/leitungswechsel-bei-aktion-suehnezeichen-friedensdienste-in-israel\/#primaryimage","url":"https:\/\/www.evangelisch-in-jerusalem.org\/wp-content\/uploads\/2023\/04\/ASF-Israel-Jerusalem.png","contentUrl":"https:\/\/www.evangelisch-in-jerusalem.org\/wp-content\/uploads\/2023\/04\/ASF-Israel-Jerusalem.png","width":1024,"height":768},{"@type":"BreadcrumbList","@id":"https:\/\/www.evangelisch-in-jerusalem.org\/2023\/04\/26\/leitungswechsel-bei-aktion-suehnezeichen-friedensdienste-in-israel\/#breadcrumb","itemListElement":[{"@type":"ListItem","position":1,"name":"Startseite","item":"https:\/\/www.evangelisch-in-jerusalem.org\/"},{"@type":"ListItem","position":2,"name":"Leitungswechsel bei Aktion S\u00fchnezeichen\/Friedensdienste in Israel"}]},{"@type":"WebSite","@id":"https:\/\/www.evangelisch-in-jerusalem.org\/#website","url":"https:\/\/www.evangelisch-in-jerusalem.org\/","name":"Evangelisch in Jerusalem","description":"German Protestant Institutions in the Holy Land","publisher":{"@id":"https:\/\/www.evangelisch-in-jerusalem.org\/#organization"},"potentialAction":[{"@type":"SearchAction","target":{"@type":"EntryPoint","urlTemplate":"https:\/\/www.evangelisch-in-jerusalem.org\/?s={search_term_string}"},"query-input":{"@type":"PropertyValueSpecification","valueRequired":true,"valueName":"search_term_string"}}],"inLanguage":"en-GB"},{"@type":"Organization","@id":"https:\/\/www.evangelisch-in-jerusalem.org\/#organization","name":"German Protestant Institutions in the Holy Land","url":"https:\/\/www.evangelisch-in-jerusalem.org\/","logo":{"@type":"ImageObject","inLanguage":"en-GB","@id":"https:\/\/www.evangelisch-in-jerusalem.org\/#\/schema\/logo\/image\/","url":"https:\/\/www.evangelisch-in-jerusalem.org\/wp-content\/uploads\/2019\/03\/EIJ_Logo_500-px.png","contentUrl":"https:\/\/www.evangelisch-in-jerusalem.org\/wp-content\/uploads\/2019\/03\/EIJ_Logo_500-px.png","width":500,"height":82,"caption":"German Protestant Institutions in the Holy Land"},"image":{"@id":"https:\/\/www.evangelisch-in-jerusalem.org\/#\/schema\/logo\/image\/"},"sameAs":["https:\/\/www.facebook.com\/erloeserkirche.jerusalem"]},{"@type":"Person","@id":"https:\/\/www.evangelisch-in-jerusalem.org\/#\/schema\/person\/ea8e86c01aff849bd324c28bc5574607","name":"Joachim Lenz","sameAs":["http:\/\/evangelisch-in-jerusalem.org"],"url":"https:\/\/www.evangelisch-in-jerusalem.org\/en\/author\/propst-jl\/"}]}},"_links":{"self":[{"href":"https:\/\/www.evangelisch-in-jerusalem.org\/en\/wp-json\/wp\/v2\/posts\/14248","targetHints":{"allow":["GET"]}}],"collection":[{"href":"https:\/\/www.evangelisch-in-jerusalem.org\/en\/wp-json\/wp\/v2\/posts"}],"about":[{"href":"https:\/\/www.evangelisch-in-jerusalem.org\/en\/wp-json\/wp\/v2\/types\/post"}],"author":[{"embeddable":true,"href":"https:\/\/www.evangelisch-in-jerusalem.org\/en\/wp-json\/wp\/v2\/users\/6"}],"replies":[{"embeddable":true,"href":"https:\/\/www.evangelisch-in-jerusalem.org\/en\/wp-json\/wp\/v2\/comments?post=14248"}],"version-history":[{"count":7,"href":"https:\/\/www.evangelisch-in-jerusalem.org\/en\/wp-json\/wp\/v2\/posts\/14248\/revisions"}],"predecessor-version":[{"id":14267,"href":"https:\/\/www.evangelisch-in-jerusalem.org\/en\/wp-json\/wp\/v2\/posts\/14248\/revisions\/14267"}],"wp:featuredmedia":[{"embeddable":true,"href":"https:\/\/www.evangelisch-in-jerusalem.org\/en\/wp-json\/wp\/v2\/media\/14268"}],"wp:attachment":[{"href":"https:\/\/www.evangelisch-in-jerusalem.org\/en\/wp-json\/wp\/v2\/media?parent=14248"}],"wp:term":[{"taxonomy":"category","embeddable":true,"href":"https:\/\/www.evangelisch-in-jerusalem.org\/en\/wp-json\/wp\/v2\/categories?post=14248"},{"taxonomy":"post_tag","embeddable":true,"href":"https:\/\/www.evangelisch-in-jerusalem.org\/en\/wp-json\/wp\/v2\/tags?post=14248"}],"curies":[{"name":"wp","href":"https:\/\/api.w.org\/{rel}","templated":true}]}}