{"id":13910,"date":"2023-03-30T08:22:39","date_gmt":"2023-03-30T05:22:39","guid":{"rendered":"https:\/\/www.evangelisch-in-jerusalem.org\/?p=13910"},"modified":"2023-04-05T16:36:58","modified_gmt":"2023-04-05T13:36:58","slug":"30-3-2023-die-times-of-israel-ueber-die-kritische-situation-der-christen-in-jerusalem","status":"publish","type":"post","link":"https:\/\/www.evangelisch-in-jerusalem.org\/en\/2023\/03\/30\/30-3-2023-die-times-of-israel-ueber-die-kritische-situation-der-christen-in-jerusalem\/","title":{"rendered":"30.3.2023: Die \u201eTimes of Israel\u201c \u00fcber die kritische Situation der Kirchen in Jerusalem"},"content":{"rendered":"<p>Die \u201eTimes of Israel\u201c<\/p>\n\n\n\n<p>\u00b7&nbsp;&nbsp;<\/p>\n\n\n\n<p>\u00bbThe picture of safe coexistence painted by Israeli officials is starkly at odds with the experiences Jerusalem\u2019s Christian leaders themselves describe. While they readily acknowledge that there is no organized or governmental effort against them, Christian clergy in the Old City tell of a deteriorating atmosphere of harassment, apathy from authorities, and a growing fear that incidents of spitting and vandalism could turn into something far darker.\u00ab<\/p>\n\n\n\n<p class=\"has-text-align-right\">(<em>Lazar Berman<\/em>, The Times of Israel, 30.3.2023)<\/p>\n\n\n\n<p>Hier geht es zum ganzen Artikel:<\/p>\n\n\n\n<p><a href=\"https:\/\/www.timesofisrael.com\/as-attacks-on-christians-become-more-frequent-a-crisis-looms-for-israel\/\"><\/a><a href=\"https:\/\/www.timesofisrael.com\/as-attacks-on-christians-become-more-frequent-a-crisis-looms-for-israel\/\" target=\"_blank\" rel=\"noreferrer noopener\"><strong>www.timesofisrael.com\/as-attacks-on-christians-become-more-frequent-a-crisis-looms-for-israel\/<\/strong><\/a><\/p>\n\n\n\n<hr class=\"wp-block-separator\"\/>\n\n\n\n<p><em>Kritische Anmerkungen<\/em><br><em>(Don Binder, anglikanischer Dean und Chaplain des Erzbischofs):<\/em><\/p>\n\n\n\n<p>I have mixed feelings about this article in today&#8217;s Times of Israel.<\/p>\n\n\n\n<p>On the one hand, it does present in a more holistic way the dramatic increase in attacks that the Christian community has faced since the rise of this radical right-wing government late last year. <\/p>\n\n\n\n<p>On the other hand, it accepts too uncritically police and government claims that they are responding proactively to the situation. For example, police did not immediately arrive last week to stop the attacker from doing harm at Gethsemane, as the article asserts. In fact, bystanders had to subdue the man and then hold him down for more than half-an-hour before police even arrived. <\/p>\n\n\n\n<p>Similarly, the article blithely accepts the government&#8217;s assertion that the Churches are handmaidens of the Palestinian Authority when making their criticisms against the Israeli government. This is absurd. As someone at the center of these internal discussions, I can say that NO consideration is given to the PA in expressing our concerns. Indeed, if the police and government were doing their jobs, we would happily praise them for it, as we have done in the past. <\/p>\n\n\n\n<p>Finally, the article accepts without question the government&#8217;s claim that it is preserving the religious Status Quo. This ignores the fact that last year border police prevented local worshippers (with permits) from attending the annual Palm Sunday procession in Jerusalem. Likewise, two weeks later, police severely limited the attendance of worshipers at the Holy Fire ceremony on Orthodox Easter Eve &#8212; a service that has been in existence for 1600 years as the pinnacle of Jerusalem&#8217;s celebration of Christ&#8217;s resurrection. What&#8217;s more, they are set to do the same again this year, despite our strong protestations.<\/p>\n\n\n\n<p>This clearly is not the maintenance of the religious Status Quo, but a redefining of it. The goverment has now restricted the religious freedom of local Christians to a degree that they would never begin to contemplate for the Jewish or even the Muslim religious communities during their concurrent feasts of Passover and Ramadan (the latter for fear of rockets flying from Gaza). And so, no, this is not just a perception problem for the Israeli government. This is an real problem that needs to be addressed with real commitment and real action, not just denials and empty platitudes. <\/p>\n\n\n\n<hr class=\"wp-block-separator\"\/>\n\n\n\n<p><em>Anmerkung (Propst):<\/em> <\/p>\n\n\n\n<p>Don Binder hat Recht. Und noch eins:<br>Im Artikel wird der \u00fcberdurchschnittlich hohe Bildungsgrad pal\u00e4stinensischer christlicher Frauen als Beleg daf\u00fcr genannt, dass es den Christinnen und Christen in Israel politisch doch gut gehe. Tats\u00e4chlich ist das nur ein Beleg daf\u00fcr, dass die christlichen Schulen im Heiligen Land sehr gute Arbeit tun und dass z.B. die ELCJHL die Gleichberechtigung von Frauen gezielt f\u00f6rdert.<\/p>\n\n\n\n<p><\/p>\n\n\n\n<hr class=\"wp-block-separator\"\/>","protected":false},"excerpt":{"rendered":"<p>Die \u201eTimes of Israel\u201c \u00b7&nbsp;&nbsp; \u00bbThe picture of safe coexistence painted by Israeli officials is starkly at odds with the experiences Jerusalem\u2019s Christian leaders themselves describe. While they readily acknowledge that there is no organized or governmental effort against them, Christian clergy in the Old City tell of a deteriorating atmosphere of harassment, apathy from &hellip; <\/p>\n<p class=\"link-more\"><a href=\"https:\/\/www.evangelisch-in-jerusalem.org\/en\/2023\/03\/30\/30-3-2023-die-times-of-israel-ueber-die-kritische-situation-der-christen-in-jerusalem\/\" class=\"more-link\">Continue reading<span class=\"screen-reader-text\"> &#8220;30.3.2023: Die \u201eTimes of Israel\u201c \u00fcber die kritische Situation der Kirchen in Jerusalem&#8221;<\/span><\/a><\/p>","protected":false},"author":6,"featured_media":13934,"comment_status":"closed","ping_status":"closed","sticky":false,"template":"","format":"standard","meta":{"footnotes":""},"categories":[19,173,242],"tags":[256,124,125,447],"class_list":["post-13910","post","type-post","status-publish","format-standard","has-post-thumbnail","hentry","category-allgemein-en","category-gemeinde","category-jerusalem","tag-altstadt","tag-erloeserkirche","tag-jerusalem","tag-kirchen","entry"],"yoast_head":"<!-- This site is optimized with the Yoast SEO plugin v27.4 - https:\/\/yoast.com\/product\/yoast-seo-wordpress\/ -->\n<title>30.3.2023: Die \u201eTimes of Israel\u201c \u00fcber die kritische Situation der Kirchen in Jerusalem - Evangelisch in Jerusalem<\/title>\n<meta name=\"robots\" content=\"index, follow, max-snippet:-1, max-image-preview:large, max-video-preview:-1\" \/>\n<link rel=\"canonical\" href=\"https:\/\/www.evangelisch-in-jerusalem.org\/en\/2023\/03\/30\/30-3-2023-die-times-of-israel-ueber-die-kritische-situation-der-christen-in-jerusalem\/\" \/>\n<meta property=\"og:locale\" content=\"en_GB\" \/>\n<meta property=\"og:type\" content=\"article\" \/>\n<meta property=\"og:title\" content=\"30.3.2023: Die \u201eTimes of Israel\u201c \u00fcber die kritische Situation der Kirchen in Jerusalem - Evangelisch in Jerusalem\" \/>\n<meta property=\"og:description\" content=\"Die \u201eTimes of Israel\u201c \u00b7&nbsp;&nbsp; \u00bbThe picture of safe coexistence painted by Israeli officials is starkly at odds with the experiences Jerusalem\u2019s Christian leaders themselves describe. While they readily acknowledge that there is no organized or governmental effort against them, Christian clergy in the Old City tell of a deteriorating atmosphere of harassment, apathy from &hellip; Continue reading &quot;30.3.2023: Die \u201eTimes of Israel\u201c \u00fcber die kritische Situation der Kirchen in Jerusalem&quot;\" \/>\n<meta property=\"og:url\" content=\"https:\/\/www.evangelisch-in-jerusalem.org\/en\/2023\/03\/30\/30-3-2023-die-times-of-israel-ueber-die-kritische-situation-der-christen-in-jerusalem\/\" \/>\n<meta property=\"og:site_name\" content=\"Evangelisch in Jerusalem\" \/>\n<meta property=\"article:publisher\" content=\"https:\/\/www.facebook.com\/erloeserkirche.jerusalem\" \/>\n<meta property=\"article:published_time\" content=\"2023-03-30T05:22:39+00:00\" \/>\n<meta property=\"article:modified_time\" content=\"2023-04-05T13:36:58+00:00\" \/>\n<meta property=\"og:image\" content=\"https:\/\/www.evangelisch-in-jerusalem.org\/wp-content\/uploads\/2023\/03\/018871F2-57ED-4209-A0AC-79AE1A43DB1B.jpeg\" \/>\n\t<meta property=\"og:image:width\" content=\"1051\" \/>\n\t<meta property=\"og:image:height\" content=\"701\" \/>\n\t<meta property=\"og:image:type\" content=\"image\/jpeg\" \/>\n<meta name=\"author\" content=\"Joachim Lenz\" \/>\n<meta name=\"twitter:card\" content=\"summary_large_image\" \/>\n<meta name=\"twitter:label1\" content=\"Written by\" \/>\n\t<meta name=\"twitter:data1\" content=\"Joachim Lenz\" \/>\n\t<meta name=\"twitter:label2\" content=\"Estimated reading time\" \/>\n\t<meta name=\"twitter:data2\" content=\"4 minutes\" \/>\n<script type=\"application\/ld+json\" class=\"yoast-schema-graph\">{\"@context\":\"https:\\\/\\\/schema.org\",\"@graph\":[{\"@type\":\"Article\",\"@id\":\"https:\\\/\\\/www.evangelisch-in-jerusalem.org\\\/2023\\\/03\\\/30\\\/30-3-2023-die-times-of-israel-ueber-die-kritische-situation-der-christen-in-jerusalem\\\/#article\",\"isPartOf\":{\"@id\":\"https:\\\/\\\/www.evangelisch-in-jerusalem.org\\\/2023\\\/03\\\/30\\\/30-3-2023-die-times-of-israel-ueber-die-kritische-situation-der-christen-in-jerusalem\\\/\"},\"author\":{\"name\":\"Joachim Lenz\",\"@id\":\"https:\\\/\\\/www.evangelisch-in-jerusalem.org\\\/#\\\/schema\\\/person\\\/ea8e86c01aff849bd324c28bc5574607\"},\"headline\":\"30.3.2023: Die \u201eTimes of Israel\u201c \u00fcber die kritische Situation der Kirchen in Jerusalem\",\"datePublished\":\"2023-03-30T05:22:39+00:00\",\"dateModified\":\"2023-04-05T13:36:58+00:00\",\"mainEntityOfPage\":{\"@id\":\"https:\\\/\\\/www.evangelisch-in-jerusalem.org\\\/2023\\\/03\\\/30\\\/30-3-2023-die-times-of-israel-ueber-die-kritische-situation-der-christen-in-jerusalem\\\/\"},\"wordCount\":567,\"publisher\":{\"@id\":\"https:\\\/\\\/www.evangelisch-in-jerusalem.org\\\/#organization\"},\"image\":{\"@id\":\"https:\\\/\\\/www.evangelisch-in-jerusalem.org\\\/2023\\\/03\\\/30\\\/30-3-2023-die-times-of-israel-ueber-die-kritische-situation-der-christen-in-jerusalem\\\/#primaryimage\"},\"thumbnailUrl\":\"https:\\\/\\\/www.evangelisch-in-jerusalem.org\\\/wp-content\\\/uploads\\\/2023\\\/03\\\/018871F2-57ED-4209-A0AC-79AE1A43DB1B.jpeg\",\"keywords\":[\"Altstadt\",\"Erl\u00f6serkirche\",\"Jerusalem\",\"Kirchen\"],\"articleSection\":[\"Allgemein\",\"Gemeinde\",\"Jerusalem\"],\"inLanguage\":\"en-GB\"},{\"@type\":\"WebPage\",\"@id\":\"https:\\\/\\\/www.evangelisch-in-jerusalem.org\\\/2023\\\/03\\\/30\\\/30-3-2023-die-times-of-israel-ueber-die-kritische-situation-der-christen-in-jerusalem\\\/\",\"url\":\"https:\\\/\\\/www.evangelisch-in-jerusalem.org\\\/2023\\\/03\\\/30\\\/30-3-2023-die-times-of-israel-ueber-die-kritische-situation-der-christen-in-jerusalem\\\/\",\"name\":\"30.3.2023: Die \u201eTimes of Israel\u201c \u00fcber die kritische Situation der Kirchen in Jerusalem - Evangelisch in Jerusalem\",\"isPartOf\":{\"@id\":\"https:\\\/\\\/www.evangelisch-in-jerusalem.org\\\/#website\"},\"primaryImageOfPage\":{\"@id\":\"https:\\\/\\\/www.evangelisch-in-jerusalem.org\\\/2023\\\/03\\\/30\\\/30-3-2023-die-times-of-israel-ueber-die-kritische-situation-der-christen-in-jerusalem\\\/#primaryimage\"},\"image\":{\"@id\":\"https:\\\/\\\/www.evangelisch-in-jerusalem.org\\\/2023\\\/03\\\/30\\\/30-3-2023-die-times-of-israel-ueber-die-kritische-situation-der-christen-in-jerusalem\\\/#primaryimage\"},\"thumbnailUrl\":\"https:\\\/\\\/www.evangelisch-in-jerusalem.org\\\/wp-content\\\/uploads\\\/2023\\\/03\\\/018871F2-57ED-4209-A0AC-79AE1A43DB1B.jpeg\",\"datePublished\":\"2023-03-30T05:22:39+00:00\",\"dateModified\":\"2023-04-05T13:36:58+00:00\",\"breadcrumb\":{\"@id\":\"https:\\\/\\\/www.evangelisch-in-jerusalem.org\\\/2023\\\/03\\\/30\\\/30-3-2023-die-times-of-israel-ueber-die-kritische-situation-der-christen-in-jerusalem\\\/#breadcrumb\"},\"inLanguage\":\"en-GB\",\"potentialAction\":[{\"@type\":\"ReadAction\",\"target\":[\"https:\\\/\\\/www.evangelisch-in-jerusalem.org\\\/2023\\\/03\\\/30\\\/30-3-2023-die-times-of-israel-ueber-die-kritische-situation-der-christen-in-jerusalem\\\/\"]}]},{\"@type\":\"ImageObject\",\"inLanguage\":\"en-GB\",\"@id\":\"https:\\\/\\\/www.evangelisch-in-jerusalem.org\\\/2023\\\/03\\\/30\\\/30-3-2023-die-times-of-israel-ueber-die-kritische-situation-der-christen-in-jerusalem\\\/#primaryimage\",\"url\":\"https:\\\/\\\/www.evangelisch-in-jerusalem.org\\\/wp-content\\\/uploads\\\/2023\\\/03\\\/018871F2-57ED-4209-A0AC-79AE1A43DB1B.jpeg\",\"contentUrl\":\"https:\\\/\\\/www.evangelisch-in-jerusalem.org\\\/wp-content\\\/uploads\\\/2023\\\/03\\\/018871F2-57ED-4209-A0AC-79AE1A43DB1B.jpeg\",\"width\":1051,\"height\":701,\"caption\":\"Zionsfriedhof, zerst\u00f6rtes Grabmal\"},{\"@type\":\"BreadcrumbList\",\"@id\":\"https:\\\/\\\/www.evangelisch-in-jerusalem.org\\\/2023\\\/03\\\/30\\\/30-3-2023-die-times-of-israel-ueber-die-kritische-situation-der-christen-in-jerusalem\\\/#breadcrumb\",\"itemListElement\":[{\"@type\":\"ListItem\",\"position\":1,\"name\":\"Startseite\",\"item\":\"https:\\\/\\\/www.evangelisch-in-jerusalem.org\\\/\"},{\"@type\":\"ListItem\",\"position\":2,\"name\":\"30.3.2023: Die \u201eTimes of Israel\u201c \u00fcber die kritische Situation der Kirchen in Jerusalem\"}]},{\"@type\":\"WebSite\",\"@id\":\"https:\\\/\\\/www.evangelisch-in-jerusalem.org\\\/#website\",\"url\":\"https:\\\/\\\/www.evangelisch-in-jerusalem.org\\\/\",\"name\":\"Evangelisch in Jerusalem\",\"description\":\"Stiftungen der EKD im Heiligen Land\",\"publisher\":{\"@id\":\"https:\\\/\\\/www.evangelisch-in-jerusalem.org\\\/#organization\"},\"potentialAction\":[{\"@type\":\"SearchAction\",\"target\":{\"@type\":\"EntryPoint\",\"urlTemplate\":\"https:\\\/\\\/www.evangelisch-in-jerusalem.org\\\/?s={search_term_string}\"},\"query-input\":{\"@type\":\"PropertyValueSpecification\",\"valueRequired\":true,\"valueName\":\"search_term_string\"}}],\"inLanguage\":\"en-GB\"},{\"@type\":\"Organization\",\"@id\":\"https:\\\/\\\/www.evangelisch-in-jerusalem.org\\\/#organization\",\"name\":\"German Protestant Institutions in the Holy Land\",\"url\":\"https:\\\/\\\/www.evangelisch-in-jerusalem.org\\\/\",\"logo\":{\"@type\":\"ImageObject\",\"inLanguage\":\"en-GB\",\"@id\":\"https:\\\/\\\/www.evangelisch-in-jerusalem.org\\\/#\\\/schema\\\/logo\\\/image\\\/\",\"url\":\"https:\\\/\\\/www.evangelisch-in-jerusalem.org\\\/wp-content\\\/uploads\\\/2019\\\/03\\\/EIJ_Logo_500-px.png\",\"contentUrl\":\"https:\\\/\\\/www.evangelisch-in-jerusalem.org\\\/wp-content\\\/uploads\\\/2019\\\/03\\\/EIJ_Logo_500-px.png\",\"width\":500,\"height\":82,\"caption\":\"German Protestant Institutions in the Holy Land\"},\"image\":{\"@id\":\"https:\\\/\\\/www.evangelisch-in-jerusalem.org\\\/#\\\/schema\\\/logo\\\/image\\\/\"},\"sameAs\":[\"https:\\\/\\\/www.facebook.com\\\/erloeserkirche.jerusalem\"]},{\"@type\":\"Person\",\"@id\":\"https:\\\/\\\/www.evangelisch-in-jerusalem.org\\\/#\\\/schema\\\/person\\\/ea8e86c01aff849bd324c28bc5574607\",\"name\":\"Joachim Lenz\",\"sameAs\":[\"http:\\\/\\\/evangelisch-in-jerusalem.org\"],\"url\":\"https:\\\/\\\/www.evangelisch-in-jerusalem.org\\\/en\\\/author\\\/propst-jl\\\/\"}]}<\/script>\n<!-- \/ Yoast SEO plugin. -->","yoast_head_json":{"title":"30.3.2023: Die \u201eTimes of Israel\u201c \u00fcber die kritische Situation der Kirchen in Jerusalem - Evangelisch in Jerusalem","robots":{"index":"index","follow":"follow","max-snippet":"max-snippet:-1","max-image-preview":"max-image-preview:large","max-video-preview":"max-video-preview:-1"},"canonical":"https:\/\/www.evangelisch-in-jerusalem.org\/en\/2023\/03\/30\/30-3-2023-die-times-of-israel-ueber-die-kritische-situation-der-christen-in-jerusalem\/","og_locale":"en_GB","og_type":"article","og_title":"30.3.2023: Die \u201eTimes of Israel\u201c \u00fcber die kritische Situation der Kirchen in Jerusalem - Evangelisch in Jerusalem","og_description":"Die \u201eTimes of Israel\u201c \u00b7&nbsp;&nbsp; \u00bbThe picture of safe coexistence painted by Israeli officials is starkly at odds with the experiences Jerusalem\u2019s Christian leaders themselves describe. While they readily acknowledge that there is no organized or governmental effort against them, Christian clergy in the Old City tell of a deteriorating atmosphere of harassment, apathy from &hellip; Continue reading \"30.3.2023: Die \u201eTimes of Israel\u201c \u00fcber die kritische Situation der Kirchen in Jerusalem\"","og_url":"https:\/\/www.evangelisch-in-jerusalem.org\/en\/2023\/03\/30\/30-3-2023-die-times-of-israel-ueber-die-kritische-situation-der-christen-in-jerusalem\/","og_site_name":"Evangelisch in Jerusalem","article_publisher":"https:\/\/www.facebook.com\/erloeserkirche.jerusalem","article_published_time":"2023-03-30T05:22:39+00:00","article_modified_time":"2023-04-05T13:36:58+00:00","og_image":[{"width":1051,"height":701,"url":"https:\/\/www.evangelisch-in-jerusalem.org\/wp-content\/uploads\/2023\/03\/018871F2-57ED-4209-A0AC-79AE1A43DB1B.jpeg","type":"image\/jpeg"}],"author":"Joachim Lenz","twitter_card":"summary_large_image","twitter_misc":{"Written by":"Joachim Lenz","Estimated reading time":"4 minutes"},"schema":{"@context":"https:\/\/schema.org","@graph":[{"@type":"Article","@id":"https:\/\/www.evangelisch-in-jerusalem.org\/2023\/03\/30\/30-3-2023-die-times-of-israel-ueber-die-kritische-situation-der-christen-in-jerusalem\/#article","isPartOf":{"@id":"https:\/\/www.evangelisch-in-jerusalem.org\/2023\/03\/30\/30-3-2023-die-times-of-israel-ueber-die-kritische-situation-der-christen-in-jerusalem\/"},"author":{"name":"Joachim Lenz","@id":"https:\/\/www.evangelisch-in-jerusalem.org\/#\/schema\/person\/ea8e86c01aff849bd324c28bc5574607"},"headline":"30.3.2023: Die \u201eTimes of Israel\u201c \u00fcber die kritische Situation der Kirchen in Jerusalem","datePublished":"2023-03-30T05:22:39+00:00","dateModified":"2023-04-05T13:36:58+00:00","mainEntityOfPage":{"@id":"https:\/\/www.evangelisch-in-jerusalem.org\/2023\/03\/30\/30-3-2023-die-times-of-israel-ueber-die-kritische-situation-der-christen-in-jerusalem\/"},"wordCount":567,"publisher":{"@id":"https:\/\/www.evangelisch-in-jerusalem.org\/#organization"},"image":{"@id":"https:\/\/www.evangelisch-in-jerusalem.org\/2023\/03\/30\/30-3-2023-die-times-of-israel-ueber-die-kritische-situation-der-christen-in-jerusalem\/#primaryimage"},"thumbnailUrl":"https:\/\/www.evangelisch-in-jerusalem.org\/wp-content\/uploads\/2023\/03\/018871F2-57ED-4209-A0AC-79AE1A43DB1B.jpeg","keywords":["Altstadt","Erl\u00f6serkirche","Jerusalem","Kirchen"],"articleSection":["Allgemein","Gemeinde","Jerusalem"],"inLanguage":"en-GB"},{"@type":"WebPage","@id":"https:\/\/www.evangelisch-in-jerusalem.org\/2023\/03\/30\/30-3-2023-die-times-of-israel-ueber-die-kritische-situation-der-christen-in-jerusalem\/","url":"https:\/\/www.evangelisch-in-jerusalem.org\/2023\/03\/30\/30-3-2023-die-times-of-israel-ueber-die-kritische-situation-der-christen-in-jerusalem\/","name":"30.3.2023: Die \u201eTimes of Israel\u201c \u00fcber die kritische Situation der Kirchen in Jerusalem - Evangelisch in Jerusalem","isPartOf":{"@id":"https:\/\/www.evangelisch-in-jerusalem.org\/#website"},"primaryImageOfPage":{"@id":"https:\/\/www.evangelisch-in-jerusalem.org\/2023\/03\/30\/30-3-2023-die-times-of-israel-ueber-die-kritische-situation-der-christen-in-jerusalem\/#primaryimage"},"image":{"@id":"https:\/\/www.evangelisch-in-jerusalem.org\/2023\/03\/30\/30-3-2023-die-times-of-israel-ueber-die-kritische-situation-der-christen-in-jerusalem\/#primaryimage"},"thumbnailUrl":"https:\/\/www.evangelisch-in-jerusalem.org\/wp-content\/uploads\/2023\/03\/018871F2-57ED-4209-A0AC-79AE1A43DB1B.jpeg","datePublished":"2023-03-30T05:22:39+00:00","dateModified":"2023-04-05T13:36:58+00:00","breadcrumb":{"@id":"https:\/\/www.evangelisch-in-jerusalem.org\/2023\/03\/30\/30-3-2023-die-times-of-israel-ueber-die-kritische-situation-der-christen-in-jerusalem\/#breadcrumb"},"inLanguage":"en-GB","potentialAction":[{"@type":"ReadAction","target":["https:\/\/www.evangelisch-in-jerusalem.org\/2023\/03\/30\/30-3-2023-die-times-of-israel-ueber-die-kritische-situation-der-christen-in-jerusalem\/"]}]},{"@type":"ImageObject","inLanguage":"en-GB","@id":"https:\/\/www.evangelisch-in-jerusalem.org\/2023\/03\/30\/30-3-2023-die-times-of-israel-ueber-die-kritische-situation-der-christen-in-jerusalem\/#primaryimage","url":"https:\/\/www.evangelisch-in-jerusalem.org\/wp-content\/uploads\/2023\/03\/018871F2-57ED-4209-A0AC-79AE1A43DB1B.jpeg","contentUrl":"https:\/\/www.evangelisch-in-jerusalem.org\/wp-content\/uploads\/2023\/03\/018871F2-57ED-4209-A0AC-79AE1A43DB1B.jpeg","width":1051,"height":701,"caption":"Zionsfriedhof, zerst\u00f6rtes Grabmal"},{"@type":"BreadcrumbList","@id":"https:\/\/www.evangelisch-in-jerusalem.org\/2023\/03\/30\/30-3-2023-die-times-of-israel-ueber-die-kritische-situation-der-christen-in-jerusalem\/#breadcrumb","itemListElement":[{"@type":"ListItem","position":1,"name":"Startseite","item":"https:\/\/www.evangelisch-in-jerusalem.org\/"},{"@type":"ListItem","position":2,"name":"30.3.2023: Die \u201eTimes of Israel\u201c \u00fcber die kritische Situation der Kirchen in Jerusalem"}]},{"@type":"WebSite","@id":"https:\/\/www.evangelisch-in-jerusalem.org\/#website","url":"https:\/\/www.evangelisch-in-jerusalem.org\/","name":"Evangelisch in Jerusalem","description":"German Protestant Institutions in the Holy Land","publisher":{"@id":"https:\/\/www.evangelisch-in-jerusalem.org\/#organization"},"potentialAction":[{"@type":"SearchAction","target":{"@type":"EntryPoint","urlTemplate":"https:\/\/www.evangelisch-in-jerusalem.org\/?s={search_term_string}"},"query-input":{"@type":"PropertyValueSpecification","valueRequired":true,"valueName":"search_term_string"}}],"inLanguage":"en-GB"},{"@type":"Organization","@id":"https:\/\/www.evangelisch-in-jerusalem.org\/#organization","name":"German Protestant Institutions in the Holy Land","url":"https:\/\/www.evangelisch-in-jerusalem.org\/","logo":{"@type":"ImageObject","inLanguage":"en-GB","@id":"https:\/\/www.evangelisch-in-jerusalem.org\/#\/schema\/logo\/image\/","url":"https:\/\/www.evangelisch-in-jerusalem.org\/wp-content\/uploads\/2019\/03\/EIJ_Logo_500-px.png","contentUrl":"https:\/\/www.evangelisch-in-jerusalem.org\/wp-content\/uploads\/2019\/03\/EIJ_Logo_500-px.png","width":500,"height":82,"caption":"German Protestant Institutions in the Holy Land"},"image":{"@id":"https:\/\/www.evangelisch-in-jerusalem.org\/#\/schema\/logo\/image\/"},"sameAs":["https:\/\/www.facebook.com\/erloeserkirche.jerusalem"]},{"@type":"Person","@id":"https:\/\/www.evangelisch-in-jerusalem.org\/#\/schema\/person\/ea8e86c01aff849bd324c28bc5574607","name":"Joachim Lenz","sameAs":["http:\/\/evangelisch-in-jerusalem.org"],"url":"https:\/\/www.evangelisch-in-jerusalem.org\/en\/author\/propst-jl\/"}]}},"_links":{"self":[{"href":"https:\/\/www.evangelisch-in-jerusalem.org\/en\/wp-json\/wp\/v2\/posts\/13910","targetHints":{"allow":["GET"]}}],"collection":[{"href":"https:\/\/www.evangelisch-in-jerusalem.org\/en\/wp-json\/wp\/v2\/posts"}],"about":[{"href":"https:\/\/www.evangelisch-in-jerusalem.org\/en\/wp-json\/wp\/v2\/types\/post"}],"author":[{"embeddable":true,"href":"https:\/\/www.evangelisch-in-jerusalem.org\/en\/wp-json\/wp\/v2\/users\/6"}],"replies":[{"embeddable":true,"href":"https:\/\/www.evangelisch-in-jerusalem.org\/en\/wp-json\/wp\/v2\/comments?post=13910"}],"version-history":[{"count":25,"href":"https:\/\/www.evangelisch-in-jerusalem.org\/en\/wp-json\/wp\/v2\/posts\/13910\/revisions"}],"predecessor-version":[{"id":14057,"href":"https:\/\/www.evangelisch-in-jerusalem.org\/en\/wp-json\/wp\/v2\/posts\/13910\/revisions\/14057"}],"wp:featuredmedia":[{"embeddable":true,"href":"https:\/\/www.evangelisch-in-jerusalem.org\/en\/wp-json\/wp\/v2\/media\/13934"}],"wp:attachment":[{"href":"https:\/\/www.evangelisch-in-jerusalem.org\/en\/wp-json\/wp\/v2\/media?parent=13910"}],"wp:term":[{"taxonomy":"category","embeddable":true,"href":"https:\/\/www.evangelisch-in-jerusalem.org\/en\/wp-json\/wp\/v2\/categories?post=13910"},{"taxonomy":"post_tag","embeddable":true,"href":"https:\/\/www.evangelisch-in-jerusalem.org\/en\/wp-json\/wp\/v2\/tags?post=13910"}],"curies":[{"name":"wp","href":"https:\/\/api.w.org\/{rel}","templated":true}]}}