{"id":13721,"date":"2023-03-14T12:40:06","date_gmt":"2023-03-14T10:40:06","guid":{"rendered":"https:\/\/www.evangelisch-in-jerusalem.org\/?p=13721"},"modified":"2023-03-16T14:59:37","modified_gmt":"2023-03-16T12:59:37","slug":"unsere-veranstaltungen-im-maerz-2023","status":"publish","type":"post","link":"https:\/\/www.evangelisch-in-jerusalem.org\/en\/2023\/03\/14\/unsere-veranstaltungen-im-maerz-2023\/","title":{"rendered":"Unsere Veranstaltungen im M\u00e4rz 2023"},"content":{"rendered":"<div data-elementor-type=\"wp-post\" data-elementor-id=\"13721\" class=\"elementor elementor-13721\" data-elementor-post-type=\"post\">\n\t\t\t\t\t\t<section class=\"elementor-section elementor-top-section elementor-element elementor-element-50bddc9a elementor-section-boxed elementor-section-height-default elementor-section-height-default\" data-id=\"50bddc9a\" data-element_type=\"section\" data-e-type=\"section\">\n\t\t\t\t\t\t<div class=\"elementor-container elementor-column-gap-default\">\n\t\t\t\t\t<div class=\"elementor-column elementor-col-100 elementor-top-column elementor-element elementor-element-5c786b1d\" data-id=\"5c786b1d\" data-element_type=\"column\" data-e-type=\"column\">\n\t\t\t<div class=\"elementor-widget-wrap elementor-element-populated\">\n\t\t\t\t\t\t<div class=\"elementor-element elementor-element-412543ed elementor-widget elementor-widget-text-editor\" data-id=\"412543ed\" data-element_type=\"widget\" data-e-type=\"widget\" data-widget_type=\"text-editor.default\">\n\t\t\t\t<div class=\"elementor-widget-container\">\n\t\t\t\t\t\t\t\t\t<p><\/p>\n<p>Mittwoch, 01.03.2023,&nbsp;17.30 Uhr <br><strong>Musik und Wort zur Passionszeit<\/strong> <br>mit Propst Joachim Lenz, in der Himmelfahrtkirche auf dem \u00d6lberg<\/p>\n<p>Samstag, 04.03.2023,&nbsp;17.00 Uhr <br><strong>Vorabendgottesdienst unserer Gemeinde in Latrun<br><\/strong> anschlie\u00dfend sind alle zum Abendessen mit Mitbring-Buffet eingeladen. <br>Mit Kindergottesdienst <br>Predigt: Pfarrerin Dr. Melanie Mordhorst-Mayer<br>Mitfahrgelegenheiten bitte unter propstei@redeemer-jerusalem.com anfragen.&nbsp;<\/p>\n<p>Mittwoch, 08.03.2023,&nbsp;17.30 Uhr <br><strong>Musik und Wort zur Passionszeit<\/strong> <br>mit Propst Joachim Lenz, in der Himmelfahrtkirche auf dem \u00d6lberg<\/p>\n<p>Di, 14.03.2023, 20.00 Uhr<br><strong>\u201eUnd dann waren sie alle tot\u201c<br><\/strong>Kleine Grimms M\u00e4rchen-Urfassung 1810 und virtuose Musik f\u00fcr Blockfl\u00f6ten \u2013 Bach, Uccellini u.a.<br>Mit Menashe Lukin und KMD Peter-Michael Seifried<br>In der Johanniterkapelle der Erl\u00f6serkirche, Muristan Road, Altstadt<\/p>\n<p>Mittwoch, 15.03.2023,&nbsp;17.30 Uhr<br><strong>Musik und Wort zur Passionszeit<\/strong> in der Himmelfahrtkirche auf dem \u00d6lberg<br>mit Pfr.in Sylvia Kekul\u00e9, in der Himmelfahrtkirche auf dem \u00d6lberg<\/p>\n<p>Dienstag, 21.03.2023, 20.00 Uhr<br><b>Themenabend: Passion-Leidenschaft-Schweigen-Sieg<br><\/b>Mit Sondervikar Pfarrer Philipp Huber und KMD Peter-Michael Seifried<br>Im Refektorium der Erl\u00f6serkirche, Muristan Road, Altstadt<\/p>\n<p>Mittwoch, 22.03.2023,&nbsp;17.30 Uhr<br><strong>Musik und Wort zur Passionszeit<\/strong> <br>In der Himmelfahrtkirche auf dem \u00d6lberg<br>Mit KMD Peter- Michael Seifried<\/p>\n<p>Dienstag, 28.03. 2023, 20.00 Uhr<br><strong>Stummfilmabende mit Livemusik: Nosferatu<br><\/strong> Deutschland 1922, Friedrich Murnau Musik: KMD Peter-Michael Seifried <br>In der Johanniterkapelle der Erl\u00f6serkirche, Muristan Road, Altstadt<\/p>\n<p>Mittwoch, 29.03.2023,&nbsp;17.30 Uhr<br><strong>Musik und Wort zur Passionszeit<\/strong> <br>In der Himmelfahrtkirche auf dem \u00d6lberg<br>Mit KMD Peter-Michael Seifried<\/p><p><br><\/p><p><br><\/p>\n<p><\/p>\n<p><span style=\"font-weight: bolder;\">Online-Vortragsreihe: Auf den Spuren Jesu?<br><\/span>von Prof. em. Dr. Klaus Bieberstein Otto-Friedrich-Universit\u00e4t Bamberg<br>Zugang per Zoom jeweils \u00fcber:<br>https:\/\/uni-bamberg.zoom.us\/j\/92562963784 Meeting-ID: 925 6296 3784 Kenncode: 8V=Dg=<\/p>\n<p>Di, 14.03.2023,&nbsp;19.00 Uhr<b><br><\/b><span style=\"font-weight: bolder;\">Teil I: Die Entstehung der ersten Heiligen St\u00e4tten Jerusalems in byzantinischer Zeit<\/span>.<br><\/p>\n<p>Dienstag, 21.03.2023,&nbsp;19.00 Uhr<span style=\"font-weight: bolder;\"><br><\/span><span style=\"font-weight: bolder;\">Teil II: Das Schicksal der Heiligen St\u00e4tten in fr\u00fchislamischer Zeit.<\/span><br><\/p>\n<p>Dienstag, 28.03. 2023,&nbsp;19.00 Uhr<br><span style=\"font-weight: bolder;\">Teil III: Die Neugestaltung der Heiligen St\u00e4tten von der Kreuzfahrerzeit bis heute<\/span><br><\/p>\n<p><\/p>\t\t\t\t\t\t\t\t<\/div>\n\t\t\t\t<\/div>\n\t\t\t\t\t<\/div>\n\t\t<\/div>\n\t\t\t\t\t<\/div>\n\t\t<\/section>\n\t\t\t\t<\/div>","protected":false},"excerpt":{"rendered":"<p>Mittwoch, 01.03.2023,&nbsp;17.30 Uhr Musik und Wort zur Passionszeit mit Propst Joachim Lenz, in der Himmelfahrtkirche auf dem \u00d6lberg Samstag, 04.03.2023,&nbsp;17.00 Uhr Vorabendgottesdienst unserer Gemeinde in Latrun anschlie\u00dfend sind alle zum Abendessen mit Mitbring-Buffet eingeladen. Mit Kindergottesdienst Predigt: Pfarrerin Dr. Melanie Mordhorst-MayerMitfahrgelegenheiten bitte unter propstei@redeemer-jerusalem.com anfragen.&nbsp; Mittwoch, 08.03.2023,&nbsp;17.30 Uhr Musik und Wort zur Passionszeit mit Propst &hellip; <\/p>\n<p class=\"link-more\"><a href=\"https:\/\/www.evangelisch-in-jerusalem.org\/en\/2023\/03\/14\/unsere-veranstaltungen-im-maerz-2023\/\" class=\"more-link\">Continue reading<span class=\"screen-reader-text\"> &#8220;Unsere Veranstaltungen im M\u00e4rz 2023&#8221;<\/span><\/a><\/p>","protected":false},"author":8,"featured_media":13756,"comment_status":"closed","ping_status":"closed","sticky":false,"template":"","format":"standard","meta":{"footnotes":""},"categories":[1],"tags":[256,124,101,213,104,125,5,279],"class_list":["post-13721","post","type-post","status-publish","format-standard","has-post-thumbnail","hentry","category-allgemein","tag-altstadt","tag-erloeserkirche","tag-gemeindeabend","tag-gottesdienst","tag-himmelfahrtkirche","tag-jerusalem","tag-konzert","tag-latrun","entry"],"yoast_head":"<!-- This site is optimized with the Yoast SEO plugin v27.4 - https:\/\/yoast.com\/product\/yoast-seo-wordpress\/ -->\n<title>Unsere Veranstaltungen im M\u00e4rz 2023 - Evangelisch in Jerusalem<\/title>\n<meta name=\"robots\" content=\"index, follow, max-snippet:-1, max-image-preview:large, max-video-preview:-1\" \/>\n<link rel=\"canonical\" href=\"https:\/\/www.evangelisch-in-jerusalem.org\/en\/2023\/03\/14\/unsere-veranstaltungen-im-maerz-2023\/\" \/>\n<meta property=\"og:locale\" content=\"en_GB\" \/>\n<meta property=\"og:type\" content=\"article\" \/>\n<meta property=\"og:title\" content=\"Unsere Veranstaltungen im M\u00e4rz 2023 - Evangelisch in Jerusalem\" \/>\n<meta property=\"og:description\" content=\"Mittwoch, 01.03.2023,&nbsp;17.30 Uhr Musik und Wort zur Passionszeit mit Propst Joachim Lenz, in der Himmelfahrtkirche auf dem \u00d6lberg Samstag, 04.03.2023,&nbsp;17.00 Uhr Vorabendgottesdienst unserer Gemeinde in Latrun anschlie\u00dfend sind alle zum Abendessen mit Mitbring-Buffet eingeladen. Mit Kindergottesdienst Predigt: Pfarrerin Dr. Melanie Mordhorst-MayerMitfahrgelegenheiten bitte unter propstei@redeemer-jerusalem.com anfragen.&nbsp; Mittwoch, 08.03.2023,&nbsp;17.30 Uhr Musik und Wort zur Passionszeit mit Propst &hellip; Continue reading &quot;Unsere Veranstaltungen im M\u00e4rz 2023&quot;\" \/>\n<meta property=\"og:url\" content=\"https:\/\/www.evangelisch-in-jerusalem.org\/en\/2023\/03\/14\/unsere-veranstaltungen-im-maerz-2023\/\" \/>\n<meta property=\"og:site_name\" content=\"Evangelisch in Jerusalem\" \/>\n<meta property=\"article:publisher\" content=\"https:\/\/www.facebook.com\/erloeserkirche.jerusalem\" \/>\n<meta property=\"article:published_time\" content=\"2023-03-14T10:40:06+00:00\" \/>\n<meta property=\"article:modified_time\" content=\"2023-03-16T12:59:37+00:00\" \/>\n<meta property=\"og:image\" content=\"https:\/\/www.evangelisch-in-jerusalem.org\/wp-content\/uploads\/2023\/03\/Veranstaltungen_02-1.jpg\" \/>\n\t<meta property=\"og:image:width\" content=\"1280\" \/>\n\t<meta property=\"og:image:height\" content=\"720\" \/>\n\t<meta property=\"og:image:type\" content=\"image\/jpeg\" \/>\n<meta name=\"author\" content=\"Bilhan Rechtman\" \/>\n<meta name=\"twitter:card\" content=\"summary_large_image\" \/>\n<meta name=\"twitter:label1\" content=\"Written by\" \/>\n\t<meta name=\"twitter:data1\" content=\"Bilhan Rechtman\" \/>\n\t<meta name=\"twitter:label2\" content=\"Estimated reading time\" \/>\n\t<meta name=\"twitter:data2\" content=\"2 minutes\" \/>\n<script type=\"application\/ld+json\" class=\"yoast-schema-graph\">{\"@context\":\"https:\\\/\\\/schema.org\",\"@graph\":[{\"@type\":\"Article\",\"@id\":\"https:\\\/\\\/www.evangelisch-in-jerusalem.org\\\/2023\\\/03\\\/14\\\/unsere-veranstaltungen-im-maerz-2023\\\/#article\",\"isPartOf\":{\"@id\":\"https:\\\/\\\/www.evangelisch-in-jerusalem.org\\\/2023\\\/03\\\/14\\\/unsere-veranstaltungen-im-maerz-2023\\\/\"},\"author\":{\"name\":\"Bilhan Rechtman\",\"@id\":\"https:\\\/\\\/www.evangelisch-in-jerusalem.org\\\/#\\\/schema\\\/person\\\/1a5c46f66365bb12b39ea0ebe03339a7\"},\"headline\":\"Unsere Veranstaltungen im M\u00e4rz 2023\",\"datePublished\":\"2023-03-14T10:40:06+00:00\",\"dateModified\":\"2023-03-16T12:59:37+00:00\",\"mainEntityOfPage\":{\"@id\":\"https:\\\/\\\/www.evangelisch-in-jerusalem.org\\\/2023\\\/03\\\/14\\\/unsere-veranstaltungen-im-maerz-2023\\\/\"},\"wordCount\":283,\"publisher\":{\"@id\":\"https:\\\/\\\/www.evangelisch-in-jerusalem.org\\\/#organization\"},\"image\":{\"@id\":\"https:\\\/\\\/www.evangelisch-in-jerusalem.org\\\/2023\\\/03\\\/14\\\/unsere-veranstaltungen-im-maerz-2023\\\/#primaryimage\"},\"thumbnailUrl\":\"https:\\\/\\\/www.evangelisch-in-jerusalem.org\\\/wp-content\\\/uploads\\\/2023\\\/03\\\/Veranstaltungen_02-1.jpg\",\"keywords\":[\"Altstadt\",\"Erl\u00f6serkirche\",\"Gemeindeabend\",\"Gottesdienst\",\"Himmelfahrtkirche\",\"Jerusalem\",\"Konzert\",\"Latrun\"],\"articleSection\":[\"Allgemein\"],\"inLanguage\":\"en-GB\"},{\"@type\":\"WebPage\",\"@id\":\"https:\\\/\\\/www.evangelisch-in-jerusalem.org\\\/2023\\\/03\\\/14\\\/unsere-veranstaltungen-im-maerz-2023\\\/\",\"url\":\"https:\\\/\\\/www.evangelisch-in-jerusalem.org\\\/2023\\\/03\\\/14\\\/unsere-veranstaltungen-im-maerz-2023\\\/\",\"name\":\"Unsere Veranstaltungen im M\u00e4rz 2023 - Evangelisch in Jerusalem\",\"isPartOf\":{\"@id\":\"https:\\\/\\\/www.evangelisch-in-jerusalem.org\\\/#website\"},\"primaryImageOfPage\":{\"@id\":\"https:\\\/\\\/www.evangelisch-in-jerusalem.org\\\/2023\\\/03\\\/14\\\/unsere-veranstaltungen-im-maerz-2023\\\/#primaryimage\"},\"image\":{\"@id\":\"https:\\\/\\\/www.evangelisch-in-jerusalem.org\\\/2023\\\/03\\\/14\\\/unsere-veranstaltungen-im-maerz-2023\\\/#primaryimage\"},\"thumbnailUrl\":\"https:\\\/\\\/www.evangelisch-in-jerusalem.org\\\/wp-content\\\/uploads\\\/2023\\\/03\\\/Veranstaltungen_02-1.jpg\",\"datePublished\":\"2023-03-14T10:40:06+00:00\",\"dateModified\":\"2023-03-16T12:59:37+00:00\",\"breadcrumb\":{\"@id\":\"https:\\\/\\\/www.evangelisch-in-jerusalem.org\\\/2023\\\/03\\\/14\\\/unsere-veranstaltungen-im-maerz-2023\\\/#breadcrumb\"},\"inLanguage\":\"en-GB\",\"potentialAction\":[{\"@type\":\"ReadAction\",\"target\":[\"https:\\\/\\\/www.evangelisch-in-jerusalem.org\\\/2023\\\/03\\\/14\\\/unsere-veranstaltungen-im-maerz-2023\\\/\"]}]},{\"@type\":\"ImageObject\",\"inLanguage\":\"en-GB\",\"@id\":\"https:\\\/\\\/www.evangelisch-in-jerusalem.org\\\/2023\\\/03\\\/14\\\/unsere-veranstaltungen-im-maerz-2023\\\/#primaryimage\",\"url\":\"https:\\\/\\\/www.evangelisch-in-jerusalem.org\\\/wp-content\\\/uploads\\\/2023\\\/03\\\/Veranstaltungen_02-1.jpg\",\"contentUrl\":\"https:\\\/\\\/www.evangelisch-in-jerusalem.org\\\/wp-content\\\/uploads\\\/2023\\\/03\\\/Veranstaltungen_02-1.jpg\",\"width\":1280,\"height\":720,\"caption\":\"Veranstaltungen der Evangelischen Gemeinde deutscher Sprache zu Jerusalem\"},{\"@type\":\"BreadcrumbList\",\"@id\":\"https:\\\/\\\/www.evangelisch-in-jerusalem.org\\\/2023\\\/03\\\/14\\\/unsere-veranstaltungen-im-maerz-2023\\\/#breadcrumb\",\"itemListElement\":[{\"@type\":\"ListItem\",\"position\":1,\"name\":\"Startseite\",\"item\":\"https:\\\/\\\/www.evangelisch-in-jerusalem.org\\\/\"},{\"@type\":\"ListItem\",\"position\":2,\"name\":\"Unsere Veranstaltungen im M\u00e4rz 2023\"}]},{\"@type\":\"WebSite\",\"@id\":\"https:\\\/\\\/www.evangelisch-in-jerusalem.org\\\/#website\",\"url\":\"https:\\\/\\\/www.evangelisch-in-jerusalem.org\\\/\",\"name\":\"Evangelisch in Jerusalem\",\"description\":\"Stiftungen der EKD im Heiligen Land\",\"publisher\":{\"@id\":\"https:\\\/\\\/www.evangelisch-in-jerusalem.org\\\/#organization\"},\"potentialAction\":[{\"@type\":\"SearchAction\",\"target\":{\"@type\":\"EntryPoint\",\"urlTemplate\":\"https:\\\/\\\/www.evangelisch-in-jerusalem.org\\\/?s={search_term_string}\"},\"query-input\":{\"@type\":\"PropertyValueSpecification\",\"valueRequired\":true,\"valueName\":\"search_term_string\"}}],\"inLanguage\":\"en-GB\"},{\"@type\":\"Organization\",\"@id\":\"https:\\\/\\\/www.evangelisch-in-jerusalem.org\\\/#organization\",\"name\":\"German Protestant Institutions in the Holy Land\",\"url\":\"https:\\\/\\\/www.evangelisch-in-jerusalem.org\\\/\",\"logo\":{\"@type\":\"ImageObject\",\"inLanguage\":\"en-GB\",\"@id\":\"https:\\\/\\\/www.evangelisch-in-jerusalem.org\\\/#\\\/schema\\\/logo\\\/image\\\/\",\"url\":\"https:\\\/\\\/www.evangelisch-in-jerusalem.org\\\/wp-content\\\/uploads\\\/2019\\\/03\\\/EIJ_Logo_500-px.png\",\"contentUrl\":\"https:\\\/\\\/www.evangelisch-in-jerusalem.org\\\/wp-content\\\/uploads\\\/2019\\\/03\\\/EIJ_Logo_500-px.png\",\"width\":500,\"height\":82,\"caption\":\"German Protestant Institutions in the Holy Land\"},\"image\":{\"@id\":\"https:\\\/\\\/www.evangelisch-in-jerusalem.org\\\/#\\\/schema\\\/logo\\\/image\\\/\"},\"sameAs\":[\"https:\\\/\\\/www.facebook.com\\\/erloeserkirche.jerusalem\"]},{\"@type\":\"Person\",\"@id\":\"https:\\\/\\\/www.evangelisch-in-jerusalem.org\\\/#\\\/schema\\\/person\\\/1a5c46f66365bb12b39ea0ebe03339a7\",\"name\":\"Bilhan Rechtman\",\"sameAs\":[\"http:\\\/\\\/www.evangelisch-in-jerusalem.org\"],\"url\":\"https:\\\/\\\/www.evangelisch-in-jerusalem.org\\\/en\\\/author\\\/bilhan\\\/\"}]}<\/script>\n<!-- \/ Yoast SEO plugin. -->","yoast_head_json":{"title":"Unsere Veranstaltungen im M\u00e4rz 2023 - Evangelisch in Jerusalem","robots":{"index":"index","follow":"follow","max-snippet":"max-snippet:-1","max-image-preview":"max-image-preview:large","max-video-preview":"max-video-preview:-1"},"canonical":"https:\/\/www.evangelisch-in-jerusalem.org\/en\/2023\/03\/14\/unsere-veranstaltungen-im-maerz-2023\/","og_locale":"en_GB","og_type":"article","og_title":"Unsere Veranstaltungen im M\u00e4rz 2023 - Evangelisch in Jerusalem","og_description":"Mittwoch, 01.03.2023,&nbsp;17.30 Uhr Musik und Wort zur Passionszeit mit Propst Joachim Lenz, in der Himmelfahrtkirche auf dem \u00d6lberg Samstag, 04.03.2023,&nbsp;17.00 Uhr Vorabendgottesdienst unserer Gemeinde in Latrun anschlie\u00dfend sind alle zum Abendessen mit Mitbring-Buffet eingeladen. Mit Kindergottesdienst Predigt: Pfarrerin Dr. Melanie Mordhorst-MayerMitfahrgelegenheiten bitte unter propstei@redeemer-jerusalem.com anfragen.&nbsp; Mittwoch, 08.03.2023,&nbsp;17.30 Uhr Musik und Wort zur Passionszeit mit Propst &hellip; Continue reading \"Unsere Veranstaltungen im M\u00e4rz 2023\"","og_url":"https:\/\/www.evangelisch-in-jerusalem.org\/en\/2023\/03\/14\/unsere-veranstaltungen-im-maerz-2023\/","og_site_name":"Evangelisch in Jerusalem","article_publisher":"https:\/\/www.facebook.com\/erloeserkirche.jerusalem","article_published_time":"2023-03-14T10:40:06+00:00","article_modified_time":"2023-03-16T12:59:37+00:00","og_image":[{"width":1280,"height":720,"url":"https:\/\/www.evangelisch-in-jerusalem.org\/wp-content\/uploads\/2023\/03\/Veranstaltungen_02-1.jpg","type":"image\/jpeg"}],"author":"Bilhan Rechtman","twitter_card":"summary_large_image","twitter_misc":{"Written by":"Bilhan Rechtman","Estimated reading time":"2 minutes"},"schema":{"@context":"https:\/\/schema.org","@graph":[{"@type":"Article","@id":"https:\/\/www.evangelisch-in-jerusalem.org\/2023\/03\/14\/unsere-veranstaltungen-im-maerz-2023\/#article","isPartOf":{"@id":"https:\/\/www.evangelisch-in-jerusalem.org\/2023\/03\/14\/unsere-veranstaltungen-im-maerz-2023\/"},"author":{"name":"Bilhan Rechtman","@id":"https:\/\/www.evangelisch-in-jerusalem.org\/#\/schema\/person\/1a5c46f66365bb12b39ea0ebe03339a7"},"headline":"Unsere Veranstaltungen im M\u00e4rz 2023","datePublished":"2023-03-14T10:40:06+00:00","dateModified":"2023-03-16T12:59:37+00:00","mainEntityOfPage":{"@id":"https:\/\/www.evangelisch-in-jerusalem.org\/2023\/03\/14\/unsere-veranstaltungen-im-maerz-2023\/"},"wordCount":283,"publisher":{"@id":"https:\/\/www.evangelisch-in-jerusalem.org\/#organization"},"image":{"@id":"https:\/\/www.evangelisch-in-jerusalem.org\/2023\/03\/14\/unsere-veranstaltungen-im-maerz-2023\/#primaryimage"},"thumbnailUrl":"https:\/\/www.evangelisch-in-jerusalem.org\/wp-content\/uploads\/2023\/03\/Veranstaltungen_02-1.jpg","keywords":["Altstadt","Erl\u00f6serkirche","Gemeindeabend","Gottesdienst","Himmelfahrtkirche","Jerusalem","Konzert","Latrun"],"articleSection":["Allgemein"],"inLanguage":"en-GB"},{"@type":"WebPage","@id":"https:\/\/www.evangelisch-in-jerusalem.org\/2023\/03\/14\/unsere-veranstaltungen-im-maerz-2023\/","url":"https:\/\/www.evangelisch-in-jerusalem.org\/2023\/03\/14\/unsere-veranstaltungen-im-maerz-2023\/","name":"Unsere Veranstaltungen im M\u00e4rz 2023 - Evangelisch in Jerusalem","isPartOf":{"@id":"https:\/\/www.evangelisch-in-jerusalem.org\/#website"},"primaryImageOfPage":{"@id":"https:\/\/www.evangelisch-in-jerusalem.org\/2023\/03\/14\/unsere-veranstaltungen-im-maerz-2023\/#primaryimage"},"image":{"@id":"https:\/\/www.evangelisch-in-jerusalem.org\/2023\/03\/14\/unsere-veranstaltungen-im-maerz-2023\/#primaryimage"},"thumbnailUrl":"https:\/\/www.evangelisch-in-jerusalem.org\/wp-content\/uploads\/2023\/03\/Veranstaltungen_02-1.jpg","datePublished":"2023-03-14T10:40:06+00:00","dateModified":"2023-03-16T12:59:37+00:00","breadcrumb":{"@id":"https:\/\/www.evangelisch-in-jerusalem.org\/2023\/03\/14\/unsere-veranstaltungen-im-maerz-2023\/#breadcrumb"},"inLanguage":"en-GB","potentialAction":[{"@type":"ReadAction","target":["https:\/\/www.evangelisch-in-jerusalem.org\/2023\/03\/14\/unsere-veranstaltungen-im-maerz-2023\/"]}]},{"@type":"ImageObject","inLanguage":"en-GB","@id":"https:\/\/www.evangelisch-in-jerusalem.org\/2023\/03\/14\/unsere-veranstaltungen-im-maerz-2023\/#primaryimage","url":"https:\/\/www.evangelisch-in-jerusalem.org\/wp-content\/uploads\/2023\/03\/Veranstaltungen_02-1.jpg","contentUrl":"https:\/\/www.evangelisch-in-jerusalem.org\/wp-content\/uploads\/2023\/03\/Veranstaltungen_02-1.jpg","width":1280,"height":720,"caption":"Veranstaltungen der Evangelischen Gemeinde deutscher Sprache zu Jerusalem"},{"@type":"BreadcrumbList","@id":"https:\/\/www.evangelisch-in-jerusalem.org\/2023\/03\/14\/unsere-veranstaltungen-im-maerz-2023\/#breadcrumb","itemListElement":[{"@type":"ListItem","position":1,"name":"Startseite","item":"https:\/\/www.evangelisch-in-jerusalem.org\/"},{"@type":"ListItem","position":2,"name":"Unsere Veranstaltungen im M\u00e4rz 2023"}]},{"@type":"WebSite","@id":"https:\/\/www.evangelisch-in-jerusalem.org\/#website","url":"https:\/\/www.evangelisch-in-jerusalem.org\/","name":"Evangelisch in Jerusalem","description":"German Protestant Institutions in the Holy Land","publisher":{"@id":"https:\/\/www.evangelisch-in-jerusalem.org\/#organization"},"potentialAction":[{"@type":"SearchAction","target":{"@type":"EntryPoint","urlTemplate":"https:\/\/www.evangelisch-in-jerusalem.org\/?s={search_term_string}"},"query-input":{"@type":"PropertyValueSpecification","valueRequired":true,"valueName":"search_term_string"}}],"inLanguage":"en-GB"},{"@type":"Organization","@id":"https:\/\/www.evangelisch-in-jerusalem.org\/#organization","name":"German Protestant Institutions in the Holy Land","url":"https:\/\/www.evangelisch-in-jerusalem.org\/","logo":{"@type":"ImageObject","inLanguage":"en-GB","@id":"https:\/\/www.evangelisch-in-jerusalem.org\/#\/schema\/logo\/image\/","url":"https:\/\/www.evangelisch-in-jerusalem.org\/wp-content\/uploads\/2019\/03\/EIJ_Logo_500-px.png","contentUrl":"https:\/\/www.evangelisch-in-jerusalem.org\/wp-content\/uploads\/2019\/03\/EIJ_Logo_500-px.png","width":500,"height":82,"caption":"German Protestant Institutions in the Holy Land"},"image":{"@id":"https:\/\/www.evangelisch-in-jerusalem.org\/#\/schema\/logo\/image\/"},"sameAs":["https:\/\/www.facebook.com\/erloeserkirche.jerusalem"]},{"@type":"Person","@id":"https:\/\/www.evangelisch-in-jerusalem.org\/#\/schema\/person\/1a5c46f66365bb12b39ea0ebe03339a7","name":"Bilhan Rechtman","sameAs":["http:\/\/www.evangelisch-in-jerusalem.org"],"url":"https:\/\/www.evangelisch-in-jerusalem.org\/en\/author\/bilhan\/"}]}},"_links":{"self":[{"href":"https:\/\/www.evangelisch-in-jerusalem.org\/en\/wp-json\/wp\/v2\/posts\/13721","targetHints":{"allow":["GET"]}}],"collection":[{"href":"https:\/\/www.evangelisch-in-jerusalem.org\/en\/wp-json\/wp\/v2\/posts"}],"about":[{"href":"https:\/\/www.evangelisch-in-jerusalem.org\/en\/wp-json\/wp\/v2\/types\/post"}],"author":[{"embeddable":true,"href":"https:\/\/www.evangelisch-in-jerusalem.org\/en\/wp-json\/wp\/v2\/users\/8"}],"replies":[{"embeddable":true,"href":"https:\/\/www.evangelisch-in-jerusalem.org\/en\/wp-json\/wp\/v2\/comments?post=13721"}],"version-history":[{"count":10,"href":"https:\/\/www.evangelisch-in-jerusalem.org\/en\/wp-json\/wp\/v2\/posts\/13721\/revisions"}],"predecessor-version":[{"id":13763,"href":"https:\/\/www.evangelisch-in-jerusalem.org\/en\/wp-json\/wp\/v2\/posts\/13721\/revisions\/13763"}],"wp:featuredmedia":[{"embeddable":true,"href":"https:\/\/www.evangelisch-in-jerusalem.org\/en\/wp-json\/wp\/v2\/media\/13756"}],"wp:attachment":[{"href":"https:\/\/www.evangelisch-in-jerusalem.org\/en\/wp-json\/wp\/v2\/media?parent=13721"}],"wp:term":[{"taxonomy":"category","embeddable":true,"href":"https:\/\/www.evangelisch-in-jerusalem.org\/en\/wp-json\/wp\/v2\/categories?post=13721"},{"taxonomy":"post_tag","embeddable":true,"href":"https:\/\/www.evangelisch-in-jerusalem.org\/en\/wp-json\/wp\/v2\/tags?post=13721"}],"curies":[{"name":"wp","href":"https:\/\/api.w.org\/{rel}","templated":true}]}}