{"id":11792,"date":"2022-09-15T14:21:08","date_gmt":"2022-09-15T11:21:08","guid":{"rendered":"https:\/\/www.evangelisch-in-jerusalem.org\/?p=11792"},"modified":"2022-09-18T17:50:04","modified_gmt":"2022-09-18T14:50:04","slug":"gottesdienst-aus-der-wueste-in-der-erloeserkirche-sonntag-18-9","status":"publish","type":"post","link":"https:\/\/www.evangelisch-in-jerusalem.org\/en\/2022\/09\/15\/gottesdienst-aus-der-wueste-in-der-erloeserkirche-sonntag-18-9\/","title":{"rendered":"Die W\u00fcste vor Augen:<br>Gottesdienst in der Erl\u00f6serkirche und im ZDF, Sonntag, 18.9."},"content":{"rendered":"<div data-elementor-type=\"wp-post\" data-elementor-id=\"11792\" class=\"elementor elementor-11792\" data-elementor-post-type=\"post\">\n\t\t\t\t\t\t<section class=\"elementor-section elementor-top-section elementor-element elementor-element-e269d6d elementor-section-boxed elementor-section-height-default elementor-section-height-default\" data-id=\"e269d6d\" data-element_type=\"section\" data-e-type=\"section\">\n\t\t\t\t\t\t<div class=\"elementor-container elementor-column-gap-default\">\n\t\t\t\t\t<div class=\"elementor-column elementor-col-100 elementor-top-column elementor-element elementor-element-cb2bb54\" data-id=\"cb2bb54\" data-element_type=\"column\" data-e-type=\"column\">\n\t\t\t<div class=\"elementor-widget-wrap elementor-element-populated\">\n\t\t\t\t\t\t<div class=\"elementor-element elementor-element-590fd45 elementor-widget elementor-widget-text-editor\" data-id=\"590fd45\" data-element_type=\"widget\" data-e-type=\"widget\" data-widget_type=\"text-editor.default\">\n\t\t\t\t<div class=\"elementor-widget-container\">\n\t\t\t\t\t\t\t\t\t<p><strong>Im ZDF<\/strong> wird am Sonntag, 18. September, um <strong>9:30 Uhr deutscher Zeit<\/strong> der Fernsehgottesdienst aus Timna \u00fcbertragen. Menschen aus unserer Gemeinde und den Studienprogrammen in Jerusalem haben ihn vorbereitet und am 11. September in der W\u00fcste aufgezeichnet.<\/p><p><a href=\"https:\/\/www.zdf.de\/gesellschaft\/gottesdienste\/evangelischer-gottesdienst-502.html\"><strong>\u21e8 Die W\u00fcste vor Augen &#8211; ZDFmediathek<\/strong><\/a><\/p><p>Wir laden ein, den Gottesdienst nun richtig mitzufeiern!<\/p><p>Die Vorbereitung war aufw\u00e4ndig, die Zeit in Timna hei\u00df und gut. Wir haben die Liederhefte des Gottesdienstes in der Kirche und werden mitsingen und mitbeten, zeitgleich mit den rund 800.000 Menschen, die in Deutschland die Fernsehgottesdienstgemeinde bilden.<\/p><p>Der Gottesdienst beginnt um 10.30 Uhr Jerusalemer Zeit in der Erl\u00f6serkirche. Im Anschluss gibt es Kaffee und Kuchen im Kreuzgang.<\/p>\t\t\t\t\t\t\t\t<\/div>\n\t\t\t\t<\/div>\n\t\t\t\t\t<\/div>\n\t\t<\/div>\n\t\t\t\t\t<\/div>\n\t\t<\/section>\n\t\t\t\t<\/div>","protected":false},"excerpt":{"rendered":"<p>Die W\u00fcste vor Augen &#8230;<br \/>\nAm 18. September feiern wir in der Erl\u00f6serkirche unseren W\u00fcstengottesdienst aus Timna.<\/p>","protected":false},"author":6,"featured_media":11793,"comment_status":"closed","ping_status":"closed","sticky":false,"template":"","format":"standard","meta":{"footnotes":""},"categories":[244,173,174],"tags":[],"class_list":["post-11792","post","type-post","status-publish","format-standard","has-post-thumbnail","hentry","category-ausflug","category-gemeinde","category-veranstaltung","entry"],"yoast_head":"<!-- This site is optimized with the Yoast SEO plugin v27.4 - https:\/\/yoast.com\/product\/yoast-seo-wordpress\/ -->\n<title>Die W\u00fcste vor Augen:Gottesdienst in der Erl\u00f6serkirche und im ZDF, Sonntag, 18.9. - Evangelisch in Jerusalem<\/title>\n<meta name=\"robots\" content=\"index, follow, max-snippet:-1, max-image-preview:large, max-video-preview:-1\" \/>\n<link rel=\"canonical\" href=\"https:\/\/www.evangelisch-in-jerusalem.org\/en\/2022\/09\/15\/gottesdienst-aus-der-wueste-in-der-erloeserkirche-sonntag-18-9\/\" \/>\n<meta property=\"og:locale\" content=\"en_GB\" \/>\n<meta property=\"og:type\" content=\"article\" \/>\n<meta property=\"og:title\" content=\"Die W\u00fcste vor Augen:Gottesdienst in der Erl\u00f6serkirche und im ZDF, Sonntag, 18.9. - Evangelisch in Jerusalem\" \/>\n<meta property=\"og:description\" content=\"Die W\u00fcste vor Augen ... Am 18. September feiern wir in der Erl\u00f6serkirche unseren W\u00fcstengottesdienst aus Timna.\" \/>\n<meta property=\"og:url\" content=\"https:\/\/www.evangelisch-in-jerusalem.org\/en\/2022\/09\/15\/gottesdienst-aus-der-wueste-in-der-erloeserkirche-sonntag-18-9\/\" \/>\n<meta property=\"og:site_name\" content=\"Evangelisch in Jerusalem\" \/>\n<meta property=\"article:publisher\" content=\"https:\/\/www.facebook.com\/erloeserkirche.jerusalem\" \/>\n<meta property=\"article:published_time\" content=\"2022-09-15T11:21:08+00:00\" \/>\n<meta property=\"article:modified_time\" content=\"2022-09-18T14:50:04+00:00\" \/>\n<meta property=\"og:image\" content=\"https:\/\/www.evangelisch-in-jerusalem.org\/wp-content\/uploads\/2022\/09\/Timna_Fernsehgd_220911_ZDF-Team.jpg\" \/>\n\t<meta property=\"og:image:width\" content=\"640\" \/>\n\t<meta property=\"og:image:height\" content=\"480\" \/>\n\t<meta property=\"og:image:type\" content=\"image\/jpeg\" \/>\n<meta name=\"author\" content=\"Joachim Lenz\" \/>\n<meta name=\"twitter:card\" content=\"summary_large_image\" \/>\n<meta name=\"twitter:label1\" content=\"Written by\" \/>\n\t<meta name=\"twitter:data1\" content=\"Joachim Lenz\" \/>\n\t<meta name=\"twitter:label2\" content=\"Estimated reading time\" \/>\n\t<meta name=\"twitter:data2\" content=\"1 minute\" \/>\n<script type=\"application\/ld+json\" class=\"yoast-schema-graph\">{\"@context\":\"https:\\\/\\\/schema.org\",\"@graph\":[{\"@type\":\"Article\",\"@id\":\"https:\\\/\\\/www.evangelisch-in-jerusalem.org\\\/2022\\\/09\\\/15\\\/gottesdienst-aus-der-wueste-in-der-erloeserkirche-sonntag-18-9\\\/#article\",\"isPartOf\":{\"@id\":\"https:\\\/\\\/www.evangelisch-in-jerusalem.org\\\/2022\\\/09\\\/15\\\/gottesdienst-aus-der-wueste-in-der-erloeserkirche-sonntag-18-9\\\/\"},\"author\":{\"name\":\"Joachim Lenz\",\"@id\":\"https:\\\/\\\/www.evangelisch-in-jerusalem.org\\\/#\\\/schema\\\/person\\\/ea8e86c01aff849bd324c28bc5574607\"},\"headline\":\"Die W\u00fcste vor Augen: Gottesdienst in der Erl\u00f6serkirche und im ZDF, Sonntag, 18.9.\",\"datePublished\":\"2022-09-15T11:21:08+00:00\",\"dateModified\":\"2022-09-18T14:50:04+00:00\",\"mainEntityOfPage\":{\"@id\":\"https:\\\/\\\/www.evangelisch-in-jerusalem.org\\\/2022\\\/09\\\/15\\\/gottesdienst-aus-der-wueste-in-der-erloeserkirche-sonntag-18-9\\\/\"},\"wordCount\":121,\"publisher\":{\"@id\":\"https:\\\/\\\/www.evangelisch-in-jerusalem.org\\\/#organization\"},\"image\":{\"@id\":\"https:\\\/\\\/www.evangelisch-in-jerusalem.org\\\/2022\\\/09\\\/15\\\/gottesdienst-aus-der-wueste-in-der-erloeserkirche-sonntag-18-9\\\/#primaryimage\"},\"thumbnailUrl\":\"https:\\\/\\\/www.evangelisch-in-jerusalem.org\\\/wp-content\\\/uploads\\\/2022\\\/09\\\/Timna_Fernsehgd_220911_ZDF-Team.jpg\",\"articleSection\":[\"Ausflug\",\"Gemeinde\",\"Veranstaltung\"],\"inLanguage\":\"en-GB\"},{\"@type\":\"WebPage\",\"@id\":\"https:\\\/\\\/www.evangelisch-in-jerusalem.org\\\/2022\\\/09\\\/15\\\/gottesdienst-aus-der-wueste-in-der-erloeserkirche-sonntag-18-9\\\/\",\"url\":\"https:\\\/\\\/www.evangelisch-in-jerusalem.org\\\/2022\\\/09\\\/15\\\/gottesdienst-aus-der-wueste-in-der-erloeserkirche-sonntag-18-9\\\/\",\"name\":\"Die W\u00fcste vor Augen: Gottesdienst in der Erl\u00f6serkirche und im ZDF, Sonntag, 18.9. - Evangelisch in Jerusalem\",\"isPartOf\":{\"@id\":\"https:\\\/\\\/www.evangelisch-in-jerusalem.org\\\/#website\"},\"primaryImageOfPage\":{\"@id\":\"https:\\\/\\\/www.evangelisch-in-jerusalem.org\\\/2022\\\/09\\\/15\\\/gottesdienst-aus-der-wueste-in-der-erloeserkirche-sonntag-18-9\\\/#primaryimage\"},\"image\":{\"@id\":\"https:\\\/\\\/www.evangelisch-in-jerusalem.org\\\/2022\\\/09\\\/15\\\/gottesdienst-aus-der-wueste-in-der-erloeserkirche-sonntag-18-9\\\/#primaryimage\"},\"thumbnailUrl\":\"https:\\\/\\\/www.evangelisch-in-jerusalem.org\\\/wp-content\\\/uploads\\\/2022\\\/09\\\/Timna_Fernsehgd_220911_ZDF-Team.jpg\",\"datePublished\":\"2022-09-15T11:21:08+00:00\",\"dateModified\":\"2022-09-18T14:50:04+00:00\",\"breadcrumb\":{\"@id\":\"https:\\\/\\\/www.evangelisch-in-jerusalem.org\\\/2022\\\/09\\\/15\\\/gottesdienst-aus-der-wueste-in-der-erloeserkirche-sonntag-18-9\\\/#breadcrumb\"},\"inLanguage\":\"en-GB\",\"potentialAction\":[{\"@type\":\"ReadAction\",\"target\":[\"https:\\\/\\\/www.evangelisch-in-jerusalem.org\\\/2022\\\/09\\\/15\\\/gottesdienst-aus-der-wueste-in-der-erloeserkirche-sonntag-18-9\\\/\"]}]},{\"@type\":\"ImageObject\",\"inLanguage\":\"en-GB\",\"@id\":\"https:\\\/\\\/www.evangelisch-in-jerusalem.org\\\/2022\\\/09\\\/15\\\/gottesdienst-aus-der-wueste-in-der-erloeserkirche-sonntag-18-9\\\/#primaryimage\",\"url\":\"https:\\\/\\\/www.evangelisch-in-jerusalem.org\\\/wp-content\\\/uploads\\\/2022\\\/09\\\/Timna_Fernsehgd_220911_ZDF-Team.jpg\",\"contentUrl\":\"https:\\\/\\\/www.evangelisch-in-jerusalem.org\\\/wp-content\\\/uploads\\\/2022\\\/09\\\/Timna_Fernsehgd_220911_ZDF-Team.jpg\",\"width\":640,\"height\":480,\"caption\":\"ZDF-Team bei Aufnahmen f\u00fcr den W\u00fcstengottesdienst in Timna, 11.9.2022\"},{\"@type\":\"BreadcrumbList\",\"@id\":\"https:\\\/\\\/www.evangelisch-in-jerusalem.org\\\/2022\\\/09\\\/15\\\/gottesdienst-aus-der-wueste-in-der-erloeserkirche-sonntag-18-9\\\/#breadcrumb\",\"itemListElement\":[{\"@type\":\"ListItem\",\"position\":1,\"name\":\"Startseite\",\"item\":\"https:\\\/\\\/www.evangelisch-in-jerusalem.org\\\/\"},{\"@type\":\"ListItem\",\"position\":2,\"name\":\"Die W\u00fcste vor Augen:Gottesdienst in der Erl\u00f6serkirche und im ZDF, Sonntag, 18.9.\"}]},{\"@type\":\"WebSite\",\"@id\":\"https:\\\/\\\/www.evangelisch-in-jerusalem.org\\\/#website\",\"url\":\"https:\\\/\\\/www.evangelisch-in-jerusalem.org\\\/\",\"name\":\"Evangelisch in Jerusalem\",\"description\":\"Stiftungen der EKD im Heiligen Land\",\"publisher\":{\"@id\":\"https:\\\/\\\/www.evangelisch-in-jerusalem.org\\\/#organization\"},\"potentialAction\":[{\"@type\":\"SearchAction\",\"target\":{\"@type\":\"EntryPoint\",\"urlTemplate\":\"https:\\\/\\\/www.evangelisch-in-jerusalem.org\\\/?s={search_term_string}\"},\"query-input\":{\"@type\":\"PropertyValueSpecification\",\"valueRequired\":true,\"valueName\":\"search_term_string\"}}],\"inLanguage\":\"en-GB\"},{\"@type\":\"Organization\",\"@id\":\"https:\\\/\\\/www.evangelisch-in-jerusalem.org\\\/#organization\",\"name\":\"German Protestant Institutions in the Holy Land\",\"url\":\"https:\\\/\\\/www.evangelisch-in-jerusalem.org\\\/\",\"logo\":{\"@type\":\"ImageObject\",\"inLanguage\":\"en-GB\",\"@id\":\"https:\\\/\\\/www.evangelisch-in-jerusalem.org\\\/#\\\/schema\\\/logo\\\/image\\\/\",\"url\":\"https:\\\/\\\/www.evangelisch-in-jerusalem.org\\\/wp-content\\\/uploads\\\/2019\\\/03\\\/EIJ_Logo_500-px.png\",\"contentUrl\":\"https:\\\/\\\/www.evangelisch-in-jerusalem.org\\\/wp-content\\\/uploads\\\/2019\\\/03\\\/EIJ_Logo_500-px.png\",\"width\":500,\"height\":82,\"caption\":\"German Protestant Institutions in the Holy Land\"},\"image\":{\"@id\":\"https:\\\/\\\/www.evangelisch-in-jerusalem.org\\\/#\\\/schema\\\/logo\\\/image\\\/\"},\"sameAs\":[\"https:\\\/\\\/www.facebook.com\\\/erloeserkirche.jerusalem\"]},{\"@type\":\"Person\",\"@id\":\"https:\\\/\\\/www.evangelisch-in-jerusalem.org\\\/#\\\/schema\\\/person\\\/ea8e86c01aff849bd324c28bc5574607\",\"name\":\"Joachim Lenz\",\"sameAs\":[\"http:\\\/\\\/evangelisch-in-jerusalem.org\"],\"url\":\"https:\\\/\\\/www.evangelisch-in-jerusalem.org\\\/en\\\/author\\\/propst-jl\\\/\"}]}<\/script>\n<!-- \/ Yoast SEO plugin. -->","yoast_head_json":{"title":"Die W\u00fcste vor Augen:Gottesdienst in der Erl\u00f6serkirche und im ZDF, Sonntag, 18.9. - Evangelisch in Jerusalem","robots":{"index":"index","follow":"follow","max-snippet":"max-snippet:-1","max-image-preview":"max-image-preview:large","max-video-preview":"max-video-preview:-1"},"canonical":"https:\/\/www.evangelisch-in-jerusalem.org\/en\/2022\/09\/15\/gottesdienst-aus-der-wueste-in-der-erloeserkirche-sonntag-18-9\/","og_locale":"en_GB","og_type":"article","og_title":"Die W\u00fcste vor Augen:Gottesdienst in der Erl\u00f6serkirche und im ZDF, Sonntag, 18.9. - Evangelisch in Jerusalem","og_description":"Die W\u00fcste vor Augen ... Am 18. September feiern wir in der Erl\u00f6serkirche unseren W\u00fcstengottesdienst aus Timna.","og_url":"https:\/\/www.evangelisch-in-jerusalem.org\/en\/2022\/09\/15\/gottesdienst-aus-der-wueste-in-der-erloeserkirche-sonntag-18-9\/","og_site_name":"Evangelisch in Jerusalem","article_publisher":"https:\/\/www.facebook.com\/erloeserkirche.jerusalem","article_published_time":"2022-09-15T11:21:08+00:00","article_modified_time":"2022-09-18T14:50:04+00:00","og_image":[{"width":640,"height":480,"url":"https:\/\/www.evangelisch-in-jerusalem.org\/wp-content\/uploads\/2022\/09\/Timna_Fernsehgd_220911_ZDF-Team.jpg","type":"image\/jpeg"}],"author":"Joachim Lenz","twitter_card":"summary_large_image","twitter_misc":{"Written by":"Joachim Lenz","Estimated reading time":"1 minute"},"schema":{"@context":"https:\/\/schema.org","@graph":[{"@type":"Article","@id":"https:\/\/www.evangelisch-in-jerusalem.org\/2022\/09\/15\/gottesdienst-aus-der-wueste-in-der-erloeserkirche-sonntag-18-9\/#article","isPartOf":{"@id":"https:\/\/www.evangelisch-in-jerusalem.org\/2022\/09\/15\/gottesdienst-aus-der-wueste-in-der-erloeserkirche-sonntag-18-9\/"},"author":{"name":"Joachim Lenz","@id":"https:\/\/www.evangelisch-in-jerusalem.org\/#\/schema\/person\/ea8e86c01aff849bd324c28bc5574607"},"headline":"Die W\u00fcste vor Augen: Gottesdienst in der Erl\u00f6serkirche und im ZDF, Sonntag, 18.9.","datePublished":"2022-09-15T11:21:08+00:00","dateModified":"2022-09-18T14:50:04+00:00","mainEntityOfPage":{"@id":"https:\/\/www.evangelisch-in-jerusalem.org\/2022\/09\/15\/gottesdienst-aus-der-wueste-in-der-erloeserkirche-sonntag-18-9\/"},"wordCount":121,"publisher":{"@id":"https:\/\/www.evangelisch-in-jerusalem.org\/#organization"},"image":{"@id":"https:\/\/www.evangelisch-in-jerusalem.org\/2022\/09\/15\/gottesdienst-aus-der-wueste-in-der-erloeserkirche-sonntag-18-9\/#primaryimage"},"thumbnailUrl":"https:\/\/www.evangelisch-in-jerusalem.org\/wp-content\/uploads\/2022\/09\/Timna_Fernsehgd_220911_ZDF-Team.jpg","articleSection":["Ausflug","Gemeinde","Veranstaltung"],"inLanguage":"en-GB"},{"@type":"WebPage","@id":"https:\/\/www.evangelisch-in-jerusalem.org\/2022\/09\/15\/gottesdienst-aus-der-wueste-in-der-erloeserkirche-sonntag-18-9\/","url":"https:\/\/www.evangelisch-in-jerusalem.org\/2022\/09\/15\/gottesdienst-aus-der-wueste-in-der-erloeserkirche-sonntag-18-9\/","name":"Die W\u00fcste vor Augen: Gottesdienst in der Erl\u00f6serkirche und im ZDF, Sonntag, 18.9. - Evangelisch in Jerusalem","isPartOf":{"@id":"https:\/\/www.evangelisch-in-jerusalem.org\/#website"},"primaryImageOfPage":{"@id":"https:\/\/www.evangelisch-in-jerusalem.org\/2022\/09\/15\/gottesdienst-aus-der-wueste-in-der-erloeserkirche-sonntag-18-9\/#primaryimage"},"image":{"@id":"https:\/\/www.evangelisch-in-jerusalem.org\/2022\/09\/15\/gottesdienst-aus-der-wueste-in-der-erloeserkirche-sonntag-18-9\/#primaryimage"},"thumbnailUrl":"https:\/\/www.evangelisch-in-jerusalem.org\/wp-content\/uploads\/2022\/09\/Timna_Fernsehgd_220911_ZDF-Team.jpg","datePublished":"2022-09-15T11:21:08+00:00","dateModified":"2022-09-18T14:50:04+00:00","breadcrumb":{"@id":"https:\/\/www.evangelisch-in-jerusalem.org\/2022\/09\/15\/gottesdienst-aus-der-wueste-in-der-erloeserkirche-sonntag-18-9\/#breadcrumb"},"inLanguage":"en-GB","potentialAction":[{"@type":"ReadAction","target":["https:\/\/www.evangelisch-in-jerusalem.org\/2022\/09\/15\/gottesdienst-aus-der-wueste-in-der-erloeserkirche-sonntag-18-9\/"]}]},{"@type":"ImageObject","inLanguage":"en-GB","@id":"https:\/\/www.evangelisch-in-jerusalem.org\/2022\/09\/15\/gottesdienst-aus-der-wueste-in-der-erloeserkirche-sonntag-18-9\/#primaryimage","url":"https:\/\/www.evangelisch-in-jerusalem.org\/wp-content\/uploads\/2022\/09\/Timna_Fernsehgd_220911_ZDF-Team.jpg","contentUrl":"https:\/\/www.evangelisch-in-jerusalem.org\/wp-content\/uploads\/2022\/09\/Timna_Fernsehgd_220911_ZDF-Team.jpg","width":640,"height":480,"caption":"ZDF-Team bei Aufnahmen f\u00fcr den W\u00fcstengottesdienst in Timna, 11.9.2022"},{"@type":"BreadcrumbList","@id":"https:\/\/www.evangelisch-in-jerusalem.org\/2022\/09\/15\/gottesdienst-aus-der-wueste-in-der-erloeserkirche-sonntag-18-9\/#breadcrumb","itemListElement":[{"@type":"ListItem","position":1,"name":"Startseite","item":"https:\/\/www.evangelisch-in-jerusalem.org\/"},{"@type":"ListItem","position":2,"name":"Die W\u00fcste vor Augen:Gottesdienst in der Erl\u00f6serkirche und im ZDF, Sonntag, 18.9."}]},{"@type":"WebSite","@id":"https:\/\/www.evangelisch-in-jerusalem.org\/#website","url":"https:\/\/www.evangelisch-in-jerusalem.org\/","name":"Evangelisch in Jerusalem","description":"German Protestant Institutions in the Holy Land","publisher":{"@id":"https:\/\/www.evangelisch-in-jerusalem.org\/#organization"},"potentialAction":[{"@type":"SearchAction","target":{"@type":"EntryPoint","urlTemplate":"https:\/\/www.evangelisch-in-jerusalem.org\/?s={search_term_string}"},"query-input":{"@type":"PropertyValueSpecification","valueRequired":true,"valueName":"search_term_string"}}],"inLanguage":"en-GB"},{"@type":"Organization","@id":"https:\/\/www.evangelisch-in-jerusalem.org\/#organization","name":"German Protestant Institutions in the Holy Land","url":"https:\/\/www.evangelisch-in-jerusalem.org\/","logo":{"@type":"ImageObject","inLanguage":"en-GB","@id":"https:\/\/www.evangelisch-in-jerusalem.org\/#\/schema\/logo\/image\/","url":"https:\/\/www.evangelisch-in-jerusalem.org\/wp-content\/uploads\/2019\/03\/EIJ_Logo_500-px.png","contentUrl":"https:\/\/www.evangelisch-in-jerusalem.org\/wp-content\/uploads\/2019\/03\/EIJ_Logo_500-px.png","width":500,"height":82,"caption":"German Protestant Institutions in the Holy Land"},"image":{"@id":"https:\/\/www.evangelisch-in-jerusalem.org\/#\/schema\/logo\/image\/"},"sameAs":["https:\/\/www.facebook.com\/erloeserkirche.jerusalem"]},{"@type":"Person","@id":"https:\/\/www.evangelisch-in-jerusalem.org\/#\/schema\/person\/ea8e86c01aff849bd324c28bc5574607","name":"Joachim Lenz","sameAs":["http:\/\/evangelisch-in-jerusalem.org"],"url":"https:\/\/www.evangelisch-in-jerusalem.org\/en\/author\/propst-jl\/"}]}},"_links":{"self":[{"href":"https:\/\/www.evangelisch-in-jerusalem.org\/en\/wp-json\/wp\/v2\/posts\/11792","targetHints":{"allow":["GET"]}}],"collection":[{"href":"https:\/\/www.evangelisch-in-jerusalem.org\/en\/wp-json\/wp\/v2\/posts"}],"about":[{"href":"https:\/\/www.evangelisch-in-jerusalem.org\/en\/wp-json\/wp\/v2\/types\/post"}],"author":[{"embeddable":true,"href":"https:\/\/www.evangelisch-in-jerusalem.org\/en\/wp-json\/wp\/v2\/users\/6"}],"replies":[{"embeddable":true,"href":"https:\/\/www.evangelisch-in-jerusalem.org\/en\/wp-json\/wp\/v2\/comments?post=11792"}],"version-history":[{"count":2,"href":"https:\/\/www.evangelisch-in-jerusalem.org\/en\/wp-json\/wp\/v2\/posts\/11792\/revisions"}],"predecessor-version":[{"id":11870,"href":"https:\/\/www.evangelisch-in-jerusalem.org\/en\/wp-json\/wp\/v2\/posts\/11792\/revisions\/11870"}],"wp:featuredmedia":[{"embeddable":true,"href":"https:\/\/www.evangelisch-in-jerusalem.org\/en\/wp-json\/wp\/v2\/media\/11793"}],"wp:attachment":[{"href":"https:\/\/www.evangelisch-in-jerusalem.org\/en\/wp-json\/wp\/v2\/media?parent=11792"}],"wp:term":[{"taxonomy":"category","embeddable":true,"href":"https:\/\/www.evangelisch-in-jerusalem.org\/en\/wp-json\/wp\/v2\/categories?post=11792"},{"taxonomy":"post_tag","embeddable":true,"href":"https:\/\/www.evangelisch-in-jerusalem.org\/en\/wp-json\/wp\/v2\/tags?post=11792"}],"curies":[{"name":"wp","href":"https:\/\/api.w.org\/{rel}","templated":true}]}}