{"id":11303,"date":"2022-08-22T13:41:45","date_gmt":"2022-08-22T10:41:45","guid":{"rendered":"https:\/\/www.evangelisch-in-jerusalem.org\/?p=11303"},"modified":"2022-09-20T15:12:56","modified_gmt":"2022-09-20T12:12:56","slug":"gemeindefreizeit-in-timnadrei-tage-in-der-wueste","status":"publish","type":"post","link":"https:\/\/www.evangelisch-in-jerusalem.org\/en\/2022\/08\/22\/gemeindefreizeit-in-timnadrei-tage-in-der-wueste\/","title":{"rendered":"Gemeindefreizeit in Timna: Drei Tage in der W\u00fcste<br>9.-11. September 2022"},"content":{"rendered":"\t\t<div data-elementor-type=\"wp-post\" data-elementor-id=\"11303\" class=\"elementor elementor-11303\" data-elementor-post-type=\"post\">\n\t\t\t\t\t\t<section class=\"elementor-section elementor-top-section elementor-element elementor-element-29e272b elementor-section-boxed elementor-section-height-default elementor-section-height-default\" data-id=\"29e272b\" data-element_type=\"section\" data-e-type=\"section\">\n\t\t\t\t\t\t<div class=\"elementor-container elementor-column-gap-default\">\n\t\t\t\t\t<div class=\"elementor-column elementor-col-100 elementor-top-column elementor-element elementor-element-3177716\" data-id=\"3177716\" data-element_type=\"column\" data-e-type=\"column\">\n\t\t\t<div class=\"elementor-widget-wrap elementor-element-populated\">\n\t\t\t\t\t\t<div class=\"elementor-element elementor-element-4c51d5c elementor-widget elementor-widget-text-editor\" data-id=\"4c51d5c\" data-element_type=\"widget\" data-e-type=\"widget\" data-widget_type=\"text-editor.default\">\n\t\t\t\t<div class=\"elementor-widget-container\">\n\t\t\t\t\t\t\t\t\t<h5><strong>Gottesdienst in\/aus der W\u00fcste \u2014 <br \/><span style=\"color: #ff0000;\">leider ausgebucht, Anmeldungen sind nicht mehr m\u00f6glich!<\/span><\/strong><\/h5>\n<p>Am 18. September wird das ZDF den Fernsehgottesdienst aus Timna \u00fcbertragen. Die Aufnahmen werden schon am Wochenende zuvor gemacht \u2013 mit uns. Die Evangelische Gemeinde deutscher Sprache zu Jerusalem und das DEIAHL laden ein, mit nach Timna zu kommen und dort den Gottesdienst vorzubereiten und zu feiern.<\/p>\n<p>Wir fahren zu einer Gemeindefreizeit in der W\u00fcste. Der Park Timna ist eine landschaftlich grandiose Landschaft im S\u00fcden Israels, kurz vor Eilat. Dort gibt es die \u00e4ltesten Kupferbergwerke der Welt, verschiedenfarbige Berge und eine Oase. Dort m\u00fcssen die Israeliten unter Leitung des Mose vorbeigekommen sein; dort haben sie entschieden, trotz aller schweren W\u00fcstenerfahrungen im Vertrauen auf Gott weiterzugehen ins versprochene Land. \u2014 Und so geht es:<\/p>\t\t\t\t\t\t\t\t<\/div>\n\t\t\t\t<\/div>\n\t\t\t\t\t<\/div>\n\t\t<\/div>\n\t\t\t\t\t<\/div>\n\t\t<\/section>\n\t\t\t\t<section class=\"elementor-section elementor-top-section elementor-element elementor-element-37505c93 elementor-section-boxed elementor-section-height-default elementor-section-height-default\" data-id=\"37505c93\" data-element_type=\"section\" data-e-type=\"section\">\n\t\t\t\t\t\t<div class=\"elementor-container elementor-column-gap-default\">\n\t\t\t\t\t<div class=\"elementor-column elementor-col-100 elementor-top-column elementor-element elementor-element-6aa46060\" data-id=\"6aa46060\" data-element_type=\"column\" data-e-type=\"column\">\n\t\t\t<div class=\"elementor-widget-wrap elementor-element-populated\">\n\t\t\t\t\t\t<div class=\"elementor-element elementor-element-a5cd2a0 elementor-widget elementor-widget-text-editor\" data-id=\"a5cd2a0\" data-element_type=\"widget\" data-e-type=\"widget\" data-widget_type=\"text-editor.default\">\n\t\t\t\t<div class=\"elementor-widget-container\">\n\t\t\t\t\t\t\t\t\t<h5>Gemeindefreizeit in der Oase Timna: Freitag bis Sonntag, 9.-11.9.2022.<\/h5>\n<ul>\n<li>\n<ul>\n<li>Eingeladen sind Mitglieder und Freundeskreis unserer Gemeinde, dazu Volos und Studis und weitere G\u00e4ste. Unsere Gottesdienste sind immer offen f\u00fcr alle.<\/li>\n<li>An- und Abreise im Reisebus ab Ausgang<br \/><strong>Karta-Parkhaus (nahe Jaffa Gate): Freitag 13 Uhr,<\/strong><br \/><strong>R\u00fcckkehr Sonntag gegen 15 Uhr.<\/strong><\/li>\n<li>Unterbringung in klimatisierten Schlafr\u00e4umen, Wohnwagen oder Gemeinschaftsunterkunft<\/li>\n<li>Verpflegung: Fr\u00fchst\u00fcck Sa+So, Mittagssnack Sa und Abendessen Fr+Sa (Grillabende): <br \/>macht pauschal <b>200 NIS<\/b><\/li>\n<\/ul>\n<\/li>\n<\/ul>\t\t\t\t\t\t\t\t<\/div>\n\t\t\t\t<\/div>\n\t\t\t\t<section class=\"elementor-section elementor-inner-section elementor-element elementor-element-d25dde7 elementor-section-boxed elementor-section-height-default elementor-section-height-default\" data-id=\"d25dde7\" data-element_type=\"section\" data-e-type=\"section\">\n\t\t\t\t\t\t<div class=\"elementor-container elementor-column-gap-default\">\n\t\t\t\t\t<div class=\"elementor-column elementor-col-50 elementor-inner-column elementor-element elementor-element-44abc3a\" data-id=\"44abc3a\" data-element_type=\"column\" data-e-type=\"column\">\n\t\t\t<div class=\"elementor-widget-wrap\">\n\t\t\t\t\t\t\t<\/div>\n\t\t<\/div>\n\t\t\t\t<div class=\"elementor-column elementor-col-50 elementor-inner-column elementor-element elementor-element-540b338\" data-id=\"540b338\" data-element_type=\"column\" data-e-type=\"column\">\n\t\t\t<div class=\"elementor-widget-wrap elementor-element-populated\">\n\t\t\t\t\t\t<div class=\"elementor-element elementor-element-96d583e elementor-widget elementor-widget-text-editor\" data-id=\"96d583e\" data-element_type=\"widget\" data-e-type=\"widget\" data-widget_type=\"text-editor.default\">\n\t\t\t\t<div class=\"elementor-widget-container\">\n\t\t\t\t\t\t\t\t\t<p style=\"text-align: center;\"><strong>Wir sind ausgebucht,<br \/>Anmeldungen sind leider nicht mehr m\u00f6glich.<\/strong><\/p>\t\t\t\t\t\t\t\t<\/div>\n\t\t\t\t<\/div>\n\t\t\t\t<div class=\"elementor-element elementor-element-a6eee7c elementor-hidden-desktop elementor-hidden-tablet elementor-hidden-mobile elementor-widget elementor-widget-heading\" data-id=\"a6eee7c\" data-element_type=\"widget\" data-e-type=\"widget\" data-widget_type=\"heading.default\">\n\t\t\t\t<div class=\"elementor-widget-container\">\n\t\t\t\t\t<h5 class=\"elementor-heading-title elementor-size-default\">Anmeldung f\u00fcr die Gemeindefreizeit in Timna, 9.-11.9.2020<\/h5>\t\t\t\t<\/div>\n\t\t\t\t<\/div>\n\t\t\t\t<div class=\"elementor-element elementor-element-06fdcf1 elementor-hidden-desktop elementor-hidden-tablet elementor-hidden-mobile elementor-button-align-stretch elementor-widget elementor-widget-form\" data-id=\"06fdcf1\" data-element_type=\"widget\" data-e-type=\"widget\" data-settings=\"{&quot;step_next_label&quot;:&quot;N\\u00e4chster&quot;,&quot;step_previous_label&quot;:&quot;Voriger&quot;,&quot;button_width&quot;:&quot;100&quot;,&quot;step_type&quot;:&quot;number_text&quot;,&quot;step_icon_shape&quot;:&quot;circle&quot;}\" data-widget_type=\"form.default\">\n\t\t\t\t<div class=\"elementor-widget-container\">\n\t\t\t\t\t\t\t<form class=\"elementor-form\" method=\"post\" name=\"Anmeldung TImna 220909-11\" aria-label=\"Anmeldung TImna 220909-11\">\n\t\t\t<input type=\"hidden\" name=\"post_id\" value=\"11303\"\/>\n\t\t\t<input type=\"hidden\" name=\"form_id\" value=\"06fdcf1\"\/>\n\t\t\t<input type=\"hidden\" name=\"referer_title\" value=\"Evangelisch in Jerusalem\" \/>\n\n\t\t\t\n\t\t\t<div class=\"elementor-form-fields-wrapper elementor-labels-above\">\n\t\t\t\t\t\t\t\t<div class=\"elementor-field-type-text elementor-field-group elementor-column elementor-field-group-name elementor-col-100 elementor-field-required elementor-mark-required\">\n\t\t\t\t\t\t\t\t\t\t\t\t<label for=\"form-field-name\" class=\"elementor-field-label\">\n\t\t\t\t\t\t\t\t<b>Name<\/b>\t\t\t\t\t\t\t<\/label>\n\t\t\t\t\t\t\t\t\t\t\t\t\t\t<input size=\"1\" type=\"text\" name=\"form_fields[name]\" id=\"form-field-name\" class=\"elementor-field elementor-size-sm  elementor-field-textual\" placeholder=\"Name, Vorname\" required=\"required\">\n\t\t\t\t\t\t\t\t\t\t\t<\/div>\n\t\t\t\t\t\t\t\t<div class=\"elementor-field-type-email elementor-field-group elementor-column elementor-field-group-email elementor-col-100 elementor-field-required elementor-mark-required\">\n\t\t\t\t\t\t\t\t\t\t\t\t<label for=\"form-field-email\" class=\"elementor-field-label\">\n\t\t\t\t\t\t\t\t<b>E-Mail<\/b>\t\t\t\t\t\t\t<\/label>\n\t\t\t\t\t\t\t\t\t\t\t\t\t\t<input size=\"1\" type=\"email\" name=\"form_fields[email]\" id=\"form-field-email\" class=\"elementor-field elementor-size-sm  elementor-field-textual\" placeholder=\"E-Mail\" required=\"required\">\n\t\t\t\t\t\t\t\t\t\t\t<\/div>\n\t\t\t\t\t\t\t\t<div class=\"elementor-field-type-text elementor-field-group elementor-column elementor-field-group-field_96c8900 elementor-col-100\">\n\t\t\t\t\t\t\t\t\t\t\t\t<label for=\"form-field-field_96c8900\" class=\"elementor-field-label\">\n\t\t\t\t\t\t\t\t<b>Handy<\/b>\t\t\t\t\t\t\t<\/label>\n\t\t\t\t\t\t\t\t\t\t\t\t\t\t<input size=\"1\" type=\"text\" name=\"form_fields[field_96c8900]\" id=\"form-field-field_96c8900\" class=\"elementor-field elementor-size-sm  elementor-field-textual\" placeholder=\"+972 \">\n\t\t\t\t\t\t\t\t\t\t\t<\/div>\n\t\t\t\t\t\t\t\t<div class=\"elementor-field-type-textarea elementor-field-group elementor-column elementor-field-group-message elementor-col-100\">\n\t\t\t\t\t\t\t\t\t\t\t\t<label for=\"form-field-message\" class=\"elementor-field-label\">\n\t\t\t\t\t\t\t\t<b>Anmeldung<\/b>\t\t\t\t\t\t\t<\/label>\n\t\t\t\t\t\t<textarea class=\"elementor-field-textual elementor-field  elementor-size-sm\" name=\"form_fields[message]\" id=\"form-field-message\" rows=\"4\" placeholder=\"Hiermit melde ich mich an zur Gemeindefreizeit in Timna\"><\/textarea>\t\t\t\t<\/div>\n\t\t\t\t\t\t\t\t<div class=\"elementor-field-type-checkbox elementor-field-group elementor-column elementor-field-group-field_e37d44f elementor-col-100\">\n\t\t\t\t\t\t\t\t\t\t\t\t<label for=\"form-field-field_e37d44f\" class=\"elementor-field-label\">\n\t\t\t\t\t\t\t\t<b>Unterkunft<\/b> (klimatisiert; Preis gilt f\u00fcr zwei \u00dcbernachtungen)\t\t\t\t\t\t\t<\/label>\n\t\t\t\t\t\t<div class=\"elementor-field-subgroup  \"><span class=\"elementor-field-option\"><input type=\"checkbox\" value=\"&lt;\/b&gt;Zwei-Personen-Zelt, Einzelkabinen (400 NIS)\" id=\"form-field-field_e37d44f-0\" name=\"form_fields[field_e37d44f][]\"> <label for=\"form-field-field_e37d44f-0\"><\/b>Zwei-Personen-Zelt, Einzelkabinen (400 NIS)<\/label><\/span><span class=\"elementor-field-option\"><input type=\"checkbox\" value=\" Wohnwagen, Doppelbett (600 NIS)\" id=\"form-field-field_e37d44f-1\" name=\"form_fields[field_e37d44f][]\"> <label for=\"form-field-field_e37d44f-1\"> Wohnwagen, Doppelbett (600 NIS)<\/label><\/span><span class=\"elementor-field-option\"><input type=\"checkbox\" value=\" Zweier-Zimmer (600 NIS)\" id=\"form-field-field_e37d44f-2\" name=\"form_fields[field_e37d44f][]\"> <label for=\"form-field-field_e37d44f-2\"> Zweier-Zimmer (600 NIS)<\/label><\/span><span class=\"elementor-field-option\"><input type=\"checkbox\" value=\" Vierer-Zimmer (500 NIS)\" id=\"form-field-field_e37d44f-3\" name=\"form_fields[field_e37d44f][]\"> <label for=\"form-field-field_e37d44f-3\"> Vierer-Zimmer (500 NIS)<\/label><\/span><\/div>\t\t\t\t<\/div>\n\t\t\t\t\t\t\t\t<div class=\"elementor-field-type-select elementor-field-group elementor-column elementor-field-group-field_a9c4d86 elementor-col-100\">\n\t\t\t\t\t\t\t\t\t\t\t\t<label for=\"form-field-field_a9c4d86\" class=\"elementor-field-label\">\n\t\t\t\t\t\t\t\t<b>Verpflegung<\/b>\t\t\t\t\t\t\t<\/label>\n\t\t\t\t\t\t\t\t<div class=\"elementor-field elementor-select-wrapper remove-before \">\n\t\t\t<div class=\"select-caret-down-wrapper\">\n\t\t\t\t<i aria-hidden=\"true\" class=\"eicon-caret-down\"><\/i>\t\t\t<\/div>\n\t\t\t<select name=\"form_fields[field_a9c4d86]\" id=\"form-field-field_a9c4d86\" class=\"elementor-field-textual elementor-size-sm\">\n\t\t\t\t\t\t\t\t\t<option value=\"Allergien (bitte im Anmeldefeld benennen)\">Allergien (bitte im Anmeldefeld benennen)<\/option>\n\t\t\t\t\t\t\t\t\t<option value=\"Vegetarisch\">Vegetarisch<\/option>\n\t\t\t\t\t\t\t\t\t<option value=\"Gem\u00fcse, Obst, Fleisch\">Gem\u00fcse, Obst, Fleisch<\/option>\n\t\t\t\t\t\t\t<\/select>\n\t\t<\/div>\n\t\t\t\t\t\t<\/div>\n\t\t\t\t\t\t\t\t<div class=\"elementor-field-type-radio elementor-field-group elementor-column elementor-field-group-field_df55fd9 elementor-col-100 elementor-field-required elementor-mark-required\">\n\t\t\t\t\t\t\t\t\t\t\t\t<label for=\"form-field-field_df55fd9\" class=\"elementor-field-label\">\n\t\t\t\t\t\t\t\t<b>An- und Abreise<\/b>\t\t\t\t\t\t\t<\/label>\n\t\t\t\t\t\t<div class=\"elementor-field-subgroup  elementor-subgroup-inline\"><span class=\"elementor-field-option\"><input type=\"radio\" value=\"im Bus\" id=\"form-field-field_df55fd9-0\" name=\"form_fields[field_df55fd9]\" required=\"required\"> <label for=\"form-field-field_df55fd9-0\">im Bus<\/label><\/span><span class=\"elementor-field-option\"><input type=\"radio\" value=\"mit eigenem Vehikel\" id=\"form-field-field_df55fd9-1\" name=\"form_fields[field_df55fd9]\" required=\"required\"> <label for=\"form-field-field_df55fd9-1\">mit eigenem Vehikel<\/label><\/span><\/div>\t\t\t\t<\/div>\n\t\t\t\t\t\t\t\t<div class=\"elementor-field-group elementor-column elementor-field-type-submit elementor-col-100 e-form__buttons\">\n\t\t\t\t\t<button class=\"elementor-button elementor-size-sm\" type=\"submit\" id=\"Timna22Anm\">\n\t\t\t\t\t\t<span class=\"elementor-button-content-wrapper\">\n\t\t\t\t\t\t\t\t\t\t\t\t\t\t\t\t\t\t\t\t\t\t<span class=\"elementor-button-text\">Senden<\/span>\n\t\t\t\t\t\t\t\t\t\t\t\t\t<\/span>\n\t\t\t\t\t<\/button>\n\t\t\t\t<\/div>\n\t\t\t<\/div>\n\t\t<\/form>\n\t\t\t\t\t\t<\/div>\n\t\t\t\t<\/div>\n\t\t\t\t\t<\/div>\n\t\t<\/div>\n\t\t\t\t\t<\/div>\n\t\t<\/section>\n\t\t\t\t<div class=\"elementor-element elementor-element-2ec147d2 elementor-widget elementor-widget-text-editor\" data-id=\"2ec147d2\" data-element_type=\"widget\" data-e-type=\"widget\" data-widget_type=\"text-editor.default\">\n\t\t\t\t<div class=\"elementor-widget-container\">\n\t\t\t\t\t\t\t\t\t<p><\/p>\n<p><span style=\"font-family: -apple-system, BlinkMacSystemFont, 'Segoe UI', Roboto, Oxygen, Ubuntu, Cantarell, 'Fira Sans', 'Droid Sans', 'Helvetica Neue', sans-serif; font-size: 0.88889em; font-weight: bold;\">Im Programm:<\/span><\/p>\n<ul>\n<li>&gt;<img fetchpriority=\"high\" decoding=\"async\" class=\"alignright\" src=\"https:\/\/www.evangelisch-in-jerusalem.org\/wp-content\/uploads\/2022\/08\/Timna_Fernsehgd_220911.jpg\" alt=\"Timna\" width=\"351\" height=\"263\"> Kennenlernen des Parks (Eintritt inklusive),<br erkunden=\"\" einiger=\"\" besonderer=\"\" stellen=\"\" dort,<br=\"\">&gt; inhaltliche und musikalische Einstimmung auf den Gottesdienst, <br>&gt; Feiern des Gottesdienstes am Sonntagmorgen um 8:00 Uhr. <br>Am <strong>Samstagvormittag<\/strong> und\/oder -abend kann Eilat besucht werden.<\/li>\n<li>Die Kosten f\u00fcr die Busfahrt \u00fcbernimmt die Kirchengemeinde.<\/li>\n<li>Die Unterkunft kostet im Zweibettzimmer <strong>zwischen 400 NIS und 600 NIS<\/strong> pro Person f\u00fcr zwei N\u00e4chte.<br>Alle Unterk\u00fcnfte sind klimatisiert.<\/li>\n<li>Die Verpflegung (von Freitagabend bis Sonntagmorgen) kostet <strong>200 NIS<\/strong>.<\/li>\n<\/ul>\n<p>Klar ist: Die Gemeindefreizeit soll <strong>erschwinglich <\/strong>werden. Die Gemeindekasse wird unterst\u00fctzen, bei wem es n\u00f6tig ist \u2013 scheuen Sie sich nicht zu fragen! Volos und Studis erhalten erhebliche Preisnachl\u00e4sse. Umgekehrt bitten wir um <strong>Spenden<\/strong> f\u00fcr das Projekt: damit auch die mitkommen k\u00f6nnen, denen die o.g. Preise schwer oder nicht m\u00f6glich zu bezahlen sind.<\/p>\n<p><\/p>\n<p><\/p>\n<p>Wer mitkommen will, muss wissen, dass die <strong>Temperaturen<\/strong> in Timna im September vermutlich die 40 Grad \u00fcberschreiten werden. F\u00fcr Schatten und Wasser k\u00f6nnen wir sorgen. Wer gesundheitliche Probleme mit der Hitze hat, soll bitte lieber nicht mit nach Timna kommen, aber daf\u00fcr am Sonntag drauf im Schatten mit dabei sein:<\/p>\n<p><\/p>\n<p><\/p>\t\t\t\t\t\t\t\t<\/div>\n\t\t\t\t<\/div>\n\t\t\t\t\t<\/div>\n\t\t<\/div>\n\t\t\t\t\t<\/div>\n\t\t<\/section>\n\t\t\t\t<section class=\"elementor-section elementor-top-section elementor-element elementor-element-c304b3a elementor-section-boxed elementor-section-height-default elementor-section-height-default\" data-id=\"c304b3a\" data-element_type=\"section\" data-e-type=\"section\">\n\t\t\t\t\t\t<div class=\"elementor-container elementor-column-gap-default\">\n\t\t\t\t\t<div class=\"elementor-column elementor-col-100 elementor-top-column elementor-element elementor-element-1079016\" data-id=\"1079016\" data-element_type=\"column\" data-e-type=\"column\">\n\t\t\t<div class=\"elementor-widget-wrap elementor-element-populated\">\n\t\t\t\t\t\t<section class=\"elementor-section elementor-inner-section elementor-element elementor-element-0adc315 elementor-section-boxed elementor-section-height-default elementor-section-height-default\" data-id=\"0adc315\" data-element_type=\"section\" data-e-type=\"section\">\n\t\t\t\t\t\t<div class=\"elementor-container elementor-column-gap-default\">\n\t\t\t\t\t<div class=\"elementor-column elementor-col-50 elementor-inner-column elementor-element elementor-element-b9d0a00\" data-id=\"b9d0a00\" data-element_type=\"column\" data-e-type=\"column\">\n\t\t\t<div class=\"elementor-widget-wrap elementor-element-populated\">\n\t\t\t\t\t\t<div class=\"elementor-element elementor-element-484059e elementor-widget elementor-widget-text-editor\" data-id=\"484059e\" data-element_type=\"widget\" data-e-type=\"widget\" data-widget_type=\"text-editor.default\">\n\t\t\t\t<div class=\"elementor-widget-container\">\n\t\t\t\t\t\t\t\t\t<h5>Weitere Informationen&#8230;<\/h5>\n<p>&#8230; <span style=\"font-size: 1em;\">gibt es bei Spezialvikarin\u00a0<\/span><em style=\"font-size: 1em;\">Svenja Prust, <\/em><span style=\"font-size: 1em;\">bei Kantor <\/span><em style=\"font-size: 1em;\">Peter-Michael Seifried<\/em><span style=\"font-size: 1em;\"> oder bei Propst <\/span><em style=\"font-size: 1em;\">Joachim Lenz<\/em><span style=\"font-size: 1em;\">.<\/span><\/p>\n<p>Die Anmeldung geht am einfachsten per Formular hier auf der Seite \u2014 oder <span style=\"color: red;\">oder per E-Mail an Svenja Prust:<br \/><strong><a href=\"mailto:svenja.prust@outlook.de\">svenja.prust@outlook.de<\/a><\/strong><\/span>.<br \/>Nachfragen an sie bitte unter\u00a0<br \/>\u260e<span style=\"color: red;\"> +058 5885 4994.<\/span><\/p>\t\t\t\t\t\t\t\t<\/div>\n\t\t\t\t<\/div>\n\t\t\t\t\t<\/div>\n\t\t<\/div>\n\t\t\t\t<div class=\"elementor-column elementor-col-50 elementor-inner-column elementor-element elementor-element-1833b21\" data-id=\"1833b21\" data-element_type=\"column\" data-e-type=\"column\">\n\t\t\t<div class=\"elementor-widget-wrap elementor-element-populated\">\n\t\t\t\t\t\t<div class=\"elementor-element elementor-element-3a542a4 elementor-widget elementor-widget-text-editor\" data-id=\"3a542a4\" data-element_type=\"widget\" data-e-type=\"widget\" data-widget_type=\"text-editor.default\">\n\t\t\t\t<div class=\"elementor-widget-container\">\n\t\t\t\t\t\t\t\t\t<h5>Und am Sonntagmorgen in Jerusalem?<\/h5>\n<p>Wer nicht mitkommt nach Timna, ist herzlich eingeladen, am Sonntag, 11. September, um 10.30 Uhr in der Erl\u00f6serkirche Gottesdienst zu feiern.\u00a0<\/p>\n<p>Dort predigt Pfr.in Dr.\u00a0<em>Melanie Mordhorst-Mayer<\/em>.<\/p>\t\t\t\t\t\t\t\t<\/div>\n\t\t\t\t<\/div>\n\t\t\t\t\t<\/div>\n\t\t<\/div>\n\t\t\t\t\t<\/div>\n\t\t<\/section>\n\t\t\t\t\t<\/div>\n\t\t<\/div>\n\t\t\t\t\t<\/div>\n\t\t<\/section>\n\t\t\t\t<section class=\"elementor-section elementor-top-section elementor-element elementor-element-67b548f elementor-section-boxed elementor-section-height-default elementor-section-height-default\" data-id=\"67b548f\" data-element_type=\"section\" data-e-type=\"section\">\n\t\t\t\t\t\t<div class=\"elementor-container elementor-column-gap-default\">\n\t\t\t\t\t<div class=\"elementor-column elementor-col-100 elementor-top-column elementor-element elementor-element-24ebb4c\" data-id=\"24ebb4c\" data-element_type=\"column\" data-e-type=\"column\">\n\t\t\t<div class=\"elementor-widget-wrap elementor-element-populated\">\n\t\t\t\t\t\t<div class=\"elementor-element elementor-element-7045606 elementor-widget elementor-widget-text-editor\" data-id=\"7045606\" data-element_type=\"widget\" data-e-type=\"widget\" data-widget_type=\"text-editor.default\">\n\t\t\t\t<div class=\"elementor-widget-container\">\n\t\t\t\t\t\t\t\t\t<h5>Am\u00a0Sonntagmorgen, 18. September,<\/h5>\n<p>wird der <strong>Gottesdienst um 9:30 Uhr deutscher Zeit<\/strong>\u00a0(also um 10:30 Uhr Jerusalem)\u00a0 gesendet. Das werden wir in die Erl\u00f6serkirche live \u00fcbertragen und wohltemperiert mitfeiern. Auch dazu laden wir jetzt schon herzlich ein.<\/p>\t\t\t\t\t\t\t\t<\/div>\n\t\t\t\t<\/div>\n\t\t\t\t\t<\/div>\n\t\t<\/div>\n\t\t\t\t\t<\/div>\n\t\t<\/section>\n\t\t\t\t<\/div>\n\t\t","protected":false},"excerpt":{"rendered":"<p>Fernsehgottesdienst in der W\u00fcste. Von Freitag bis Sonntag in Timna: W\u00fcste erleben, in der W\u00fcste Gottesdienst feiern.<\/p>","protected":false},"author":6,"featured_media":11291,"comment_status":"closed","ping_status":"closed","sticky":false,"template":"","format":"standard","meta":{"footnotes":""},"categories":[244,177,173,171],"tags":[],"class_list":["post-11303","post","type-post","status-publish","format-standard","has-post-thumbnail","hentry","category-ausflug","category-dei-jerusalem","category-gemeinde","category-gottesdienst","entry"],"yoast_head":"<!-- This site is optimized with the Yoast SEO plugin v27.4 - https:\/\/yoast.com\/product\/yoast-seo-wordpress\/ -->\n<title>Gemeindefreizeit in Timna: Drei Tage in der W\u00fcste9.-11. September 2022 - Evangelisch in Jerusalem<\/title>\n<meta name=\"robots\" content=\"index, follow, max-snippet:-1, max-image-preview:large, max-video-preview:-1\" \/>\n<link rel=\"canonical\" href=\"https:\/\/www.evangelisch-in-jerusalem.org\/en\/2022\/08\/22\/gemeindefreizeit-in-timnadrei-tage-in-der-wueste\/\" \/>\n<meta property=\"og:locale\" content=\"en_GB\" \/>\n<meta property=\"og:type\" content=\"article\" \/>\n<meta property=\"og:title\" content=\"Gemeindefreizeit in Timna: Drei Tage in der W\u00fcste9.-11. September 2022 - Evangelisch in Jerusalem\" \/>\n<meta property=\"og:description\" content=\"Fernsehgottesdienst in der W\u00fcste. Von Freitag bis Sonntag in Timna: W\u00fcste erleben, in der W\u00fcste Gottesdienst feiern.\" \/>\n<meta property=\"og:url\" content=\"https:\/\/www.evangelisch-in-jerusalem.org\/en\/2022\/08\/22\/gemeindefreizeit-in-timnadrei-tage-in-der-wueste\/\" \/>\n<meta property=\"og:site_name\" content=\"Evangelisch in Jerusalem\" \/>\n<meta property=\"article:publisher\" content=\"https:\/\/www.facebook.com\/erloeserkirche.jerusalem\" \/>\n<meta property=\"article:published_time\" content=\"2022-08-22T10:41:45+00:00\" \/>\n<meta property=\"article:modified_time\" content=\"2022-09-20T12:12:56+00:00\" \/>\n<meta property=\"og:image\" content=\"https:\/\/www.evangelisch-in-jerusalem.org\/wp-content\/uploads\/2022\/08\/Timna_02_Kachel-scaled-e1661163475567.jpg\" \/>\n\t<meta property=\"og:image:width\" content=\"900\" \/>\n\t<meta property=\"og:image:height\" content=\"675\" \/>\n\t<meta property=\"og:image:type\" content=\"image\/jpeg\" \/>\n<meta name=\"author\" content=\"Joachim Lenz\" \/>\n<meta name=\"twitter:card\" content=\"summary_large_image\" \/>\n<meta name=\"twitter:label1\" content=\"Written by\" \/>\n\t<meta name=\"twitter:data1\" content=\"Joachim Lenz\" \/>\n\t<meta name=\"twitter:label2\" content=\"Estimated reading time\" \/>\n\t<meta name=\"twitter:data2\" content=\"4 minutes\" \/>\n<script type=\"application\/ld+json\" class=\"yoast-schema-graph\">{\"@context\":\"https:\\\/\\\/schema.org\",\"@graph\":[{\"@type\":\"Article\",\"@id\":\"https:\\\/\\\/www.evangelisch-in-jerusalem.org\\\/2022\\\/08\\\/22\\\/gemeindefreizeit-in-timnadrei-tage-in-der-wueste\\\/#article\",\"isPartOf\":{\"@id\":\"https:\\\/\\\/www.evangelisch-in-jerusalem.org\\\/2022\\\/08\\\/22\\\/gemeindefreizeit-in-timnadrei-tage-in-der-wueste\\\/\"},\"author\":{\"name\":\"Joachim Lenz\",\"@id\":\"https:\\\/\\\/www.evangelisch-in-jerusalem.org\\\/#\\\/schema\\\/person\\\/ea8e86c01aff849bd324c28bc5574607\"},\"headline\":\"Gemeindefreizeit in Timna: Drei Tage in der W\u00fcste 9.-11. September 2022\",\"datePublished\":\"2022-08-22T10:41:45+00:00\",\"dateModified\":\"2022-09-20T12:12:56+00:00\",\"mainEntityOfPage\":{\"@id\":\"https:\\\/\\\/www.evangelisch-in-jerusalem.org\\\/2022\\\/08\\\/22\\\/gemeindefreizeit-in-timnadrei-tage-in-der-wueste\\\/\"},\"wordCount\":239,\"publisher\":{\"@id\":\"https:\\\/\\\/www.evangelisch-in-jerusalem.org\\\/#organization\"},\"image\":{\"@id\":\"https:\\\/\\\/www.evangelisch-in-jerusalem.org\\\/2022\\\/08\\\/22\\\/gemeindefreizeit-in-timnadrei-tage-in-der-wueste\\\/#primaryimage\"},\"thumbnailUrl\":\"https:\\\/\\\/www.evangelisch-in-jerusalem.org\\\/wp-content\\\/uploads\\\/2022\\\/08\\\/Timna_02_Kachel-scaled-e1661163475567.jpg\",\"articleSection\":[\"Ausflug\",\"DEI\",\"Gemeinde\",\"Gottesdienst\"],\"inLanguage\":\"en-GB\"},{\"@type\":\"WebPage\",\"@id\":\"https:\\\/\\\/www.evangelisch-in-jerusalem.org\\\/2022\\\/08\\\/22\\\/gemeindefreizeit-in-timnadrei-tage-in-der-wueste\\\/\",\"url\":\"https:\\\/\\\/www.evangelisch-in-jerusalem.org\\\/2022\\\/08\\\/22\\\/gemeindefreizeit-in-timnadrei-tage-in-der-wueste\\\/\",\"name\":\"Gemeindefreizeit in Timna: Drei Tage in der W\u00fcste 9.-11. September 2022 - Evangelisch in Jerusalem\",\"isPartOf\":{\"@id\":\"https:\\\/\\\/www.evangelisch-in-jerusalem.org\\\/#website\"},\"primaryImageOfPage\":{\"@id\":\"https:\\\/\\\/www.evangelisch-in-jerusalem.org\\\/2022\\\/08\\\/22\\\/gemeindefreizeit-in-timnadrei-tage-in-der-wueste\\\/#primaryimage\"},\"image\":{\"@id\":\"https:\\\/\\\/www.evangelisch-in-jerusalem.org\\\/2022\\\/08\\\/22\\\/gemeindefreizeit-in-timnadrei-tage-in-der-wueste\\\/#primaryimage\"},\"thumbnailUrl\":\"https:\\\/\\\/www.evangelisch-in-jerusalem.org\\\/wp-content\\\/uploads\\\/2022\\\/08\\\/Timna_02_Kachel-scaled-e1661163475567.jpg\",\"datePublished\":\"2022-08-22T10:41:45+00:00\",\"dateModified\":\"2022-09-20T12:12:56+00:00\",\"breadcrumb\":{\"@id\":\"https:\\\/\\\/www.evangelisch-in-jerusalem.org\\\/2022\\\/08\\\/22\\\/gemeindefreizeit-in-timnadrei-tage-in-der-wueste\\\/#breadcrumb\"},\"inLanguage\":\"en-GB\",\"potentialAction\":[{\"@type\":\"ReadAction\",\"target\":[\"https:\\\/\\\/www.evangelisch-in-jerusalem.org\\\/2022\\\/08\\\/22\\\/gemeindefreizeit-in-timnadrei-tage-in-der-wueste\\\/\"]}]},{\"@type\":\"ImageObject\",\"inLanguage\":\"en-GB\",\"@id\":\"https:\\\/\\\/www.evangelisch-in-jerusalem.org\\\/2022\\\/08\\\/22\\\/gemeindefreizeit-in-timnadrei-tage-in-der-wueste\\\/#primaryimage\",\"url\":\"https:\\\/\\\/www.evangelisch-in-jerusalem.org\\\/wp-content\\\/uploads\\\/2022\\\/08\\\/Timna_02_Kachel-scaled-e1661163475567.jpg\",\"contentUrl\":\"https:\\\/\\\/www.evangelisch-in-jerusalem.org\\\/wp-content\\\/uploads\\\/2022\\\/08\\\/Timna_02_Kachel-scaled-e1661163475567.jpg\",\"width\":900,\"height\":675},{\"@type\":\"BreadcrumbList\",\"@id\":\"https:\\\/\\\/www.evangelisch-in-jerusalem.org\\\/2022\\\/08\\\/22\\\/gemeindefreizeit-in-timnadrei-tage-in-der-wueste\\\/#breadcrumb\",\"itemListElement\":[{\"@type\":\"ListItem\",\"position\":1,\"name\":\"Startseite\",\"item\":\"https:\\\/\\\/www.evangelisch-in-jerusalem.org\\\/\"},{\"@type\":\"ListItem\",\"position\":2,\"name\":\"Gemeindefreizeit in Timna: Drei Tage in der W\u00fcste9.-11. September 2022\"}]},{\"@type\":\"WebSite\",\"@id\":\"https:\\\/\\\/www.evangelisch-in-jerusalem.org\\\/#website\",\"url\":\"https:\\\/\\\/www.evangelisch-in-jerusalem.org\\\/\",\"name\":\"Evangelisch in Jerusalem\",\"description\":\"Stiftungen der EKD im Heiligen Land\",\"publisher\":{\"@id\":\"https:\\\/\\\/www.evangelisch-in-jerusalem.org\\\/#organization\"},\"potentialAction\":[{\"@type\":\"SearchAction\",\"target\":{\"@type\":\"EntryPoint\",\"urlTemplate\":\"https:\\\/\\\/www.evangelisch-in-jerusalem.org\\\/?s={search_term_string}\"},\"query-input\":{\"@type\":\"PropertyValueSpecification\",\"valueRequired\":true,\"valueName\":\"search_term_string\"}}],\"inLanguage\":\"en-GB\"},{\"@type\":\"Organization\",\"@id\":\"https:\\\/\\\/www.evangelisch-in-jerusalem.org\\\/#organization\",\"name\":\"German Protestant Institutions in the Holy Land\",\"url\":\"https:\\\/\\\/www.evangelisch-in-jerusalem.org\\\/\",\"logo\":{\"@type\":\"ImageObject\",\"inLanguage\":\"en-GB\",\"@id\":\"https:\\\/\\\/www.evangelisch-in-jerusalem.org\\\/#\\\/schema\\\/logo\\\/image\\\/\",\"url\":\"https:\\\/\\\/www.evangelisch-in-jerusalem.org\\\/wp-content\\\/uploads\\\/2019\\\/03\\\/EIJ_Logo_500-px.png\",\"contentUrl\":\"https:\\\/\\\/www.evangelisch-in-jerusalem.org\\\/wp-content\\\/uploads\\\/2019\\\/03\\\/EIJ_Logo_500-px.png\",\"width\":500,\"height\":82,\"caption\":\"German Protestant Institutions in the Holy Land\"},\"image\":{\"@id\":\"https:\\\/\\\/www.evangelisch-in-jerusalem.org\\\/#\\\/schema\\\/logo\\\/image\\\/\"},\"sameAs\":[\"https:\\\/\\\/www.facebook.com\\\/erloeserkirche.jerusalem\"]},{\"@type\":\"Person\",\"@id\":\"https:\\\/\\\/www.evangelisch-in-jerusalem.org\\\/#\\\/schema\\\/person\\\/ea8e86c01aff849bd324c28bc5574607\",\"name\":\"Joachim Lenz\",\"sameAs\":[\"http:\\\/\\\/evangelisch-in-jerusalem.org\"],\"url\":\"https:\\\/\\\/www.evangelisch-in-jerusalem.org\\\/en\\\/author\\\/propst-jl\\\/\"}]}<\/script>\n<!-- \/ Yoast SEO plugin. -->","yoast_head_json":{"title":"Gemeindefreizeit in Timna: Drei Tage in der W\u00fcste9.-11. September 2022 - Evangelisch in Jerusalem","robots":{"index":"index","follow":"follow","max-snippet":"max-snippet:-1","max-image-preview":"max-image-preview:large","max-video-preview":"max-video-preview:-1"},"canonical":"https:\/\/www.evangelisch-in-jerusalem.org\/en\/2022\/08\/22\/gemeindefreizeit-in-timnadrei-tage-in-der-wueste\/","og_locale":"en_GB","og_type":"article","og_title":"Gemeindefreizeit in Timna: Drei Tage in der W\u00fcste9.-11. September 2022 - Evangelisch in Jerusalem","og_description":"Fernsehgottesdienst in der W\u00fcste. Von Freitag bis Sonntag in Timna: W\u00fcste erleben, in der W\u00fcste Gottesdienst feiern.","og_url":"https:\/\/www.evangelisch-in-jerusalem.org\/en\/2022\/08\/22\/gemeindefreizeit-in-timnadrei-tage-in-der-wueste\/","og_site_name":"Evangelisch in Jerusalem","article_publisher":"https:\/\/www.facebook.com\/erloeserkirche.jerusalem","article_published_time":"2022-08-22T10:41:45+00:00","article_modified_time":"2022-09-20T12:12:56+00:00","og_image":[{"width":900,"height":675,"url":"https:\/\/www.evangelisch-in-jerusalem.org\/wp-content\/uploads\/2022\/08\/Timna_02_Kachel-scaled-e1661163475567.jpg","type":"image\/jpeg"}],"author":"Joachim Lenz","twitter_card":"summary_large_image","twitter_misc":{"Written by":"Joachim Lenz","Estimated reading time":"4 minutes"},"schema":{"@context":"https:\/\/schema.org","@graph":[{"@type":"Article","@id":"https:\/\/www.evangelisch-in-jerusalem.org\/2022\/08\/22\/gemeindefreizeit-in-timnadrei-tage-in-der-wueste\/#article","isPartOf":{"@id":"https:\/\/www.evangelisch-in-jerusalem.org\/2022\/08\/22\/gemeindefreizeit-in-timnadrei-tage-in-der-wueste\/"},"author":{"name":"Joachim Lenz","@id":"https:\/\/www.evangelisch-in-jerusalem.org\/#\/schema\/person\/ea8e86c01aff849bd324c28bc5574607"},"headline":"Gemeindefreizeit in Timna: Drei Tage in der W\u00fcste 9.-11. September 2022","datePublished":"2022-08-22T10:41:45+00:00","dateModified":"2022-09-20T12:12:56+00:00","mainEntityOfPage":{"@id":"https:\/\/www.evangelisch-in-jerusalem.org\/2022\/08\/22\/gemeindefreizeit-in-timnadrei-tage-in-der-wueste\/"},"wordCount":239,"publisher":{"@id":"https:\/\/www.evangelisch-in-jerusalem.org\/#organization"},"image":{"@id":"https:\/\/www.evangelisch-in-jerusalem.org\/2022\/08\/22\/gemeindefreizeit-in-timnadrei-tage-in-der-wueste\/#primaryimage"},"thumbnailUrl":"https:\/\/www.evangelisch-in-jerusalem.org\/wp-content\/uploads\/2022\/08\/Timna_02_Kachel-scaled-e1661163475567.jpg","articleSection":["Ausflug","DEI","Gemeinde","Gottesdienst"],"inLanguage":"en-GB"},{"@type":"WebPage","@id":"https:\/\/www.evangelisch-in-jerusalem.org\/2022\/08\/22\/gemeindefreizeit-in-timnadrei-tage-in-der-wueste\/","url":"https:\/\/www.evangelisch-in-jerusalem.org\/2022\/08\/22\/gemeindefreizeit-in-timnadrei-tage-in-der-wueste\/","name":"Gemeindefreizeit in Timna: Drei Tage in der W\u00fcste 9.-11. September 2022 - Evangelisch in Jerusalem","isPartOf":{"@id":"https:\/\/www.evangelisch-in-jerusalem.org\/#website"},"primaryImageOfPage":{"@id":"https:\/\/www.evangelisch-in-jerusalem.org\/2022\/08\/22\/gemeindefreizeit-in-timnadrei-tage-in-der-wueste\/#primaryimage"},"image":{"@id":"https:\/\/www.evangelisch-in-jerusalem.org\/2022\/08\/22\/gemeindefreizeit-in-timnadrei-tage-in-der-wueste\/#primaryimage"},"thumbnailUrl":"https:\/\/www.evangelisch-in-jerusalem.org\/wp-content\/uploads\/2022\/08\/Timna_02_Kachel-scaled-e1661163475567.jpg","datePublished":"2022-08-22T10:41:45+00:00","dateModified":"2022-09-20T12:12:56+00:00","breadcrumb":{"@id":"https:\/\/www.evangelisch-in-jerusalem.org\/2022\/08\/22\/gemeindefreizeit-in-timnadrei-tage-in-der-wueste\/#breadcrumb"},"inLanguage":"en-GB","potentialAction":[{"@type":"ReadAction","target":["https:\/\/www.evangelisch-in-jerusalem.org\/2022\/08\/22\/gemeindefreizeit-in-timnadrei-tage-in-der-wueste\/"]}]},{"@type":"ImageObject","inLanguage":"en-GB","@id":"https:\/\/www.evangelisch-in-jerusalem.org\/2022\/08\/22\/gemeindefreizeit-in-timnadrei-tage-in-der-wueste\/#primaryimage","url":"https:\/\/www.evangelisch-in-jerusalem.org\/wp-content\/uploads\/2022\/08\/Timna_02_Kachel-scaled-e1661163475567.jpg","contentUrl":"https:\/\/www.evangelisch-in-jerusalem.org\/wp-content\/uploads\/2022\/08\/Timna_02_Kachel-scaled-e1661163475567.jpg","width":900,"height":675},{"@type":"BreadcrumbList","@id":"https:\/\/www.evangelisch-in-jerusalem.org\/2022\/08\/22\/gemeindefreizeit-in-timnadrei-tage-in-der-wueste\/#breadcrumb","itemListElement":[{"@type":"ListItem","position":1,"name":"Startseite","item":"https:\/\/www.evangelisch-in-jerusalem.org\/"},{"@type":"ListItem","position":2,"name":"Gemeindefreizeit in Timna: Drei Tage in der W\u00fcste9.-11. September 2022"}]},{"@type":"WebSite","@id":"https:\/\/www.evangelisch-in-jerusalem.org\/#website","url":"https:\/\/www.evangelisch-in-jerusalem.org\/","name":"Evangelisch in Jerusalem","description":"German Protestant Institutions in the Holy Land","publisher":{"@id":"https:\/\/www.evangelisch-in-jerusalem.org\/#organization"},"potentialAction":[{"@type":"SearchAction","target":{"@type":"EntryPoint","urlTemplate":"https:\/\/www.evangelisch-in-jerusalem.org\/?s={search_term_string}"},"query-input":{"@type":"PropertyValueSpecification","valueRequired":true,"valueName":"search_term_string"}}],"inLanguage":"en-GB"},{"@type":"Organization","@id":"https:\/\/www.evangelisch-in-jerusalem.org\/#organization","name":"German Protestant Institutions in the Holy Land","url":"https:\/\/www.evangelisch-in-jerusalem.org\/","logo":{"@type":"ImageObject","inLanguage":"en-GB","@id":"https:\/\/www.evangelisch-in-jerusalem.org\/#\/schema\/logo\/image\/","url":"https:\/\/www.evangelisch-in-jerusalem.org\/wp-content\/uploads\/2019\/03\/EIJ_Logo_500-px.png","contentUrl":"https:\/\/www.evangelisch-in-jerusalem.org\/wp-content\/uploads\/2019\/03\/EIJ_Logo_500-px.png","width":500,"height":82,"caption":"German Protestant Institutions in the Holy Land"},"image":{"@id":"https:\/\/www.evangelisch-in-jerusalem.org\/#\/schema\/logo\/image\/"},"sameAs":["https:\/\/www.facebook.com\/erloeserkirche.jerusalem"]},{"@type":"Person","@id":"https:\/\/www.evangelisch-in-jerusalem.org\/#\/schema\/person\/ea8e86c01aff849bd324c28bc5574607","name":"Joachim Lenz","sameAs":["http:\/\/evangelisch-in-jerusalem.org"],"url":"https:\/\/www.evangelisch-in-jerusalem.org\/en\/author\/propst-jl\/"}]}},"_links":{"self":[{"href":"https:\/\/www.evangelisch-in-jerusalem.org\/en\/wp-json\/wp\/v2\/posts\/11303","targetHints":{"allow":["GET"]}}],"collection":[{"href":"https:\/\/www.evangelisch-in-jerusalem.org\/en\/wp-json\/wp\/v2\/posts"}],"about":[{"href":"https:\/\/www.evangelisch-in-jerusalem.org\/en\/wp-json\/wp\/v2\/types\/post"}],"author":[{"embeddable":true,"href":"https:\/\/www.evangelisch-in-jerusalem.org\/en\/wp-json\/wp\/v2\/users\/6"}],"replies":[{"embeddable":true,"href":"https:\/\/www.evangelisch-in-jerusalem.org\/en\/wp-json\/wp\/v2\/comments?post=11303"}],"version-history":[{"count":2,"href":"https:\/\/www.evangelisch-in-jerusalem.org\/en\/wp-json\/wp\/v2\/posts\/11303\/revisions"}],"predecessor-version":[{"id":12016,"href":"https:\/\/www.evangelisch-in-jerusalem.org\/en\/wp-json\/wp\/v2\/posts\/11303\/revisions\/12016"}],"wp:featuredmedia":[{"embeddable":true,"href":"https:\/\/www.evangelisch-in-jerusalem.org\/en\/wp-json\/wp\/v2\/media\/11291"}],"wp:attachment":[{"href":"https:\/\/www.evangelisch-in-jerusalem.org\/en\/wp-json\/wp\/v2\/media?parent=11303"}],"wp:term":[{"taxonomy":"category","embeddable":true,"href":"https:\/\/www.evangelisch-in-jerusalem.org\/en\/wp-json\/wp\/v2\/categories?post=11303"},{"taxonomy":"post_tag","embeddable":true,"href":"https:\/\/www.evangelisch-in-jerusalem.org\/en\/wp-json\/wp\/v2\/tags?post=11303"}],"curies":[{"name":"wp","href":"https:\/\/api.w.org\/{rel}","templated":true}]}}